{"id":8311,"date":"2021-11-12T14:08:19","date_gmt":"2021-11-12T13:08:19","guid":{"rendered":"https:\/\/www.kompetensforetagen.se\/?p=8311"},"modified":"2023-11-07T16:17:47","modified_gmt":"2023-11-07T15:17:47","slug":"konsultens-arbetsmiljo","status":"publish","type":"post","link":"https:\/\/www.kompetensforetagen.se\/2021\/11\/konsultens-arbetsmiljo\/","title":{"rendered":"Konsultens arbetsmilj\u00f6"},"content":{"rendered":"\n\n\n<p>Att ha en bra arbetsmilj\u00f6 \u00e4r viktigt, f\u00f6r alla.\u00a0Som konsult \u00e4r du ofta ny p\u00e5 jobbet. \u00c4ven om du \u00e4r erfaren och kompetent och kanske har jobbat med samma eller liknande arbetsuppgifter p\u00e5 andra st\u00e4llen s\u00e5 \u00e4r varje arbetsplats unik, med en egen kultur, arbetsmilj\u00f6 och risker.\u00a0 D\u00e4rf\u00f6r \u00e4r det alltid bra att ha kunskap om hur det fungerar p\u00e5 just din arbetsplats, och vem som har ansvaret f\u00f6r konsultens arbetsmilj\u00f6.<\/p>\n\n\n\n\n\n\n\n<h3 class=\"wp-block-heading\"><b><span data-contrast=\"auto\">Bemanningsf\u00f6retagets ansvar<\/span><\/b><\/h3>\n\n\n\n<p><span data-contrast=\"auto\">Innan du&nbsp;b\u00f6rjar hos ett nytt kundf\u00f6retag ska&nbsp;din&nbsp;arbetsgivare, bemanningsf\u00f6retaget, se till att du f\u00e5r&nbsp;information om&nbsp;arbetsmilj\u00f6n p\u00e5&nbsp;den nya&nbsp;arbetsplatsen. Vilka arbetsuppgifter ing\u00e5r och vilka&nbsp;eventuella&nbsp;risker&nbsp;finns? Beh\u00f6ver man anv\u00e4nda skyddsutrustning och vem ska&nbsp;se till att du f\u00e5r det? Det \u00e4r viktigt att&nbsp;f\u00f6ljer de arbetsmilj\u00f6regler som finns p\u00e5 arbetsplatsen och anv\u00e4nder r\u00e4tt skyddsutrustning, annars \u00f6kar risken att du skadar dig.&nbsp;<\/span><\/p>\n\n\n\n\n\n<h3 class=\"wp-block-heading\"><b><span data-contrast=\"auto\">Kundf\u00f6retagets ansvar&nbsp;<\/span><\/b><span data-ccp-props=\"{&quot;201341983&quot;:0,&quot;335559739&quot;:160,&quot;335559740&quot;:259}\">&nbsp;<\/span><\/h3>\n\n\n\n<p><span data-contrast=\"auto\">P\u00e5&nbsp;arbetsplatsen&nbsp;\u00e4r det kundf\u00f6retagets uppgift att se till att&nbsp;du&nbsp;f\u00e5r en genomg\u00e5ng av arbetsmilj\u00f6n&nbsp;f\u00f6r att kunna jobba under trygga former.&nbsp;St\u00e4ll fr\u00e5gor om du inte f\u00f6rst\u00e5r eller om du k\u00e4nner dig os\u00e4ker. Detta \u00e4r viktigt f\u00f6r att du&nbsp;inte&nbsp;ska skada dig p\u00e5 jobbet!&nbsp;Det&nbsp;\u00e4r ocks\u00e5 viktigt att du f\u00e5r information om vem du ska v\u00e4nda dig till om du beh\u00f6ver r\u00e5d och st\u00f6d i arbetet.&nbsp;&nbsp;<\/span><\/p>\n\n\n\n\n\n<h3 class=\"wp-block-heading\"><span data-ccp-props=\"{&quot;201341983&quot;:0,&quot;335559739&quot;:160,&quot;335559740&quot;:259}\">&nbsp;<\/span><\/h3>\n\n\n\n<h3 class=\"wp-block-heading\"><b><span data-contrast=\"auto\">Kontakta&nbsp;bemanningsf\u00f6retaget&nbsp;om uppgifterna f\u00f6r\u00e4ndras&nbsp;<\/span><\/b><span data-ccp-props=\"{&quot;201341983&quot;:0,&quot;335559739&quot;:160,&quot;335559740&quot;:259}\">&nbsp;<\/span><\/h3>\n\n\n\n<p><span data-contrast=\"none\">Om \u202fdu m\u00e4rker att dina uppgifter p\u00e5 jobbet f\u00f6r\u00e4ndras mycket,\u202f \u00e4r det bra att du pratar med din <a href=\"https:\/\/www.kompetensforetagen.se\/2021\/11\/vem-ar-min-chef\/\">konsultchef <\/a>om det ocks\u00e5.\u202f M\u00e5nga konsulter s\u00e4ger att\u202fdet mesta l\u00f6ser sig i kontakten med konsultchefen!\u202f\u202f\u00a0<\/span><\/p>\n\n\n\n<figure class=\"wp-block-image\"><img loading=\"lazy\" decoding=\"async\" width=\"580\" height=\"326\" src=\"https:\/\/www.almega.se\/app\/uploads\/sites\/5\/2021\/11\/arbetsmiljoansvar-580x326.png\" alt=\"\" class=\"wp-image-8313\" srcset=\"https:\/\/www.kompetensforetagen.se\/app\/uploads\/sites\/5\/2021\/11\/arbetsmiljoansvar-580x326.png 580w, https:\/\/www.kompetensforetagen.se\/app\/uploads\/sites\/5\/2021\/11\/arbetsmiljoansvar-380x214.png 380w, https:\/\/www.kompetensforetagen.se\/app\/uploads\/sites\/5\/2021\/11\/arbetsmiljoansvar-768x432.png 768w, https:\/\/www.kompetensforetagen.se\/app\/uploads\/sites\/5\/2021\/11\/arbetsmiljoansvar.png 1024w\" sizes=\"auto, (max-width: 580px) 100vw, 580px\" \/><\/figure>\n\n\n\n<p>P\u00e5 <a href=\"https:\/\/www.prevent.se\/bransch\/tjanster\/in--och-uthyrd-personal\/\" target=\"_blank\" rel=\"noopener\">Prevents webbplats<\/a> kan du l\u00e4sa mer om ansvaret f\u00f6r konsulter.<\/p>\n","protected":false},"excerpt":{"rendered":"<p>Att ha en bra arbetsmilj\u00f6 \u00e4r viktigt, f\u00f6r alla.\u00a0Som konsult \u00e4r du ofta ny p\u00e5 jobbet. \u00c4ven om du \u00e4r erfaren och kompetent och kanske har jobbat med samma eller liknande arbetsuppgifter p\u00e5 andra st\u00e4llen &hellip;<\/p>\n","protected":false},"author":6058,"featured_media":8377,"comment_status":"closed","ping_status":"closed","sticky":false,"template":"","format":"standard","meta":{"_acf_changed":false,"footnotes":""},"categories":[20,7,204],"tags":[],"article_type":[210],"agreement":[],"for-members":[],"class_list":["post-8311","post","type-post","status-publish","format-standard","has-post-thumbnail","hentry","category-arbetsmiljo","category-inhyrning","category-konsult","type-fakta"],"acf":[],"yoast_head":"<!-- This site is optimized with the Yoast SEO Premium plugin v26.8 (Yoast SEO v26.8) - https:\/\/yoast.com\/product\/yoast-seo-premium-wordpress\/ -->\n<title>Arbetsmilj\u00f6 - delat ansvar f\u00f6r kund- och bemanningsf\u00f6retag<\/title>\n<meta name=\"description\" content=\"Kundf\u00f6retaget och bemanningsf\u00f6retaget delar p\u00e5 ansvaret f\u00f6r konsultens arbetsmilj\u00f6. D\u00e5 kan det vara bra f\u00f6r dig att veta vem som har ansvar.\" \/>\n<meta name=\"robots\" content=\"index, follow, max-snippet:-1, max-image-preview:large, max-video-preview:-1\" \/>\n<link rel=\"canonical\" href=\"https:\/\/www.kompetensforetagen.se\/2021\/11\/konsultens-arbetsmiljo\/\" \/>\n<meta property=\"og:locale\" content=\"sv_SE\" \/>\n<meta property=\"og:type\" content=\"article\" \/>\n<meta property=\"og:title\" content=\"Konsultens arbetsmilj\u00f6\" \/>\n<meta property=\"og:description\" content=\"Kundf\u00f6retaget och bemanningsf\u00f6retaget delar p\u00e5 ansvaret f\u00f6r konsultens arbetsmilj\u00f6. D\u00e5 kan det vara bra f\u00f6r dig att veta vem som har ansvar.\" \/>\n<meta property=\"og:url\" content=\"https:\/\/www.kompetensforetagen.se\/2021\/11\/konsultens-arbetsmiljo\/\" \/>\n<meta property=\"og:site_name\" content=\"Kompetensf\u00f6retagen\" \/>\n<meta property=\"article:published_time\" content=\"2021-11-12T13:08:19+00:00\" \/>\n<meta property=\"article:modified_time\" content=\"2023-11-07T15:17:47+00:00\" \/>\n<meta property=\"og:image\" content=\"https:\/\/www.kompetensforetagen.se\/app\/uploads\/sites\/5\/2021\/11\/namnlos-design-4-e1637158158603.png\" \/>\n\t<meta property=\"og:image:width\" content=\"888\" \/>\n\t<meta property=\"og:image:height\" content=\"630\" \/>\n\t<meta property=\"og:image:type\" content=\"image\/png\" \/>\n<meta name=\"author\" content=\"Shashika Sellgren\" \/>\n<meta name=\"twitter:card\" content=\"summary_large_image\" \/>\n<meta name=\"twitter:label1\" content=\"Skriven av\" \/>\n\t<meta name=\"twitter:data1\" content=\"Shashika Sellgren\" \/>\n\t<meta name=\"twitter:label2\" content=\"Ber\u00e4knad l\u00e4stid\" \/>\n\t<meta name=\"twitter:data2\" content=\"2 minuter\" \/>\n<!-- \/ Yoast SEO Premium plugin. -->","yoast_head_json":{"title":"Arbetsmilj\u00f6 - delat ansvar f\u00f6r kund- och bemanningsf\u00f6retag","description":"Kundf\u00f6retaget och bemanningsf\u00f6retaget delar p\u00e5 ansvaret f\u00f6r konsultens arbetsmilj\u00f6. D\u00e5 kan det vara bra f\u00f6r dig att veta vem som har ansvar.","robots":{"index":"index","follow":"follow","max-snippet":"max-snippet:-1","max-image-preview":"max-image-preview:large","max-video-preview":"max-video-preview:-1"},"canonical":"https:\/\/www.kompetensforetagen.se\/2021\/11\/konsultens-arbetsmiljo\/","og_locale":"sv_SE","og_type":"article","og_title":"Konsultens arbetsmilj\u00f6","og_description":"Kundf\u00f6retaget och bemanningsf\u00f6retaget delar p\u00e5 ansvaret f\u00f6r konsultens arbetsmilj\u00f6. D\u00e5 kan det vara bra f\u00f6r dig att veta vem som har ansvar.","og_url":"https:\/\/www.kompetensforetagen.se\/2021\/11\/konsultens-arbetsmiljo\/","og_site_name":"Kompetensf\u00f6retagen","article_published_time":"2021-11-12T13:08:19+00:00","article_modified_time":"2023-11-07T15:17:47+00:00","og_image":[{"width":888,"height":630,"url":"https:\/\/www.kompetensforetagen.se\/app\/uploads\/sites\/5\/2021\/11\/namnlos-design-4-e1637158158603.png","type":"image\/png"}],"author":"Shashika Sellgren","twitter_card":"summary_large_image","twitter_misc":{"Skriven av":"Shashika Sellgren","Ber\u00e4knad l\u00e4stid":"2 minuter"},"schema":{"@context":"https:\/\/schema.org","@graph":[{"@type":"Article","@id":"https:\/\/www.kompetensforetagen.se\/2021\/11\/konsultens-arbetsmiljo\/#article","isPartOf":{"@id":"https:\/\/www.kompetensforetagen.se\/2021\/11\/konsultens-arbetsmiljo\/"},"author":{"name":"Shashika Sellgren","@id":"https:\/\/www.kompetensforetagen.se\/#\/schema\/person\/38c6b37b81c530c93246c3d1993d5662"},"headline":"Konsultens arbetsmilj\u00f6","datePublished":"2021-11-12T13:08:19+00:00","dateModified":"2023-11-07T15:17:47+00:00","mainEntityOfPage":{"@id":"https:\/\/www.kompetensforetagen.se\/2021\/11\/konsultens-arbetsmiljo\/"},"wordCount":344,"publisher":{"@id":"https:\/\/www.kompetensforetagen.se\/#organization"},"image":{"@id":"https:\/\/www.kompetensforetagen.se\/2021\/11\/konsultens-arbetsmiljo\/#primaryimage"},"thumbnailUrl":"https:\/\/www.kompetensforetagen.se\/app\/uploads\/sites\/5\/2021\/11\/namnlos-design-4-e1637158158603.png","articleSection":["Arbetsmilj\u00f6","Inhyrning","Konsult"],"inLanguage":"sv-SE"},{"@type":"WebPage","@id":"https:\/\/www.kompetensforetagen.se\/2021\/11\/konsultens-arbetsmiljo\/","url":"https:\/\/www.kompetensforetagen.se\/2021\/11\/konsultens-arbetsmiljo\/","name":"Arbetsmilj\u00f6 - delat ansvar f\u00f6r kund- och bemanningsf\u00f6retag","isPartOf":{"@id":"https:\/\/www.kompetensforetagen.se\/#website"},"primaryImageOfPage":{"@id":"https:\/\/www.kompetensforetagen.se\/2021\/11\/konsultens-arbetsmiljo\/#primaryimage"},"image":{"@id":"https:\/\/www.kompetensforetagen.se\/2021\/11\/konsultens-arbetsmiljo\/#primaryimage"},"thumbnailUrl":"https:\/\/www.kompetensforetagen.se\/app\/uploads\/sites\/5\/2021\/11\/namnlos-design-4-e1637158158603.png","datePublished":"2021-11-12T13:08:19+00:00","dateModified":"2023-11-07T15:17:47+00:00","description":"Kundf\u00f6retaget och bemanningsf\u00f6retaget delar p\u00e5 ansvaret f\u00f6r konsultens arbetsmilj\u00f6. D\u00e5 kan det vara bra f\u00f6r dig att veta vem som har ansvar.","breadcrumb":{"@id":"https:\/\/www.kompetensforetagen.se\/2021\/11\/konsultens-arbetsmiljo\/#breadcrumb"},"inLanguage":"sv-SE","potentialAction":[{"@type":"ReadAction","target":["https:\/\/www.kompetensforetagen.se\/2021\/11\/konsultens-arbetsmiljo\/"]}]},{"@type":"ImageObject","inLanguage":"sv-SE","@id":"https:\/\/www.kompetensforetagen.se\/2021\/11\/konsultens-arbetsmiljo\/#primaryimage","url":"https:\/\/www.kompetensforetagen.se\/app\/uploads\/sites\/5\/2021\/11\/namnlos-design-4-e1637158158603.png","contentUrl":"https:\/\/www.kompetensforetagen.se\/app\/uploads\/sites\/5\/2021\/11\/namnlos-design-4-e1637158158603.png","width":888,"height":630,"caption":"Grafik om trygghet och kvalitet i bemanningsbranschen."},{"@type":"BreadcrumbList","@id":"https:\/\/www.kompetensforetagen.se\/2021\/11\/konsultens-arbetsmiljo\/#breadcrumb","itemListElement":[{"@type":"ListItem","position":1,"name":"Home","item":"https:\/\/www.kompetensforetagen.se\/"},{"@type":"ListItem","position":2,"name":"Konsultens arbetsmilj\u00f6"}]},{"@type":"WebSite","@id":"https:\/\/www.kompetensforetagen.se\/#website","url":"https:\/\/www.kompetensforetagen.se\/","name":"Kompetensf\u00f6retagen","description":"R\u00e4tt person p\u00e5 r\u00e4tt plats kan f\u00f6r\u00e4ndra v\u00e4rlden","publisher":{"@id":"https:\/\/www.kompetensforetagen.se\/#organization"},"potentialAction":[{"@type":"SearchAction","target":{"@type":"EntryPoint","urlTemplate":"https:\/\/www.kompetensforetagen.se\/?s={search_term_string}"},"query-input":{"@type":"PropertyValueSpecification","valueRequired":true,"valueName":"search_term_string"}}],"inLanguage":"sv-SE"},{"@type":"Organization","@id":"https:\/\/www.kompetensforetagen.se\/#organization","name":"Kompetensf\u00f6retagen","url":"https:\/\/www.kompetensforetagen.se\/","logo":{"@type":"ImageObject","inLanguage":"sv-SE","@id":"https:\/\/www.kompetensforetagen.se\/#\/schema\/logo\/image\/","url":"https:\/\/www.kompetensforetagen.se\/app\/uploads\/sites\/5\/2022\/10\/logga_svart.png","contentUrl":"https:\/\/www.kompetensforetagen.se\/app\/uploads\/sites\/5\/2022\/10\/logga_svart.png","width":752,"height":64,"caption":"Kompetensf\u00f6retagen"},"image":{"@id":"https:\/\/www.kompetensforetagen.se\/#\/schema\/logo\/image\/"},"sameAs":["https:\/\/www.linkedin.com\/company\/10540032\/"]},{"@type":"Person","@id":"https:\/\/www.kompetensforetagen.se\/#\/schema\/person\/38c6b37b81c530c93246c3d1993d5662","name":"Shashika Sellgren","image":{"@type":"ImageObject","inLanguage":"sv-SE","@id":"https:\/\/www.kompetensforetagen.se\/#\/schema\/person\/image\/","url":"https:\/\/secure.gravatar.com\/avatar\/b225c479880df9eb82d1501dd105dd8040f27c8563f3d4bf5dd62ce0a1630abd?s=96&d=mm&r=g","contentUrl":"https:\/\/secure.gravatar.com\/avatar\/b225c479880df9eb82d1501dd105dd8040f27c8563f3d4bf5dd62ce0a1630abd?s=96&d=mm&r=g","caption":"Shashika Sellgren"},"url":"https:\/\/www.kompetensforetagen.se\/person\/shashikasellgren\/"}]}},"_links":{"self":[{"href":"https:\/\/www.kompetensforetagen.se\/api\/wp\/v2\/posts\/8311","targetHints":{"allow":["GET"]}}],"collection":[{"href":"https:\/\/www.kompetensforetagen.se\/api\/wp\/v2\/posts"}],"about":[{"href":"https:\/\/www.kompetensforetagen.se\/api\/wp\/v2\/types\/post"}],"author":[{"embeddable":true,"href":"https:\/\/www.kompetensforetagen.se\/api\/wp\/v2\/users\/6058"}],"replies":[{"embeddable":true,"href":"https:\/\/www.kompetensforetagen.se\/api\/wp\/v2\/comments?post=8311"}],"version-history":[{"count":2,"href":"https:\/\/www.kompetensforetagen.se\/api\/wp\/v2\/posts\/8311\/revisions"}],"predecessor-version":[{"id":15641,"href":"https:\/\/www.kompetensforetagen.se\/api\/wp\/v2\/posts\/8311\/revisions\/15641"}],"wp:featuredmedia":[{"embeddable":true,"href":"https:\/\/www.kompetensforetagen.se\/api\/wp\/v2\/media\/8377"}],"wp:attachment":[{"href":"https:\/\/www.kompetensforetagen.se\/api\/wp\/v2\/media?parent=8311"}],"wp:term":[{"taxonomy":"category","embeddable":true,"href":"https:\/\/www.kompetensforetagen.se\/api\/wp\/v2\/categories?post=8311"},{"taxonomy":"post_tag","embeddable":true,"href":"https:\/\/www.kompetensforetagen.se\/api\/wp\/v2\/tags?post=8311"},{"taxonomy":"type","embeddable":true,"href":"https:\/\/www.kompetensforetagen.se\/api\/wp\/v2\/article_type?post=8311"},{"taxonomy":"agreement","embeddable":true,"href":"https:\/\/www.kompetensforetagen.se\/api\/wp\/v2\/agreement?post=8311"},{"taxonomy":"for-members","embeddable":true,"href":"https:\/\/www.kompetensforetagen.se\/api\/wp\/v2\/for-members?post=8311"}],"curies":[{"name":"wp","href":"https:\/\/api.w.org\/{rel}","templated":true}]}}