{"id":8304,"date":"2021-11-12T13:53:42","date_gmt":"2021-11-12T12:53:42","guid":{"rendered":"https:\/\/www.kompetensforetagen.se\/?p=8304"},"modified":"2023-04-21T15:51:43","modified_gmt":"2023-04-21T13:51:43","slug":"vem-ar-min-chef","status":"publish","type":"post","link":"https:\/\/www.kompetensforetagen.se\/2021\/11\/vem-ar-min-chef\/","title":{"rendered":"Vem \u00e4r min chef?"},"content":{"rendered":"\n<p><span data-contrast=\"auto\">Vem \u00e4r min chef n\u00e4r jag jobbar som konsult? N\u00e4r du \u00e4r anst\u00e4lld som konsult p\u00e5 ett <a href=\"https:\/\/www.kompetensforetagen.se\/bemanning\/\" target=\"_blank\" rel=\"noopener\">bemanningsf\u00f6retag<\/a> \u00e4r din arbetsplats inte densamma som din arbetsgivares. Du jobbar ist\u00e4llet p\u00e5 det som kallas f\u00f6r kundf\u00f6retag. Det inneb\u00e4r att du har b\u00e5de en arbetsledare och en konsultchef.<\/span><\/p>\n\n\n\n<h3 class=\"wp-block-heading\"><b><span data-contrast=\"auto\">Arbetsledaren finns p\u00e5 kundf\u00f6retaget<\/span><\/b><span data-ccp-props=\"{&quot;201341983&quot;:0,&quot;335559739&quot;:160,&quot;335559740&quot;:259}\">&nbsp;<\/span><\/h3>\n\n\n\n<p><span data-contrast=\"auto\">Som konsult kan man s\u00e4ga att du har&nbsp;tv\u00e5&nbsp;chefer.&nbsp;Den ene \u00e4r&nbsp;en&nbsp;arbetsledare&nbsp;som finns&nbsp;p\u00e5&nbsp;plats p\u00e5, och jobbar f\u00f6r,&nbsp;kundf\u00f6retaget som du \u00e4r uthyrd till. Hen&nbsp;\u00e4r chef \u00f6ver dina arbetsuppgifter. Den personen ska du prata med om dina dagliga uppgifter och rutiner.&nbsp;<\/span><span data-ccp-props=\"{&quot;201341983&quot;:0,&quot;335559739&quot;:160,&quot;335559740&quot;:259}\">&nbsp;<\/span><\/p>\n\n\n\n<h3 class=\"wp-block-heading\"><b><span data-contrast=\"auto\">Konsultchefen&nbsp;kan din anst\u00e4llning<\/span><\/b><span data-ccp-props=\"{&quot;201341983&quot;:0,&quot;335559739&quot;:160,&quot;335559740&quot;:259}\">&nbsp;<\/span><\/h3>\n\n\n\n<p><span data-contrast=\"auto\">Sen har du en konsultchef som\u00a0\u00e4r\u00a0din kontakt\u00a0p\u00e5\u00a0bemanningsf\u00f6retaget<\/span><i><span data-contrast=\"auto\">.\u00a0<\/span><\/i><span data-contrast=\"auto\">N\u00e4r du har fr\u00e5gor om din anst\u00e4llning, eller vilka <a href=\"https:\/\/www.kompetensforetagen.se\/2021\/10\/kollektivavtal-facklig-anslutning-och-a-kassa\/\" target=\"_blank\" rel=\"noopener\">r\u00e4ttigheter<\/a> och skyldigheter du har, \u00e4r det den personen du ska prata med.\u00a0Din\u00a0konsultchef\u00a0\u00e4r ocks\u00e5 oftast den du ska prata med om du till exempel vill vara ledig.<\/span><i><span data-contrast=\"auto\">\u00a0<\/span><\/i><span data-contrast=\"auto\">Vad som g\u00e4ller\u00a0f\u00f6r dig i detalj\u00a0brukar du\u00a0f\u00e5 reda p\u00e5 i samband\u00a0med att du anst\u00e4lls.\u00a0<\/span><\/p>\n\n\n\n<blockquote class=\"wp-block-quote is-layout-flow wp-block-quote-is-layout-flow\">\n<p><span data-contrast=\"auto\">Som konsult kan man s\u00e4ga att du har\u00a0tv\u00e5\u00a0chefer<\/span><\/p>\n<\/blockquote>\n\n\n\n<h3 class=\"wp-block-heading\"><b><span data-contrast=\"auto\">Prata&nbsp;med konsultchefen!<\/span><\/b><span data-ccp-props=\"{&quot;201341983&quot;:0,&quot;335559739&quot;:160,&quot;335559740&quot;:259}\">&nbsp;<\/span><\/h3>\n\n\n\n<p><span data-contrast=\"auto\">Du och din konsultchef b\u00f6r prata med varandra regelbundet, s\u00e5 du kan ge en bild av hur det funkar f\u00f6r dig p\u00e5 kundf\u00f6retaget. Om du upplever sv\u00e5righeter eller har fr\u00e5gor kring din roll eller ditt uppdrag \u00e4r det din konsultchef du ska prata med. Om du m\u00e4rker att dina uppgifter p\u00e5 jobbet f\u00f6r\u00e4ndras mycket, \u00e4r det bra att du pratar med din konsultchef om det ocks\u00e5. M\u00e5nga konsulter s\u00e4ger att det mesta l\u00f6ser sig i kontakten med konsultchefen!&nbsp; <\/span><span data-ccp-props=\"{&quot;201341983&quot;:0,&quot;335559739&quot;:160,&quot;335559740&quot;:259}\">&nbsp;<\/span><\/p>\n\n\n\n<figure class=\"wp-block-image\"><img loading=\"lazy\" decoding=\"async\" width=\"580\" height=\"326\" src=\"https:\/\/www.almega.se\/app\/uploads\/sites\/5\/2021\/11\/vemarminschef-580x326.png\" alt=\"\" class=\"wp-image-8305\" srcset=\"https:\/\/www.kompetensforetagen.se\/app\/uploads\/sites\/5\/2021\/11\/vemarminschef-580x326.png 580w, https:\/\/www.kompetensforetagen.se\/app\/uploads\/sites\/5\/2021\/11\/vemarminschef-380x214.png 380w, https:\/\/www.kompetensforetagen.se\/app\/uploads\/sites\/5\/2021\/11\/vemarminschef-768x432.png 768w, https:\/\/www.kompetensforetagen.se\/app\/uploads\/sites\/5\/2021\/11\/vemarminschef.png 800w\" sizes=\"auto, (max-width: 580px) 100vw, 580px\" \/><\/figure>\n","protected":false},"excerpt":{"rendered":"<p>Vem \u00e4r min chef n\u00e4r jag jobbar som konsult? N\u00e4r du \u00e4r anst\u00e4lld som konsult p\u00e5 ett bemanningsf\u00f6retag \u00e4r din arbetsplats inte densamma som din arbetsgivares. Du jobbar ist\u00e4llet p\u00e5 det som kallas f\u00f6r kundf\u00f6retag. &hellip;<\/p>\n","protected":false},"author":6058,"featured_media":8307,"comment_status":"closed","ping_status":"closed","sticky":false,"template":"","format":"standard","meta":{"_acf_changed":false,"footnotes":""},"categories":[7,204],"tags":[],"article_type":[210],"agreement":[],"for-members":[],"class_list":["post-8304","post","type-post","status-publish","format-standard","has-post-thumbnail","hentry","category-inhyrning","category-konsult","type-fakta"],"acf":[],"yoast_head":"<!-- This site is optimized with the Yoast SEO Premium plugin v26.8 (Yoast SEO v26.8) - https:\/\/yoast.com\/product\/yoast-seo-premium-wordpress\/ -->\n<title>Vem \u00e4r min chef n\u00e4r jag jobbar som konsult?<\/title>\n<meta name=\"description\" content=\"Vem \u00e4r min chef n\u00e4r jag jobbar som konsult? Som konsult kan man s\u00e4ga att du har\u00a0tv\u00e5\u00a0chefer - en som arbetsleder och sen din konsultchef.\" \/>\n<meta name=\"robots\" content=\"index, follow, max-snippet:-1, max-image-preview:large, max-video-preview:-1\" \/>\n<link rel=\"canonical\" href=\"https:\/\/www.kompetensforetagen.se\/2021\/11\/vem-ar-min-chef\/\" \/>\n<meta property=\"og:locale\" content=\"sv_SE\" \/>\n<meta property=\"og:type\" content=\"article\" \/>\n<meta property=\"og:title\" content=\"Vem \u00e4r min chef?\" \/>\n<meta property=\"og:description\" content=\"Vem \u00e4r min chef n\u00e4r jag jobbar som konsult? Som konsult kan man s\u00e4ga att du har\u00a0tv\u00e5\u00a0chefer - en som arbetsleder och sen din konsultchef.\" \/>\n<meta property=\"og:url\" content=\"https:\/\/www.kompetensforetagen.se\/2021\/11\/vem-ar-min-chef\/\" \/>\n<meta property=\"og:site_name\" content=\"Kompetensf\u00f6retagen\" \/>\n<meta property=\"article:published_time\" content=\"2021-11-12T12:53:42+00:00\" \/>\n<meta property=\"article:modified_time\" content=\"2023-04-21T13:51:43+00:00\" \/>\n<meta property=\"og:image\" content=\"https:\/\/www.kompetensforetagen.se\/app\/uploads\/sites\/5\/2021\/11\/namnlos-design-1-e1636722170491.png\" \/>\n\t<meta property=\"og:image:width\" content=\"752\" \/>\n\t<meta property=\"og:image:height\" content=\"451\" \/>\n\t<meta property=\"og:image:type\" content=\"image\/png\" \/>\n<meta name=\"author\" content=\"Shashika Sellgren\" \/>\n<meta name=\"twitter:card\" content=\"summary_large_image\" \/>\n<meta name=\"twitter:label1\" content=\"Skriven av\" \/>\n\t<meta name=\"twitter:data1\" content=\"Shashika Sellgren\" \/>\n\t<meta name=\"twitter:label2\" content=\"Ber\u00e4knad l\u00e4stid\" \/>\n\t<meta name=\"twitter:data2\" content=\"2 minuter\" \/>\n<!-- \/ Yoast SEO Premium plugin. -->","yoast_head_json":{"title":"Vem \u00e4r min chef n\u00e4r jag jobbar som konsult?","description":"Vem \u00e4r min chef n\u00e4r jag jobbar som konsult? Som konsult kan man s\u00e4ga att du har\u00a0tv\u00e5\u00a0chefer - en som arbetsleder och sen din konsultchef.","robots":{"index":"index","follow":"follow","max-snippet":"max-snippet:-1","max-image-preview":"max-image-preview:large","max-video-preview":"max-video-preview:-1"},"canonical":"https:\/\/www.kompetensforetagen.se\/2021\/11\/vem-ar-min-chef\/","og_locale":"sv_SE","og_type":"article","og_title":"Vem \u00e4r min chef?","og_description":"Vem \u00e4r min chef n\u00e4r jag jobbar som konsult? Som konsult kan man s\u00e4ga att du har\u00a0tv\u00e5\u00a0chefer - en som arbetsleder och sen din konsultchef.","og_url":"https:\/\/www.kompetensforetagen.se\/2021\/11\/vem-ar-min-chef\/","og_site_name":"Kompetensf\u00f6retagen","article_published_time":"2021-11-12T12:53:42+00:00","article_modified_time":"2023-04-21T13:51:43+00:00","og_image":[{"width":752,"height":451,"url":"https:\/\/www.kompetensforetagen.se\/app\/uploads\/sites\/5\/2021\/11\/namnlos-design-1-e1636722170491.png","type":"image\/png"}],"author":"Shashika Sellgren","twitter_card":"summary_large_image","twitter_misc":{"Skriven av":"Shashika Sellgren","Ber\u00e4knad l\u00e4stid":"2 minuter"},"schema":{"@context":"https:\/\/schema.org","@graph":[{"@type":"Article","@id":"https:\/\/www.kompetensforetagen.se\/2021\/11\/vem-ar-min-chef\/#article","isPartOf":{"@id":"https:\/\/www.kompetensforetagen.se\/2021\/11\/vem-ar-min-chef\/"},"author":{"name":"Shashika Sellgren","@id":"https:\/\/www.kompetensforetagen.se\/#\/schema\/person\/38c6b37b81c530c93246c3d1993d5662"},"headline":"Vem \u00e4r min chef?","datePublished":"2021-11-12T12:53:42+00:00","dateModified":"2023-04-21T13:51:43+00:00","mainEntityOfPage":{"@id":"https:\/\/www.kompetensforetagen.se\/2021\/11\/vem-ar-min-chef\/"},"wordCount":317,"publisher":{"@id":"https:\/\/www.kompetensforetagen.se\/#organization"},"image":{"@id":"https:\/\/www.kompetensforetagen.se\/2021\/11\/vem-ar-min-chef\/#primaryimage"},"thumbnailUrl":"https:\/\/www.kompetensforetagen.se\/app\/uploads\/sites\/5\/2021\/11\/namnlos-design-1-e1636722170491.png","articleSection":["Inhyrning","Konsult"],"inLanguage":"sv-SE"},{"@type":"WebPage","@id":"https:\/\/www.kompetensforetagen.se\/2021\/11\/vem-ar-min-chef\/","url":"https:\/\/www.kompetensforetagen.se\/2021\/11\/vem-ar-min-chef\/","name":"Vem \u00e4r min chef n\u00e4r jag jobbar som konsult?","isPartOf":{"@id":"https:\/\/www.kompetensforetagen.se\/#website"},"primaryImageOfPage":{"@id":"https:\/\/www.kompetensforetagen.se\/2021\/11\/vem-ar-min-chef\/#primaryimage"},"image":{"@id":"https:\/\/www.kompetensforetagen.se\/2021\/11\/vem-ar-min-chef\/#primaryimage"},"thumbnailUrl":"https:\/\/www.kompetensforetagen.se\/app\/uploads\/sites\/5\/2021\/11\/namnlos-design-1-e1636722170491.png","datePublished":"2021-11-12T12:53:42+00:00","dateModified":"2023-04-21T13:51:43+00:00","description":"Vem \u00e4r min chef n\u00e4r jag jobbar som konsult? Som konsult kan man s\u00e4ga att du har\u00a0tv\u00e5\u00a0chefer - en som arbetsleder och sen din konsultchef.","breadcrumb":{"@id":"https:\/\/www.kompetensforetagen.se\/2021\/11\/vem-ar-min-chef\/#breadcrumb"},"inLanguage":"sv-SE","potentialAction":[{"@type":"ReadAction","target":["https:\/\/www.kompetensforetagen.se\/2021\/11\/vem-ar-min-chef\/"]}]},{"@type":"ImageObject","inLanguage":"sv-SE","@id":"https:\/\/www.kompetensforetagen.se\/2021\/11\/vem-ar-min-chef\/#primaryimage","url":"https:\/\/www.kompetensforetagen.se\/app\/uploads\/sites\/5\/2021\/11\/namnlos-design-1-e1636722170491.png","contentUrl":"https:\/\/www.kompetensforetagen.se\/app\/uploads\/sites\/5\/2021\/11\/namnlos-design-1-e1636722170491.png","width":752,"height":451,"caption":"Grafik om kompetensf\u00f6rs\u00f6rjning."},{"@type":"BreadcrumbList","@id":"https:\/\/www.kompetensforetagen.se\/2021\/11\/vem-ar-min-chef\/#breadcrumb","itemListElement":[{"@type":"ListItem","position":1,"name":"Home","item":"https:\/\/www.kompetensforetagen.se\/"},{"@type":"ListItem","position":2,"name":"Vem \u00e4r min chef?"}]},{"@type":"WebSite","@id":"https:\/\/www.kompetensforetagen.se\/#website","url":"https:\/\/www.kompetensforetagen.se\/","name":"Kompetensf\u00f6retagen","description":"R\u00e4tt person p\u00e5 r\u00e4tt plats kan f\u00f6r\u00e4ndra v\u00e4rlden","publisher":{"@id":"https:\/\/www.kompetensforetagen.se\/#organization"},"potentialAction":[{"@type":"SearchAction","target":{"@type":"EntryPoint","urlTemplate":"https:\/\/www.kompetensforetagen.se\/?s={search_term_string}"},"query-input":{"@type":"PropertyValueSpecification","valueRequired":true,"valueName":"search_term_string"}}],"inLanguage":"sv-SE"},{"@type":"Organization","@id":"https:\/\/www.kompetensforetagen.se\/#organization","name":"Kompetensf\u00f6retagen","url":"https:\/\/www.kompetensforetagen.se\/","logo":{"@type":"ImageObject","inLanguage":"sv-SE","@id":"https:\/\/www.kompetensforetagen.se\/#\/schema\/logo\/image\/","url":"https:\/\/www.kompetensforetagen.se\/app\/uploads\/sites\/5\/2022\/10\/logga_svart.png","contentUrl":"https:\/\/www.kompetensforetagen.se\/app\/uploads\/sites\/5\/2022\/10\/logga_svart.png","width":752,"height":64,"caption":"Kompetensf\u00f6retagen"},"image":{"@id":"https:\/\/www.kompetensforetagen.se\/#\/schema\/logo\/image\/"},"sameAs":["https:\/\/www.linkedin.com\/company\/10540032\/"]},{"@type":"Person","@id":"https:\/\/www.kompetensforetagen.se\/#\/schema\/person\/38c6b37b81c530c93246c3d1993d5662","name":"Shashika Sellgren","image":{"@type":"ImageObject","inLanguage":"sv-SE","@id":"https:\/\/www.kompetensforetagen.se\/#\/schema\/person\/image\/","url":"https:\/\/secure.gravatar.com\/avatar\/b225c479880df9eb82d1501dd105dd8040f27c8563f3d4bf5dd62ce0a1630abd?s=96&d=mm&r=g","contentUrl":"https:\/\/secure.gravatar.com\/avatar\/b225c479880df9eb82d1501dd105dd8040f27c8563f3d4bf5dd62ce0a1630abd?s=96&d=mm&r=g","caption":"Shashika Sellgren"},"url":"https:\/\/www.kompetensforetagen.se\/person\/shashikasellgren\/"}]}},"_links":{"self":[{"href":"https:\/\/www.kompetensforetagen.se\/api\/wp\/v2\/posts\/8304","targetHints":{"allow":["GET"]}}],"collection":[{"href":"https:\/\/www.kompetensforetagen.se\/api\/wp\/v2\/posts"}],"about":[{"href":"https:\/\/www.kompetensforetagen.se\/api\/wp\/v2\/types\/post"}],"author":[{"embeddable":true,"href":"https:\/\/www.kompetensforetagen.se\/api\/wp\/v2\/users\/6058"}],"replies":[{"embeddable":true,"href":"https:\/\/www.kompetensforetagen.se\/api\/wp\/v2\/comments?post=8304"}],"version-history":[{"count":3,"href":"https:\/\/www.kompetensforetagen.se\/api\/wp\/v2\/posts\/8304\/revisions"}],"predecessor-version":[{"id":13250,"href":"https:\/\/www.kompetensforetagen.se\/api\/wp\/v2\/posts\/8304\/revisions\/13250"}],"wp:featuredmedia":[{"embeddable":true,"href":"https:\/\/www.kompetensforetagen.se\/api\/wp\/v2\/media\/8307"}],"wp:attachment":[{"href":"https:\/\/www.kompetensforetagen.se\/api\/wp\/v2\/media?parent=8304"}],"wp:term":[{"taxonomy":"category","embeddable":true,"href":"https:\/\/www.kompetensforetagen.se\/api\/wp\/v2\/categories?post=8304"},{"taxonomy":"post_tag","embeddable":true,"href":"https:\/\/www.kompetensforetagen.se\/api\/wp\/v2\/tags?post=8304"},{"taxonomy":"type","embeddable":true,"href":"https:\/\/www.kompetensforetagen.se\/api\/wp\/v2\/article_type?post=8304"},{"taxonomy":"agreement","embeddable":true,"href":"https:\/\/www.kompetensforetagen.se\/api\/wp\/v2\/agreement?post=8304"},{"taxonomy":"for-members","embeddable":true,"href":"https:\/\/www.kompetensforetagen.se\/api\/wp\/v2\/for-members?post=8304"}],"curies":[{"name":"wp","href":"https:\/\/api.w.org\/{rel}","templated":true}]}}