{"id":8278,"date":"2024-01-16T11:00:49","date_gmt":"2024-01-16T10:00:49","guid":{"rendered":"https:\/\/www.kompetensforetagen.se\/?p=8278"},"modified":"2024-03-01T11:12:10","modified_gmt":"2024-03-01T10:12:10","slug":"granskningsexpertens-basta-tips-nar-du-ansoker-om-auktorisation","status":"publish","type":"post","link":"https:\/\/www.kompetensforetagen.se\/2024\/01\/granskningsexpertens-basta-tips-nar-du-ansoker-om-auktorisation\/","title":{"rendered":"Expertens b\u00e4sta tips n\u00e4r du ans\u00f6ker om auktorisation"},"content":{"rendered":"\n<p><span data-contrast=\"auto\">Marja Holmer har en viktig roll p\u00e5 Kompetensf\u00f6retagen \u2013 hon jobbar med granskningen av de f\u00f6retag som <a href=\"https:\/\/www.kompetensforetagen.se\/auktorisation\/ansok-om-auktorisation\/\" target=\"_blank\" rel=\"noopener\">s\u00f6ker auktorisation<\/a>.&nbsp;Det \u00e4r ett&nbsp;omfattande&nbsp;och kr\u00e4vande arbete. Alla f\u00f6retag&nbsp;ska granskas p\u00e5 samma s\u00e4tt,&nbsp;oavsett om det \u00e4r f\u00f6rsta g\u00e5ngen eller om det g\u00e4ller f\u00f6rnyelse.&nbsp;&nbsp;<\/span><\/p>\n\n\n\n<p><span data-contrast=\"auto\">\u2014&nbsp;Det \u00e4r m\u00e5nga delar som ska granskas,&nbsp;som till exempel \u00e5rsredovisning och ansvarsf\u00f6rs\u00e4kring.&nbsp;Allting m\u00e5ste vara komplett och aktuellt f\u00f6r att&nbsp;kunna klara&nbsp;auktorisationsn\u00e4mndens granskning.&nbsp;Om n\u00e5got saknas kan inte f\u00f6retaget godk\u00e4nnas, utan blir bordlagt, s\u00e4ger Marja.&nbsp;&nbsp;<\/span><\/p>\n\n\n\n<h3 class=\"wp-block-heading\"><span data-contrast=\"auto\">Kvalitetsst\u00e4mpel f\u00f6r brans<\/span><span data-contrast=\"auto\">chen<\/span><span data-ccp-props=\"{&quot;201341983&quot;:0,&quot;335559739&quot;:160,&quot;335559740&quot;:259}\">&nbsp;<\/span><\/h3>\n\n\n\n<p><span data-contrast=\"auto\">Auktorisationen \u00e4r viktig f\u00f6r branschen. Den \u00e4r en kvalitetsst\u00e4mpel som inneb\u00e4r trygghet f\u00f6r b\u00e5de kundf\u00f6retag och medarbetare. Den f\u00f6rsta auktorisationen kom till \u00e5r 2004, f\u00f6r f\u00f6retag med verksamhet in om bemanning. Sedan f\u00f6ljde auktorisation f\u00f6r omst\u00e4llningsf\u00f6retag \u00e5r 2011, och sedan rekryteringsf\u00f6retag \u00e5r 2016. &nbsp;Sedan \u00e5r 2020 g\u00e5r det enbart att s\u00f6ka auktorisation digitalt. Enligt en enk\u00e4t bland medlemsf\u00f6retagen \u00e4r verktyget f\u00f6r ans\u00f6kan uppskattat. Marja bist\u00e5r g\u00e4rna dem som beh\u00f6ver hj\u00e4lp. &nbsp;<\/span><\/p>\n\n\n\n<blockquote class=\"wp-block-quote is-layout-flow wp-block-quote-is-layout-flow\">\n<p>Den \u00e4r en kvalitetsst\u00e4mpel som inneb\u00e4r trygghet f\u00f6r b\u00e5de kundf\u00f6retag och medarbetare<\/p>\n<\/blockquote>\n\n\n\n<p>Marja har l\u00e5ng erfarenhet av att granska ans\u00f6kningar, vilket kommer v\u00e4l till pass d\u00e5 hon ibland f\u00e5r guida f\u00f6retagen genom ans\u00f6kan. D\u00e5 beh\u00f6ver en del hj\u00e4lp med v\u00e4gledning kring villkor och stadgar. Hon trivs med arbetet, d\u00e5 hon \u00e4r noggrann, gillar struktur och vill ha ordning och reda. <\/p>\n\n\n\n<p>Den vanligaste fr\u00e5gan Marja m\u00f6ter \u00e4r om det g\u00e5r att v\u00e4nta med<span data-contrast=\"auto\"> <a href=\"https:\/\/sv.wikipedia.org\/wiki\/%C3%85rsredovisning\" target=\"_blank\" rel=\"noopener\">\u00e5rsredovisningen<\/a>.&nbsp;&nbsp;&nbsp;&nbsp;<\/span><\/p>\n\n\n\n<p><span data-contrast=\"auto\">\u2014Vi efterfr\u00e5gar den senaste&nbsp;\u00e5rsredovisningen, \u00e4ven om den inte \u00e4r fr\u00e5n innevarande \u00e5r.&nbsp;D\u00e4remot&nbsp;m\u00e5ste vi f\u00e5 in en, annars kan inte f\u00f6retaget auktoriseras, s\u00e4ger Marja.<\/span><span data-ccp-props=\"{&quot;201341983&quot;:0,&quot;335559739&quot;:160,&quot;335559740&quot;:259}\">&nbsp;<\/span><\/p>\n\n\n\n<p><span data-contrast=\"auto\">En annan vanlig fr\u00e5ga \u00e4r&nbsp;varf\u00f6r det finns ett krav p\u00e5 revisor.&nbsp;<\/span><span data-ccp-props=\"{&quot;201341983&quot;:0,&quot;335559739&quot;:160,&quot;335559740&quot;:259}\">&nbsp;<\/span><\/p>\n\n\n\n<p><span data-contrast=\"auto\">\u2014Kravet p\u00e5&nbsp;revisor&nbsp;finns i villkoren f\u00f6r auktorisationen, och&nbsp;beh\u00f6vs f\u00f6r att&nbsp;revisionsber\u00e4ttelsen&nbsp;enkelt&nbsp;kan&nbsp;visa p\u00e5&nbsp;ordning och reda i ekonomin, s\u00e4ger&nbsp;Marja.<\/span><span data-contrast=\"auto\">&nbsp;<\/span><span data-ccp-props=\"{&quot;134233279&quot;:true,&quot;201341983&quot;:0,&quot;335559739&quot;:160,&quot;335559740&quot;:259}\">&nbsp;<\/span><\/p>\n\n\n\n<h3 class=\"wp-block-heading\"><span data-contrast=\"auto\">Granskningsexpertens&nbsp;<\/span><span data-contrast=\"none\">b<\/span><span data-contrast=\"none\">\u00e4sta&nbsp;<\/span><span data-contrast=\"none\">tips n\u00e4r du ans\u00f6ker om auktorisation<\/span><span data-ccp-props=\"{&quot;134233279&quot;:true,&quot;201341983&quot;:0,&quot;335559739&quot;:160,&quot;335559740&quot;:259}\">&nbsp;<\/span><\/h3>\n\n\n\n<p><span data-contrast=\"auto\">Slutligen&nbsp;vill Marja dela med sig av sitt b\u00e4sta tips till dem som&nbsp;ans\u00f6ker om auktorisation:&nbsp;<\/span><\/p>\n\n\n\n<ul class=\"wp-block-list\">\n<li>T\u00e4nk p\u00e5 att ladda upp senast f\u00e4rdiga \u00e5rsredovisning och revisionsber\u00e4ttelse. Ni beh\u00f6ver inte v\u00e4nta p\u00e5 att \u00e5rets ska blir klar. <\/li>\n<\/ul>\n\n\n\n<ul class=\"wp-block-list\">\n<li>Titta ocks\u00e5 s\u00e5 att alla moment i ansvarsf\u00f6rs\u00e4kringen \u00e4r med samt att f\u00f6rs\u00e4kringen \u00e4r g\u00e4llande.&nbsp;\u00c4r du os\u00e4ker s\u00e5 kontakta&nbsp;mig eller <a href=\"https:\/\/www.kompetensforetagen.se\/2021\/09\/ny-medlemsforman-fri-radgivning-kring-ansvarsforsakring\/\" target=\"_blank\" rel=\"noreferrer noopener\">S\u00f6derberg och Partners&nbsp;f\u00f6r kostnadsfri r\u00e5dgivning<\/a>&nbsp;<\/li>\n<\/ul>\n\n\n\n<ul class=\"wp-block-list\">\n<li><span data-contrast=\"auto\">Se till att underlaget \u00e4r&nbsp;g\u00e4llande och komplett!&nbsp;<\/span><\/li>\n<\/ul>\n\n\n\n\n\n<a class='Share__link Share__link--url copy-text' href='#' rel='nofollow' data-text='ansvarsforsakringens-moment' title='Dela url' data-confirmation='L\u00e4nken kopierades till urklipp'><svg class='icon icon--link'  width='18' height='18' viewBox='0 0 18 18' fill='none' xmlns='http:\/\/www.w3.org\/2000\/svg'>\n            <path d='M10.4142 0.514721L6.87868 4.05025L8.29289 5.46447L11.1213 2.63604L15.364 6.87868L12.5355 9.70711L13.9497 11.1213L17.4853 7.58579C17.8763 7.19476 17.8763 6.5626 17.4853 6.17158L11.8284 0.514721C11.4374 0.123691 10.8052 0.123691 10.4142 0.514721Z' fill='black'\/>\n            <path d='M9.7071 12.5355L6.87868 15.364L2.63604 11.1213L5.46446 8.2929L4.05025 6.87868L0.514716 10.4142C0.123686 10.8052 0.123686 11.4374 0.514716 11.8284L6.17157 17.4853C6.5626 17.8763 7.19475 17.8763 7.58578 17.4853L11.1213 13.9497L9.7071 12.5355Z' fill='black'\/>\n            <path d='M6.17157 11.8284C6.5626 12.2195 7.19475 12.2195 7.58578 11.8284L11.8284 7.58579C12.2195 7.19476 12.2195 6.56261 11.8284 6.17158C11.4374 5.78055 10.8052 5.78055 10.4142 6.17158L6.17157 10.4142C5.78054 10.8052 5.78054 11.4374 6.17157 11.8284Z' fill='black'\/>\n            <\/svg> <\/a>\n<h2 class=\"wp-block-heading\">Ansvarsf\u00f6rs\u00e4kringens moment<\/h2>\n\n\n\n<ul class=\"wp-block-list\">\n<li>Allm\u00e4n ansvarsf\u00f6rs\u00e4kring (10 miljoner)<\/li>\n<\/ul>\n\n\n\n<ul class=\"wp-block-list\">\n<li>Ansvarsf\u00f6rs\u00e4kring f\u00f6r ren f\u00f6rm\u00f6genhetsskada (2 miljoner per skada och \u00e5r)<\/li>\n<\/ul>\n\n\n\n<ul class=\"wp-block-list\">\n<li>F\u00f6rm\u00f6genhetsbrottsf\u00f6rs\u00e4kring (2 miljoner per skada och \u00e5r)<\/li>\n<\/ul>\n\n\n\n","protected":false},"excerpt":{"rendered":"<p>Marja Holmer har en viktig roll p\u00e5 Kompetensf\u00f6retagen \u2013 hon jobbar med granskningen av de f\u00f6retag som s\u00f6ker auktorisation.&nbsp;Det \u00e4r ett&nbsp;omfattande&nbsp;och kr\u00e4vande arbete. Alla f\u00f6retag&nbsp;ska granskas p\u00e5 samma s\u00e4tt,&nbsp;oavsett om det \u00e4r f\u00f6rsta g\u00e5ngen eller &hellip;<\/p>\n","protected":false},"author":6058,"featured_media":16506,"comment_status":"closed","ping_status":"closed","sticky":false,"template":"","format":"standard","meta":{"_acf_changed":false,"footnotes":""},"categories":[17],"tags":[],"article_type":[8],"agreement":[],"for-members":[],"class_list":["post-8278","post","type-post","status-publish","format-standard","has-post-thumbnail","hentry","category-auktorisation","type-aktuellt"],"acf":[],"yoast_head":"<!-- This site is optimized with the Yoast SEO Premium plugin v26.8 (Yoast SEO v26.8) - https:\/\/yoast.com\/product\/yoast-seo-premium-wordpress\/ -->\n<title>Granskningsexpertens b\u00e4sta tips n\u00e4r du ans\u00f6ker om auktorisation<\/title>\n<meta name=\"description\" content=\"Marja Holmer jobbar med granskningen av de f\u00f6retag som s\u00f6ker auktorisation.\u00a0H\u00e4r kan du l\u00e4sa hennes b\u00e4sta tips n\u00e4r du ans\u00f6ker om auktorisation.\" \/>\n<meta name=\"robots\" content=\"index, follow, max-snippet:-1, max-image-preview:large, max-video-preview:-1\" \/>\n<link rel=\"canonical\" href=\"https:\/\/www.kompetensforetagen.se\/2024\/01\/granskningsexpertens-basta-tips-nar-du-ansoker-om-auktorisation\/\" \/>\n<meta property=\"og:locale\" content=\"sv_SE\" \/>\n<meta property=\"og:type\" content=\"article\" \/>\n<meta property=\"og:title\" content=\"Expertens b\u00e4sta tips n\u00e4r du ans\u00f6ker om auktorisation\" \/>\n<meta property=\"og:description\" content=\"Marja Holmer jobbar med granskningen av de f\u00f6retag som s\u00f6ker auktorisation.\u00a0H\u00e4r kan du l\u00e4sa hennes b\u00e4sta tips n\u00e4r du ans\u00f6ker om auktorisation.\" \/>\n<meta property=\"og:url\" content=\"https:\/\/www.kompetensforetagen.se\/2024\/01\/granskningsexpertens-basta-tips-nar-du-ansoker-om-auktorisation\/\" \/>\n<meta property=\"og:site_name\" content=\"Kompetensf\u00f6retagen\" \/>\n<meta property=\"article:published_time\" content=\"2024-01-16T10:00:49+00:00\" \/>\n<meta property=\"article:modified_time\" content=\"2024-03-01T10:12:10+00:00\" \/>\n<meta property=\"og:image\" content=\"https:\/\/www.kompetensforetagen.se\/app\/uploads\/sites\/5\/2024\/01\/Holmer_Marja_3020-scaled.jpg\" \/>\n\t<meta property=\"og:image:width\" content=\"2560\" \/>\n\t<meta property=\"og:image:height\" content=\"1706\" \/>\n\t<meta property=\"og:image:type\" content=\"image\/jpeg\" \/>\n<meta name=\"author\" content=\"Shashika Sellgren\" \/>\n<meta name=\"twitter:card\" content=\"summary_large_image\" \/>\n<meta name=\"twitter:label1\" content=\"Skriven av\" \/>\n\t<meta name=\"twitter:data1\" content=\"Shashika Sellgren\" \/>\n\t<meta name=\"twitter:label2\" content=\"Ber\u00e4knad l\u00e4stid\" \/>\n\t<meta name=\"twitter:data2\" content=\"2 minuter\" \/>\n<!-- \/ Yoast SEO Premium plugin. -->","yoast_head_json":{"title":"Granskningsexpertens b\u00e4sta tips n\u00e4r du ans\u00f6ker om auktorisation","description":"Marja Holmer jobbar med granskningen av de f\u00f6retag som s\u00f6ker auktorisation.\u00a0H\u00e4r kan du l\u00e4sa hennes b\u00e4sta tips n\u00e4r du ans\u00f6ker om auktorisation.","robots":{"index":"index","follow":"follow","max-snippet":"max-snippet:-1","max-image-preview":"max-image-preview:large","max-video-preview":"max-video-preview:-1"},"canonical":"https:\/\/www.kompetensforetagen.se\/2024\/01\/granskningsexpertens-basta-tips-nar-du-ansoker-om-auktorisation\/","og_locale":"sv_SE","og_type":"article","og_title":"Expertens b\u00e4sta tips n\u00e4r du ans\u00f6ker om auktorisation","og_description":"Marja Holmer jobbar med granskningen av de f\u00f6retag som s\u00f6ker auktorisation.\u00a0H\u00e4r kan du l\u00e4sa hennes b\u00e4sta tips n\u00e4r du ans\u00f6ker om auktorisation.","og_url":"https:\/\/www.kompetensforetagen.se\/2024\/01\/granskningsexpertens-basta-tips-nar-du-ansoker-om-auktorisation\/","og_site_name":"Kompetensf\u00f6retagen","article_published_time":"2024-01-16T10:00:49+00:00","article_modified_time":"2024-03-01T10:12:10+00:00","og_image":[{"width":2560,"height":1706,"url":"https:\/\/www.kompetensforetagen.se\/app\/uploads\/sites\/5\/2024\/01\/Holmer_Marja_3020-scaled.jpg","type":"image\/jpeg"}],"author":"Shashika Sellgren","twitter_card":"summary_large_image","twitter_misc":{"Skriven av":"Shashika Sellgren","Ber\u00e4knad l\u00e4stid":"2 minuter"},"schema":{"@context":"https:\/\/schema.org","@graph":[{"@type":"Article","@id":"https:\/\/www.kompetensforetagen.se\/2024\/01\/granskningsexpertens-basta-tips-nar-du-ansoker-om-auktorisation\/#article","isPartOf":{"@id":"https:\/\/www.kompetensforetagen.se\/2024\/01\/granskningsexpertens-basta-tips-nar-du-ansoker-om-auktorisation\/"},"author":{"name":"Shashika Sellgren","@id":"https:\/\/www.kompetensforetagen.se\/#\/schema\/person\/38c6b37b81c530c93246c3d1993d5662"},"headline":"Expertens b\u00e4sta tips n\u00e4r du ans\u00f6ker om auktorisation","datePublished":"2024-01-16T10:00:49+00:00","dateModified":"2024-03-01T10:12:10+00:00","mainEntityOfPage":{"@id":"https:\/\/www.kompetensforetagen.se\/2024\/01\/granskningsexpertens-basta-tips-nar-du-ansoker-om-auktorisation\/"},"wordCount":559,"publisher":{"@id":"https:\/\/www.kompetensforetagen.se\/#organization"},"image":{"@id":"https:\/\/www.kompetensforetagen.se\/2024\/01\/granskningsexpertens-basta-tips-nar-du-ansoker-om-auktorisation\/#primaryimage"},"thumbnailUrl":"https:\/\/www.kompetensforetagen.se\/app\/uploads\/sites\/5\/2024\/01\/Holmer_Marja_3020-scaled.jpg","articleSection":["Auktorisation"],"inLanguage":"sv-SE"},{"@type":"WebPage","@id":"https:\/\/www.kompetensforetagen.se\/2024\/01\/granskningsexpertens-basta-tips-nar-du-ansoker-om-auktorisation\/","url":"https:\/\/www.kompetensforetagen.se\/2024\/01\/granskningsexpertens-basta-tips-nar-du-ansoker-om-auktorisation\/","name":"Granskningsexpertens b\u00e4sta tips n\u00e4r du ans\u00f6ker om auktorisation","isPartOf":{"@id":"https:\/\/www.kompetensforetagen.se\/#website"},"primaryImageOfPage":{"@id":"https:\/\/www.kompetensforetagen.se\/2024\/01\/granskningsexpertens-basta-tips-nar-du-ansoker-om-auktorisation\/#primaryimage"},"image":{"@id":"https:\/\/www.kompetensforetagen.se\/2024\/01\/granskningsexpertens-basta-tips-nar-du-ansoker-om-auktorisation\/#primaryimage"},"thumbnailUrl":"https:\/\/www.kompetensforetagen.se\/app\/uploads\/sites\/5\/2024\/01\/Holmer_Marja_3020-scaled.jpg","datePublished":"2024-01-16T10:00:49+00:00","dateModified":"2024-03-01T10:12:10+00:00","description":"Marja Holmer jobbar med granskningen av de f\u00f6retag som s\u00f6ker auktorisation.\u00a0H\u00e4r kan du l\u00e4sa hennes b\u00e4sta tips n\u00e4r du ans\u00f6ker om auktorisation.","breadcrumb":{"@id":"https:\/\/www.kompetensforetagen.se\/2024\/01\/granskningsexpertens-basta-tips-nar-du-ansoker-om-auktorisation\/#breadcrumb"},"inLanguage":"sv-SE","potentialAction":[{"@type":"ReadAction","target":["https:\/\/www.kompetensforetagen.se\/2024\/01\/granskningsexpertens-basta-tips-nar-du-ansoker-om-auktorisation\/"]}]},{"@type":"ImageObject","inLanguage":"sv-SE","@id":"https:\/\/www.kompetensforetagen.se\/2024\/01\/granskningsexpertens-basta-tips-nar-du-ansoker-om-auktorisation\/#primaryimage","url":"https:\/\/www.kompetensforetagen.se\/app\/uploads\/sites\/5\/2024\/01\/Holmer_Marja_3020-scaled.jpg","contentUrl":"https:\/\/www.kompetensforetagen.se\/app\/uploads\/sites\/5\/2024\/01\/Holmer_Marja_3020-scaled.jpg","width":2560,"height":1706,"caption":"Marja Holm\u00e9r, expert p\u00e5 arbetsr\u00e4tt hos Kompetensf\u00f6retagen, auktorisationsansvarig"},{"@type":"BreadcrumbList","@id":"https:\/\/www.kompetensforetagen.se\/2024\/01\/granskningsexpertens-basta-tips-nar-du-ansoker-om-auktorisation\/#breadcrumb","itemListElement":[{"@type":"ListItem","position":1,"name":"Home","item":"https:\/\/www.kompetensforetagen.se\/"},{"@type":"ListItem","position":2,"name":"Expertens b\u00e4sta tips n\u00e4r du ans\u00f6ker om auktorisation"}]},{"@type":"WebSite","@id":"https:\/\/www.kompetensforetagen.se\/#website","url":"https:\/\/www.kompetensforetagen.se\/","name":"Kompetensf\u00f6retagen","description":"R\u00e4tt person p\u00e5 r\u00e4tt plats kan f\u00f6r\u00e4ndra v\u00e4rlden","publisher":{"@id":"https:\/\/www.kompetensforetagen.se\/#organization"},"potentialAction":[{"@type":"SearchAction","target":{"@type":"EntryPoint","urlTemplate":"https:\/\/www.kompetensforetagen.se\/?s={search_term_string}"},"query-input":{"@type":"PropertyValueSpecification","valueRequired":true,"valueName":"search_term_string"}}],"inLanguage":"sv-SE"},{"@type":"Organization","@id":"https:\/\/www.kompetensforetagen.se\/#organization","name":"Kompetensf\u00f6retagen","url":"https:\/\/www.kompetensforetagen.se\/","logo":{"@type":"ImageObject","inLanguage":"sv-SE","@id":"https:\/\/www.kompetensforetagen.se\/#\/schema\/logo\/image\/","url":"https:\/\/www.kompetensforetagen.se\/app\/uploads\/sites\/5\/2022\/10\/logga_svart.png","contentUrl":"https:\/\/www.kompetensforetagen.se\/app\/uploads\/sites\/5\/2022\/10\/logga_svart.png","width":752,"height":64,"caption":"Kompetensf\u00f6retagen"},"image":{"@id":"https:\/\/www.kompetensforetagen.se\/#\/schema\/logo\/image\/"},"sameAs":["https:\/\/www.linkedin.com\/company\/10540032\/"]},{"@type":"Person","@id":"https:\/\/www.kompetensforetagen.se\/#\/schema\/person\/38c6b37b81c530c93246c3d1993d5662","name":"Shashika Sellgren","image":{"@type":"ImageObject","inLanguage":"sv-SE","@id":"https:\/\/www.kompetensforetagen.se\/#\/schema\/person\/image\/","url":"https:\/\/secure.gravatar.com\/avatar\/b225c479880df9eb82d1501dd105dd8040f27c8563f3d4bf5dd62ce0a1630abd?s=96&d=mm&r=g","contentUrl":"https:\/\/secure.gravatar.com\/avatar\/b225c479880df9eb82d1501dd105dd8040f27c8563f3d4bf5dd62ce0a1630abd?s=96&d=mm&r=g","caption":"Shashika Sellgren"},"url":"https:\/\/www.kompetensforetagen.se\/person\/shashikasellgren\/"}]}},"_links":{"self":[{"href":"https:\/\/www.kompetensforetagen.se\/api\/wp\/v2\/posts\/8278","targetHints":{"allow":["GET"]}}],"collection":[{"href":"https:\/\/www.kompetensforetagen.se\/api\/wp\/v2\/posts"}],"about":[{"href":"https:\/\/www.kompetensforetagen.se\/api\/wp\/v2\/types\/post"}],"author":[{"embeddable":true,"href":"https:\/\/www.kompetensforetagen.se\/api\/wp\/v2\/users\/6058"}],"replies":[{"embeddable":true,"href":"https:\/\/www.kompetensforetagen.se\/api\/wp\/v2\/comments?post=8278"}],"version-history":[{"count":12,"href":"https:\/\/www.kompetensforetagen.se\/api\/wp\/v2\/posts\/8278\/revisions"}],"predecessor-version":[{"id":16791,"href":"https:\/\/www.kompetensforetagen.se\/api\/wp\/v2\/posts\/8278\/revisions\/16791"}],"wp:featuredmedia":[{"embeddable":true,"href":"https:\/\/www.kompetensforetagen.se\/api\/wp\/v2\/media\/16506"}],"wp:attachment":[{"href":"https:\/\/www.kompetensforetagen.se\/api\/wp\/v2\/media?parent=8278"}],"wp:term":[{"taxonomy":"category","embeddable":true,"href":"https:\/\/www.kompetensforetagen.se\/api\/wp\/v2\/categories?post=8278"},{"taxonomy":"post_tag","embeddable":true,"href":"https:\/\/www.kompetensforetagen.se\/api\/wp\/v2\/tags?post=8278"},{"taxonomy":"type","embeddable":true,"href":"https:\/\/www.kompetensforetagen.se\/api\/wp\/v2\/article_type?post=8278"},{"taxonomy":"agreement","embeddable":true,"href":"https:\/\/www.kompetensforetagen.se\/api\/wp\/v2\/agreement?post=8278"},{"taxonomy":"for-members","embeddable":true,"href":"https:\/\/www.kompetensforetagen.se\/api\/wp\/v2\/for-members?post=8278"}],"curies":[{"name":"wp","href":"https:\/\/api.w.org\/{rel}","templated":true}]}}