{"id":8268,"date":"2021-11-04T11:37:03","date_gmt":"2021-11-04T10:37:03","guid":{"rendered":"https:\/\/www.kompetensforetagen.se\/?p=8268"},"modified":"2024-01-15T13:58:06","modified_gmt":"2024-01-15T12:58:06","slug":"jobbet-som-bemanningskonsult-kompetensutvecklar","status":"publish","type":"post","link":"https:\/\/www.kompetensforetagen.se\/2021\/11\/jobbet-som-bemanningskonsult-kompetensutvecklar\/","title":{"rendered":"Jobbet som bemanningskonsult kompetensutvecklar"},"content":{"rendered":"\n<p><span data-contrast=\"auto\">Bemanningskonsulter utvecklas av jobbet och tror att det kommer att leda till fler jobb i framtiden. S\u00e5 svarar sex av tio i <a href=\"https:\/\/www.kompetensforetagen.se\/2021\/09\/konsultundersokningen-2021-bemanningsbranschen-skapar-insteg-och-framsteg-pa-arbetsmarknaden\/\" target=\"_blank\" rel=\"noopener\">Kompetensf\u00f6retagens senaste konsultunders\u00f6kning.<\/a> I \u00e5ldersgruppen upp till 29 \u00e4r det \u00e4nnu fler; hela tv\u00e5 av tre ser att <\/span><span data-contrast=\"none\">jobbet som bemanningskonsult&nbsp;kompetensutvecklar&nbsp;<\/span><span data-contrast=\"auto\">och&nbsp;hj\u00e4lper karri\u00e4ren.<\/span><span data-ccp-props=\"{&quot;201341983&quot;:0,&quot;335559739&quot;:160,&quot;335559740&quot;:259}\">&nbsp;<\/span><\/p>\n\n\n\n<p><span data-contrast=\"auto\">Med den&nbsp;<\/span><span data-contrast=\"none\">snabba teknologiska omformningen av samh\u00e4llet understryks&nbsp;behovet av st\u00e4ndig&nbsp;kompetensutveckling.&nbsp;<\/span><span data-contrast=\"none\">World<\/span><span data-contrast=\"none\">\u202f <\/span><span data-contrast=\"none\">Economic <\/span><span data-contrast=\"none\">\u202f<\/span><span data-contrast=\"none\">Forum lyfter en<a href=\"https:\/\/www.reskillingrevolution2030.org\/\" target=\"_blank\" rel=\"noopener\"> \u201dReskilling<\/a><\/span><span data-contrast=\"none\">\u202f<\/span><span data-contrast=\"none\">Revolution\u201d<\/span><span data-contrast=\"none\">. <\/span><span data-contrast=\"none\">\u202f<\/span><span data-contrast=\"none\">Fram <\/span><span data-contrast=\"none\">\u202f<\/span><span data-contrast=\"none\">till \u00e5r 2025 menar de att cirka&nbsp;40 procent av all<\/span><span data-contrast=\"none\">\u202f <\/span><span data-contrast=\"none\">yrkeskunskap att f\u00f6r\u00e4ndras, vilket inneb\u00e4r att<\/span><span data-contrast=\"none\">\u202f ungef\u00e4r <\/span><span data-contrast=\"none\">h\u00e4lften<\/span><span data-contrast=\"none\">\u202f <\/span><span data-contrast=\"none\">av&nbsp; alla<\/span><span data-contrast=\"none\">\u202f <\/span><span data-contrast=\"none\">yrkesarbetande <\/span><span data-contrast=\"none\">\u202f<\/span><span data-contrast=\"none\">kommer att beh\u00f6va kompetensutvecklas eller byta yrke. Dessutom kan vi se<\/span><span data-contrast=\"none\">&nbsp;att&nbsp;v\u00e4xande kompetenskrav&nbsp;h\u00f6jer tr\u00f6sklarna in p\u00e5 arbetsmarknaden.&nbsp;<\/span><\/p>\n\n\n\n<h3 class=\"wp-block-heading\"><b><span data-contrast=\"none\">Kompetensutveckling p\u00e5 jobbet<\/span><\/b><span data-ccp-props=\"{&quot;201341983&quot;:0,&quot;335559739&quot;:160,&quot;335559740&quot;:259}\">&nbsp;<\/span><\/h3>\n\n\n\n<p><span data-contrast=\"none\">Med kompetensutveckling \u00f6kar&nbsp;de framtida karri\u00e4rm\u00f6jligheterna p\u00e5 arbetsmarknaden&nbsp;eller hos den nuvarande arbetsgivaren.&nbsp;M\u00e5nga&nbsp;tror att kompetensutveckling&nbsp;enbart h\u00e4nder p\u00e5&nbsp;kurser eller utbildningar, och gl\u00f6mmer d\u00e5 bort att mycket&nbsp;sker i det dagliga arbetet.&nbsp;Det kan handla om&nbsp;till exempel&nbsp;handledning, kunskapsutbyten kollegor emellan, arbetsrotation och projektarbete. &nbsp;Till skillnad fr\u00e5n en utbildning&nbsp;kan de nya kunskaperna anv\u00e4ndas direkt!&nbsp;&nbsp;<\/span><\/p>\n\n\n\n<blockquote class=\"wp-block-quote is-layout-flow wp-block-quote-is-layout-flow\">\n<p><span data-contrast=\"none\">Ungef\u00e4r h\u00e4lften\u202f av&nbsp; alla\u202f yrkesarbetande \u202fkommer att beh\u00f6va kompetensutvecklas eller byta yrke<\/span><\/p>\n<\/blockquote>\n\n\n\n<h3 class=\"wp-block-heading\"><b><span data-contrast=\"none\">Inhyrning skapar kompetensutvecklingshjul<\/span><\/b><span data-ccp-props=\"{&quot;201341983&quot;:0,&quot;335559739&quot;:160,&quot;335559740&quot;:259}\">&nbsp;<\/span><\/h3>\n\n\n\n<p><span data-contrast=\"none\">N\u00e4r Svenskt N\u00e4ringsliv \u00e5r 2019 fr\u00e5gade sin F\u00f6retagarpanel varf\u00f6r kompetensutveckling \u00e4r viktigt var det&nbsp;fr\u00e4msta sk\u00e4let att st\u00e4rka f\u00f6retagets konkurrenskraft och att b\u00e4ttre&nbsp;kunna m\u00f6ta kunders krav.&nbsp;Annat som f\u00f6retagen n\u00e4mnde som viktigt blir en naturlig del av de tv\u00e5 fr\u00e4msta anledningarna &#8211;&nbsp;att utbilda nyanst\u00e4llda&nbsp;och&nbsp;att&nbsp;attrahera och&nbsp;beh\u00e5lla medarbetare.&nbsp;Utan medarbetare med r\u00e4tt kompetens f\u00f6rsvinner konkurrenskraften.&nbsp;I en&nbsp;annan F\u00f6retagarpanel fr\u00e5n 2021&nbsp;s\u00e4ger f\u00f6retagen att det vanligaste sk\u00e4let att hyra in medarbetare \u00e4r f\u00f6r att f\u00e5 r\u00e4tt kompetens. Med inhyrning skapas med andra ord ett kompetensutvecklingshjul som gynnar b\u00e5de f\u00f6retag och konsulter.<\/span><span data-ccp-props=\"{&quot;201341983&quot;:0,&quot;335559739&quot;:160,&quot;335559740&quot;:259}\">&nbsp;<\/span><\/p>\n\n\n\n<h3 class=\"wp-block-heading\"><span data-contrast=\"none\">Jobbet som bemanningskonsult kompetensutvecklar<\/span><span data-ccp-props=\"{&quot;201341983&quot;:0,&quot;335559739&quot;:160,&quot;335559740&quot;:259}\">&nbsp;<\/span><\/h3>\n\n\n\n<p><span data-contrast=\"none\">Var fj\u00e4rde&nbsp;person&nbsp;som deltog i&nbsp;\u00e5rets konsultunders\u00f6kning hade valt att jobba som konsult just f\u00f6r att kompetensutvecklas.&nbsp;Vanligast var detta&nbsp;inom tj\u00e4nstemannayrken som&nbsp;ekonomi &amp; finans,&nbsp;teknik &amp; naturvetenskap&nbsp;och&nbsp;marknadsf\u00f6ring &amp; PR. \u00c4ven till industri och&nbsp;lager &amp; logistik&nbsp;var det m\u00e5nga som&nbsp;hade&nbsp;s\u00f6kt sig f\u00f6r&nbsp;kompetensutveckling.&nbsp;Att de flesta&nbsp;konsulter&nbsp;efter ett till tv\u00e5 \u00e5r&nbsp;g\u00e5r vidare till andra jobb \u00e4r ett starkt bevis f\u00f6r att&nbsp;denna strategi \u00e4r framg\u00e5ngsrik!&nbsp;<\/span><span data-ccp-props=\"{&quot;201341983&quot;:0,&quot;335559739&quot;:160,&quot;335559740&quot;:259}\">&nbsp;<\/span><\/p>\n\n\n\n<p>\/\/Patrik<\/p>\n","protected":false},"excerpt":{"rendered":"<p>Bemanningskonsulter utvecklas av jobbet och tror att det kommer att leda till fler jobb i framtiden. S\u00e5 svarar sex av tio i Kompetensf\u00f6retagens senaste konsultunders\u00f6kning. I \u00e5ldersgruppen upp till 29 \u00e4r det \u00e4nnu fler; hela &hellip;<\/p>\n","protected":false},"author":6058,"featured_media":6415,"comment_status":"closed","ping_status":"closed","sticky":false,"template":"","format":"standard","meta":{"_acf_changed":false,"footnotes":""},"categories":[10],"tags":[],"article_type":[8,211],"agreement":[],"for-members":[],"class_list":["post-8268","post","type-post","status-publish","format-standard","has-post-thumbnail","hentry","category-arbetsmarknad","type-aktuellt","type-blogg"],"acf":[],"yoast_head":"<!-- This site is optimized with the Yoast SEO Premium plugin v26.8 (Yoast SEO v26.8) - https:\/\/yoast.com\/product\/yoast-seo-premium-wordpress\/ -->\n<title>Jobbet som bemanningskonsult kompetensutvecklar<\/title>\n<meta name=\"description\" content=\"Jobbet som bemanningskonsult kompetensutvecklar. M\u00e5nga konsulter tror ocks\u00e5 att jobbet \u00e4r en bra karri\u00e4rv\u00e4g som leder till fler jobb.\" \/>\n<meta name=\"robots\" content=\"index, follow, max-snippet:-1, max-image-preview:large, max-video-preview:-1\" \/>\n<link rel=\"canonical\" href=\"https:\/\/www.kompetensforetagen.se\/2021\/11\/jobbet-som-bemanningskonsult-kompetensutvecklar\/\" \/>\n<meta property=\"og:locale\" content=\"sv_SE\" \/>\n<meta property=\"og:type\" content=\"article\" \/>\n<meta property=\"og:title\" content=\"Jobbet som bemanningskonsult kompetensutvecklar\" \/>\n<meta property=\"og:description\" content=\"Jobbet som bemanningskonsult kompetensutvecklar. M\u00e5nga konsulter tror ocks\u00e5 att jobbet \u00e4r en bra karri\u00e4rv\u00e4g som leder till fler jobb.\" \/>\n<meta property=\"og:url\" content=\"https:\/\/www.kompetensforetagen.se\/2021\/11\/jobbet-som-bemanningskonsult-kompetensutvecklar\/\" \/>\n<meta property=\"og:site_name\" content=\"Kompetensf\u00f6retagen\" \/>\n<meta property=\"article:published_time\" content=\"2021-11-04T10:37:03+00:00\" \/>\n<meta property=\"article:modified_time\" content=\"2024-01-15T12:58:06+00:00\" \/>\n<meta property=\"og:image\" content=\"https:\/\/www.kompetensforetagen.se\/app\/uploads\/sites\/5\/2021\/02\/gettyimages-1252669706-scaled.jpg\" \/>\n\t<meta property=\"og:image:width\" content=\"2560\" \/>\n\t<meta property=\"og:image:height\" content=\"1707\" \/>\n\t<meta property=\"og:image:type\" content=\"image\/jpeg\" \/>\n<meta name=\"author\" content=\"Shashika Sellgren\" \/>\n<meta name=\"twitter:card\" content=\"summary_large_image\" \/>\n<meta name=\"twitter:label1\" content=\"Skriven av\" \/>\n\t<meta name=\"twitter:data1\" content=\"Shashika Sellgren\" \/>\n\t<meta name=\"twitter:label2\" content=\"Ber\u00e4knad l\u00e4stid\" \/>\n\t<meta name=\"twitter:data2\" content=\"2 minuter\" \/>\n<!-- \/ Yoast SEO Premium plugin. -->","yoast_head_json":{"title":"Jobbet som bemanningskonsult kompetensutvecklar","description":"Jobbet som bemanningskonsult kompetensutvecklar. M\u00e5nga konsulter tror ocks\u00e5 att jobbet \u00e4r en bra karri\u00e4rv\u00e4g som leder till fler jobb.","robots":{"index":"index","follow":"follow","max-snippet":"max-snippet:-1","max-image-preview":"max-image-preview:large","max-video-preview":"max-video-preview:-1"},"canonical":"https:\/\/www.kompetensforetagen.se\/2021\/11\/jobbet-som-bemanningskonsult-kompetensutvecklar\/","og_locale":"sv_SE","og_type":"article","og_title":"Jobbet som bemanningskonsult kompetensutvecklar","og_description":"Jobbet som bemanningskonsult kompetensutvecklar. M\u00e5nga konsulter tror ocks\u00e5 att jobbet \u00e4r en bra karri\u00e4rv\u00e4g som leder till fler jobb.","og_url":"https:\/\/www.kompetensforetagen.se\/2021\/11\/jobbet-som-bemanningskonsult-kompetensutvecklar\/","og_site_name":"Kompetensf\u00f6retagen","article_published_time":"2021-11-04T10:37:03+00:00","article_modified_time":"2024-01-15T12:58:06+00:00","og_image":[{"width":2560,"height":1707,"url":"https:\/\/www.kompetensforetagen.se\/app\/uploads\/sites\/5\/2021\/02\/gettyimages-1252669706-scaled.jpg","type":"image\/jpeg"}],"author":"Shashika Sellgren","twitter_card":"summary_large_image","twitter_misc":{"Skriven av":"Shashika Sellgren","Ber\u00e4knad l\u00e4stid":"2 minuter"},"schema":{"@context":"https:\/\/schema.org","@graph":[{"@type":"Article","@id":"https:\/\/www.kompetensforetagen.se\/2021\/11\/jobbet-som-bemanningskonsult-kompetensutvecklar\/#article","isPartOf":{"@id":"https:\/\/www.kompetensforetagen.se\/2021\/11\/jobbet-som-bemanningskonsult-kompetensutvecklar\/"},"author":{"name":"Shashika Sellgren","@id":"https:\/\/www.kompetensforetagen.se\/#\/schema\/person\/38c6b37b81c530c93246c3d1993d5662"},"headline":"Jobbet som bemanningskonsult kompetensutvecklar","datePublished":"2021-11-04T10:37:03+00:00","dateModified":"2024-01-15T12:58:06+00:00","mainEntityOfPage":{"@id":"https:\/\/www.kompetensforetagen.se\/2021\/11\/jobbet-som-bemanningskonsult-kompetensutvecklar\/"},"wordCount":486,"publisher":{"@id":"https:\/\/www.kompetensforetagen.se\/#organization"},"image":{"@id":"https:\/\/www.kompetensforetagen.se\/2021\/11\/jobbet-som-bemanningskonsult-kompetensutvecklar\/#primaryimage"},"thumbnailUrl":"https:\/\/www.kompetensforetagen.se\/app\/uploads\/sites\/5\/2021\/02\/gettyimages-1252669706-scaled.jpg","articleSection":["Arbetsmarknad"],"inLanguage":"sv-SE"},{"@type":"WebPage","@id":"https:\/\/www.kompetensforetagen.se\/2021\/11\/jobbet-som-bemanningskonsult-kompetensutvecklar\/","url":"https:\/\/www.kompetensforetagen.se\/2021\/11\/jobbet-som-bemanningskonsult-kompetensutvecklar\/","name":"Jobbet som bemanningskonsult kompetensutvecklar","isPartOf":{"@id":"https:\/\/www.kompetensforetagen.se\/#website"},"primaryImageOfPage":{"@id":"https:\/\/www.kompetensforetagen.se\/2021\/11\/jobbet-som-bemanningskonsult-kompetensutvecklar\/#primaryimage"},"image":{"@id":"https:\/\/www.kompetensforetagen.se\/2021\/11\/jobbet-som-bemanningskonsult-kompetensutvecklar\/#primaryimage"},"thumbnailUrl":"https:\/\/www.kompetensforetagen.se\/app\/uploads\/sites\/5\/2021\/02\/gettyimages-1252669706-scaled.jpg","datePublished":"2021-11-04T10:37:03+00:00","dateModified":"2024-01-15T12:58:06+00:00","description":"Jobbet som bemanningskonsult kompetensutvecklar. M\u00e5nga konsulter tror ocks\u00e5 att jobbet \u00e4r en bra karri\u00e4rv\u00e4g som leder till fler jobb.","breadcrumb":{"@id":"https:\/\/www.kompetensforetagen.se\/2021\/11\/jobbet-som-bemanningskonsult-kompetensutvecklar\/#breadcrumb"},"inLanguage":"sv-SE","potentialAction":[{"@type":"ReadAction","target":["https:\/\/www.kompetensforetagen.se\/2021\/11\/jobbet-som-bemanningskonsult-kompetensutvecklar\/"]}]},{"@type":"ImageObject","inLanguage":"sv-SE","@id":"https:\/\/www.kompetensforetagen.se\/2021\/11\/jobbet-som-bemanningskonsult-kompetensutvecklar\/#primaryimage","url":"https:\/\/www.kompetensforetagen.se\/app\/uploads\/sites\/5\/2021\/02\/gettyimages-1252669706-scaled.jpg","contentUrl":"https:\/\/www.kompetensforetagen.se\/app\/uploads\/sites\/5\/2021\/02\/gettyimages-1252669706-scaled.jpg","width":2560,"height":1707,"caption":"Ung person tittar p\u00e5 presentation i m\u00f6tesrum"},{"@type":"BreadcrumbList","@id":"https:\/\/www.kompetensforetagen.se\/2021\/11\/jobbet-som-bemanningskonsult-kompetensutvecklar\/#breadcrumb","itemListElement":[{"@type":"ListItem","position":1,"name":"Home","item":"https:\/\/www.kompetensforetagen.se\/"},{"@type":"ListItem","position":2,"name":"Jobbet som bemanningskonsult kompetensutvecklar"}]},{"@type":"WebSite","@id":"https:\/\/www.kompetensforetagen.se\/#website","url":"https:\/\/www.kompetensforetagen.se\/","name":"Kompetensf\u00f6retagen","description":"R\u00e4tt person p\u00e5 r\u00e4tt plats kan f\u00f6r\u00e4ndra v\u00e4rlden","publisher":{"@id":"https:\/\/www.kompetensforetagen.se\/#organization"},"potentialAction":[{"@type":"SearchAction","target":{"@type":"EntryPoint","urlTemplate":"https:\/\/www.kompetensforetagen.se\/?s={search_term_string}"},"query-input":{"@type":"PropertyValueSpecification","valueRequired":true,"valueName":"search_term_string"}}],"inLanguage":"sv-SE"},{"@type":"Organization","@id":"https:\/\/www.kompetensforetagen.se\/#organization","name":"Kompetensf\u00f6retagen","url":"https:\/\/www.kompetensforetagen.se\/","logo":{"@type":"ImageObject","inLanguage":"sv-SE","@id":"https:\/\/www.kompetensforetagen.se\/#\/schema\/logo\/image\/","url":"https:\/\/www.kompetensforetagen.se\/app\/uploads\/sites\/5\/2022\/10\/logga_svart.png","contentUrl":"https:\/\/www.kompetensforetagen.se\/app\/uploads\/sites\/5\/2022\/10\/logga_svart.png","width":752,"height":64,"caption":"Kompetensf\u00f6retagen"},"image":{"@id":"https:\/\/www.kompetensforetagen.se\/#\/schema\/logo\/image\/"},"sameAs":["https:\/\/www.linkedin.com\/company\/10540032\/"]},{"@type":"Person","@id":"https:\/\/www.kompetensforetagen.se\/#\/schema\/person\/38c6b37b81c530c93246c3d1993d5662","name":"Shashika Sellgren","image":{"@type":"ImageObject","inLanguage":"sv-SE","@id":"https:\/\/www.kompetensforetagen.se\/#\/schema\/person\/image\/","url":"https:\/\/secure.gravatar.com\/avatar\/b225c479880df9eb82d1501dd105dd8040f27c8563f3d4bf5dd62ce0a1630abd?s=96&d=mm&r=g","contentUrl":"https:\/\/secure.gravatar.com\/avatar\/b225c479880df9eb82d1501dd105dd8040f27c8563f3d4bf5dd62ce0a1630abd?s=96&d=mm&r=g","caption":"Shashika Sellgren"},"url":"https:\/\/www.kompetensforetagen.se\/person\/shashikasellgren\/"}]}},"_links":{"self":[{"href":"https:\/\/www.kompetensforetagen.se\/api\/wp\/v2\/posts\/8268","targetHints":{"allow":["GET"]}}],"collection":[{"href":"https:\/\/www.kompetensforetagen.se\/api\/wp\/v2\/posts"}],"about":[{"href":"https:\/\/www.kompetensforetagen.se\/api\/wp\/v2\/types\/post"}],"author":[{"embeddable":true,"href":"https:\/\/www.kompetensforetagen.se\/api\/wp\/v2\/users\/6058"}],"replies":[{"embeddable":true,"href":"https:\/\/www.kompetensforetagen.se\/api\/wp\/v2\/comments?post=8268"}],"version-history":[{"count":2,"href":"https:\/\/www.kompetensforetagen.se\/api\/wp\/v2\/posts\/8268\/revisions"}],"predecessor-version":[{"id":16482,"href":"https:\/\/www.kompetensforetagen.se\/api\/wp\/v2\/posts\/8268\/revisions\/16482"}],"wp:featuredmedia":[{"embeddable":true,"href":"https:\/\/www.kompetensforetagen.se\/api\/wp\/v2\/media\/6415"}],"wp:attachment":[{"href":"https:\/\/www.kompetensforetagen.se\/api\/wp\/v2\/media?parent=8268"}],"wp:term":[{"taxonomy":"category","embeddable":true,"href":"https:\/\/www.kompetensforetagen.se\/api\/wp\/v2\/categories?post=8268"},{"taxonomy":"post_tag","embeddable":true,"href":"https:\/\/www.kompetensforetagen.se\/api\/wp\/v2\/tags?post=8268"},{"taxonomy":"type","embeddable":true,"href":"https:\/\/www.kompetensforetagen.se\/api\/wp\/v2\/article_type?post=8268"},{"taxonomy":"agreement","embeddable":true,"href":"https:\/\/www.kompetensforetagen.se\/api\/wp\/v2\/agreement?post=8268"},{"taxonomy":"for-members","embeddable":true,"href":"https:\/\/www.kompetensforetagen.se\/api\/wp\/v2\/for-members?post=8268"}],"curies":[{"name":"wp","href":"https:\/\/api.w.org\/{rel}","templated":true}]}}