{"id":8261,"date":"2021-11-02T10:04:19","date_gmt":"2021-11-02T09:04:19","guid":{"rendered":"https:\/\/www.kompetensforetagen.se\/?p=8261"},"modified":"2023-07-12T16:14:32","modified_gmt":"2023-07-12T14:14:32","slug":"mot-auktorisationsnamndens-ledamot-marie-from","status":"publish","type":"post","link":"https:\/\/www.kompetensforetagen.se\/2021\/11\/mot-auktorisationsnamndens-ledamot-marie-from\/","title":{"rendered":"M\u00f6t auktorisationsn\u00e4mndens ledamot Marie From"},"content":{"rendered":"\n<p><span class=\"TextRun BCX0 SCXW225342488\" lang=\"SV-SE\" xml:lang=\"SV-SE\" data-contrast=\"auto\"><span class=\"NormalTextRun BCX0 SCXW225342488\">Marie From \u00e4r en av de sex ledam\u00f6terna i <a href=\"https:\/\/www.kompetensforetagen.se\/auktorisation\/kompetensforetagens-auktorisationsnamnd\/\" target=\"_blank\" rel=\"noopener\">Kompetensf\u00f6retagens auktor<\/a><\/span><span class=\"NormalTextRun BCX0 SCXW225342488\">i<\/span><span class=\"NormalTextRun BCX0 SCXW225342488\">sationsn\u00e4mnd<\/span><span class=\"NormalTextRun BCX0 SCXW225342488\">. Marie&nbsp;<\/span><span class=\"NormalTextRun BCX0 SCXW225342488\">\u00e4r till vardags <a href=\"https:\/\/www.sverigesingenjorer.se\/\" target=\"_blank\" rel=\"noopener\">ombudsman p\u00e5 Sveriges Ingenj\u00f6rer<\/a><\/span> <span class=\"NormalTextRun BCX0 SCXW225342488\">&nbsp;men i n\u00e4mnden representerar hon <a href=\"https:\/\/www.saco.se\/lokala-webbplatser\/akademikerforbunden\/\" target=\"_blank\" rel=\"noopener\">Akademikerf\u00f6rbunden<\/a><\/span><span class=\"NormalTextRun BCX0 SCXW225342488\">.&nbsp;<\/span><span class=\"NormalTextRun BCX0 SCXW225342488\">Marie har haft sin roll i n\u00e4mnden sedan&nbsp;<\/span><span class=\"NormalTextRun BCX0 SCXW225342488\">februari 2018.<\/span><\/span><span class=\"EOP BCX0 SCXW225342488\" data-ccp-props=\"{&quot;201341983&quot;:0,&quot;335559739&quot;:160,&quot;335559740&quot;:259}\">&nbsp;<\/span><\/p>\n\n\n\n<h3 class=\"wp-block-heading\">Hur ser du p\u00e5 n\u00e4mndens uppgift?<\/h3>\n\n\n\n<p>Jag anser att det \u00e4r viktigt att parterna gemensamt granskar bemanningsf\u00f6retag och utifr\u00e5n givna parametrar s\u00e4kerst\u00e4ller att de uppfyller kraven p\u00e5 auktorisation.<\/p>\n\n\n\n<h3 class=\"wp-block-heading\">Vad visste du om branschen innan du b\u00f6rjade?<\/h3>\n\n\n\n<p>Jag k\u00e4nde till branschen men hade ingen djupare kunskap om vilken typ av f\u00f6retag som ing\u00e5r (rekrytering\/omst\u00e4llning\/bemanning).<\/p>\n\n\n\n<h3 class=\"wp-block-heading\">H\u00e4nder det ofta att ni nekar f\u00f6retag auktorisation?<\/h3>\n\n\n\n<p>Nej, det \u00e4r inte s\u00e5 vanligt.<\/p>\n\n\n\n<h3 class=\"wp-block-heading\">Vad \u00e4r det mest intressanta med uppdraget?<\/h3>\n\n\n\n<p>Att vi som parter i kollektivavtalet (arbetstagar-\/arbetsgivarpart) har en p\u00e5g\u00e5ende dialog om f\u00f6retagen och hur branschen utvecklas.<\/p>\n\n\n\n<h3 class=\"wp-block-heading\">Har du l\u00e4rt dig n\u00e5got nytt i arbetet med auktorisationsn\u00e4mnden?<\/h3>\n\n\n\n<p>Jag har l\u00e4rt mig hur n\u00e4mnden arbetar och hur granskningen g\u00e5r till. Det \u00e4r viktigt att processen f\u00f6ljs och att f\u00f6retag, oavsett storlek, behandlas p\u00e5 samma s\u00e4tt g\u00e4llande uppf\u00f6ljning och m\u00f6jligheter att \u00e5tg\u00e4rda till exempel anm\u00e4rkningar i revisionsber\u00e4ttelsen.<\/p>\n","protected":false},"excerpt":{"rendered":"<p>Marie From \u00e4r en av de sex ledam\u00f6terna i Kompetensf\u00f6retagens auktorisationsn\u00e4mnd. Marie&nbsp;\u00e4r till vardags ombudsman p\u00e5 Sveriges Ingenj\u00f6rer &nbsp;men i n\u00e4mnden representerar hon Akademikerf\u00f6rbunden.&nbsp;Marie har haft sin roll i n\u00e4mnden sedan&nbsp;februari 2018.&nbsp; Hur ser du &hellip;<\/p>\n","protected":false},"author":6058,"featured_media":8265,"comment_status":"closed","ping_status":"closed","sticky":false,"template":"","format":"standard","meta":{"_acf_changed":false,"footnotes":""},"categories":[17],"tags":[],"article_type":[8,219],"agreement":[],"for-members":[],"class_list":["post-8261","post","type-post","status-publish","format-standard","has-post-thumbnail","hentry","category-auktorisation","type-aktuellt","type-nyhet"],"acf":[],"yoast_head":"<!-- This site is optimized with the Yoast SEO Premium plugin v26.8 (Yoast SEO v26.8) - https:\/\/yoast.com\/product\/yoast-seo-premium-wordpress\/ -->\n<title>M\u00f6t auktorisationsn\u00e4mndens ledamot Marie From<\/title>\n<meta name=\"description\" content=\"Marie From \u00e4r en av de sex ledam\u00f6terna i Kompetensf\u00f6retagens auktorisationsn\u00e4mnd. Marie representerar Akademif\u00f6rbunden i n\u00e4mnden sedan 2018.\" \/>\n<meta name=\"robots\" content=\"index, follow, max-snippet:-1, max-image-preview:large, max-video-preview:-1\" \/>\n<link rel=\"canonical\" href=\"https:\/\/www.kompetensforetagen.se\/2021\/11\/mot-auktorisationsnamndens-ledamot-marie-from\/\" \/>\n<meta property=\"og:locale\" content=\"sv_SE\" \/>\n<meta property=\"og:type\" content=\"article\" \/>\n<meta property=\"og:title\" content=\"M\u00f6t auktorisationsn\u00e4mndens ledamot Marie From\" \/>\n<meta property=\"og:description\" content=\"Marie From \u00e4r en av de sex ledam\u00f6terna i Kompetensf\u00f6retagens auktorisationsn\u00e4mnd. Marie representerar Akademif\u00f6rbunden i n\u00e4mnden sedan 2018.\" \/>\n<meta property=\"og:url\" content=\"https:\/\/www.kompetensforetagen.se\/2021\/11\/mot-auktorisationsnamndens-ledamot-marie-from\/\" \/>\n<meta property=\"og:site_name\" content=\"Kompetensf\u00f6retagen\" \/>\n<meta property=\"article:published_time\" content=\"2021-11-02T09:04:19+00:00\" \/>\n<meta property=\"article:modified_time\" content=\"2023-07-12T14:14:32+00:00\" \/>\n<meta property=\"og:image\" content=\"https:\/\/www.kompetensforetagen.se\/app\/uploads\/sites\/5\/2021\/11\/akademikerforbunden-logo1_rgb.png\" \/>\n\t<meta property=\"og:image:width\" content=\"626\" \/>\n\t<meta property=\"og:image:height\" content=\"118\" \/>\n\t<meta property=\"og:image:type\" content=\"image\/png\" \/>\n<meta name=\"author\" content=\"Shashika Sellgren\" \/>\n<meta name=\"twitter:card\" content=\"summary_large_image\" \/>\n<meta name=\"twitter:label1\" content=\"Skriven av\" \/>\n\t<meta name=\"twitter:data1\" content=\"Shashika Sellgren\" \/>\n\t<meta name=\"twitter:label2\" content=\"Ber\u00e4knad l\u00e4stid\" \/>\n\t<meta name=\"twitter:data2\" content=\"1 minut\" \/>\n<!-- \/ Yoast SEO Premium plugin. -->","yoast_head_json":{"title":"M\u00f6t auktorisationsn\u00e4mndens ledamot Marie From","description":"Marie From \u00e4r en av de sex ledam\u00f6terna i Kompetensf\u00f6retagens auktorisationsn\u00e4mnd. Marie representerar Akademif\u00f6rbunden i n\u00e4mnden sedan 2018.","robots":{"index":"index","follow":"follow","max-snippet":"max-snippet:-1","max-image-preview":"max-image-preview:large","max-video-preview":"max-video-preview:-1"},"canonical":"https:\/\/www.kompetensforetagen.se\/2021\/11\/mot-auktorisationsnamndens-ledamot-marie-from\/","og_locale":"sv_SE","og_type":"article","og_title":"M\u00f6t auktorisationsn\u00e4mndens ledamot Marie From","og_description":"Marie From \u00e4r en av de sex ledam\u00f6terna i Kompetensf\u00f6retagens auktorisationsn\u00e4mnd. Marie representerar Akademif\u00f6rbunden i n\u00e4mnden sedan 2018.","og_url":"https:\/\/www.kompetensforetagen.se\/2021\/11\/mot-auktorisationsnamndens-ledamot-marie-from\/","og_site_name":"Kompetensf\u00f6retagen","article_published_time":"2021-11-02T09:04:19+00:00","article_modified_time":"2023-07-12T14:14:32+00:00","og_image":[{"width":626,"height":118,"url":"https:\/\/www.kompetensforetagen.se\/app\/uploads\/sites\/5\/2021\/11\/akademikerforbunden-logo1_rgb.png","type":"image\/png"}],"author":"Shashika Sellgren","twitter_card":"summary_large_image","twitter_misc":{"Skriven av":"Shashika Sellgren","Ber\u00e4knad l\u00e4stid":"1 minut"},"schema":{"@context":"https:\/\/schema.org","@graph":[{"@type":"Article","@id":"https:\/\/www.kompetensforetagen.se\/2021\/11\/mot-auktorisationsnamndens-ledamot-marie-from\/#article","isPartOf":{"@id":"https:\/\/www.kompetensforetagen.se\/2021\/11\/mot-auktorisationsnamndens-ledamot-marie-from\/"},"author":{"name":"Shashika Sellgren","@id":"https:\/\/www.kompetensforetagen.se\/#\/schema\/person\/38c6b37b81c530c93246c3d1993d5662"},"headline":"M\u00f6t auktorisationsn\u00e4mndens ledamot Marie From","datePublished":"2021-11-02T09:04:19+00:00","dateModified":"2023-07-12T14:14:32+00:00","mainEntityOfPage":{"@id":"https:\/\/www.kompetensforetagen.se\/2021\/11\/mot-auktorisationsnamndens-ledamot-marie-from\/"},"wordCount":227,"publisher":{"@id":"https:\/\/www.kompetensforetagen.se\/#organization"},"image":{"@id":"https:\/\/www.kompetensforetagen.se\/2021\/11\/mot-auktorisationsnamndens-ledamot-marie-from\/#primaryimage"},"thumbnailUrl":"https:\/\/www.kompetensforetagen.se\/app\/uploads\/sites\/5\/2021\/11\/akademikerforbunden-logo1_rgb.png","articleSection":["Auktorisation"],"inLanguage":"sv-SE"},{"@type":"WebPage","@id":"https:\/\/www.kompetensforetagen.se\/2021\/11\/mot-auktorisationsnamndens-ledamot-marie-from\/","url":"https:\/\/www.kompetensforetagen.se\/2021\/11\/mot-auktorisationsnamndens-ledamot-marie-from\/","name":"M\u00f6t auktorisationsn\u00e4mndens ledamot Marie From","isPartOf":{"@id":"https:\/\/www.kompetensforetagen.se\/#website"},"primaryImageOfPage":{"@id":"https:\/\/www.kompetensforetagen.se\/2021\/11\/mot-auktorisationsnamndens-ledamot-marie-from\/#primaryimage"},"image":{"@id":"https:\/\/www.kompetensforetagen.se\/2021\/11\/mot-auktorisationsnamndens-ledamot-marie-from\/#primaryimage"},"thumbnailUrl":"https:\/\/www.kompetensforetagen.se\/app\/uploads\/sites\/5\/2021\/11\/akademikerforbunden-logo1_rgb.png","datePublished":"2021-11-02T09:04:19+00:00","dateModified":"2023-07-12T14:14:32+00:00","description":"Marie From \u00e4r en av de sex ledam\u00f6terna i Kompetensf\u00f6retagens auktorisationsn\u00e4mnd. Marie representerar Akademif\u00f6rbunden i n\u00e4mnden sedan 2018.","breadcrumb":{"@id":"https:\/\/www.kompetensforetagen.se\/2021\/11\/mot-auktorisationsnamndens-ledamot-marie-from\/#breadcrumb"},"inLanguage":"sv-SE","potentialAction":[{"@type":"ReadAction","target":["https:\/\/www.kompetensforetagen.se\/2021\/11\/mot-auktorisationsnamndens-ledamot-marie-from\/"]}]},{"@type":"ImageObject","inLanguage":"sv-SE","@id":"https:\/\/www.kompetensforetagen.se\/2021\/11\/mot-auktorisationsnamndens-ledamot-marie-from\/#primaryimage","url":"https:\/\/www.kompetensforetagen.se\/app\/uploads\/sites\/5\/2021\/11\/akademikerforbunden-logo1_rgb.png","contentUrl":"https:\/\/www.kompetensforetagen.se\/app\/uploads\/sites\/5\/2021\/11\/akademikerforbunden-logo1_rgb.png","width":626,"height":118,"caption":"Logotyp f\u00f6r Akademikerf\u00f6rbunden \u2013 samverkan p\u00e5 arbetsmarknaden."},{"@type":"BreadcrumbList","@id":"https:\/\/www.kompetensforetagen.se\/2021\/11\/mot-auktorisationsnamndens-ledamot-marie-from\/#breadcrumb","itemListElement":[{"@type":"ListItem","position":1,"name":"Home","item":"https:\/\/www.kompetensforetagen.se\/"},{"@type":"ListItem","position":2,"name":"M\u00f6t auktorisationsn\u00e4mndens ledamot Marie From"}]},{"@type":"WebSite","@id":"https:\/\/www.kompetensforetagen.se\/#website","url":"https:\/\/www.kompetensforetagen.se\/","name":"Kompetensf\u00f6retagen","description":"R\u00e4tt person p\u00e5 r\u00e4tt plats kan f\u00f6r\u00e4ndra v\u00e4rlden","publisher":{"@id":"https:\/\/www.kompetensforetagen.se\/#organization"},"potentialAction":[{"@type":"SearchAction","target":{"@type":"EntryPoint","urlTemplate":"https:\/\/www.kompetensforetagen.se\/?s={search_term_string}"},"query-input":{"@type":"PropertyValueSpecification","valueRequired":true,"valueName":"search_term_string"}}],"inLanguage":"sv-SE"},{"@type":"Organization","@id":"https:\/\/www.kompetensforetagen.se\/#organization","name":"Kompetensf\u00f6retagen","url":"https:\/\/www.kompetensforetagen.se\/","logo":{"@type":"ImageObject","inLanguage":"sv-SE","@id":"https:\/\/www.kompetensforetagen.se\/#\/schema\/logo\/image\/","url":"https:\/\/www.kompetensforetagen.se\/app\/uploads\/sites\/5\/2022\/10\/logga_svart.png","contentUrl":"https:\/\/www.kompetensforetagen.se\/app\/uploads\/sites\/5\/2022\/10\/logga_svart.png","width":752,"height":64,"caption":"Kompetensf\u00f6retagen"},"image":{"@id":"https:\/\/www.kompetensforetagen.se\/#\/schema\/logo\/image\/"},"sameAs":["https:\/\/www.linkedin.com\/company\/10540032\/"]},{"@type":"Person","@id":"https:\/\/www.kompetensforetagen.se\/#\/schema\/person\/38c6b37b81c530c93246c3d1993d5662","name":"Shashika Sellgren","image":{"@type":"ImageObject","inLanguage":"sv-SE","@id":"https:\/\/www.kompetensforetagen.se\/#\/schema\/person\/image\/","url":"https:\/\/secure.gravatar.com\/avatar\/b225c479880df9eb82d1501dd105dd8040f27c8563f3d4bf5dd62ce0a1630abd?s=96&d=mm&r=g","contentUrl":"https:\/\/secure.gravatar.com\/avatar\/b225c479880df9eb82d1501dd105dd8040f27c8563f3d4bf5dd62ce0a1630abd?s=96&d=mm&r=g","caption":"Shashika Sellgren"},"url":"https:\/\/www.kompetensforetagen.se\/person\/shashikasellgren\/"}]}},"_links":{"self":[{"href":"https:\/\/www.kompetensforetagen.se\/api\/wp\/v2\/posts\/8261","targetHints":{"allow":["GET"]}}],"collection":[{"href":"https:\/\/www.kompetensforetagen.se\/api\/wp\/v2\/posts"}],"about":[{"href":"https:\/\/www.kompetensforetagen.se\/api\/wp\/v2\/types\/post"}],"author":[{"embeddable":true,"href":"https:\/\/www.kompetensforetagen.se\/api\/wp\/v2\/users\/6058"}],"replies":[{"embeddable":true,"href":"https:\/\/www.kompetensforetagen.se\/api\/wp\/v2\/comments?post=8261"}],"version-history":[{"count":2,"href":"https:\/\/www.kompetensforetagen.se\/api\/wp\/v2\/posts\/8261\/revisions"}],"predecessor-version":[{"id":13242,"href":"https:\/\/www.kompetensforetagen.se\/api\/wp\/v2\/posts\/8261\/revisions\/13242"}],"wp:featuredmedia":[{"embeddable":true,"href":"https:\/\/www.kompetensforetagen.se\/api\/wp\/v2\/media\/8265"}],"wp:attachment":[{"href":"https:\/\/www.kompetensforetagen.se\/api\/wp\/v2\/media?parent=8261"}],"wp:term":[{"taxonomy":"category","embeddable":true,"href":"https:\/\/www.kompetensforetagen.se\/api\/wp\/v2\/categories?post=8261"},{"taxonomy":"post_tag","embeddable":true,"href":"https:\/\/www.kompetensforetagen.se\/api\/wp\/v2\/tags?post=8261"},{"taxonomy":"type","embeddable":true,"href":"https:\/\/www.kompetensforetagen.se\/api\/wp\/v2\/article_type?post=8261"},{"taxonomy":"agreement","embeddable":true,"href":"https:\/\/www.kompetensforetagen.se\/api\/wp\/v2\/agreement?post=8261"},{"taxonomy":"for-members","embeddable":true,"href":"https:\/\/www.kompetensforetagen.se\/api\/wp\/v2\/for-members?post=8261"}],"curies":[{"name":"wp","href":"https:\/\/api.w.org\/{rel}","templated":true}]}}