{"id":8232,"date":"2021-10-26T15:34:10","date_gmt":"2021-10-26T13:34:10","guid":{"rendered":"https:\/\/www.kompetensforetagen.se\/?p=8232"},"modified":"2025-10-16T12:33:18","modified_gmt":"2025-10-16T10:33:18","slug":"valkommen-analys-av-forutsattningar-for-vidareutvecklade-matchningstjanster","status":"publish","type":"post","link":"https:\/\/www.kompetensforetagen.se\/2021\/10\/valkommen-analys-av-forutsattningar-for-vidareutvecklade-matchningstjanster\/","title":{"rendered":"V\u00e4lkommen analys av f\u00f6ruts\u00e4ttningar f\u00f6r vidareutvecklade matchningstj\u00e4nster"},"content":{"rendered":"\n<p>Kompetensf\u00f6retagen v\u00e4lkomnar att<a href=\"https:\/\/www.regeringen.se\/regeringsuppdrag\/2021\/10\/uppdrag-till-arbetsformedlingen-att-analysera-vissa-forutsattningar-for-matchningstjanster\/\" target=\"_blank\" rel=\"noopener\"> regeringen ger Arbetsf\u00f6rmedlingen uppgiften att analysera f\u00f6ruts\u00e4ttningarna f\u00f6r vidareutvecklade matchningstj\u00e4nster<\/a>. Tj\u00e4nsterna beh\u00f6ver upphandlas nu, inte v\u00e4nta p\u00e5 en analys som kommer i mars 2022. F\u00f6rslagsvis kan Arbetsf\u00f6rmedlingen upphandla en pilotmodell. F\u00f6r att uppn\u00e5 s\u00e5 bra resultat som m\u00f6jligt f\u00f6r s\u00e5v\u00e4l arbetss\u00f6kande som verksamheter som s\u00f6ker kompetens, beh\u00f6vs dessutom <a href=\"https:\/\/www.kompetensforetagen.se\/arbetsformedlingen\/krom-rusta-och-matcha\/\" target=\"_blank\" rel=\"noreferrer noopener\">samarbete med Sveriges kommuner<\/a>.<\/p>\n\n\n\n<h3 class=\"wp-block-heading\" id=\"h-matchningstjanster-efterfragade-av-arbetssokande\">Matchningstj\u00e4nster efterfr\u00e5gade av arbetss\u00f6kande<\/h3>\n\n\n\n<p>P\u00e5 Arbetsf\u00f6rmedlingens uppdrag arbetar experter p\u00e5 v\u00e5ra medlemsf\u00f6retags m\u00e5linriktat med att matcha arbetss\u00f6kande till de jobb och studier som beh\u00f6vs f\u00f6r att f\u00e5 f\u00e4ste p\u00e5 arbetsmarknaden. Detta har l\u00e4nge efterfr\u00e5gats av arbetss\u00f6kande. Det \u00e4r d\u00e4rf\u00f6r viktigt att v\u00e5ra medlemsf\u00f6retag, i konkurrens med andra f\u00f6retag p\u00e5 marknaden, fortsatt f\u00e5r matchningsuppdraget.<\/p>\n\n\n\n<p>Professionella matchningsexperter t\u00e4cker redan landet till 99 procent, och under pandemin har arbetet med att st\u00f6tta arbetss\u00f6kande digitalt f\u00f6rfinats. Det st\u00e4lls mycket specifika kompetenskrav f\u00f6r att f\u00e5 jobba med matchning. M\u00e5nga av de frist\u00e5ende leverant\u00f6rerna \u00e4r d\u00e4rtill <a href=\"https:\/\/www.kompetensforetagen.se\/auktorisation\/\" target=\"_blank\" rel=\"noopener\">auktoriserade av Kompetensf\u00f6retagen<\/a>.<\/p>\n\n\n\n<p>Patrik Eidfelt<\/p>\n\n\n\n<p>F\u00f6rbundsdirekt\u00f6r Kompetensf\u00f6retagen<\/p>\n","protected":false},"excerpt":{"rendered":"<p>Kompetensf\u00f6retagen v\u00e4lkomnar att regeringen ger Arbetsf\u00f6rmedlingen uppgiften att analysera f\u00f6ruts\u00e4ttningarna f\u00f6r vidareutvecklade matchningstj\u00e4nster. Tj\u00e4nsterna beh\u00f6ver upphandlas nu, inte v\u00e4nta p\u00e5 en analys som kommer i mars 2022. F\u00f6rslagsvis kan Arbetsf\u00f6rmedlingen upphandla en pilotmodell. F\u00f6r att &hellip;<\/p>\n","protected":false},"author":6358,"featured_media":6427,"comment_status":"closed","ping_status":"closed","sticky":false,"template":"","format":"standard","meta":{"_acf_changed":false,"footnotes":""},"categories":[192],"tags":[],"article_type":[8,193],"agreement":[],"for-members":[],"class_list":["post-8232","post","type-post","status-publish","format-standard","has-post-thumbnail","hentry","category-arbetsformedlingen","type-aktuellt","type-kommentar"],"acf":[],"yoast_head":"<!-- This site is optimized with the Yoast SEO Premium plugin v26.8 (Yoast SEO v26.8) - https:\/\/yoast.com\/product\/yoast-seo-premium-wordpress\/ -->\n<title>V\u00e4lkommen analys-f\u00f6ruts\u00e4ttningar f\u00f6r vidareutvecklade matchningstj\u00e4nster<\/title>\n<meta name=\"description\" content=\"V\u00e4lkommet att regeringen ger Arbetsf\u00f6rmedlingen uppgiften att analysera f\u00f6ruts\u00e4ttningarna f\u00f6r vidareutvecklade matchningstj\u00e4nster.\" \/>\n<meta name=\"robots\" content=\"index, follow, max-snippet:-1, max-image-preview:large, max-video-preview:-1\" \/>\n<link rel=\"canonical\" href=\"https:\/\/www.kompetensforetagen.se\/2021\/10\/valkommen-analys-av-forutsattningar-for-vidareutvecklade-matchningstjanster\/\" \/>\n<meta property=\"og:locale\" content=\"sv_SE\" \/>\n<meta property=\"og:type\" content=\"article\" \/>\n<meta property=\"og:title\" content=\"V\u00e4lkommen analys av f\u00f6ruts\u00e4ttningar f\u00f6r vidareutvecklade matchningstj\u00e4nster\" \/>\n<meta property=\"og:description\" content=\"V\u00e4lkommet att regeringen ger Arbetsf\u00f6rmedlingen uppgiften att analysera f\u00f6ruts\u00e4ttningarna f\u00f6r vidareutvecklade matchningstj\u00e4nster.\" \/>\n<meta property=\"og:url\" content=\"https:\/\/www.kompetensforetagen.se\/2021\/10\/valkommen-analys-av-forutsattningar-for-vidareutvecklade-matchningstjanster\/\" \/>\n<meta property=\"og:site_name\" content=\"Kompetensf\u00f6retagen\" \/>\n<meta property=\"article:published_time\" content=\"2021-10-26T13:34:10+00:00\" \/>\n<meta property=\"article:modified_time\" content=\"2025-10-16T10:33:18+00:00\" \/>\n<meta property=\"og:image\" content=\"https:\/\/www.kompetensforetagen.se\/app\/uploads\/sites\/5\/2021\/02\/business-962359_1920.jpg\" \/>\n\t<meta property=\"og:image:width\" content=\"1920\" \/>\n\t<meta property=\"og:image:height\" content=\"1440\" \/>\n\t<meta property=\"og:image:type\" content=\"image\/jpeg\" \/>\n<meta name=\"twitter:card\" content=\"summary_large_image\" \/>\n<meta name=\"twitter:label1\" content=\"Skriven av\" \/>\n\t<meta name=\"twitter:data1\" content=\"\" \/>\n\t<meta name=\"twitter:label2\" content=\"Ber\u00e4knad l\u00e4stid\" \/>\n\t<meta name=\"twitter:data2\" content=\"1 minut\" \/>\n<!-- \/ Yoast SEO Premium plugin. -->","yoast_head_json":{"title":"V\u00e4lkommen analys-f\u00f6ruts\u00e4ttningar f\u00f6r vidareutvecklade matchningstj\u00e4nster","description":"V\u00e4lkommet att regeringen ger Arbetsf\u00f6rmedlingen uppgiften att analysera f\u00f6ruts\u00e4ttningarna f\u00f6r vidareutvecklade matchningstj\u00e4nster.","robots":{"index":"index","follow":"follow","max-snippet":"max-snippet:-1","max-image-preview":"max-image-preview:large","max-video-preview":"max-video-preview:-1"},"canonical":"https:\/\/www.kompetensforetagen.se\/2021\/10\/valkommen-analys-av-forutsattningar-for-vidareutvecklade-matchningstjanster\/","og_locale":"sv_SE","og_type":"article","og_title":"V\u00e4lkommen analys av f\u00f6ruts\u00e4ttningar f\u00f6r vidareutvecklade matchningstj\u00e4nster","og_description":"V\u00e4lkommet att regeringen ger Arbetsf\u00f6rmedlingen uppgiften att analysera f\u00f6ruts\u00e4ttningarna f\u00f6r vidareutvecklade matchningstj\u00e4nster.","og_url":"https:\/\/www.kompetensforetagen.se\/2021\/10\/valkommen-analys-av-forutsattningar-for-vidareutvecklade-matchningstjanster\/","og_site_name":"Kompetensf\u00f6retagen","article_published_time":"2021-10-26T13:34:10+00:00","article_modified_time":"2025-10-16T10:33:18+00:00","og_image":[{"width":1920,"height":1440,"url":"https:\/\/www.kompetensforetagen.se\/app\/uploads\/sites\/5\/2021\/02\/business-962359_1920.jpg","type":"image\/jpeg"}],"twitter_card":"summary_large_image","twitter_misc":{"Skriven av":"","Ber\u00e4knad l\u00e4stid":"1 minut"},"schema":{"@context":"https:\/\/schema.org","@graph":[{"@type":"Article","@id":"https:\/\/www.kompetensforetagen.se\/2021\/10\/valkommen-analys-av-forutsattningar-for-vidareutvecklade-matchningstjanster\/#article","isPartOf":{"@id":"https:\/\/www.kompetensforetagen.se\/2021\/10\/valkommen-analys-av-forutsattningar-for-vidareutvecklade-matchningstjanster\/"},"author":{"name":"","@id":""},"headline":"V\u00e4lkommen analys av f\u00f6ruts\u00e4ttningar f\u00f6r vidareutvecklade matchningstj\u00e4nster","datePublished":"2021-10-26T13:34:10+00:00","dateModified":"2025-10-16T10:33:18+00:00","mainEntityOfPage":{"@id":"https:\/\/www.kompetensforetagen.se\/2021\/10\/valkommen-analys-av-forutsattningar-for-vidareutvecklade-matchningstjanster\/"},"wordCount":216,"publisher":{"@id":"https:\/\/www.kompetensforetagen.se\/#organization"},"image":{"@id":"https:\/\/www.kompetensforetagen.se\/2021\/10\/valkommen-analys-av-forutsattningar-for-vidareutvecklade-matchningstjanster\/#primaryimage"},"thumbnailUrl":"https:\/\/www.kompetensforetagen.se\/app\/uploads\/sites\/5\/2021\/02\/business-962359_1920.jpg","articleSection":["Arbetsf\u00f6rmedlingen"],"inLanguage":"sv-SE"},{"@type":"WebPage","@id":"https:\/\/www.kompetensforetagen.se\/2021\/10\/valkommen-analys-av-forutsattningar-for-vidareutvecklade-matchningstjanster\/","url":"https:\/\/www.kompetensforetagen.se\/2021\/10\/valkommen-analys-av-forutsattningar-for-vidareutvecklade-matchningstjanster\/","name":"V\u00e4lkommen analys-f\u00f6ruts\u00e4ttningar f\u00f6r vidareutvecklade matchningstj\u00e4nster","isPartOf":{"@id":"https:\/\/www.kompetensforetagen.se\/#website"},"primaryImageOfPage":{"@id":"https:\/\/www.kompetensforetagen.se\/2021\/10\/valkommen-analys-av-forutsattningar-for-vidareutvecklade-matchningstjanster\/#primaryimage"},"image":{"@id":"https:\/\/www.kompetensforetagen.se\/2021\/10\/valkommen-analys-av-forutsattningar-for-vidareutvecklade-matchningstjanster\/#primaryimage"},"thumbnailUrl":"https:\/\/www.kompetensforetagen.se\/app\/uploads\/sites\/5\/2021\/02\/business-962359_1920.jpg","datePublished":"2021-10-26T13:34:10+00:00","dateModified":"2025-10-16T10:33:18+00:00","description":"V\u00e4lkommet att regeringen ger Arbetsf\u00f6rmedlingen uppgiften att analysera f\u00f6ruts\u00e4ttningarna f\u00f6r vidareutvecklade matchningstj\u00e4nster.","breadcrumb":{"@id":"https:\/\/www.kompetensforetagen.se\/2021\/10\/valkommen-analys-av-forutsattningar-for-vidareutvecklade-matchningstjanster\/#breadcrumb"},"inLanguage":"sv-SE","potentialAction":[{"@type":"ReadAction","target":["https:\/\/www.kompetensforetagen.se\/2021\/10\/valkommen-analys-av-forutsattningar-for-vidareutvecklade-matchningstjanster\/"]}]},{"@type":"ImageObject","inLanguage":"sv-SE","@id":"https:\/\/www.kompetensforetagen.se\/2021\/10\/valkommen-analys-av-forutsattningar-for-vidareutvecklade-matchningstjanster\/#primaryimage","url":"https:\/\/www.kompetensforetagen.se\/app\/uploads\/sites\/5\/2021\/02\/business-962359_1920.jpg","contentUrl":"https:\/\/www.kompetensforetagen.se\/app\/uploads\/sites\/5\/2021\/02\/business-962359_1920.jpg","width":1920,"height":1440,"caption":"Strategisk r\u00e5dgivning och aff\u00e4rsutveckling inom rekryteringsbranschen."},{"@type":"BreadcrumbList","@id":"https:\/\/www.kompetensforetagen.se\/2021\/10\/valkommen-analys-av-forutsattningar-for-vidareutvecklade-matchningstjanster\/#breadcrumb","itemListElement":[{"@type":"ListItem","position":1,"name":"Home","item":"https:\/\/www.kompetensforetagen.se\/"},{"@type":"ListItem","position":2,"name":"V\u00e4lkommen analys av f\u00f6ruts\u00e4ttningar f\u00f6r vidareutvecklade matchningstj\u00e4nster"}]},{"@type":"WebSite","@id":"https:\/\/www.kompetensforetagen.se\/#website","url":"https:\/\/www.kompetensforetagen.se\/","name":"Kompetensf\u00f6retagen","description":"R\u00e4tt person p\u00e5 r\u00e4tt plats kan f\u00f6r\u00e4ndra v\u00e4rlden","publisher":{"@id":"https:\/\/www.kompetensforetagen.se\/#organization"},"potentialAction":[{"@type":"SearchAction","target":{"@type":"EntryPoint","urlTemplate":"https:\/\/www.kompetensforetagen.se\/?s={search_term_string}"},"query-input":{"@type":"PropertyValueSpecification","valueRequired":true,"valueName":"search_term_string"}}],"inLanguage":"sv-SE"},{"@type":"Organization","@id":"https:\/\/www.kompetensforetagen.se\/#organization","name":"Kompetensf\u00f6retagen","url":"https:\/\/www.kompetensforetagen.se\/","logo":{"@type":"ImageObject","inLanguage":"sv-SE","@id":"https:\/\/www.kompetensforetagen.se\/#\/schema\/logo\/image\/","url":"https:\/\/www.kompetensforetagen.se\/app\/uploads\/sites\/5\/2022\/10\/logga_svart.png","contentUrl":"https:\/\/www.kompetensforetagen.se\/app\/uploads\/sites\/5\/2022\/10\/logga_svart.png","width":752,"height":64,"caption":"Kompetensf\u00f6retagen"},"image":{"@id":"https:\/\/www.kompetensforetagen.se\/#\/schema\/logo\/image\/"},"sameAs":["https:\/\/www.linkedin.com\/company\/10540032\/"]},{"@type":"Person","@id":"","url":"https:\/\/www.kompetensforetagen.se\/person\/"}]}},"_links":{"self":[{"href":"https:\/\/www.kompetensforetagen.se\/api\/wp\/v2\/posts\/8232","targetHints":{"allow":["GET"]}}],"collection":[{"href":"https:\/\/www.kompetensforetagen.se\/api\/wp\/v2\/posts"}],"about":[{"href":"https:\/\/www.kompetensforetagen.se\/api\/wp\/v2\/types\/post"}],"author":[{"embeddable":true,"href":"https:\/\/www.kompetensforetagen.se\/api\/wp\/v2\/users\/6358"}],"replies":[{"embeddable":true,"href":"https:\/\/www.kompetensforetagen.se\/api\/wp\/v2\/comments?post=8232"}],"version-history":[{"count":2,"href":"https:\/\/www.kompetensforetagen.se\/api\/wp\/v2\/posts\/8232\/revisions"}],"predecessor-version":[{"id":21000,"href":"https:\/\/www.kompetensforetagen.se\/api\/wp\/v2\/posts\/8232\/revisions\/21000"}],"wp:featuredmedia":[{"embeddable":true,"href":"https:\/\/www.kompetensforetagen.se\/api\/wp\/v2\/media\/6427"}],"wp:attachment":[{"href":"https:\/\/www.kompetensforetagen.se\/api\/wp\/v2\/media?parent=8232"}],"wp:term":[{"taxonomy":"category","embeddable":true,"href":"https:\/\/www.kompetensforetagen.se\/api\/wp\/v2\/categories?post=8232"},{"taxonomy":"post_tag","embeddable":true,"href":"https:\/\/www.kompetensforetagen.se\/api\/wp\/v2\/tags?post=8232"},{"taxonomy":"type","embeddable":true,"href":"https:\/\/www.kompetensforetagen.se\/api\/wp\/v2\/article_type?post=8232"},{"taxonomy":"agreement","embeddable":true,"href":"https:\/\/www.kompetensforetagen.se\/api\/wp\/v2\/agreement?post=8232"},{"taxonomy":"for-members","embeddable":true,"href":"https:\/\/www.kompetensforetagen.se\/api\/wp\/v2\/for-members?post=8232"}],"curies":[{"name":"wp","href":"https:\/\/api.w.org\/{rel}","templated":true}]}}