{"id":8201,"date":"2021-10-22T13:03:57","date_gmt":"2021-10-22T11:03:57","guid":{"rendered":"https:\/\/www.kompetensforetagen.se\/?p=8201"},"modified":"2023-07-12T16:10:47","modified_gmt":"2023-07-12T14:10:47","slug":"intervju-med-arets-konsult-2021","status":"publish","type":"post","link":"https:\/\/www.kompetensforetagen.se\/2021\/10\/intervju-med-arets-konsult-2021\/","title":{"rendered":"Intervju med \u00c5rets konsult 2021"},"content":{"rendered":"\n<p><span data-contrast=\"auto\">Ig\u00e5r delades priset <a href=\"https:\/\/www.kompetensforetagen.se\/2021\/10\/arets-konsult-2021-sandra-gardberg-2\/\" target=\"_blank\" rel=\"noopener\">\u00c5rets konsult 2021<\/a> ut till Sandra Gardberg. Vi har intervjuat den \u00f6verv\u00e4ldigade vinnaren f\u00f6r att f\u00e5 veta lite mer om henne.&nbsp;<\/span><span data-ccp-props=\"{&quot;201341983&quot;:0,&quot;335559739&quot;:160,&quot;335559740&quot;:259}\">&nbsp;<\/span><\/p>\n\n\n\n<h3 class=\"wp-block-heading\">F\u00f6rst m\u00e5ste vi ta den klassiska sportfr\u00e5gan.&nbsp;Hur k\u00e4nns det?<\/h3>\n\n\n\n<p><span data-contrast=\"auto\">\u2014Jag kan fortfarande inte f\u00f6rst\u00e5 det. Jag finner verkligen inga ord. Helt obegripligt!<\/span><span data-ccp-props=\"{&quot;201341983&quot;:0,&quot;335559739&quot;:160,&quot;335559740&quot;:257}\">&nbsp;<\/span><\/p>\n\n\n\n<h3 class=\"wp-block-heading\">Vad g\u00f6r du&nbsp;p\u00e5 jobbet?<\/h3>\n\n\n\n<p><span data-contrast=\"auto\">\u2014Ordnar passerkort, betalar fakturor, tar hand om bes\u00f6kare, ordnar kaffe + frukost, skickar och svarar p\u00e5 mejl, bokar hyrbilar, ordnar med best\u00e4llningar, \u00e4r med p\u00e5 m\u00f6ten, har utbildningar, tar hand om felanm\u00e4lningar, hj\u00e4lper medarbetarna. Jag sk\u00f6ter det mesta p\u00e5 kontoret.&nbsp;<\/span><span data-contrast=\"auto\">&nbsp;<\/span><span data-ccp-props=\"{&quot;201341983&quot;:0,&quot;335559739&quot;:160,&quot;335559740&quot;:257}\">&nbsp;<\/span><\/p>\n\n\n\n<h3 class=\"wp-block-heading\">Hur l\u00e4nge har du jobbat som konsult?<\/h3>\n\n\n\n<p><span data-contrast=\"auto\">\u2014Jag har jobbat som konsult i lite mer \u00e4n 1,5 \u00e5r.<\/span><span data-ccp-props=\"{&quot;201341983&quot;:0,&quot;335559739&quot;:160,&quot;335559740&quot;:257}\">&nbsp;<\/span><span data-contrast=\"auto\">&nbsp;<\/span><span data-ccp-props=\"{&quot;201341983&quot;:0,&quot;335559739&quot;:160,&quot;335559740&quot;:257}\">&nbsp;<\/span><\/p>\n\n\n\n<h3 class=\"wp-block-heading\">Trivs du med ditt jobb?<\/h3>\n\n\n\n<p><span data-contrast=\"auto\">\u2014Ja det g\u00f6r jag verkligen. Jag gillar att varje dag ser annorlunda ut, att jag l\u00e4r mig nya saker hela tiden, och att hj\u00e4lpa till. Jag gillar att f\u00f6rs\u00f6ka f\u00f6rb\u00e4ttra arbetsplatsen f\u00f6r de andra medarbetarna.<\/span><span data-contrast=\"auto\">&nbsp;<\/span><span data-ccp-props=\"{&quot;201341983&quot;:0,&quot;335559739&quot;:160,&quot;335559740&quot;:257}\">&nbsp;<\/span><\/p>\n\n\n\n<h3 class=\"wp-block-heading\">Skulle du rekommendera andra att jobba som konsult?<\/h3>\n\n\n\n<p><span data-contrast=\"auto\">\u2014 Det skulle jag absolut g\u00f6ra!<\/span><span data-contrast=\"auto\">&nbsp;<\/span><span data-ccp-props=\"{&quot;201341983&quot;:0,&quot;335559739&quot;:160,&quot;335559740&quot;:257}\">&nbsp;<\/span><\/p>\n\n\n\n<h3 class=\"wp-block-heading\">Vad g\u00f6r du n\u00e4r du inte jobbar?<\/h3>\n\n\n\n<p><span data-contrast=\"auto\">\u2014Umg\u00e5s med min man och mina bonusbarn.<\/span><span data-ccp-props=\"{&quot;201341983&quot;:0,&quot;335559739&quot;:160,&quot;335559740&quot;:257}\">&nbsp;<\/span><span data-contrast=\"auto\">&nbsp;<\/span><span data-ccp-props=\"{&quot;201341983&quot;:0,&quot;335559739&quot;:160,&quot;335559740&quot;:257}\">&nbsp;<\/span><\/p>\n\n\n\n<h3 class=\"wp-block-heading\"><b><span data-contrast=\"auto\">Vilken organisation&nbsp;valde du&nbsp;att sk\u00e4nka pengar till och varf\u00f6r?<\/span><\/b><span data-ccp-props=\"{&quot;201341983&quot;:0,&quot;335559739&quot;:160,&quot;335559740&quot;:257}\">&nbsp;<\/span><\/h3>\n\n\n\n<p><span data-contrast=\"auto\">\u2014\u00c4ven om jag g\u00e4rna skulle vilja sk\u00e4nka det till alla s\u00e5 kan jag bara v\u00e4lja&nbsp;en&nbsp;och jag v\u00e4ljer <a href=\"https:\/\/www.cancerfonden.se\/\" target=\"_blank\" rel=\"noopener\">Cancerfonden<\/a>. F\u00f6r jag k\u00e4nner tyv\u00e4rr alldeles f\u00f6r m\u00e5nga som har eller haft cancer.&nbsp;<\/span><span data-ccp-props=\"{&quot;201341983&quot;:0,&quot;335559739&quot;:160,&quot;335559740&quot;:257}\">&nbsp;<\/span><\/p>\n\n\n\n<h3 class=\"wp-block-heading\"><span data-ccp-props=\"{&quot;201341983&quot;:0,&quot;335559739&quot;:160,&quot;335559740&quot;:257}\">Mer om \u00c5rets konsult 2021&nbsp;<\/span><\/h3>\n\n\n\n<p><span data-contrast=\"auto\">Namn: Sandra Gardberg<\/span><span data-ccp-props=\"{&quot;201341983&quot;:0,&quot;335559739&quot;:160,&quot;335559740&quot;:259}\">&nbsp;<\/span><\/p>\n\n\n\n<p><span data-contrast=\"auto\">\u00c5lder: 33&nbsp;<\/span><span data-ccp-props=\"{&quot;201341983&quot;:0,&quot;335559739&quot;:160,&quot;335559740&quot;:259}\">&nbsp;<\/span><\/p>\n\n\n\n<p><span data-contrast=\"auto\">Bor: I Karlstad<\/span><span data-ccp-props=\"{&quot;201341983&quot;:0,&quot;335559739&quot;:160,&quot;335559740&quot;:259}\">&nbsp;<\/span><\/p>\n\n\n\n<p><span data-contrast=\"auto\">Konsultf\u00f6retag : <a href=\"https:\/\/www.qtym.se\/\" target=\"_blank\" rel=\"noopener\">Qutym<\/a><\/span><span data-ccp-props=\"{&quot;201341983&quot;:0,&quot;335559739&quot;:160,&quot;335559740&quot;:259}\">&nbsp;<\/span><\/p>\n\n\n\n<p><span data-contrast=\"auto\">Kundf\u00f6retag: <a href=\"https:\/\/www.sweco.se\/\" target=\"_blank\" rel=\"noopener\">Sweco<\/a><\/span><\/p>\n\n\n\n<p><span data-ccp-props=\"{&quot;201341983&quot;:0,&quot;335559739&quot;:160,&quot;335559740&quot;:259}\">Priset delades ut 21 oktober under Kompetensf\u00f6retagens branschdag i Stockholm. F\u00f6rutom de pengar Sandra sk\u00e4nkte till Cancerfonden fick hon ocks\u00e5 ett diplom, plakett och blommor.&nbsp;<\/span><\/p>\n\n\n\n<h3 class=\"wp-block-heading\">Juryns motivering till \u00c5rets konsult 2021:<\/h3>\n\n\n\n<p><em>Nyfiken. Skicklig. Relationsskapare. \u00c5rets konsult 2021 har genom en unik personlighet och sin f\u00f6rm\u00e5ga att lyssna in kundf\u00f6retagets behov skapat en effektiv, modern och funktionell arbetsplats.&nbsp;&nbsp;&nbsp;<\/em><\/p>\n\n\n\n<p><em>Hen har snabbt och professionellt tagit sig an utmaningen att via ny och h\u00e5llbar struktur, bra rutiner, och \u00f6kad digitalisering f\u00f6rb\u00e4ttra och effektivisera arbetss\u00e4ttet hos kundf\u00f6retaget.&nbsp;&nbsp;<\/em><\/p>\n\n\n\n<p><em>Hen har \u00e4ven skapat en trygg och varm arbetsplats f\u00f6r kundf\u00f6retagets medarbetare genom sitt respektfulla och trevliga bem\u00f6tande av alla m\u00e4nniskor.&nbsp;&nbsp;&nbsp;<\/em><\/p>\n\n\n\n<p><em>Detta, i kombination med hens driv, kompetens och inlevelse i sin roll och i sitt uppdrag har gjort hen till en mycket uppskattad medarbetare hos s\u00e5v\u00e4l kundf\u00f6retag som bemanningsf\u00f6retag. Hen svarar upp mot alla Kompetensf\u00f6retagens kriterier f\u00f6r \u00c5rets konsult, och mer d\u00e4rtill.&nbsp;<\/em><\/p>\n","protected":false},"excerpt":{"rendered":"<p>Ig\u00e5r delades priset \u00c5rets konsult 2021 ut till Sandra Gardberg. Vi har intervjuat den \u00f6verv\u00e4ldigade vinnaren f\u00f6r att f\u00e5 veta lite mer om henne.&nbsp;&nbsp; F\u00f6rst m\u00e5ste vi ta den klassiska sportfr\u00e5gan.&nbsp;Hur k\u00e4nns det? \u2014Jag kan &hellip;<\/p>\n","protected":false},"author":6358,"featured_media":8218,"comment_status":"closed","ping_status":"closed","sticky":false,"template":"","format":"standard","meta":{"_acf_changed":false,"footnotes":""},"categories":[204],"tags":[],"article_type":[8],"agreement":[],"for-members":[],"class_list":["post-8201","post","type-post","status-publish","format-standard","has-post-thumbnail","hentry","category-konsult","type-aktuellt"],"acf":[],"yoast_head":"<!-- This site is optimized with the Yoast SEO Premium plugin v26.8 (Yoast SEO v26.8) - https:\/\/yoast.com\/product\/yoast-seo-premium-wordpress\/ -->\n<title>Intervju med \u00c5rets konsult 2021 - Sandra Gardberg<\/title>\n<meta name=\"description\" content=\"I v\u00e5r intervju med \u00c5rets konsult 2021 f\u00e5r vi veta att hon \u00e4r helt f\u00f6rstummad \u00f6ver vinsten - men det var inte sv\u00e5rt att se gl\u00e4djen.\" \/>\n<meta name=\"robots\" content=\"index, follow, max-snippet:-1, max-image-preview:large, max-video-preview:-1\" \/>\n<link rel=\"canonical\" href=\"https:\/\/www.kompetensforetagen.se\/2021\/10\/intervju-med-arets-konsult-2021\/\" \/>\n<meta property=\"og:locale\" content=\"sv_SE\" \/>\n<meta property=\"og:type\" content=\"article\" \/>\n<meta property=\"og:title\" content=\"Intervju med \u00c5rets konsult 2021\" \/>\n<meta property=\"og:description\" content=\"I v\u00e5r intervju med \u00c5rets konsult 2021 f\u00e5r vi veta att hon \u00e4r helt f\u00f6rstummad \u00f6ver vinsten - men det var inte sv\u00e5rt att se gl\u00e4djen.\" \/>\n<meta property=\"og:url\" content=\"https:\/\/www.kompetensforetagen.se\/2021\/10\/intervju-med-arets-konsult-2021\/\" \/>\n<meta property=\"og:site_name\" content=\"Kompetensf\u00f6retagen\" \/>\n<meta property=\"article:published_time\" content=\"2021-10-22T11:03:57+00:00\" \/>\n<meta property=\"article:modified_time\" content=\"2023-07-12T14:10:47+00:00\" \/>\n<meta property=\"og:image\" content=\"https:\/\/www.kompetensforetagen.se\/app\/uploads\/sites\/5\/2021\/10\/sandra-och-joanna-2-scaled-e1635418223828.jpg\" \/>\n\t<meta property=\"og:image:width\" content=\"776\" \/>\n\t<meta property=\"og:image:height\" content=\"630\" \/>\n\t<meta property=\"og:image:type\" content=\"image\/jpeg\" \/>\n<meta name=\"twitter:card\" content=\"summary_large_image\" \/>\n<meta name=\"twitter:label1\" content=\"Skriven av\" \/>\n\t<meta name=\"twitter:data1\" content=\"\" \/>\n\t<meta name=\"twitter:label2\" content=\"Ber\u00e4knad l\u00e4stid\" \/>\n\t<meta name=\"twitter:data2\" content=\"2 minuter\" \/>\n<!-- \/ Yoast SEO Premium plugin. -->","yoast_head_json":{"title":"Intervju med \u00c5rets konsult 2021 - Sandra Gardberg","description":"I v\u00e5r intervju med \u00c5rets konsult 2021 f\u00e5r vi veta att hon \u00e4r helt f\u00f6rstummad \u00f6ver vinsten - men det var inte sv\u00e5rt att se gl\u00e4djen.","robots":{"index":"index","follow":"follow","max-snippet":"max-snippet:-1","max-image-preview":"max-image-preview:large","max-video-preview":"max-video-preview:-1"},"canonical":"https:\/\/www.kompetensforetagen.se\/2021\/10\/intervju-med-arets-konsult-2021\/","og_locale":"sv_SE","og_type":"article","og_title":"Intervju med \u00c5rets konsult 2021","og_description":"I v\u00e5r intervju med \u00c5rets konsult 2021 f\u00e5r vi veta att hon \u00e4r helt f\u00f6rstummad \u00f6ver vinsten - men det var inte sv\u00e5rt att se gl\u00e4djen.","og_url":"https:\/\/www.kompetensforetagen.se\/2021\/10\/intervju-med-arets-konsult-2021\/","og_site_name":"Kompetensf\u00f6retagen","article_published_time":"2021-10-22T11:03:57+00:00","article_modified_time":"2023-07-12T14:10:47+00:00","og_image":[{"width":776,"height":630,"url":"https:\/\/www.kompetensforetagen.se\/app\/uploads\/sites\/5\/2021\/10\/sandra-och-joanna-2-scaled-e1635418223828.jpg","type":"image\/jpeg"}],"twitter_card":"summary_large_image","twitter_misc":{"Skriven av":"","Ber\u00e4knad l\u00e4stid":"2 minuter"},"schema":{"@context":"https:\/\/schema.org","@graph":[{"@type":"Article","@id":"https:\/\/www.kompetensforetagen.se\/2021\/10\/intervju-med-arets-konsult-2021\/#article","isPartOf":{"@id":"https:\/\/www.kompetensforetagen.se\/2021\/10\/intervju-med-arets-konsult-2021\/"},"author":{"name":"","@id":""},"headline":"Intervju med \u00c5rets konsult 2021","datePublished":"2021-10-22T11:03:57+00:00","dateModified":"2023-07-12T14:10:47+00:00","mainEntityOfPage":{"@id":"https:\/\/www.kompetensforetagen.se\/2021\/10\/intervju-med-arets-konsult-2021\/"},"wordCount":482,"publisher":{"@id":"https:\/\/www.kompetensforetagen.se\/#organization"},"image":{"@id":"https:\/\/www.kompetensforetagen.se\/2021\/10\/intervju-med-arets-konsult-2021\/#primaryimage"},"thumbnailUrl":"https:\/\/www.kompetensforetagen.se\/app\/uploads\/sites\/5\/2021\/10\/sandra-och-joanna-2-scaled-e1635418223828.jpg","articleSection":["Konsult"],"inLanguage":"sv-SE"},{"@type":"WebPage","@id":"https:\/\/www.kompetensforetagen.se\/2021\/10\/intervju-med-arets-konsult-2021\/","url":"https:\/\/www.kompetensforetagen.se\/2021\/10\/intervju-med-arets-konsult-2021\/","name":"Intervju med \u00c5rets konsult 2021 - Sandra Gardberg","isPartOf":{"@id":"https:\/\/www.kompetensforetagen.se\/#website"},"primaryImageOfPage":{"@id":"https:\/\/www.kompetensforetagen.se\/2021\/10\/intervju-med-arets-konsult-2021\/#primaryimage"},"image":{"@id":"https:\/\/www.kompetensforetagen.se\/2021\/10\/intervju-med-arets-konsult-2021\/#primaryimage"},"thumbnailUrl":"https:\/\/www.kompetensforetagen.se\/app\/uploads\/sites\/5\/2021\/10\/sandra-och-joanna-2-scaled-e1635418223828.jpg","datePublished":"2021-10-22T11:03:57+00:00","dateModified":"2023-07-12T14:10:47+00:00","description":"I v\u00e5r intervju med \u00c5rets konsult 2021 f\u00e5r vi veta att hon \u00e4r helt f\u00f6rstummad \u00f6ver vinsten - men det var inte sv\u00e5rt att se gl\u00e4djen.","breadcrumb":{"@id":"https:\/\/www.kompetensforetagen.se\/2021\/10\/intervju-med-arets-konsult-2021\/#breadcrumb"},"inLanguage":"sv-SE","potentialAction":[{"@type":"ReadAction","target":["https:\/\/www.kompetensforetagen.se\/2021\/10\/intervju-med-arets-konsult-2021\/"]}]},{"@type":"ImageObject","inLanguage":"sv-SE","@id":"https:\/\/www.kompetensforetagen.se\/2021\/10\/intervju-med-arets-konsult-2021\/#primaryimage","url":"https:\/\/www.kompetensforetagen.se\/app\/uploads\/sites\/5\/2021\/10\/sandra-och-joanna-2-scaled-e1635418223828.jpg","contentUrl":"https:\/\/www.kompetensforetagen.se\/app\/uploads\/sites\/5\/2021\/10\/sandra-och-joanna-2-scaled-e1635418223828.jpg","width":776,"height":630,"caption":"\u00c5rets konsult 2021, Sandra Gardberg, tillsammans med konsultchef Joanna Andersson"},{"@type":"BreadcrumbList","@id":"https:\/\/www.kompetensforetagen.se\/2021\/10\/intervju-med-arets-konsult-2021\/#breadcrumb","itemListElement":[{"@type":"ListItem","position":1,"name":"Home","item":"https:\/\/www.kompetensforetagen.se\/"},{"@type":"ListItem","position":2,"name":"Intervju med \u00c5rets konsult 2021"}]},{"@type":"WebSite","@id":"https:\/\/www.kompetensforetagen.se\/#website","url":"https:\/\/www.kompetensforetagen.se\/","name":"Kompetensf\u00f6retagen","description":"R\u00e4tt person p\u00e5 r\u00e4tt plats kan f\u00f6r\u00e4ndra v\u00e4rlden","publisher":{"@id":"https:\/\/www.kompetensforetagen.se\/#organization"},"potentialAction":[{"@type":"SearchAction","target":{"@type":"EntryPoint","urlTemplate":"https:\/\/www.kompetensforetagen.se\/?s={search_term_string}"},"query-input":{"@type":"PropertyValueSpecification","valueRequired":true,"valueName":"search_term_string"}}],"inLanguage":"sv-SE"},{"@type":"Organization","@id":"https:\/\/www.kompetensforetagen.se\/#organization","name":"Kompetensf\u00f6retagen","url":"https:\/\/www.kompetensforetagen.se\/","logo":{"@type":"ImageObject","inLanguage":"sv-SE","@id":"https:\/\/www.kompetensforetagen.se\/#\/schema\/logo\/image\/","url":"https:\/\/www.kompetensforetagen.se\/app\/uploads\/sites\/5\/2022\/10\/logga_svart.png","contentUrl":"https:\/\/www.kompetensforetagen.se\/app\/uploads\/sites\/5\/2022\/10\/logga_svart.png","width":752,"height":64,"caption":"Kompetensf\u00f6retagen"},"image":{"@id":"https:\/\/www.kompetensforetagen.se\/#\/schema\/logo\/image\/"},"sameAs":["https:\/\/www.linkedin.com\/company\/10540032\/"]},{"@type":"Person","@id":"","url":"https:\/\/www.kompetensforetagen.se\/person\/"}]}},"_links":{"self":[{"href":"https:\/\/www.kompetensforetagen.se\/api\/wp\/v2\/posts\/8201","targetHints":{"allow":["GET"]}}],"collection":[{"href":"https:\/\/www.kompetensforetagen.se\/api\/wp\/v2\/posts"}],"about":[{"href":"https:\/\/www.kompetensforetagen.se\/api\/wp\/v2\/types\/post"}],"author":[{"embeddable":true,"href":"https:\/\/www.kompetensforetagen.se\/api\/wp\/v2\/users\/6358"}],"replies":[{"embeddable":true,"href":"https:\/\/www.kompetensforetagen.se\/api\/wp\/v2\/comments?post=8201"}],"version-history":[{"count":1,"href":"https:\/\/www.kompetensforetagen.se\/api\/wp\/v2\/posts\/8201\/revisions"}],"predecessor-version":[{"id":14548,"href":"https:\/\/www.kompetensforetagen.se\/api\/wp\/v2\/posts\/8201\/revisions\/14548"}],"wp:featuredmedia":[{"embeddable":true,"href":"https:\/\/www.kompetensforetagen.se\/api\/wp\/v2\/media\/8218"}],"wp:attachment":[{"href":"https:\/\/www.kompetensforetagen.se\/api\/wp\/v2\/media?parent=8201"}],"wp:term":[{"taxonomy":"category","embeddable":true,"href":"https:\/\/www.kompetensforetagen.se\/api\/wp\/v2\/categories?post=8201"},{"taxonomy":"post_tag","embeddable":true,"href":"https:\/\/www.kompetensforetagen.se\/api\/wp\/v2\/tags?post=8201"},{"taxonomy":"type","embeddable":true,"href":"https:\/\/www.kompetensforetagen.se\/api\/wp\/v2\/article_type?post=8201"},{"taxonomy":"agreement","embeddable":true,"href":"https:\/\/www.kompetensforetagen.se\/api\/wp\/v2\/agreement?post=8201"},{"taxonomy":"for-members","embeddable":true,"href":"https:\/\/www.kompetensforetagen.se\/api\/wp\/v2\/for-members?post=8201"}],"curies":[{"name":"wp","href":"https:\/\/api.w.org\/{rel}","templated":true}]}}