{"id":8074,"date":"2021-10-01T11:47:58","date_gmt":"2021-10-01T09:47:58","guid":{"rendered":"https:\/\/www.kompetensforetagen.se\/?p=8074"},"modified":"2023-07-12T15:33:25","modified_gmt":"2023-07-12T13:33:25","slug":"kollektivavtal-facklig-anslutning-och-a-kassa","status":"publish","type":"post","link":"https:\/\/www.kompetensforetagen.se\/2021\/10\/kollektivavtal-facklig-anslutning-och-a-kassa\/","title":{"rendered":"Kollektivavtal, facklig anslutning och a-kassa"},"content":{"rendered":"\n<p><span data-contrast=\"auto\">Hur \u00e4r det med kollektivavtal f\u00f6r konsulter? Med hj\u00e4lp av goda kollektivavtal skapas de b\u00e4sta f\u00f6ruts\u00e4ttningarna f\u00f6r b\u00e5de f\u00f6retagare och medarbetare. Kollektivavtal tecknas mellan en arbetstagarorganisation och en arbetsgivarorganisation eller enskild arbetsgivare. Kollektivavtalen reglerar l\u00f6nen och andra anst\u00e4llningsvillkor. Andra delar, som till exempel semester och f\u00f6r\u00e4ldraledighet \u00e4r best\u00e4mda i lag.&nbsp; <\/span><span data-ccp-props=\"{&quot;201341983&quot;:0,&quot;335559739&quot;:160,&quot;335559740&quot;:259}\">&nbsp;<\/span><\/p>\n\n\n\n<h3 class=\"wp-block-heading\">Kollektivavtal f\u00f6r konsulter<\/h3>\n\n\n\n<p><span data-contrast=\"auto\"><a href=\"https:\/\/www.kompetensforetagen.se\/medlemskap\/kollektivavtal\/\" target=\"_blank\" rel=\"noopener\">Kompetensf\u00f6retagen tecknar kollektivavtal<\/a> med tj\u00e4nstemannaf\u00f6rbunden Akademikerf\u00f6rbunden, Unionen, L\u00e4rarf\u00f6rbundet, och L\u00e4rarnas Riksf\u00f6rbund. Med Sveriges L\u00e4karf\u00f6rbund och V\u00e5rdf\u00f6rbundet tecknar vi v\u00e5rdbemanningsavtal, och med alla f\u00f6rbund inom LO tecknas ett brett kollektivavtal f\u00f6r bemanningskonsulter. Vill du l\u00e4ra dig mer om hur avtalsr\u00f6relsen fungerar, kan du l\u00e4sa p\u00e5 <a href=\"https:\/\/www.avtalsrorelsen.nu\/\" target=\"_blank\" rel=\"noopener\">Almegas webbplats Avtalsr\u00f6relsen.nu<\/a>. D\u00e4r finns ocks\u00e5 en <a href=\"https:\/\/www.avtalsrorelsen.nu\/ordbok\/\" target=\"_blank\" rel=\"noopener\">ordbok som f\u00f6rklarar de ibland kr\u00e5ngliga orden och begreppen.<\/a>&nbsp;<\/span><\/p>\n\n\n\n<blockquote class=\"wp-block-quote is-layout-flow wp-block-quote-is-layout-flow\">\n<p><span data-contrast=\"auto\">Vi ser positivt p\u00e5 fackanslutning!<\/span><\/p>\n<\/blockquote>\n\n\n\n<h3 class=\"wp-block-heading\">Auktoriserade f\u00f6retag har alltid kollektivavtal<\/h3>\n\n\n\n<p><span data-contrast=\"auto\">Om du vill veta om att det f\u00f6retag du s\u00f6ker jobb hos har kollektivavtal kan du <a href=\"https:\/\/www.kompetensforetagen.se\/tryggakompetensen\/\" target=\"_blank\" rel=\"noopener\">kolla om det \u00e4r auktoriserat<\/a>. D\u00e5 har de garanterat kollektivavtal. Om de inte \u00e4r auktoriserade kan du fr\u00e5ga, f\u00f6r \u00e4ven icke auktoriserade f\u00f6retag kan ha kollektivavtal.&nbsp;<\/span><\/p>\n\n\n\n<h3 class=\"wp-block-heading\">Att vara med i facket<\/h3>\n\n\n\n<p><span data-contrast=\"auto\">Vi ser positivt p\u00e5 fackanslutning! Bland de konsulter som jobbar f\u00f6r Kompetensf\u00f6retagens medlemsf\u00f6retag \u00e4r det cirka 60 procent som \u00e4r medlemmar i ett fackf\u00f6rbund, vilket \u00e4r j\u00e4mf\u00f6rbart med den \u00f6vriga arbetsmarknaden.&nbsp; <a href=\"https:\/\/www.kompetensforetagen.se\/medlemskap\/kollektivavtal\/\">L\u00e4s h\u00e4r f\u00f6r att ta reda p\u00e5 vilket fack du kan tillh\u00f6ra.&nbsp;<\/a><\/span><span data-ccp-props=\"{&quot;201341983&quot;:0,&quot;335559739&quot;:160,&quot;335559740&quot;:259}\">&nbsp;<\/span><\/p>\n\n\n\n<h3 class=\"wp-block-heading\">A-kassa<\/h3>\n\n\n\n<p><span data-contrast=\"auto\">Du som jobbar som konsult har givetvis r\u00e4tt till a-kassa.&nbsp;F\u00f6rst m\u00e5ste&nbsp;du&nbsp;<a href=\"https:\/\/www.a-kassa.se\/vanliga-fragor\/krav-ersattning-a-kassa\" target=\"_blank\" rel=\"noopener\">uppfylla de krav som st\u00e4lls <\/a><\/span><span data-contrast=\"auto\">och f\u00f6lja de regler som finns f\u00f6r att f\u00e5 ut din a-kassa.&nbsp;Det finns&nbsp;en bra<a href=\"https:\/\/www.sverigesakassor.se\/for-arbetssokande\/fragor-och-svar\/\" target=\"_blank\" rel=\"noopener\"> fr\u00e5gor och svar- sida p\u00e5 Sveriges a-kassor<\/a>.<\/span><span data-ccp-props=\"{&quot;201341983&quot;:0,&quot;335559739&quot;:160,&quot;335559740&quot;:259}\">&nbsp;<\/span><\/p>\n","protected":false},"excerpt":{"rendered":"<p>Hur \u00e4r det med kollektivavtal f\u00f6r konsulter? Med hj\u00e4lp av goda kollektivavtal skapas de b\u00e4sta f\u00f6ruts\u00e4ttningarna f\u00f6r b\u00e5de f\u00f6retagare och medarbetare. Kollektivavtal tecknas mellan en arbetstagarorganisation och en arbetsgivarorganisation eller enskild arbetsgivare. Kollektivavtalen reglerar l\u00f6nen &hellip;<\/p>\n","protected":false},"author":6058,"featured_media":6406,"comment_status":"closed","ping_status":"closed","sticky":false,"template":"","format":"standard","meta":{"_acf_changed":false,"footnotes":""},"categories":[7,204],"tags":[],"article_type":[210],"agreement":[],"for-members":[],"class_list":["post-8074","post","type-post","status-publish","format-standard","has-post-thumbnail","hentry","category-inhyrning","category-konsult","type-fakta"],"acf":[],"yoast_head":"<!-- This site is optimized with the Yoast SEO Premium plugin v26.8 (Yoast SEO v26.8) - https:\/\/yoast.com\/product\/yoast-seo-premium-wordpress\/ -->\n<title>Kollektivavtal f\u00f6r konsulter<\/title>\n<meta name=\"description\" content=\"Hur \u00e4r det med kollektivavtal f\u00f6r konsulter? Auktoriserade bemanningsf\u00f6retag inom Kompetensf\u00f6retagen har alltid kollektivavtal.\" \/>\n<meta name=\"robots\" content=\"index, follow, max-snippet:-1, max-image-preview:large, max-video-preview:-1\" \/>\n<link rel=\"canonical\" href=\"https:\/\/www.kompetensforetagen.se\/2021\/10\/kollektivavtal-facklig-anslutning-och-a-kassa\/\" \/>\n<meta property=\"og:locale\" content=\"sv_SE\" \/>\n<meta property=\"og:type\" content=\"article\" \/>\n<meta property=\"og:title\" content=\"Kollektivavtal, facklig anslutning och a-kassa\" \/>\n<meta property=\"og:description\" content=\"Hur \u00e4r det med kollektivavtal f\u00f6r konsulter? Auktoriserade bemanningsf\u00f6retag inom Kompetensf\u00f6retagen har alltid kollektivavtal.\" \/>\n<meta property=\"og:url\" content=\"https:\/\/www.kompetensforetagen.se\/2021\/10\/kollektivavtal-facklig-anslutning-och-a-kassa\/\" \/>\n<meta property=\"og:site_name\" content=\"Kompetensf\u00f6retagen\" \/>\n<meta property=\"article:published_time\" content=\"2021-10-01T09:47:58+00:00\" \/>\n<meta property=\"article:modified_time\" content=\"2023-07-12T13:33:25+00:00\" \/>\n<meta property=\"og:image\" content=\"https:\/\/www.kompetensforetagen.se\/app\/uploads\/sites\/5\/2021\/02\/gettyimages-543199557-scaled.jpg\" \/>\n\t<meta property=\"og:image:width\" content=\"2560\" \/>\n\t<meta property=\"og:image:height\" content=\"1707\" \/>\n\t<meta property=\"og:image:type\" content=\"image\/jpeg\" \/>\n<meta name=\"author\" content=\"Shashika Sellgren\" \/>\n<meta name=\"twitter:card\" content=\"summary_large_image\" \/>\n<meta name=\"twitter:label1\" content=\"Skriven av\" \/>\n\t<meta name=\"twitter:data1\" content=\"Shashika Sellgren\" \/>\n\t<meta name=\"twitter:label2\" content=\"Ber\u00e4knad l\u00e4stid\" \/>\n\t<meta name=\"twitter:data2\" content=\"2 minuter\" \/>\n<!-- \/ Yoast SEO Premium plugin. -->","yoast_head_json":{"title":"Kollektivavtal f\u00f6r konsulter","description":"Hur \u00e4r det med kollektivavtal f\u00f6r konsulter? Auktoriserade bemanningsf\u00f6retag inom Kompetensf\u00f6retagen har alltid kollektivavtal.","robots":{"index":"index","follow":"follow","max-snippet":"max-snippet:-1","max-image-preview":"max-image-preview:large","max-video-preview":"max-video-preview:-1"},"canonical":"https:\/\/www.kompetensforetagen.se\/2021\/10\/kollektivavtal-facklig-anslutning-och-a-kassa\/","og_locale":"sv_SE","og_type":"article","og_title":"Kollektivavtal, facklig anslutning och a-kassa","og_description":"Hur \u00e4r det med kollektivavtal f\u00f6r konsulter? Auktoriserade bemanningsf\u00f6retag inom Kompetensf\u00f6retagen har alltid kollektivavtal.","og_url":"https:\/\/www.kompetensforetagen.se\/2021\/10\/kollektivavtal-facklig-anslutning-och-a-kassa\/","og_site_name":"Kompetensf\u00f6retagen","article_published_time":"2021-10-01T09:47:58+00:00","article_modified_time":"2023-07-12T13:33:25+00:00","og_image":[{"width":2560,"height":1707,"url":"https:\/\/www.kompetensforetagen.se\/app\/uploads\/sites\/5\/2021\/02\/gettyimages-543199557-scaled.jpg","type":"image\/jpeg"}],"author":"Shashika Sellgren","twitter_card":"summary_large_image","twitter_misc":{"Skriven av":"Shashika Sellgren","Ber\u00e4knad l\u00e4stid":"2 minuter"},"schema":{"@context":"https:\/\/schema.org","@graph":[{"@type":"Article","@id":"https:\/\/www.kompetensforetagen.se\/2021\/10\/kollektivavtal-facklig-anslutning-och-a-kassa\/#article","isPartOf":{"@id":"https:\/\/www.kompetensforetagen.se\/2021\/10\/kollektivavtal-facklig-anslutning-och-a-kassa\/"},"author":{"name":"Shashika Sellgren","@id":"https:\/\/www.kompetensforetagen.se\/#\/schema\/person\/38c6b37b81c530c93246c3d1993d5662"},"headline":"Kollektivavtal, facklig anslutning och a-kassa","datePublished":"2021-10-01T09:47:58+00:00","dateModified":"2023-07-12T13:33:25+00:00","mainEntityOfPage":{"@id":"https:\/\/www.kompetensforetagen.se\/2021\/10\/kollektivavtal-facklig-anslutning-och-a-kassa\/"},"wordCount":332,"publisher":{"@id":"https:\/\/www.kompetensforetagen.se\/#organization"},"image":{"@id":"https:\/\/www.kompetensforetagen.se\/2021\/10\/kollektivavtal-facklig-anslutning-och-a-kassa\/#primaryimage"},"thumbnailUrl":"https:\/\/www.kompetensforetagen.se\/app\/uploads\/sites\/5\/2021\/02\/gettyimages-543199557-scaled.jpg","articleSection":["Inhyrning","Konsult"],"inLanguage":"sv-SE"},{"@type":"WebPage","@id":"https:\/\/www.kompetensforetagen.se\/2021\/10\/kollektivavtal-facklig-anslutning-och-a-kassa\/","url":"https:\/\/www.kompetensforetagen.se\/2021\/10\/kollektivavtal-facklig-anslutning-och-a-kassa\/","name":"Kollektivavtal f\u00f6r konsulter","isPartOf":{"@id":"https:\/\/www.kompetensforetagen.se\/#website"},"primaryImageOfPage":{"@id":"https:\/\/www.kompetensforetagen.se\/2021\/10\/kollektivavtal-facklig-anslutning-och-a-kassa\/#primaryimage"},"image":{"@id":"https:\/\/www.kompetensforetagen.se\/2021\/10\/kollektivavtal-facklig-anslutning-och-a-kassa\/#primaryimage"},"thumbnailUrl":"https:\/\/www.kompetensforetagen.se\/app\/uploads\/sites\/5\/2021\/02\/gettyimages-543199557-scaled.jpg","datePublished":"2021-10-01T09:47:58+00:00","dateModified":"2023-07-12T13:33:25+00:00","description":"Hur \u00e4r det med kollektivavtal f\u00f6r konsulter? Auktoriserade bemanningsf\u00f6retag inom Kompetensf\u00f6retagen har alltid kollektivavtal.","breadcrumb":{"@id":"https:\/\/www.kompetensforetagen.se\/2021\/10\/kollektivavtal-facklig-anslutning-och-a-kassa\/#breadcrumb"},"inLanguage":"sv-SE","potentialAction":[{"@type":"ReadAction","target":["https:\/\/www.kompetensforetagen.se\/2021\/10\/kollektivavtal-facklig-anslutning-och-a-kassa\/"]}]},{"@type":"ImageObject","inLanguage":"sv-SE","@id":"https:\/\/www.kompetensforetagen.se\/2021\/10\/kollektivavtal-facklig-anslutning-och-a-kassa\/#primaryimage","url":"https:\/\/www.kompetensforetagen.se\/app\/uploads\/sites\/5\/2021\/02\/gettyimages-543199557-scaled.jpg","contentUrl":"https:\/\/www.kompetensforetagen.se\/app\/uploads\/sites\/5\/2021\/02\/gettyimages-543199557-scaled.jpg","width":2560,"height":1707,"caption":"Close up of multicolor pencils organized in jars"},{"@type":"BreadcrumbList","@id":"https:\/\/www.kompetensforetagen.se\/2021\/10\/kollektivavtal-facklig-anslutning-och-a-kassa\/#breadcrumb","itemListElement":[{"@type":"ListItem","position":1,"name":"Home","item":"https:\/\/www.kompetensforetagen.se\/"},{"@type":"ListItem","position":2,"name":"Kollektivavtal, facklig anslutning och a-kassa"}]},{"@type":"WebSite","@id":"https:\/\/www.kompetensforetagen.se\/#website","url":"https:\/\/www.kompetensforetagen.se\/","name":"Kompetensf\u00f6retagen","description":"R\u00e4tt person p\u00e5 r\u00e4tt plats kan f\u00f6r\u00e4ndra v\u00e4rlden","publisher":{"@id":"https:\/\/www.kompetensforetagen.se\/#organization"},"potentialAction":[{"@type":"SearchAction","target":{"@type":"EntryPoint","urlTemplate":"https:\/\/www.kompetensforetagen.se\/?s={search_term_string}"},"query-input":{"@type":"PropertyValueSpecification","valueRequired":true,"valueName":"search_term_string"}}],"inLanguage":"sv-SE"},{"@type":"Organization","@id":"https:\/\/www.kompetensforetagen.se\/#organization","name":"Kompetensf\u00f6retagen","url":"https:\/\/www.kompetensforetagen.se\/","logo":{"@type":"ImageObject","inLanguage":"sv-SE","@id":"https:\/\/www.kompetensforetagen.se\/#\/schema\/logo\/image\/","url":"https:\/\/www.kompetensforetagen.se\/app\/uploads\/sites\/5\/2022\/10\/logga_svart.png","contentUrl":"https:\/\/www.kompetensforetagen.se\/app\/uploads\/sites\/5\/2022\/10\/logga_svart.png","width":752,"height":64,"caption":"Kompetensf\u00f6retagen"},"image":{"@id":"https:\/\/www.kompetensforetagen.se\/#\/schema\/logo\/image\/"},"sameAs":["https:\/\/www.linkedin.com\/company\/10540032\/"]},{"@type":"Person","@id":"https:\/\/www.kompetensforetagen.se\/#\/schema\/person\/38c6b37b81c530c93246c3d1993d5662","name":"Shashika Sellgren","image":{"@type":"ImageObject","inLanguage":"sv-SE","@id":"https:\/\/www.kompetensforetagen.se\/#\/schema\/person\/image\/","url":"https:\/\/secure.gravatar.com\/avatar\/b225c479880df9eb82d1501dd105dd8040f27c8563f3d4bf5dd62ce0a1630abd?s=96&d=mm&r=g","contentUrl":"https:\/\/secure.gravatar.com\/avatar\/b225c479880df9eb82d1501dd105dd8040f27c8563f3d4bf5dd62ce0a1630abd?s=96&d=mm&r=g","caption":"Shashika Sellgren"},"url":"https:\/\/www.kompetensforetagen.se\/person\/shashikasellgren\/"}]}},"_links":{"self":[{"href":"https:\/\/www.kompetensforetagen.se\/api\/wp\/v2\/posts\/8074","targetHints":{"allow":["GET"]}}],"collection":[{"href":"https:\/\/www.kompetensforetagen.se\/api\/wp\/v2\/posts"}],"about":[{"href":"https:\/\/www.kompetensforetagen.se\/api\/wp\/v2\/types\/post"}],"author":[{"embeddable":true,"href":"https:\/\/www.kompetensforetagen.se\/api\/wp\/v2\/users\/6058"}],"replies":[{"embeddable":true,"href":"https:\/\/www.kompetensforetagen.se\/api\/wp\/v2\/comments?post=8074"}],"version-history":[{"count":2,"href":"https:\/\/www.kompetensforetagen.se\/api\/wp\/v2\/posts\/8074\/revisions"}],"predecessor-version":[{"id":14538,"href":"https:\/\/www.kompetensforetagen.se\/api\/wp\/v2\/posts\/8074\/revisions\/14538"}],"wp:featuredmedia":[{"embeddable":true,"href":"https:\/\/www.kompetensforetagen.se\/api\/wp\/v2\/media\/6406"}],"wp:attachment":[{"href":"https:\/\/www.kompetensforetagen.se\/api\/wp\/v2\/media?parent=8074"}],"wp:term":[{"taxonomy":"category","embeddable":true,"href":"https:\/\/www.kompetensforetagen.se\/api\/wp\/v2\/categories?post=8074"},{"taxonomy":"post_tag","embeddable":true,"href":"https:\/\/www.kompetensforetagen.se\/api\/wp\/v2\/tags?post=8074"},{"taxonomy":"type","embeddable":true,"href":"https:\/\/www.kompetensforetagen.se\/api\/wp\/v2\/article_type?post=8074"},{"taxonomy":"agreement","embeddable":true,"href":"https:\/\/www.kompetensforetagen.se\/api\/wp\/v2\/agreement?post=8074"},{"taxonomy":"for-members","embeddable":true,"href":"https:\/\/www.kompetensforetagen.se\/api\/wp\/v2\/for-members?post=8074"}],"curies":[{"name":"wp","href":"https:\/\/api.w.org\/{rel}","templated":true}]}}