{"id":8044,"date":"2021-09-28T15:02:22","date_gmt":"2021-09-28T13:02:22","guid":{"rendered":"https:\/\/www.kompetensforetagen.se\/?p=8044"},"modified":"2023-07-12T15:32:48","modified_gmt":"2023-07-12T13:32:48","slug":"tre-av-fyra-konsulter-ar-positiva-till-jobbet","status":"publish","type":"post","link":"https:\/\/www.kompetensforetagen.se\/2021\/09\/tre-av-fyra-konsulter-ar-positiva-till-jobbet\/","title":{"rendered":"Tre av fyra konsulter \u00e4r positiva till jobbet"},"content":{"rendered":"\n<p><span data-contrast=\"auto\">Tre av fyra konsulter \u00e4r positiva till jobbet. Det framkommer i <a href=\"https:\/\/www.kompetensforetagen.se\/2021\/09\/konsultundersokningen-2021-bemanningsbranschen-skapar-insteg-och-framsteg-pa-arbetsmarknaden\/\" target=\"_blank\" rel=\"noopener\">Kompetensf\u00f6retagens senaste konsultunders\u00f6kning<\/a><\/span><span data-contrast=\"auto\">. \u00c4r det m\u00e5nga, undrar du kanske. Det ville vi ocks\u00e5 veta, s\u00e5 vi tog reda p\u00e5 att det \u00e4r likv\u00e4rdigt med den \u00f6vriga arbetsmarknaden. Det visade en unders\u00f6kning som Kompetensf\u00f6retagen l\u00e4t g\u00f6ra samtidigt med konsultunders\u00f6kningen. Av konsulterna svarade 77 procent att de hade en positiv upplevelse av jobbet, bland \u00f6vriga svarande var det 84 procent. <\/span><span data-ccp-props=\"{&quot;201341983&quot;:0,&quot;335559739&quot;:160,&quot;335559740&quot;:257}\">&nbsp;<\/span><\/p>\n\n\n\n<h3 class=\"wp-block-heading\">Positiv upplevelse ger arbetsengagemang&nbsp;<span data-ccp-props=\"{&quot;201341983&quot;:0,&quot;335559739&quot;:160,&quot;335559740&quot;:257}\">&nbsp;<\/span><\/h3>\n\n\n\n<p><span data-contrast=\"auto\">Att k\u00e4nna sig positiv till jobbet \u00e4r en av de saker som utg\u00f6r s\u00e5 kallat arbetsengagemang.&nbsp;Bland de saker som <a href=\"https:\/\/www.ttl.fi\/sv\">Arbetsh\u00e4lsoinstitutet<\/a> r\u00e4knar upp som bidrar till detta finns:&nbsp;<\/span><\/p>\n\n\n\n<ul class=\"wp-block-list\">\n<li><span data-contrast=\"auto\">M\u00e5ngsidiga arbetsuppgifter<\/span><span data-ccp-props=\"{&quot;134233279&quot;:true,&quot;201341983&quot;:0,&quot;335559739&quot;:160,&quot;335559740&quot;:257}\">&nbsp;<\/span><\/li>\n\n\n\n<li><span data-contrast=\"auto\">M\u00f6jligheterna att p\u00e5verka arbetet<\/span><span data-ccp-props=\"{&quot;134233279&quot;:true,&quot;201341983&quot;:0,&quot;335559739&quot;:160,&quot;335559740&quot;:257}\">&nbsp;<\/span><\/li>\n\n\n\n<li><span data-contrast=\"auto\">Uppskattning och st\u00f6d man f\u00e5r p\u00e5 arbetsplatsen<\/span><span data-ccp-props=\"{&quot;134233279&quot;:true,&quot;201341983&quot;:0,&quot;335559739&quot;:160,&quot;335559740&quot;:257}\">&nbsp;<\/span><\/li>\n\n\n\n<li><span data-contrast=\"auto\">Uppmuntrande ledarskap<\/span><span data-ccp-props=\"{&quot;134233279&quot;:true,&quot;201341983&quot;:0,&quot;335559739&quot;:160,&quot;335559740&quot;:257}\">&nbsp;<\/span><\/li>\n\n\n\n<li><span data-contrast=\"auto\"><span data-contrast=\"auto\"><span data-contrast=\"auto\">M\u00f6jlighet att l\u00e4ra sig och utveckla sin arbetsf\u00f6rm\u00e5ga<\/span><\/span><\/span> <p>En finsk <a href=\"https:\/\/www.ttl.fi\/sv\/aktuellt\/pressmeddelande\/att-utvecklas-i-arbetet-ar-viktigare-arbetsengagemanget-sjalvstandigt-arbete\">studie<\/a> fr\u00e5n 2021 kommer till slutsatsen att till exempel arbetets utvecklingsm\u00f6jligheter \u00e4r en viktig resurs, som inte \u00e4r beroende av yrket. Ett arbete som \u00e4r lagom utmanande och intressant, d\u00e4r man kan l\u00e4ra sig och utvecklas, g\u00f6r arbetet meningsfullt ocks\u00e5 p\u00e5 l\u00e5ng sikt. <span data-ccp-props=\"{&quot;201341983&quot;:0,&quot;335559739&quot;:160,&quot;335559740&quot;:257}\" style=\"background-color: transparent; font-size: 1rem;\">&nbsp;<\/span><\/p> <\/li>\n<\/ul>\n\n\n\n<h3 class=\"wp-block-heading\">Inbyggt i konsultrollen<\/h3>\n\n\n\n<p><span data-contrast=\"auto\">M\u00e5nga av de delar som&nbsp;Arbetsh\u00e4lsoinstitutet n\u00e4mner \u00e4r antingen inbyggda i konsultrollen, eller \u00e4r orsaker till att m\u00e4nniskor s\u00f6ker sig dit.&nbsp;I konsultunders\u00f6kningen kan en bland annat se att:<\/span><\/p>\n\n\n\n<ul class=\"wp-block-list\">\n<li><span style=\"background-color: transparent; font-size: 1rem;\" data-contrast=\"auto\">Var femte&nbsp;s\u00f6kte sig till konsultyrket f\u00f6r att de&nbsp;ville prova olika arbetsplatser eller f\u00e5 ett b\u00e4ttre eller mer intressant jobb<\/span><\/li>\n\n\n\n<li><span style=\"background-color: transparent; font-size: 1rem;\" data-contrast=\"auto\">Tre av fyra \u00e4r n\u00f6jda med sina arbetsuppgifter&nbsp;<\/span><\/li>\n\n\n\n<li><span style=\"background-color: transparent; font-size: 1rem;\" data-contrast=\"auto\">Tre av fyra upplever arbetet som meningsfullt<\/span><\/li>\n\n\n\n<li><span style=\"background-color: transparent; font-size: 1rem;\" data-contrast=\"auto\">Fyra av fem k\u00e4nner sig uppskattade av kollegor och kundf\u00f6retag<\/span><\/li>\n\n\n\n<li><span style=\"background-color: transparent; font-size: 1rem;\" data-contrast=\"auto\">Var fj\u00e4rde s\u00f6kte jobbet f\u00f6r att utveckla sin kompetens&nbsp;<\/span><span style=\"background-color: transparent; font-size: 1rem;\" data-ccp-props=\"{&quot;134233279&quot;:true,&quot;201341983&quot;:0,&quot;335559739&quot;:160,&quot;335559740&quot;:257}\">&nbsp;<\/span><\/li>\n<\/ul>\n\n\n<a class='Share__link Share__link--url copy-text' href='#' rel='nofollow' data-text='att-jobba-som-konsult' title='Dela url' data-confirmation='L\u00e4nken kopierades till urklipp'><svg class='icon icon--link'  width='18' height='18' viewBox='0 0 18 18' fill='none' xmlns='http:\/\/www.w3.org\/2000\/svg'>\n            <path d='M10.4142 0.514721L6.87868 4.05025L8.29289 5.46447L11.1213 2.63604L15.364 6.87868L12.5355 9.70711L13.9497 11.1213L17.4853 7.58579C17.8763 7.19476 17.8763 6.5626 17.4853 6.17158L11.8284 0.514721C11.4374 0.123691 10.8052 0.123691 10.4142 0.514721Z' fill='black'\/>\n            <path d='M9.7071 12.5355L6.87868 15.364L2.63604 11.1213L5.46446 8.2929L4.05025 6.87868L0.514716 10.4142C0.123686 10.8052 0.123686 11.4374 0.514716 11.8284L6.17157 17.4853C6.5626 17.8763 7.19475 17.8763 7.58578 17.4853L11.1213 13.9497L9.7071 12.5355Z' fill='black'\/>\n            <path d='M6.17157 11.8284C6.5626 12.2195 7.19475 12.2195 7.58578 11.8284L11.8284 7.58579C12.2195 7.19476 12.2195 6.56261 11.8284 6.17158C11.4374 5.78055 10.8052 5.78055 10.4142 6.17158L6.17157 10.4142C5.78054 10.8052 5.78054 11.4374 6.17157 11.8284Z' fill='black'\/>\n            <\/svg> <\/a>\n<h2 class=\"wp-block-heading\">Att jobba som konsult<\/h2>\n\n\n\n<p><span data-contrast=\"auto\">Jobbar man som konsult \u202fp\u00e5\u202fett av Kompetensf\u00f6retagens medlemsf\u00f6retag \u202fomfattas man \u202foftast\u202f av \u202fkollektivavtal \u202fmed \u202ftj\u00e4nstepension och f\u00f6rs\u00e4kringar. P\u00e5 LO-omr\u00e5det s\u00e4tts l\u00f6nerna\u202f dessutom \u202fefter genomsnittet i \u202fkundf\u00f6retagen,\u202fs\u00e5 kallad <a href=\"https:\/\/www.kompetensforetagen.se\/gfl\/\" target=\"_blank\" rel=\"noopener\">GFL<\/a>,\u202fvilket f\u00f6r\u202f m\u00e5nga \u202finneb\u00e4r en h\u00f6gre l\u00f6n \u00e4n vad de f\u00e5tt om de varit\u202f direktanst\u00e4llda hos kunden.\u202f\u202f\u202f<\/span><span data-ccp-props=\"{&quot;134233117&quot;:true,&quot;134233118&quot;:true,&quot;201341983&quot;:0,&quot;335559740&quot;:240}\">&nbsp;<\/span><span data-ccp-props=\"{&quot;201341983&quot;:0,&quot;335559739&quot;:160,&quot;335559740&quot;:257}\">&nbsp;<\/span><\/p>\n\n\n\n<p><strong>Fakta om\u202f unders\u00f6kningarna:<\/strong><\/p>\n\n\n\n<p class=\"has-secondary-background-color has-background\"><span data-contrast=\"auto\">Demoskop\u202fgenomf\u00f6rde konsultunders\u00f6kningen \u202fmellan 1 mars \u2013 11 april. Totalt gjordes 3\u202f211 intervjuer med\u202fhj\u00e4lp av webbenk\u00e4ter till konsulter\u202fsom jobbar f\u00f6r Kompetensf\u00f6retagens medlemsf\u00f6retag.&nbsp; Den visade bland annat att tre av fyra konsulter \u00e4r positiva till jobbet.<\/span> <\/p>\n\n\n\n<p class=\"has-secondary-background-color has-background\"><span data-contrast=\"auto\">Under j\u00e4mf\u00f6rbar f\u00e4ltperiod, 5 mars till 5 april,\u202fgjorde\u202f Demoskop p\u00e5 uppdrag av Kompetensf\u00f6retagen en unders\u00f6kning bland allm\u00e4nheten som j\u00e4mf\u00f6relse med resultatet fr\u00e5n konsultunders\u00f6kningen.&nbsp;<\/span><\/p>\n","protected":false},"excerpt":{"rendered":"<p>Tre av fyra konsulter \u00e4r positiva till jobbet. Det framkommer i Kompetensf\u00f6retagens senaste konsultunders\u00f6kning. \u00c4r det m\u00e5nga, undrar du kanske. Det ville vi ocks\u00e5 veta, s\u00e5 vi tog reda p\u00e5 att det \u00e4r likv\u00e4rdigt med &hellip;<\/p>\n","protected":false},"author":6358,"featured_media":8052,"comment_status":"closed","ping_status":"closed","sticky":false,"template":"","format":"standard","meta":{"_acf_changed":false,"footnotes":""},"categories":[205],"tags":[],"article_type":[8,210,219],"agreement":[],"for-members":[],"class_list":["post-8044","post","type-post","status-publish","format-standard","has-post-thumbnail","hentry","category-konsultundersokning","type-aktuellt","type-fakta","type-nyhet"],"acf":[],"yoast_head":"<!-- This site is optimized with the Yoast SEO Premium plugin v26.8 (Yoast SEO v26.8) - https:\/\/yoast.com\/product\/yoast-seo-premium-wordpress\/ -->\n<title>Tre av fyra konsulter \u00e4r positiva till jobbet - Kompetensf\u00f6retagen<\/title>\n<meta name=\"description\" content=\"Tre av fyra konsulter \u00e4r positiva till jobbet. Att k\u00e4nna sig positiv till jobbet \u00e4r en av de saker som utg\u00f6r s\u00e5 kallat arbetsengagemang.\" \/>\n<meta name=\"robots\" content=\"index, follow, max-snippet:-1, max-image-preview:large, max-video-preview:-1\" \/>\n<link rel=\"canonical\" href=\"https:\/\/www.kompetensforetagen.se\/2021\/09\/tre-av-fyra-konsulter-ar-positiva-till-jobbet\/\" \/>\n<meta property=\"og:locale\" content=\"sv_SE\" \/>\n<meta property=\"og:type\" content=\"article\" \/>\n<meta property=\"og:title\" content=\"Tre av fyra konsulter \u00e4r positiva till jobbet\" \/>\n<meta property=\"og:description\" content=\"Tre av fyra konsulter \u00e4r positiva till jobbet. Att k\u00e4nna sig positiv till jobbet \u00e4r en av de saker som utg\u00f6r s\u00e5 kallat arbetsengagemang.\" \/>\n<meta property=\"og:url\" content=\"https:\/\/www.kompetensforetagen.se\/2021\/09\/tre-av-fyra-konsulter-ar-positiva-till-jobbet\/\" \/>\n<meta property=\"og:site_name\" content=\"Kompetensf\u00f6retagen\" \/>\n<meta property=\"article:published_time\" content=\"2021-09-28T13:02:22+00:00\" \/>\n<meta property=\"article:modified_time\" content=\"2023-07-12T13:32:48+00:00\" \/>\n<meta property=\"og:image\" content=\"https:\/\/www.kompetensforetagen.se\/app\/uploads\/sites\/5\/2021\/09\/namnlos-design-22-1180x837.png\" \/>\n\t<meta property=\"og:image:width\" content=\"1180\" \/>\n\t<meta property=\"og:image:height\" content=\"837\" \/>\n\t<meta property=\"og:image:type\" content=\"image\/png\" \/>\n<meta name=\"twitter:card\" content=\"summary_large_image\" \/>\n<meta name=\"twitter:label1\" content=\"Skriven av\" \/>\n\t<meta name=\"twitter:data1\" content=\"\" \/>\n\t<meta name=\"twitter:label2\" content=\"Ber\u00e4knad l\u00e4stid\" \/>\n\t<meta name=\"twitter:data2\" content=\"2 minuter\" \/>\n<!-- \/ Yoast SEO Premium plugin. -->","yoast_head_json":{"title":"Tre av fyra konsulter \u00e4r positiva till jobbet - Kompetensf\u00f6retagen","description":"Tre av fyra konsulter \u00e4r positiva till jobbet. Att k\u00e4nna sig positiv till jobbet \u00e4r en av de saker som utg\u00f6r s\u00e5 kallat arbetsengagemang.","robots":{"index":"index","follow":"follow","max-snippet":"max-snippet:-1","max-image-preview":"max-image-preview:large","max-video-preview":"max-video-preview:-1"},"canonical":"https:\/\/www.kompetensforetagen.se\/2021\/09\/tre-av-fyra-konsulter-ar-positiva-till-jobbet\/","og_locale":"sv_SE","og_type":"article","og_title":"Tre av fyra konsulter \u00e4r positiva till jobbet","og_description":"Tre av fyra konsulter \u00e4r positiva till jobbet. Att k\u00e4nna sig positiv till jobbet \u00e4r en av de saker som utg\u00f6r s\u00e5 kallat arbetsengagemang.","og_url":"https:\/\/www.kompetensforetagen.se\/2021\/09\/tre-av-fyra-konsulter-ar-positiva-till-jobbet\/","og_site_name":"Kompetensf\u00f6retagen","article_published_time":"2021-09-28T13:02:22+00:00","article_modified_time":"2023-07-12T13:32:48+00:00","og_image":[{"width":1180,"height":837,"url":"https:\/\/www.kompetensforetagen.se\/app\/uploads\/sites\/5\/2021\/09\/namnlos-design-22-1180x837.png","type":"image\/png"}],"twitter_card":"summary_large_image","twitter_misc":{"Skriven av":"","Ber\u00e4knad l\u00e4stid":"2 minuter"},"schema":{"@context":"https:\/\/schema.org","@graph":[{"@type":"Article","@id":"https:\/\/www.kompetensforetagen.se\/2021\/09\/tre-av-fyra-konsulter-ar-positiva-till-jobbet\/#article","isPartOf":{"@id":"https:\/\/www.kompetensforetagen.se\/2021\/09\/tre-av-fyra-konsulter-ar-positiva-till-jobbet\/"},"author":{"name":"","@id":""},"headline":"Tre av fyra konsulter \u00e4r positiva till jobbet","datePublished":"2021-09-28T13:02:22+00:00","dateModified":"2023-07-12T13:32:48+00:00","mainEntityOfPage":{"@id":"https:\/\/www.kompetensforetagen.se\/2021\/09\/tre-av-fyra-konsulter-ar-positiva-till-jobbet\/"},"wordCount":468,"publisher":{"@id":"https:\/\/www.kompetensforetagen.se\/#organization"},"image":{"@id":"https:\/\/www.kompetensforetagen.se\/2021\/09\/tre-av-fyra-konsulter-ar-positiva-till-jobbet\/#primaryimage"},"thumbnailUrl":"https:\/\/www.kompetensforetagen.se\/app\/uploads\/sites\/5\/2021\/09\/namnlos-design-22.png","articleSection":["Konsultunders\u00f6kning"],"inLanguage":"sv-SE"},{"@type":"WebPage","@id":"https:\/\/www.kompetensforetagen.se\/2021\/09\/tre-av-fyra-konsulter-ar-positiva-till-jobbet\/","url":"https:\/\/www.kompetensforetagen.se\/2021\/09\/tre-av-fyra-konsulter-ar-positiva-till-jobbet\/","name":"Tre av fyra konsulter \u00e4r positiva till jobbet - Kompetensf\u00f6retagen","isPartOf":{"@id":"https:\/\/www.kompetensforetagen.se\/#website"},"primaryImageOfPage":{"@id":"https:\/\/www.kompetensforetagen.se\/2021\/09\/tre-av-fyra-konsulter-ar-positiva-till-jobbet\/#primaryimage"},"image":{"@id":"https:\/\/www.kompetensforetagen.se\/2021\/09\/tre-av-fyra-konsulter-ar-positiva-till-jobbet\/#primaryimage"},"thumbnailUrl":"https:\/\/www.kompetensforetagen.se\/app\/uploads\/sites\/5\/2021\/09\/namnlos-design-22.png","datePublished":"2021-09-28T13:02:22+00:00","dateModified":"2023-07-12T13:32:48+00:00","description":"Tre av fyra konsulter \u00e4r positiva till jobbet. Att k\u00e4nna sig positiv till jobbet \u00e4r en av de saker som utg\u00f6r s\u00e5 kallat arbetsengagemang.","breadcrumb":{"@id":"https:\/\/www.kompetensforetagen.se\/2021\/09\/tre-av-fyra-konsulter-ar-positiva-till-jobbet\/#breadcrumb"},"inLanguage":"sv-SE","potentialAction":[{"@type":"ReadAction","target":["https:\/\/www.kompetensforetagen.se\/2021\/09\/tre-av-fyra-konsulter-ar-positiva-till-jobbet\/"]}]},{"@type":"ImageObject","inLanguage":"sv-SE","@id":"https:\/\/www.kompetensforetagen.se\/2021\/09\/tre-av-fyra-konsulter-ar-positiva-till-jobbet\/#primaryimage","url":"https:\/\/www.kompetensforetagen.se\/app\/uploads\/sites\/5\/2021\/09\/namnlos-design-22.png","contentUrl":"https:\/\/www.kompetensforetagen.se\/app\/uploads\/sites\/5\/2021\/09\/namnlos-design-22.png","width":1748,"height":1240,"caption":"Kvinna g\u00f6r v-tecknet fotograferad bakifr\u00e5n p\u00e5 en h\u00f6jd"},{"@type":"BreadcrumbList","@id":"https:\/\/www.kompetensforetagen.se\/2021\/09\/tre-av-fyra-konsulter-ar-positiva-till-jobbet\/#breadcrumb","itemListElement":[{"@type":"ListItem","position":1,"name":"Home","item":"https:\/\/www.kompetensforetagen.se\/"},{"@type":"ListItem","position":2,"name":"Tre av fyra konsulter \u00e4r positiva till jobbet"}]},{"@type":"WebSite","@id":"https:\/\/www.kompetensforetagen.se\/#website","url":"https:\/\/www.kompetensforetagen.se\/","name":"Kompetensf\u00f6retagen","description":"R\u00e4tt person p\u00e5 r\u00e4tt plats kan f\u00f6r\u00e4ndra v\u00e4rlden","publisher":{"@id":"https:\/\/www.kompetensforetagen.se\/#organization"},"potentialAction":[{"@type":"SearchAction","target":{"@type":"EntryPoint","urlTemplate":"https:\/\/www.kompetensforetagen.se\/?s={search_term_string}"},"query-input":{"@type":"PropertyValueSpecification","valueRequired":true,"valueName":"search_term_string"}}],"inLanguage":"sv-SE"},{"@type":"Organization","@id":"https:\/\/www.kompetensforetagen.se\/#organization","name":"Kompetensf\u00f6retagen","url":"https:\/\/www.kompetensforetagen.se\/","logo":{"@type":"ImageObject","inLanguage":"sv-SE","@id":"https:\/\/www.kompetensforetagen.se\/#\/schema\/logo\/image\/","url":"https:\/\/www.kompetensforetagen.se\/app\/uploads\/sites\/5\/2022\/10\/logga_svart.png","contentUrl":"https:\/\/www.kompetensforetagen.se\/app\/uploads\/sites\/5\/2022\/10\/logga_svart.png","width":752,"height":64,"caption":"Kompetensf\u00f6retagen"},"image":{"@id":"https:\/\/www.kompetensforetagen.se\/#\/schema\/logo\/image\/"},"sameAs":["https:\/\/www.linkedin.com\/company\/10540032\/"]},{"@type":"Person","@id":"","url":"https:\/\/www.kompetensforetagen.se\/person\/"}]}},"_links":{"self":[{"href":"https:\/\/www.kompetensforetagen.se\/api\/wp\/v2\/posts\/8044","targetHints":{"allow":["GET"]}}],"collection":[{"href":"https:\/\/www.kompetensforetagen.se\/api\/wp\/v2\/posts"}],"about":[{"href":"https:\/\/www.kompetensforetagen.se\/api\/wp\/v2\/types\/post"}],"author":[{"embeddable":true,"href":"https:\/\/www.kompetensforetagen.se\/api\/wp\/v2\/users\/6358"}],"replies":[{"embeddable":true,"href":"https:\/\/www.kompetensforetagen.se\/api\/wp\/v2\/comments?post=8044"}],"version-history":[{"count":5,"href":"https:\/\/www.kompetensforetagen.se\/api\/wp\/v2\/posts\/8044\/revisions"}],"predecessor-version":[{"id":14537,"href":"https:\/\/www.kompetensforetagen.se\/api\/wp\/v2\/posts\/8044\/revisions\/14537"}],"wp:featuredmedia":[{"embeddable":true,"href":"https:\/\/www.kompetensforetagen.se\/api\/wp\/v2\/media\/8052"}],"wp:attachment":[{"href":"https:\/\/www.kompetensforetagen.se\/api\/wp\/v2\/media?parent=8044"}],"wp:term":[{"taxonomy":"category","embeddable":true,"href":"https:\/\/www.kompetensforetagen.se\/api\/wp\/v2\/categories?post=8044"},{"taxonomy":"post_tag","embeddable":true,"href":"https:\/\/www.kompetensforetagen.se\/api\/wp\/v2\/tags?post=8044"},{"taxonomy":"type","embeddable":true,"href":"https:\/\/www.kompetensforetagen.se\/api\/wp\/v2\/article_type?post=8044"},{"taxonomy":"agreement","embeddable":true,"href":"https:\/\/www.kompetensforetagen.se\/api\/wp\/v2\/agreement?post=8044"},{"taxonomy":"for-members","embeddable":true,"href":"https:\/\/www.kompetensforetagen.se\/api\/wp\/v2\/for-members?post=8044"}],"curies":[{"name":"wp","href":"https:\/\/api.w.org\/{rel}","templated":true}]}}