{"id":8039,"date":"2021-09-27T13:47:39","date_gmt":"2021-09-27T11:47:39","guid":{"rendered":"https:\/\/www.kompetensforetagen.se\/?p=8039"},"modified":"2023-07-12T15:31:54","modified_gmt":"2023-07-12T13:31:54","slug":"tjanstepensionens-dag","status":"publish","type":"post","link":"https:\/\/www.kompetensforetagen.se\/2021\/09\/tjanstepensionens-dag\/","title":{"rendered":"Tj\u00e4nste&shy;pensionens dag"},"content":{"rendered":"\n<p><span data-contrast=\"auto\">Idag \u00e4r det tj\u00e4nstepensionens dag!&nbsp;Tj\u00e4nstepensionen \u00e4r den del av pensionen som betalas av arbetsgivaren, och i&nbsp;bemanningsf\u00f6retag g\u00e4ller&nbsp;s\u00e5klart&nbsp;samma f\u00f6rs\u00e4kringsvillkor som i \u00f6vriga f\u00f6retag p\u00e5 den privata arbetsmarknaden. Det inneb\u00e4r att&nbsp;<a href=\"https:\/\/www.kompetensforetagen.se\/att-jobba-som-bemanningskonsult\/\">du inte bara har tj\u00e4nstepension<\/a>,&nbsp;bland annat&nbsp;g\u00e4ller&nbsp;\u00e4ven dessa&nbsp;i de flesta&nbsp;bemanningsf\u00f6retag:<\/span><span data-ccp-props=\"{&quot;201341983&quot;:0,&quot;335559739&quot;:160,&quot;335559740&quot;:257}\">&nbsp;<\/span><\/p>\n\n\n\n<ol class=\"wp-block-list\">\n<li><span data-contrast=\"auto\">Anst\u00e4llda ansluts till pensionsf\u00f6rs\u00e4kring enligt villkoren i tj\u00e4nstem\u00e4nnens ITP-plan eller<a href=\"https:\/\/www.fora.se\/foretag-med-kollektivavtal\/information-och-stod-till-anstallda\/avtalspension-saf-lo\/\" target=\"_blank\" rel=\"noopener\"> avtalspension SAF-LO<\/a>.<\/span><\/li>\n\n\n\n<li><span data-contrast=\"auto\">BEP, extra pensionsavs\u00e4ttning&nbsp;<\/span><span data-ccp-props=\"{&quot;134233279&quot;:true,&quot;201341983&quot;:0,&quot;335559739&quot;:160,&quot;335559740&quot;:259}\">&nbsp;<\/span><\/li>\n\n\n\n<li><a href=\"https:\/\/www.kompetensforetagen.se\/2017\/02\/flexpension-i-bemanningsforetag\/\"><span data-contrast=\"auto\">Flexpension<\/span><\/a><span data-ccp-props=\"{&quot;134233279&quot;:true,&quot;201341983&quot;:0,&quot;335559739&quot;:160,&quot;335559740&quot;:259}\">&nbsp;<\/span><\/li>\n\n\n\n<li><span data-contrast=\"auto\">Anst\u00e4llda \u00e4r olycksfallsf\u00f6rs\u00e4krade<\/span><span data-ccp-props=\"{&quot;134233279&quot;:true,&quot;201341983&quot;:0,&quot;335559739&quot;:160,&quot;335559740&quot;:259}\">&nbsp;<\/span><\/li>\n\n\n\n<li><span data-contrast=\"auto\">Anst\u00e4llda har en tj\u00e4nstegrupplivf\u00f6rs\u00e4kring<\/span><span data-ccp-props=\"{&quot;134233279&quot;:true,&quot;201341983&quot;:0,&quot;335559739&quot;:160,&quot;335559740&quot;:259}\">&nbsp;<\/span><\/li>\n\n\n\n<li><span data-contrast=\"auto\">Sjukf\u00f6rs\u00e4kring<\/span><span data-ccp-props=\"{&quot;134233279&quot;:true,&quot;201341983&quot;:0,&quot;335559739&quot;:160,&quot;335559740&quot;:259}\">&nbsp;<\/span><\/li>\n\n\n\n<li><span data-contrast=\"auto\">Omst\u00e4llningsf\u00f6rs\u00e4kringar<\/span><\/li>\n<\/ol>\n\n\n\n<p>F\u00f6r information om vilka f\u00f6rs\u00e4kringar som g\u00e4ller f\u00f6r dig ska du v\u00e4nda dig till din arbetsgivare.<span style=\"background-color: transparent; font-size: 1rem;\">&nbsp;<\/span><\/p>\n\n\n\n<p><span data-contrast=\"auto\">Alla <a href=\"https:\/\/www.kompetensforetagen.se\/auktorisation\/\">auktoriserade bemanningsf\u00f6retag<\/a> har en ocks\u00e5 ansvarsf\u00f6rs\u00e4kring som skyddar dig som anst\u00e4lld. Om du har fr\u00e5gor om ansvarsf\u00f6rs\u00e4kringen kan du v\u00e4nda dig till personalansvarig p\u00e5 ditt f\u00f6retag.&nbsp;<\/span><\/p>\n\n\n\n<p><span data-contrast=\"auto\">Du som \u00e4r anst\u00e4lld i ett auktoriserat bemanningsf\u00f6retag kan komplettera ditt personliga f\u00f6rs\u00e4kringsskydd genom att g\u00e5 med i den gruppf\u00f6rs\u00e4kring som finns som ett komplement till ansvarsf\u00f6rs\u00e4kringen. F\u00f6rs\u00e4kringen omfattar liv, olycksfall, sjukdom och barn. Du v\u00e4ljer fritt vilka delar som ska ing\u00e5. Premien betalas genom nettol\u00f6neavdrag via ditt f\u00f6retag. Blankett f\u00f6r ans\u00f6kan f\u00e5r du av din arbetsgivare.<\/span><span data-ccp-props=\"{&quot;201341983&quot;:0,&quot;335559739&quot;:160,&quot;335559740&quot;:259}\">&nbsp;<\/span><\/p>\n","protected":false},"excerpt":{"rendered":"<p>Idag \u00e4r det tj\u00e4nstepensionens dag!&nbsp;Tj\u00e4nstepensionen \u00e4r den del av pensionen som betalas av arbetsgivaren, och i&nbsp;bemanningsf\u00f6retag g\u00e4ller&nbsp;s\u00e5klart&nbsp;samma f\u00f6rs\u00e4kringsvillkor som i \u00f6vriga f\u00f6retag p\u00e5 den privata arbetsmarknaden. Det inneb\u00e4r att&nbsp;du inte bara har tj\u00e4nstepension,&nbsp;bland annat&nbsp;g\u00e4ller&nbsp;\u00e4ven dessa&nbsp;i &hellip;<\/p>\n","protected":false},"author":6058,"featured_media":6413,"comment_status":"closed","ping_status":"closed","sticky":false,"template":"","format":"standard","meta":{"_acf_changed":false,"footnotes":""},"categories":[1],"tags":[],"article_type":[8,210],"agreement":[],"for-members":[],"class_list":["post-8039","post","type-post","status-publish","format-standard","has-post-thumbnail","hentry","category-okategoriserade","type-aktuellt","type-fakta"],"acf":[],"yoast_head":"<!-- This site is optimized with the Yoast SEO Premium plugin v26.8 (Yoast SEO v26.8) - https:\/\/yoast.com\/product\/yoast-seo-premium-wordpress\/ -->\n<title>Tj\u00e4nstepensionens dag 2021 - Kompetensf\u00f6retagen<\/title>\n<meta name=\"description\" content=\"\u00a0Nu firar vi Tj\u00e4nstepensionens dag. Tj\u00e4nstepensionen betalas av arbetsgivaren - i\u00a0bemanningsf\u00f6retag g\u00e4ller\u00a0s\u00e5klart\u00a0samma f\u00f6rs\u00e4kringsvillkor.\" \/>\n<meta name=\"robots\" content=\"index, follow, max-snippet:-1, max-image-preview:large, max-video-preview:-1\" \/>\n<link rel=\"canonical\" href=\"https:\/\/www.kompetensforetagen.se\/2021\/09\/tjanstepensionens-dag\/\" \/>\n<meta property=\"og:locale\" content=\"sv_SE\" \/>\n<meta property=\"og:type\" content=\"article\" \/>\n<meta property=\"og:title\" content=\"Tj\u00e4nstepensionens dag\" \/>\n<meta property=\"og:description\" content=\"\u00a0Nu firar vi Tj\u00e4nstepensionens dag. Tj\u00e4nstepensionen betalas av arbetsgivaren - i\u00a0bemanningsf\u00f6retag g\u00e4ller\u00a0s\u00e5klart\u00a0samma f\u00f6rs\u00e4kringsvillkor.\" \/>\n<meta property=\"og:url\" content=\"https:\/\/www.kompetensforetagen.se\/2021\/09\/tjanstepensionens-dag\/\" \/>\n<meta property=\"og:site_name\" content=\"Kompetensf\u00f6retagen\" \/>\n<meta property=\"article:published_time\" content=\"2021-09-27T11:47:39+00:00\" \/>\n<meta property=\"article:modified_time\" content=\"2023-07-12T13:31:54+00:00\" \/>\n<meta property=\"og:image\" content=\"https:\/\/www.kompetensforetagen.se\/app\/uploads\/sites\/5\/2021\/02\/gettyimages-1159378081-scaled.jpg\" \/>\n\t<meta property=\"og:image:width\" content=\"2560\" \/>\n\t<meta property=\"og:image:height\" content=\"1707\" \/>\n\t<meta property=\"og:image:type\" content=\"image\/jpeg\" \/>\n<meta name=\"author\" content=\"Shashika Sellgren\" \/>\n<meta name=\"twitter:card\" content=\"summary_large_image\" \/>\n<meta name=\"twitter:label1\" content=\"Skriven av\" \/>\n\t<meta name=\"twitter:data1\" content=\"Shashika Sellgren\" \/>\n\t<meta name=\"twitter:label2\" content=\"Ber\u00e4knad l\u00e4stid\" \/>\n\t<meta name=\"twitter:data2\" content=\"1 minut\" \/>\n<!-- \/ Yoast SEO Premium plugin. -->","yoast_head_json":{"title":"Tj\u00e4nstepensionens dag 2021 - Kompetensf\u00f6retagen","description":"\u00a0Nu firar vi Tj\u00e4nstepensionens dag. Tj\u00e4nstepensionen betalas av arbetsgivaren - i\u00a0bemanningsf\u00f6retag g\u00e4ller\u00a0s\u00e5klart\u00a0samma f\u00f6rs\u00e4kringsvillkor.","robots":{"index":"index","follow":"follow","max-snippet":"max-snippet:-1","max-image-preview":"max-image-preview:large","max-video-preview":"max-video-preview:-1"},"canonical":"https:\/\/www.kompetensforetagen.se\/2021\/09\/tjanstepensionens-dag\/","og_locale":"sv_SE","og_type":"article","og_title":"Tj\u00e4nstepensionens dag","og_description":"\u00a0Nu firar vi Tj\u00e4nstepensionens dag. Tj\u00e4nstepensionen betalas av arbetsgivaren - i\u00a0bemanningsf\u00f6retag g\u00e4ller\u00a0s\u00e5klart\u00a0samma f\u00f6rs\u00e4kringsvillkor.","og_url":"https:\/\/www.kompetensforetagen.se\/2021\/09\/tjanstepensionens-dag\/","og_site_name":"Kompetensf\u00f6retagen","article_published_time":"2021-09-27T11:47:39+00:00","article_modified_time":"2023-07-12T13:31:54+00:00","og_image":[{"width":2560,"height":1707,"url":"https:\/\/www.kompetensforetagen.se\/app\/uploads\/sites\/5\/2021\/02\/gettyimages-1159378081-scaled.jpg","type":"image\/jpeg"}],"author":"Shashika Sellgren","twitter_card":"summary_large_image","twitter_misc":{"Skriven av":"Shashika Sellgren","Ber\u00e4knad l\u00e4stid":"1 minut"},"schema":{"@context":"https:\/\/schema.org","@graph":[{"@type":"Article","@id":"https:\/\/www.kompetensforetagen.se\/2021\/09\/tjanstepensionens-dag\/#article","isPartOf":{"@id":"https:\/\/www.kompetensforetagen.se\/2021\/09\/tjanstepensionens-dag\/"},"author":{"name":"Shashika Sellgren","@id":"https:\/\/www.kompetensforetagen.se\/#\/schema\/person\/38c6b37b81c530c93246c3d1993d5662"},"headline":"Tj\u00e4nste&shy;pensionens dag","datePublished":"2021-09-27T11:47:39+00:00","dateModified":"2023-07-12T13:31:54+00:00","mainEntityOfPage":{"@id":"https:\/\/www.kompetensforetagen.se\/2021\/09\/tjanstepensionens-dag\/"},"wordCount":256,"publisher":{"@id":"https:\/\/www.kompetensforetagen.se\/#organization"},"image":{"@id":"https:\/\/www.kompetensforetagen.se\/2021\/09\/tjanstepensionens-dag\/#primaryimage"},"thumbnailUrl":"https:\/\/www.kompetensforetagen.se\/app\/uploads\/sites\/5\/2021\/02\/gettyimages-1159378081-scaled.jpg","inLanguage":"sv-SE"},{"@type":"WebPage","@id":"https:\/\/www.kompetensforetagen.se\/2021\/09\/tjanstepensionens-dag\/","url":"https:\/\/www.kompetensforetagen.se\/2021\/09\/tjanstepensionens-dag\/","name":"Tj\u00e4nstepensionens dag 2021 - Kompetensf\u00f6retagen","isPartOf":{"@id":"https:\/\/www.kompetensforetagen.se\/#website"},"primaryImageOfPage":{"@id":"https:\/\/www.kompetensforetagen.se\/2021\/09\/tjanstepensionens-dag\/#primaryimage"},"image":{"@id":"https:\/\/www.kompetensforetagen.se\/2021\/09\/tjanstepensionens-dag\/#primaryimage"},"thumbnailUrl":"https:\/\/www.kompetensforetagen.se\/app\/uploads\/sites\/5\/2021\/02\/gettyimages-1159378081-scaled.jpg","datePublished":"2021-09-27T11:47:39+00:00","dateModified":"2023-07-12T13:31:54+00:00","description":"\u00a0Nu firar vi Tj\u00e4nstepensionens dag. Tj\u00e4nstepensionen betalas av arbetsgivaren - i\u00a0bemanningsf\u00f6retag g\u00e4ller\u00a0s\u00e5klart\u00a0samma f\u00f6rs\u00e4kringsvillkor.","breadcrumb":{"@id":"https:\/\/www.kompetensforetagen.se\/2021\/09\/tjanstepensionens-dag\/#breadcrumb"},"inLanguage":"sv-SE","potentialAction":[{"@type":"ReadAction","target":["https:\/\/www.kompetensforetagen.se\/2021\/09\/tjanstepensionens-dag\/"]}]},{"@type":"ImageObject","inLanguage":"sv-SE","@id":"https:\/\/www.kompetensforetagen.se\/2021\/09\/tjanstepensionens-dag\/#primaryimage","url":"https:\/\/www.kompetensforetagen.se\/app\/uploads\/sites\/5\/2021\/02\/gettyimages-1159378081-scaled.jpg","contentUrl":"https:\/\/www.kompetensforetagen.se\/app\/uploads\/sites\/5\/2021\/02\/gettyimages-1159378081-scaled.jpg","width":2560,"height":1707,"caption":"Tv\u00e5 glada kvinnor sitter vid ett bord och tittar p\u00e5 en mobiltelefon"},{"@type":"BreadcrumbList","@id":"https:\/\/www.kompetensforetagen.se\/2021\/09\/tjanstepensionens-dag\/#breadcrumb","itemListElement":[{"@type":"ListItem","position":1,"name":"Home","item":"https:\/\/www.kompetensforetagen.se\/"},{"@type":"ListItem","position":2,"name":"Tj\u00e4nste&shy;pensionens dag"}]},{"@type":"WebSite","@id":"https:\/\/www.kompetensforetagen.se\/#website","url":"https:\/\/www.kompetensforetagen.se\/","name":"Kompetensf\u00f6retagen","description":"R\u00e4tt person p\u00e5 r\u00e4tt plats kan f\u00f6r\u00e4ndra v\u00e4rlden","publisher":{"@id":"https:\/\/www.kompetensforetagen.se\/#organization"},"potentialAction":[{"@type":"SearchAction","target":{"@type":"EntryPoint","urlTemplate":"https:\/\/www.kompetensforetagen.se\/?s={search_term_string}"},"query-input":{"@type":"PropertyValueSpecification","valueRequired":true,"valueName":"search_term_string"}}],"inLanguage":"sv-SE"},{"@type":"Organization","@id":"https:\/\/www.kompetensforetagen.se\/#organization","name":"Kompetensf\u00f6retagen","url":"https:\/\/www.kompetensforetagen.se\/","logo":{"@type":"ImageObject","inLanguage":"sv-SE","@id":"https:\/\/www.kompetensforetagen.se\/#\/schema\/logo\/image\/","url":"https:\/\/www.kompetensforetagen.se\/app\/uploads\/sites\/5\/2022\/10\/logga_svart.png","contentUrl":"https:\/\/www.kompetensforetagen.se\/app\/uploads\/sites\/5\/2022\/10\/logga_svart.png","width":752,"height":64,"caption":"Kompetensf\u00f6retagen"},"image":{"@id":"https:\/\/www.kompetensforetagen.se\/#\/schema\/logo\/image\/"},"sameAs":["https:\/\/www.linkedin.com\/company\/10540032\/"]},{"@type":"Person","@id":"https:\/\/www.kompetensforetagen.se\/#\/schema\/person\/38c6b37b81c530c93246c3d1993d5662","name":"Shashika Sellgren","image":{"@type":"ImageObject","inLanguage":"sv-SE","@id":"https:\/\/www.kompetensforetagen.se\/#\/schema\/person\/image\/","url":"https:\/\/secure.gravatar.com\/avatar\/b225c479880df9eb82d1501dd105dd8040f27c8563f3d4bf5dd62ce0a1630abd?s=96&d=mm&r=g","contentUrl":"https:\/\/secure.gravatar.com\/avatar\/b225c479880df9eb82d1501dd105dd8040f27c8563f3d4bf5dd62ce0a1630abd?s=96&d=mm&r=g","caption":"Shashika Sellgren"},"url":"https:\/\/www.kompetensforetagen.se\/person\/shashikasellgren\/"}]}},"_links":{"self":[{"href":"https:\/\/www.kompetensforetagen.se\/api\/wp\/v2\/posts\/8039","targetHints":{"allow":["GET"]}}],"collection":[{"href":"https:\/\/www.kompetensforetagen.se\/api\/wp\/v2\/posts"}],"about":[{"href":"https:\/\/www.kompetensforetagen.se\/api\/wp\/v2\/types\/post"}],"author":[{"embeddable":true,"href":"https:\/\/www.kompetensforetagen.se\/api\/wp\/v2\/users\/6058"}],"replies":[{"embeddable":true,"href":"https:\/\/www.kompetensforetagen.se\/api\/wp\/v2\/comments?post=8039"}],"version-history":[{"count":1,"href":"https:\/\/www.kompetensforetagen.se\/api\/wp\/v2\/posts\/8039\/revisions"}],"predecessor-version":[{"id":13234,"href":"https:\/\/www.kompetensforetagen.se\/api\/wp\/v2\/posts\/8039\/revisions\/13234"}],"wp:featuredmedia":[{"embeddable":true,"href":"https:\/\/www.kompetensforetagen.se\/api\/wp\/v2\/media\/6413"}],"wp:attachment":[{"href":"https:\/\/www.kompetensforetagen.se\/api\/wp\/v2\/media?parent=8039"}],"wp:term":[{"taxonomy":"category","embeddable":true,"href":"https:\/\/www.kompetensforetagen.se\/api\/wp\/v2\/categories?post=8039"},{"taxonomy":"post_tag","embeddable":true,"href":"https:\/\/www.kompetensforetagen.se\/api\/wp\/v2\/tags?post=8039"},{"taxonomy":"type","embeddable":true,"href":"https:\/\/www.kompetensforetagen.se\/api\/wp\/v2\/article_type?post=8039"},{"taxonomy":"agreement","embeddable":true,"href":"https:\/\/www.kompetensforetagen.se\/api\/wp\/v2\/agreement?post=8039"},{"taxonomy":"for-members","embeddable":true,"href":"https:\/\/www.kompetensforetagen.se\/api\/wp\/v2\/for-members?post=8039"}],"curies":[{"name":"wp","href":"https:\/\/api.w.org\/{rel}","templated":true}]}}