{"id":8028,"date":"2021-09-27T09:46:23","date_gmt":"2021-09-27T07:46:23","guid":{"rendered":"https:\/\/www.kompetensforetagen.se\/?p=8028"},"modified":"2023-07-12T15:30:35","modified_gmt":"2023-07-12T13:30:35","slug":"ali-al-saadi-vill-radda-liv","status":"publish","type":"post","link":"https:\/\/www.kompetensforetagen.se\/2021\/09\/ali-al-saadi-vill-radda-liv\/","title":{"rendered":"Ali Al-Saadi vill r\u00e4dda liv"},"content":{"rendered":"\n<p><span data-contrast=\"none\">N\u00e4r Ali b\u00f6rjade sin utbildning till biomedicinsk analytiker var det f\u00f6r att han ville vara med och&nbsp;<\/span><span data-contrast=\"none\">r\u00e4dda liv<\/span><span data-contrast=\"none\">. Vid sidan av utbildningen har han jobbat extra b\u00e5de p\u00e5 universitetssjukhuset, och det senaste \u00e5ret som <\/span><span data-contrast=\"none\">konsult&nbsp;<\/span><span data-contrast=\"none\">p\u00e5 bemanningsf\u00f6retaget&nbsp;Clevry. D\u00e5 har han tj\u00e4nstgjort som laborant hos kundf\u00f6retaget&nbsp;Dynamic&nbsp;code.&nbsp;<\/span><span data-ccp-props=\"{&quot;201341983&quot;:0,&quot;335559739&quot;:160,&quot;335559740&quot;:257}\">&nbsp;<\/span><\/p>\n\n\n\n<p><span data-contrast=\"auto\">&#8211;&nbsp; Clevry samarbetar med skolan och skickade ut en fr\u00e5ga om n\u00e5gon av oss studenter var intresserade av att jobba. Det \u00e4r bra att de g\u00f6r s\u00e5, vi vill ju ha erfarenhet och k\u00e4nna att vi kan bidra. Samtidigt beh\u00f6ver de personal med utbildning, s\u00e5 det blir win &#8211; win. <\/span><span data-ccp-props=\"{&quot;134233279&quot;:true,&quot;201341983&quot;:0,&quot;335559739&quot;:160,&quot;335559740&quot;:259}\">&nbsp;<\/span><\/p>\n\n\n\n<h3 class=\"wp-block-heading\">Viktigt arbete under pandemin<\/h3>\n\n\n\n<p><span data-contrast=\"none\">Ali trivs bra med sina kollegor och s\u00e4rskilt uppskattar han att f\u00e5 vara med och hj\u00e4lpa till med&nbsp;covid-tester under coronapandemin.&nbsp;<\/span><span data-ccp-props=\"{&quot;201341983&quot;:0,&quot;335559739&quot;:160,&quot;335559740&quot;:257}\">&nbsp;<\/span><\/p>\n\n\n\n<p><span data-contrast=\"auto\">&#8211; Jag k\u00e4nner en oerh\u00f6rd stolthet \u00f6ver att kunna hj\u00e4lpa till under pandemin. Det \u00e4r det st\u00f6rsta ansvar jag haft. Varje prov m\u00e5ste hanteras r\u00e4tt genom hela kedjan, det kan avg\u00f6ra om patienten klarar sig eller inte.&nbsp; Min tid p\u00e5 Dynamic code har hittills varit n\u00e5got av det b\u00e4sta jag gjort. <\/span><span data-ccp-props=\"{&quot;134233279&quot;:true,&quot;201341983&quot;:0,&quot;335559739&quot;:160,&quot;335559740&quot;:259}\">&nbsp;<\/span><\/p>\n\n\n\n<h3 class=\"wp-block-heading\">Konsultjobbet ger m\u00f6jlighet att testa yrken<\/h3>\n\n\n\n<p><span data-contrast=\"none\">Innan Ali b\u00f6rjade sin utbildning till biomedicinsk analytiker pluggade han till kemiingenj\u00f6r och jobbade d\u00e5 extra f\u00f6r olika bemanningsf\u00f6retag.&nbsp;<\/span><\/p>\n\n\n\n<p><span style=\"background-color: transparent; font-size: 1rem;\" data-contrast=\"auto\">&#8211; Jag tycker det \u00e4r bra, man kan anpassa sina arbetstider och det ger en m\u00f6jlighet att testa lite olika jobb innan man hittar r\u00e4tt. Det \u00e4r ett bra s\u00e4tt att skaffa sig erfarenheter och samtidigt f\u00e5 ett b\u00e4ttre CV.<\/span><span style=\"background-color: transparent; font-size: 1rem;\" data-ccp-props=\"{&quot;134233279&quot;:true,&quot;201341983&quot;:0,&quot;335559739&quot;:160,&quot;335559740&quot;:259}\">&nbsp;<\/span><\/p>\n\n\n\n<h3 class=\"wp-block-heading\">Vill&nbsp;r\u00e4dda liv<\/h3>\n\n\n\n<p><span data-contrast=\"none\">Fritiden \u00e4gnar Ali g\u00e4rna \u00e5t familj och v\u00e4nner. Nu n\u00e4r idrottshallarna \u00f6ppnar igen hoppas Ali ocks\u00e5 p\u00e5 att kunna spela lite pingis och tennis. Men fokus ligger framf\u00f6r allt p\u00e5 vidare studier.<\/span><span data-ccp-props=\"{&quot;201341983&quot;:0,&quot;335559739&quot;:160,&quot;335559740&quot;:257}\">&nbsp;<\/span><\/p>\n\n\n\n<p><span data-contrast=\"auto\">&#8211; Jag vill ha ett jobb d\u00e4r jag kan <\/span><span data-contrast=\"none\">r\u00e4dda liv&nbsp;<\/span><span data-contrast=\"auto\">genom diagnostik. Jag har t\u00e4nkt utbilda mig till&nbsp;c<\/span><span data-contrast=\"none\">ytodiagnostiker<\/span><span data-contrast=\"auto\">, identifiera cellf\u00f6r\u00e4ndringar och uppt\u00e4cka cancer. Det \u00e4r ett bristyrke d\u00e4r jag k\u00e4nner att jag kan bidra.&nbsp;<\/span><span data-ccp-props=\"{&quot;134233279&quot;:true,&quot;201341983&quot;:0,&quot;335559739&quot;:160,&quot;335559740&quot;:259}\">&nbsp;<\/span><\/p>\n\n\n\n<figure class=\"wp-block-table\"><table class=\"has-secondary-background-color has-background\"><tbody><tr><td><strong>FAKTARUTA<\/strong><br><strong>Namn<\/strong>: Ali Al-Saadi<br><strong>\u00c5lder<\/strong>: 29 \u00e5r<br><strong>Ort<\/strong>: Link\u00f6ping<br><strong>Konsultf\u00f6retag<\/strong>: <a href=\"https:\/\/www.clevry.com\/sv\/\" target=\"_blank\" rel=\"noreferrer noopener\">Clevry<\/a><br><strong>Kundf\u00f6retag<\/strong>: Dynamic Code<br><strong>Tj\u00e4nst<\/strong>: Laborant<br><strong>G\u00f6r helst p\u00e5 fritiden<\/strong>: Spelar g\u00e4rna pingis eller tennis <\/td><\/tr><\/tbody><\/table><\/figure>\n","protected":false},"excerpt":{"rendered":"<p>N\u00e4r Ali b\u00f6rjade sin utbildning till biomedicinsk analytiker var det f\u00f6r att han ville vara med och&nbsp;r\u00e4dda liv. Vid sidan av utbildningen har han jobbat extra b\u00e5de p\u00e5 universitetssjukhuset, och det senaste \u00e5ret som konsult&nbsp;p\u00e5 &hellip;<\/p>\n","protected":false},"author":6058,"featured_media":8034,"comment_status":"closed","ping_status":"closed","sticky":false,"template":"","format":"standard","meta":{"_acf_changed":false,"footnotes":""},"categories":[204],"tags":[],"article_type":[8],"agreement":[],"for-members":[],"class_list":["post-8028","post","type-post","status-publish","format-standard","has-post-thumbnail","hentry","category-konsult","type-aktuellt"],"acf":[],"yoast_head":"<!-- This site is optimized with the Yoast SEO Premium plugin v26.8 (Yoast SEO v26.8) - https:\/\/yoast.com\/product\/yoast-seo-premium-wordpress\/ -->\n<title>Ali Al-Saadi vill r\u00e4dda liv - Kompetensf\u00f6retagen<\/title>\n<meta name=\"description\" content=\"Ali b\u00f6rjade sin utbildning till biomedicinsk analytiker f\u00f6r att han vill r\u00e4dda liv. Han jobbar extra p\u00e5 bemanningsf\u00f6retaget Clevry.\" \/>\n<meta name=\"robots\" content=\"index, follow, max-snippet:-1, max-image-preview:large, max-video-preview:-1\" \/>\n<link rel=\"canonical\" href=\"https:\/\/www.kompetensforetagen.se\/2021\/09\/ali-al-saadi-vill-radda-liv\/\" \/>\n<meta property=\"og:locale\" content=\"sv_SE\" \/>\n<meta property=\"og:type\" content=\"article\" \/>\n<meta property=\"og:title\" content=\"Ali Al-Saadi vill r\u00e4dda liv\" \/>\n<meta property=\"og:description\" content=\"Ali b\u00f6rjade sin utbildning till biomedicinsk analytiker f\u00f6r att han vill r\u00e4dda liv. Han jobbar extra p\u00e5 bemanningsf\u00f6retaget Clevry.\" \/>\n<meta property=\"og:url\" content=\"https:\/\/www.kompetensforetagen.se\/2021\/09\/ali-al-saadi-vill-radda-liv\/\" \/>\n<meta property=\"og:site_name\" content=\"Kompetensf\u00f6retagen\" \/>\n<meta property=\"article:published_time\" content=\"2021-09-27T07:46:23+00:00\" \/>\n<meta property=\"article:modified_time\" content=\"2023-07-12T13:30:35+00:00\" \/>\n<meta property=\"og:image\" content=\"https:\/\/www.kompetensforetagen.se\/app\/uploads\/sites\/5\/2021\/09\/ali-scaled-e1633077981192.jpeg\" \/>\n\t<meta property=\"og:image:width\" content=\"1107\" \/>\n\t<meta property=\"og:image:height\" content=\"630\" \/>\n\t<meta property=\"og:image:type\" content=\"image\/jpeg\" \/>\n<meta name=\"author\" content=\"Shashika Sellgren\" \/>\n<meta name=\"twitter:card\" content=\"summary_large_image\" \/>\n<meta name=\"twitter:label1\" content=\"Skriven av\" \/>\n\t<meta name=\"twitter:data1\" content=\"Shashika Sellgren\" \/>\n\t<meta name=\"twitter:label2\" content=\"Ber\u00e4knad l\u00e4stid\" \/>\n\t<meta name=\"twitter:data2\" content=\"2 minuter\" \/>\n<!-- \/ Yoast SEO Premium plugin. -->","yoast_head_json":{"title":"Ali Al-Saadi vill r\u00e4dda liv - Kompetensf\u00f6retagen","description":"Ali b\u00f6rjade sin utbildning till biomedicinsk analytiker f\u00f6r att han vill r\u00e4dda liv. Han jobbar extra p\u00e5 bemanningsf\u00f6retaget Clevry.","robots":{"index":"index","follow":"follow","max-snippet":"max-snippet:-1","max-image-preview":"max-image-preview:large","max-video-preview":"max-video-preview:-1"},"canonical":"https:\/\/www.kompetensforetagen.se\/2021\/09\/ali-al-saadi-vill-radda-liv\/","og_locale":"sv_SE","og_type":"article","og_title":"Ali Al-Saadi vill r\u00e4dda liv","og_description":"Ali b\u00f6rjade sin utbildning till biomedicinsk analytiker f\u00f6r att han vill r\u00e4dda liv. Han jobbar extra p\u00e5 bemanningsf\u00f6retaget Clevry.","og_url":"https:\/\/www.kompetensforetagen.se\/2021\/09\/ali-al-saadi-vill-radda-liv\/","og_site_name":"Kompetensf\u00f6retagen","article_published_time":"2021-09-27T07:46:23+00:00","article_modified_time":"2023-07-12T13:30:35+00:00","og_image":[{"width":1107,"height":630,"url":"https:\/\/www.kompetensforetagen.se\/app\/uploads\/sites\/5\/2021\/09\/ali-scaled-e1633077981192.jpeg","type":"image\/jpeg"}],"author":"Shashika Sellgren","twitter_card":"summary_large_image","twitter_misc":{"Skriven av":"Shashika Sellgren","Ber\u00e4knad l\u00e4stid":"2 minuter"},"schema":{"@context":"https:\/\/schema.org","@graph":[{"@type":"Article","@id":"https:\/\/www.kompetensforetagen.se\/2021\/09\/ali-al-saadi-vill-radda-liv\/#article","isPartOf":{"@id":"https:\/\/www.kompetensforetagen.se\/2021\/09\/ali-al-saadi-vill-radda-liv\/"},"author":{"name":"Shashika Sellgren","@id":"https:\/\/www.kompetensforetagen.se\/#\/schema\/person\/38c6b37b81c530c93246c3d1993d5662"},"headline":"Ali Al-Saadi vill r\u00e4dda liv","datePublished":"2021-09-27T07:46:23+00:00","dateModified":"2023-07-12T13:30:35+00:00","mainEntityOfPage":{"@id":"https:\/\/www.kompetensforetagen.se\/2021\/09\/ali-al-saadi-vill-radda-liv\/"},"wordCount":416,"publisher":{"@id":"https:\/\/www.kompetensforetagen.se\/#organization"},"image":{"@id":"https:\/\/www.kompetensforetagen.se\/2021\/09\/ali-al-saadi-vill-radda-liv\/#primaryimage"},"thumbnailUrl":"https:\/\/www.kompetensforetagen.se\/app\/uploads\/sites\/5\/2021\/09\/ali-scaled-e1633077981192.jpeg","articleSection":["Konsult"],"inLanguage":"sv-SE"},{"@type":"WebPage","@id":"https:\/\/www.kompetensforetagen.se\/2021\/09\/ali-al-saadi-vill-radda-liv\/","url":"https:\/\/www.kompetensforetagen.se\/2021\/09\/ali-al-saadi-vill-radda-liv\/","name":"Ali Al-Saadi vill r\u00e4dda liv - Kompetensf\u00f6retagen","isPartOf":{"@id":"https:\/\/www.kompetensforetagen.se\/#website"},"primaryImageOfPage":{"@id":"https:\/\/www.kompetensforetagen.se\/2021\/09\/ali-al-saadi-vill-radda-liv\/#primaryimage"},"image":{"@id":"https:\/\/www.kompetensforetagen.se\/2021\/09\/ali-al-saadi-vill-radda-liv\/#primaryimage"},"thumbnailUrl":"https:\/\/www.kompetensforetagen.se\/app\/uploads\/sites\/5\/2021\/09\/ali-scaled-e1633077981192.jpeg","datePublished":"2021-09-27T07:46:23+00:00","dateModified":"2023-07-12T13:30:35+00:00","description":"Ali b\u00f6rjade sin utbildning till biomedicinsk analytiker f\u00f6r att han vill r\u00e4dda liv. Han jobbar extra p\u00e5 bemanningsf\u00f6retaget Clevry.","breadcrumb":{"@id":"https:\/\/www.kompetensforetagen.se\/2021\/09\/ali-al-saadi-vill-radda-liv\/#breadcrumb"},"inLanguage":"sv-SE","potentialAction":[{"@type":"ReadAction","target":["https:\/\/www.kompetensforetagen.se\/2021\/09\/ali-al-saadi-vill-radda-liv\/"]}]},{"@type":"ImageObject","inLanguage":"sv-SE","@id":"https:\/\/www.kompetensforetagen.se\/2021\/09\/ali-al-saadi-vill-radda-liv\/#primaryimage","url":"https:\/\/www.kompetensforetagen.se\/app\/uploads\/sites\/5\/2021\/09\/ali-scaled-e1633077981192.jpeg","contentUrl":"https:\/\/www.kompetensforetagen.se\/app\/uploads\/sites\/5\/2021\/09\/ali-scaled-e1633077981192.jpeg","width":1107,"height":630,"caption":"Ali Al-Saadi, en av m\u00e5nga framg\u00e5ngsrika konsulter i branschen."},{"@type":"BreadcrumbList","@id":"https:\/\/www.kompetensforetagen.se\/2021\/09\/ali-al-saadi-vill-radda-liv\/#breadcrumb","itemListElement":[{"@type":"ListItem","position":1,"name":"Home","item":"https:\/\/www.kompetensforetagen.se\/"},{"@type":"ListItem","position":2,"name":"Ali Al-Saadi vill r\u00e4dda liv"}]},{"@type":"WebSite","@id":"https:\/\/www.kompetensforetagen.se\/#website","url":"https:\/\/www.kompetensforetagen.se\/","name":"Kompetensf\u00f6retagen","description":"R\u00e4tt person p\u00e5 r\u00e4tt plats kan f\u00f6r\u00e4ndra v\u00e4rlden","publisher":{"@id":"https:\/\/www.kompetensforetagen.se\/#organization"},"potentialAction":[{"@type":"SearchAction","target":{"@type":"EntryPoint","urlTemplate":"https:\/\/www.kompetensforetagen.se\/?s={search_term_string}"},"query-input":{"@type":"PropertyValueSpecification","valueRequired":true,"valueName":"search_term_string"}}],"inLanguage":"sv-SE"},{"@type":"Organization","@id":"https:\/\/www.kompetensforetagen.se\/#organization","name":"Kompetensf\u00f6retagen","url":"https:\/\/www.kompetensforetagen.se\/","logo":{"@type":"ImageObject","inLanguage":"sv-SE","@id":"https:\/\/www.kompetensforetagen.se\/#\/schema\/logo\/image\/","url":"https:\/\/www.kompetensforetagen.se\/app\/uploads\/sites\/5\/2022\/10\/logga_svart.png","contentUrl":"https:\/\/www.kompetensforetagen.se\/app\/uploads\/sites\/5\/2022\/10\/logga_svart.png","width":752,"height":64,"caption":"Kompetensf\u00f6retagen"},"image":{"@id":"https:\/\/www.kompetensforetagen.se\/#\/schema\/logo\/image\/"},"sameAs":["https:\/\/www.linkedin.com\/company\/10540032\/"]},{"@type":"Person","@id":"https:\/\/www.kompetensforetagen.se\/#\/schema\/person\/38c6b37b81c530c93246c3d1993d5662","name":"Shashika Sellgren","image":{"@type":"ImageObject","inLanguage":"sv-SE","@id":"https:\/\/www.kompetensforetagen.se\/#\/schema\/person\/image\/","url":"https:\/\/secure.gravatar.com\/avatar\/b225c479880df9eb82d1501dd105dd8040f27c8563f3d4bf5dd62ce0a1630abd?s=96&d=mm&r=g","contentUrl":"https:\/\/secure.gravatar.com\/avatar\/b225c479880df9eb82d1501dd105dd8040f27c8563f3d4bf5dd62ce0a1630abd?s=96&d=mm&r=g","caption":"Shashika Sellgren"},"url":"https:\/\/www.kompetensforetagen.se\/person\/shashikasellgren\/"}]}},"_links":{"self":[{"href":"https:\/\/www.kompetensforetagen.se\/api\/wp\/v2\/posts\/8028","targetHints":{"allow":["GET"]}}],"collection":[{"href":"https:\/\/www.kompetensforetagen.se\/api\/wp\/v2\/posts"}],"about":[{"href":"https:\/\/www.kompetensforetagen.se\/api\/wp\/v2\/types\/post"}],"author":[{"embeddable":true,"href":"https:\/\/www.kompetensforetagen.se\/api\/wp\/v2\/users\/6058"}],"replies":[{"embeddable":true,"href":"https:\/\/www.kompetensforetagen.se\/api\/wp\/v2\/comments?post=8028"}],"version-history":[{"count":1,"href":"https:\/\/www.kompetensforetagen.se\/api\/wp\/v2\/posts\/8028\/revisions"}],"predecessor-version":[{"id":14536,"href":"https:\/\/www.kompetensforetagen.se\/api\/wp\/v2\/posts\/8028\/revisions\/14536"}],"wp:featuredmedia":[{"embeddable":true,"href":"https:\/\/www.kompetensforetagen.se\/api\/wp\/v2\/media\/8034"}],"wp:attachment":[{"href":"https:\/\/www.kompetensforetagen.se\/api\/wp\/v2\/media?parent=8028"}],"wp:term":[{"taxonomy":"category","embeddable":true,"href":"https:\/\/www.kompetensforetagen.se\/api\/wp\/v2\/categories?post=8028"},{"taxonomy":"post_tag","embeddable":true,"href":"https:\/\/www.kompetensforetagen.se\/api\/wp\/v2\/tags?post=8028"},{"taxonomy":"type","embeddable":true,"href":"https:\/\/www.kompetensforetagen.se\/api\/wp\/v2\/article_type?post=8028"},{"taxonomy":"agreement","embeddable":true,"href":"https:\/\/www.kompetensforetagen.se\/api\/wp\/v2\/agreement?post=8028"},{"taxonomy":"for-members","embeddable":true,"href":"https:\/\/www.kompetensforetagen.se\/api\/wp\/v2\/for-members?post=8028"}],"curies":[{"name":"wp","href":"https:\/\/api.w.org\/{rel}","templated":true}]}}