{"id":7988,"date":"2021-09-23T12:33:47","date_gmt":"2021-09-23T10:33:47","guid":{"rendered":"https:\/\/www.kompetensforetagen.se\/?p=7988"},"modified":"2023-11-07T16:34:13","modified_gmt":"2023-11-07T15:34:13","slug":"konsultundersokningen-2021-bemanningsbranschen-skapar-insteg-och-framsteg-pa-arbetsmarknaden","status":"publish","type":"post","link":"https:\/\/www.kompetensforetagen.se\/2021\/09\/konsultundersokningen-2021-bemanningsbranschen-skapar-insteg-och-framsteg-pa-arbetsmarknaden\/","title":{"rendered":"Konsult&shy;unders\u00f6kningen 2021: Bemannings&shy;branschen skapar insteg och framsteg p\u00e5 arbetsmarknaden"},"content":{"rendered":"\n<p><span data-contrast=\"auto\">Vartannat \u00e5r tar Kompetensf\u00f6retagen reda p\u00e5 hur medlemsf\u00f6retagens medarbetare &#8211; konsulterna &#8211; ser p\u00e5 sina jobb. Till exempel h<\/span><span data-contrast=\"auto\">ur de trivs, om de utvecklas, om de tror att jobbet som konsult kommer att leda till andra jobb. Det vi ser i \u00e5rets unders\u00f6kning \u00e4r att konsultjobbet, precis som vi brukar s\u00e4ga, \u00e4r en bra arbetslivserfarenhet. P\u00e5 m\u00e5nga s\u00e4tt. Man kan bland annat tydlig se <\/span><span data-contrast=\"none\">att&nbsp;bemanningsbranschen&nbsp;skapar&nbsp;insteg och framsteg p\u00e5 arbetsmarknaden.<\/span><span data-ccp-props=\"{&quot;201341983&quot;:0,&quot;335559739&quot;:160,&quot;335559740&quot;:259}\">&nbsp;<\/span><\/p>\n\n\n<a class='Share__link Share__link--url copy-text' href='#' rel='nofollow' data-text='tre-av-fyra\u202f-rekommenderar-jobbet-som-konsult' title='Dela url' data-confirmation='L\u00e4nken kopierades till urklipp'><svg class='icon icon--link'  width='18' height='18' viewBox='0 0 18 18' fill='none' xmlns='http:\/\/www.w3.org\/2000\/svg'>\n            <path d='M10.4142 0.514721L6.87868 4.05025L8.29289 5.46447L11.1213 2.63604L15.364 6.87868L12.5355 9.70711L13.9497 11.1213L17.4853 7.58579C17.8763 7.19476 17.8763 6.5626 17.4853 6.17158L11.8284 0.514721C11.4374 0.123691 10.8052 0.123691 10.4142 0.514721Z' fill='black'\/>\n            <path d='M9.7071 12.5355L6.87868 15.364L2.63604 11.1213L5.46446 8.2929L4.05025 6.87868L0.514716 10.4142C0.123686 10.8052 0.123686 11.4374 0.514716 11.8284L6.17157 17.4853C6.5626 17.8763 7.19475 17.8763 7.58578 17.4853L11.1213 13.9497L9.7071 12.5355Z' fill='black'\/>\n            <path d='M6.17157 11.8284C6.5626 12.2195 7.19475 12.2195 7.58578 11.8284L11.8284 7.58579C12.2195 7.19476 12.2195 6.56261 11.8284 6.17158C11.4374 5.78055 10.8052 5.78055 10.4142 6.17158L6.17157 10.4142C5.78054 10.8052 5.78054 11.4374 6.17157 11.8284Z' fill='black'\/>\n            <\/svg> <\/a>\n<h2 class=\"wp-block-heading\">Tre av fyra\u202f rekommenderar jobbet som konsult<\/h2>\n\n\n\n<p><span data-contrast=\"none\">Som vi redan skrivit om trivs konsulterna med sina jobb till en grad att de<a href=\"https:\/\/www.kompetensforetagen.se\/2021\/09\/tre-av-fyra-konsulter-ar-positiva-till-jobbet\/\" target=\"_blank\" rel=\"noreferrer noopener\"> rekommenderar andra att prova<\/a>. En unders\u00f6kning bland \u00f6vriga sysselsatta \u202fp\u00e5 arbetsmarknaden\u202f ger samma resultat.\u202f\u202fBland konsulterna svarar tre av fyra att de rekommenderar jobbet som konsult, och lika m\u00e5nga \u00e4r n\u00f6jda med arbetsuppgifterna. \u00c5tta av tio k\u00e4nner att de \u00e4r uppskattade av kollegorna och kundf\u00f6retaget. &nbsp;<\/span><\/p>\n\n\n<a class='Share__link Share__link--url copy-text' href='#' rel='nofollow' data-text='bemanningsbranschen&nbsp;skapar&nbsp;insteg-och-framsteg-pa-arbetsmarknaden&nbsp;' title='Dela url' data-confirmation='L\u00e4nken kopierades till urklipp'><svg class='icon icon--link'  width='18' height='18' viewBox='0 0 18 18' fill='none' xmlns='http:\/\/www.w3.org\/2000\/svg'>\n            <path d='M10.4142 0.514721L6.87868 4.05025L8.29289 5.46447L11.1213 2.63604L15.364 6.87868L12.5355 9.70711L13.9497 11.1213L17.4853 7.58579C17.8763 7.19476 17.8763 6.5626 17.4853 6.17158L11.8284 0.514721C11.4374 0.123691 10.8052 0.123691 10.4142 0.514721Z' fill='black'\/>\n            <path d='M9.7071 12.5355L6.87868 15.364L2.63604 11.1213L5.46446 8.2929L4.05025 6.87868L0.514716 10.4142C0.123686 10.8052 0.123686 11.4374 0.514716 11.8284L6.17157 17.4853C6.5626 17.8763 7.19475 17.8763 7.58578 17.4853L11.1213 13.9497L9.7071 12.5355Z' fill='black'\/>\n            <path d='M6.17157 11.8284C6.5626 12.2195 7.19475 12.2195 7.58578 11.8284L11.8284 7.58579C12.2195 7.19476 12.2195 6.56261 11.8284 6.17158C11.4374 5.78055 10.8052 5.78055 10.4142 6.17158L6.17157 10.4142C5.78054 10.8052 5.78054 11.4374 6.17157 11.8284Z' fill='black'\/>\n            <\/svg> <\/a>\n<h2 class=\"wp-block-heading\">Bemanningsbranschen&nbsp;skapar&nbsp;insteg och framsteg p\u00e5 arbetsmarknaden<span data-ccp-props=\"{&quot;201341983&quot;:0,&quot;335559739&quot;:160,&quot;335559740&quot;:259}\">&nbsp;<\/span><\/h2>\n\n\n\n<p><span data-contrast=\"auto\">F\u00f6r h\u00e4lften av de som deltog i unders\u00f6kningen var <a href=\"https:\/\/www.kompetensforetagen.se\/2021\/09\/bemanningsbranschen-ger-det-viktiga-forsta-jobbet\/\">konsultrollen ett s\u00e4tt att f\u00e5 jobb<\/a>. Tydligast visar unders\u00f6kningen att det g\u00e4ller&nbsp;unga och utrikesf\u00f6dda. Eftersom dessa grupper ofta har sv\u00e5rt att komma in p\u00e5 arbetsmarknaden \u2013 att bli sedda av arbetsgivarna \u2013 st\u00e4rker de som konsulter sina m\u00f6jligheter f\u00f6r fler jobb. N\u00e4r man har haft ett jobb s\u00e5 \u00e4r det enklare att l\u00e4ngre fram f\u00e5 ett nytt &#8211; antingen hos ett bemanningsf\u00f6retag eller hos en annan arbetsgivare.&nbsp;<\/span><\/p>\n\n\n\n<blockquote class=\"wp-block-quote is-layout-flow wp-block-quote-is-layout-flow\">\n<p><span data-contrast=\"none\">\u00c5tta av tio k\u00e4nner att de \u00e4r uppskattade av kollegorna och kundf\u00f6retaget<\/span><\/p>\n<\/blockquote>\n\n\n\n<p><span data-contrast=\"auto\">Jobbet som konsult \u00e4r bra f\u00f6r utvecklingen p\u00e5 andra s\u00e4tt, d\u00e5 det&nbsp;ger m\u00f6jlighet att prova olika yrken&nbsp;eller roller. M\u00e5nga av konsulterna har ocks\u00e5 svarat att det var orsaken till att prova p\u00e5 jobbet som konsult, eller s\u00e5 ville de helt enkelt kompetensutvecklas. Femton procent, allts\u00e5 n\u00e4rmare 500 personer, hade f\u00f6rlorat jobbet under coronakrisen och fick sen jobb som konsult.<\/span><span data-ccp-props=\"{&quot;201341983&quot;:0,&quot;335559739&quot;:160,&quot;335559740&quot;:259}\">&nbsp;<\/span><\/p>\n\n\n<a class='Share__link Share__link--url copy-text' href='#' rel='nofollow' data-text='i-karnan-av&nbsp;arbetsmarknadens-ekosystem' title='Dela url' data-confirmation='L\u00e4nken kopierades till urklipp'><svg class='icon icon--link'  width='18' height='18' viewBox='0 0 18 18' fill='none' xmlns='http:\/\/www.w3.org\/2000\/svg'>\n            <path d='M10.4142 0.514721L6.87868 4.05025L8.29289 5.46447L11.1213 2.63604L15.364 6.87868L12.5355 9.70711L13.9497 11.1213L17.4853 7.58579C17.8763 7.19476 17.8763 6.5626 17.4853 6.17158L11.8284 0.514721C11.4374 0.123691 10.8052 0.123691 10.4142 0.514721Z' fill='black'\/>\n            <path d='M9.7071 12.5355L6.87868 15.364L2.63604 11.1213L5.46446 8.2929L4.05025 6.87868L0.514716 10.4142C0.123686 10.8052 0.123686 11.4374 0.514716 11.8284L6.17157 17.4853C6.5626 17.8763 7.19475 17.8763 7.58578 17.4853L11.1213 13.9497L9.7071 12.5355Z' fill='black'\/>\n            <path d='M6.17157 11.8284C6.5626 12.2195 7.19475 12.2195 7.58578 11.8284L11.8284 7.58579C12.2195 7.19476 12.2195 6.56261 11.8284 6.17158C11.4374 5.78055 10.8052 5.78055 10.4142 6.17158L6.17157 10.4142C5.78054 10.8052 5.78054 11.4374 6.17157 11.8284Z' fill='black'\/>\n            <\/svg> <\/a>\n<h2 class=\"wp-block-heading\">I k\u00e4rnan av&nbsp;arbetsmarknadens ekosystem<\/h2>\n\n\n\n<p><span data-contrast=\"auto\">Med bemanningsbranschen f\u00f6ddes en modern HR-l\u00f6sning som f\u00e5tt st\u00f6rre betydelse n\u00e4r fler och betydligt mer of\u00f6ruts\u00e4gbara parametrar \u00e4n v\u00e4der och s\u00e4song p\u00e5verkar arbetskraftsbehovet. P\u00e5 en alltmer snabbr\u00f6rlig arbetsmarknad skapar, utvecklar och bevarar bemanningsbranschen arbetstillf\u00e4llen under de trygga anst\u00e4llningsformer som till\u00e4mpas i Sverige. Sex av tio i konsultunders\u00f6kningen tror ocks\u00e5 att jobbet kommer att leda till andra jobb i framtiden. I bemanningsbranschen finns allts\u00e5 v\u00e4gen till arbetsmarknaden, m\u00f6jligheterna att utvecklas och prova nya jobb och arbetsplatser. Att befinna sig i bemanningsbranschen \u00e4r att befinna sig i k\u00e4rnan av arbetsmarknadens ekosystem. &nbsp;<\/span><\/p>\n\n\n\n<blockquote class=\"wp-block-quote is-layout-flow wp-block-quote-is-layout-flow\">\n<p><span data-contrast=\"auto\">Sex av tio i konsultunders\u00f6kningen tror ocks\u00e5 att jobbet kommer att leda till andra jobb i framtiden<\/span><\/p>\n<\/blockquote>\n\n\n\n<h3 class=\"wp-block-heading\">Korta fakta ur unders\u00f6kningen<\/h3>\n\n\n\n<figure class=\"wp-block-table\"><table class=\"has-secondary-background-color has-background\"><tbody><tr><td><strong>En attraktiv bransch &#8230;<\/strong>&nbsp;<br>&#8211; Var femte\u202f s\u00f6kte sig till konsultyrket f\u00f6r att de\u202f ville prova olika arbetsplatser eller f\u00e5 ett b\u00e4ttre eller mer intressant jobb\u202f&nbsp;<br>&#8211; F\u00f6r fyra av tio utrikesf\u00f6dda var det ett s\u00e4tt att f\u00e5 jobb&nbsp;<br>&#8211; Var fj\u00e4rde konsult hade varit arbetss\u00f6kande, och var tredje kom fr\u00e5n en tillsvidareanst\u00e4llning&nbsp;<br>&#8211; Var fj\u00e4rde s\u00f6kte jobbet f\u00f6r att utveckla sin kompetens\u202f\u202f&nbsp;<br>&#8211; Femton procent hade f\u00f6rlorat jobbet under coronakrisen och fick jobb som konsult&nbsp;<br><br><\/td><\/tr><\/tbody><\/table><\/figure>\n\n\n\n<figure class=\"wp-block-table\"><table class=\"has-secondary-background-color has-background\"><tbody><tr><td><strong>&#8230; med n\u00f6jda medarbetare<\/strong>&nbsp;<br>&#8211; Tre av fyra skulle rekommendera jobbet till andra&nbsp;<br>&#8211; Tre av fyra \u00e4r n\u00f6jda med sina arbetsuppgifter&nbsp;<br>&#8211; Tre av fyra upplever arbetet som meningsfullt\u202f&nbsp;<br>&#8211; Fyra av fem k\u00e4nner sig uppskattade av kollegor och kundf\u00f6retag&nbsp;<br><\/td><\/tr><\/tbody><\/table><\/figure>\n\n\n\n<figure class=\"wp-block-table\"><table class=\"has-secondary-background-color has-background\"><tbody><tr><td><strong>Fakta om unders\u00f6kningen<\/strong>&nbsp;<br>Demoskop\u202f genomf\u00f6rde unders\u00f6kningen \u202fmellan 1 mars \u2013 11 april. Totalt gjordes 3\u202f211 intervjuer med\u202f hj\u00e4lp av webbenk\u00e4ter till konsulter \u202fsom jobbar f\u00f6r Kompetensf\u00f6retagens medlemsf\u00f6retag.&nbsp;&nbsp;<br><\/td><\/tr><\/tbody><\/table><\/figure>\n","protected":false},"excerpt":{"rendered":"<p>Vartannat \u00e5r tar Kompetensf\u00f6retagen reda p\u00e5 hur medlemsf\u00f6retagens medarbetare &#8211; konsulterna &#8211; ser p\u00e5 sina jobb. Till exempel hur de trivs, om de utvecklas, om de tror att jobbet som konsult kommer att leda till &hellip;<\/p>\n","protected":false},"author":6058,"featured_media":8012,"comment_status":"closed","ping_status":"closed","sticky":false,"template":"","format":"standard","meta":{"_acf_changed":false,"footnotes":""},"categories":[205],"tags":[],"article_type":[210],"agreement":[],"for-members":[],"class_list":["post-7988","post","type-post","status-publish","format-standard","has-post-thumbnail","hentry","category-konsultundersokning","type-fakta"],"acf":[],"yoast_head":"<!-- This site is optimized with the Yoast SEO Premium plugin v26.8 (Yoast SEO v26.8) - https:\/\/yoast.com\/product\/yoast-seo-premium-wordpress\/ -->\n<title>Bemanningsbranschen - insteg och framsteg p\u00e5 arbetsmarknaden<\/title>\n<meta name=\"description\" content=\"Kompetensf\u00f6retagens konsultunders\u00f6kning f\u00f6r 2021 visar att bemanningsbranschen skapar insteg och framsteg p\u00e5 arbetsmarknaden.\" \/>\n<meta name=\"robots\" content=\"index, follow, max-snippet:-1, max-image-preview:large, max-video-preview:-1\" \/>\n<link rel=\"canonical\" href=\"https:\/\/www.kompetensforetagen.se\/2021\/09\/konsultundersokningen-2021-bemanningsbranschen-skapar-insteg-och-framsteg-pa-arbetsmarknaden\/\" \/>\n<meta property=\"og:locale\" content=\"sv_SE\" \/>\n<meta property=\"og:type\" content=\"article\" \/>\n<meta property=\"og:title\" content=\"Konsultunders\u00f6kningen 2021: Bemanningsbranschen skapar insteg och framsteg p\u00e5 arbetsmarknaden\" \/>\n<meta property=\"og:description\" content=\"Kompetensf\u00f6retagens konsultunders\u00f6kning f\u00f6r 2021 visar att bemanningsbranschen skapar insteg och framsteg p\u00e5 arbetsmarknaden.\" \/>\n<meta property=\"og:url\" content=\"https:\/\/www.kompetensforetagen.se\/2021\/09\/konsultundersokningen-2021-bemanningsbranschen-skapar-insteg-och-framsteg-pa-arbetsmarknaden\/\" \/>\n<meta property=\"og:site_name\" content=\"Kompetensf\u00f6retagen\" \/>\n<meta property=\"article:published_time\" content=\"2021-09-23T10:33:47+00:00\" \/>\n<meta property=\"article:modified_time\" content=\"2023-11-07T15:34:13+00:00\" \/>\n<meta property=\"og:image\" content=\"https:\/\/www.kompetensforetagen.se\/app\/uploads\/sites\/5\/2021\/09\/namnlos-design-21-e1632397509759.png\" \/>\n\t<meta property=\"og:image:width\" content=\"891\" \/>\n\t<meta property=\"og:image:height\" content=\"630\" \/>\n\t<meta property=\"og:image:type\" content=\"image\/png\" \/>\n<meta name=\"author\" content=\"Shashika Sellgren\" \/>\n<meta name=\"twitter:card\" content=\"summary_large_image\" \/>\n<meta name=\"twitter:label1\" content=\"Skriven av\" \/>\n\t<meta name=\"twitter:data1\" content=\"Shashika Sellgren\" \/>\n\t<meta name=\"twitter:label2\" content=\"Ber\u00e4knad l\u00e4stid\" \/>\n\t<meta name=\"twitter:data2\" content=\"3 minuter\" \/>\n<!-- \/ Yoast SEO Premium plugin. -->","yoast_head_json":{"title":"Bemanningsbranschen - insteg och framsteg p\u00e5 arbetsmarknaden","description":"Kompetensf\u00f6retagens konsultunders\u00f6kning f\u00f6r 2021 visar att bemanningsbranschen skapar insteg och framsteg p\u00e5 arbetsmarknaden.","robots":{"index":"index","follow":"follow","max-snippet":"max-snippet:-1","max-image-preview":"max-image-preview:large","max-video-preview":"max-video-preview:-1"},"canonical":"https:\/\/www.kompetensforetagen.se\/2021\/09\/konsultundersokningen-2021-bemanningsbranschen-skapar-insteg-och-framsteg-pa-arbetsmarknaden\/","og_locale":"sv_SE","og_type":"article","og_title":"Konsultunders\u00f6kningen 2021: Bemanningsbranschen skapar insteg och framsteg p\u00e5 arbetsmarknaden","og_description":"Kompetensf\u00f6retagens konsultunders\u00f6kning f\u00f6r 2021 visar att bemanningsbranschen skapar insteg och framsteg p\u00e5 arbetsmarknaden.","og_url":"https:\/\/www.kompetensforetagen.se\/2021\/09\/konsultundersokningen-2021-bemanningsbranschen-skapar-insteg-och-framsteg-pa-arbetsmarknaden\/","og_site_name":"Kompetensf\u00f6retagen","article_published_time":"2021-09-23T10:33:47+00:00","article_modified_time":"2023-11-07T15:34:13+00:00","og_image":[{"width":891,"height":630,"url":"https:\/\/www.kompetensforetagen.se\/app\/uploads\/sites\/5\/2021\/09\/namnlos-design-21-e1632397509759.png","type":"image\/png"}],"author":"Shashika Sellgren","twitter_card":"summary_large_image","twitter_misc":{"Skriven av":"Shashika Sellgren","Ber\u00e4knad l\u00e4stid":"3 minuter"},"schema":{"@context":"https:\/\/schema.org","@graph":[{"@type":"Article","@id":"https:\/\/www.kompetensforetagen.se\/2021\/09\/konsultundersokningen-2021-bemanningsbranschen-skapar-insteg-och-framsteg-pa-arbetsmarknaden\/#article","isPartOf":{"@id":"https:\/\/www.kompetensforetagen.se\/2021\/09\/konsultundersokningen-2021-bemanningsbranschen-skapar-insteg-och-framsteg-pa-arbetsmarknaden\/"},"author":{"name":"Shashika Sellgren","@id":"https:\/\/www.kompetensforetagen.se\/#\/schema\/person\/38c6b37b81c530c93246c3d1993d5662"},"headline":"Konsult&shy;unders\u00f6kningen 2021: Bemannings&shy;branschen skapar insteg och framsteg p\u00e5 arbetsmarknaden","datePublished":"2021-09-23T10:33:47+00:00","dateModified":"2023-11-07T15:34:13+00:00","mainEntityOfPage":{"@id":"https:\/\/www.kompetensforetagen.se\/2021\/09\/konsultundersokningen-2021-bemanningsbranschen-skapar-insteg-och-framsteg-pa-arbetsmarknaden\/"},"wordCount":665,"publisher":{"@id":"https:\/\/www.kompetensforetagen.se\/#organization"},"image":{"@id":"https:\/\/www.kompetensforetagen.se\/2021\/09\/konsultundersokningen-2021-bemanningsbranschen-skapar-insteg-och-framsteg-pa-arbetsmarknaden\/#primaryimage"},"thumbnailUrl":"https:\/\/www.kompetensforetagen.se\/app\/uploads\/sites\/5\/2021\/09\/namnlos-design-21-e1632397509759.png","articleSection":["Konsultunders\u00f6kning"],"inLanguage":"sv-SE"},{"@type":"WebPage","@id":"https:\/\/www.kompetensforetagen.se\/2021\/09\/konsultundersokningen-2021-bemanningsbranschen-skapar-insteg-och-framsteg-pa-arbetsmarknaden\/","url":"https:\/\/www.kompetensforetagen.se\/2021\/09\/konsultundersokningen-2021-bemanningsbranschen-skapar-insteg-och-framsteg-pa-arbetsmarknaden\/","name":"Bemanningsbranschen - insteg och framsteg p\u00e5 arbetsmarknaden","isPartOf":{"@id":"https:\/\/www.kompetensforetagen.se\/#website"},"primaryImageOfPage":{"@id":"https:\/\/www.kompetensforetagen.se\/2021\/09\/konsultundersokningen-2021-bemanningsbranschen-skapar-insteg-och-framsteg-pa-arbetsmarknaden\/#primaryimage"},"image":{"@id":"https:\/\/www.kompetensforetagen.se\/2021\/09\/konsultundersokningen-2021-bemanningsbranschen-skapar-insteg-och-framsteg-pa-arbetsmarknaden\/#primaryimage"},"thumbnailUrl":"https:\/\/www.kompetensforetagen.se\/app\/uploads\/sites\/5\/2021\/09\/namnlos-design-21-e1632397509759.png","datePublished":"2021-09-23T10:33:47+00:00","dateModified":"2023-11-07T15:34:13+00:00","description":"Kompetensf\u00f6retagens konsultunders\u00f6kning f\u00f6r 2021 visar att bemanningsbranschen skapar insteg och framsteg p\u00e5 arbetsmarknaden.","breadcrumb":{"@id":"https:\/\/www.kompetensforetagen.se\/2021\/09\/konsultundersokningen-2021-bemanningsbranschen-skapar-insteg-och-framsteg-pa-arbetsmarknaden\/#breadcrumb"},"inLanguage":"sv-SE","potentialAction":[{"@type":"ReadAction","target":["https:\/\/www.kompetensforetagen.se\/2021\/09\/konsultundersokningen-2021-bemanningsbranschen-skapar-insteg-och-framsteg-pa-arbetsmarknaden\/"]}]},{"@type":"ImageObject","inLanguage":"sv-SE","@id":"https:\/\/www.kompetensforetagen.se\/2021\/09\/konsultundersokningen-2021-bemanningsbranschen-skapar-insteg-och-framsteg-pa-arbetsmarknaden\/#primaryimage","url":"https:\/\/www.kompetensforetagen.se\/app\/uploads\/sites\/5\/2021\/09\/namnlos-design-21-e1632397509759.png","contentUrl":"https:\/\/www.kompetensforetagen.se\/app\/uploads\/sites\/5\/2021\/09\/namnlos-design-21-e1632397509759.png","width":891,"height":630,"caption":"Informationsgrafik fr\u00e5n Kompetensf\u00f6retagen g\u00e4llande Konsultunders\u00f6kningen 2021."},{"@type":"BreadcrumbList","@id":"https:\/\/www.kompetensforetagen.se\/2021\/09\/konsultundersokningen-2021-bemanningsbranschen-skapar-insteg-och-framsteg-pa-arbetsmarknaden\/#breadcrumb","itemListElement":[{"@type":"ListItem","position":1,"name":"Home","item":"https:\/\/www.kompetensforetagen.se\/"},{"@type":"ListItem","position":2,"name":"Konsult&shy;unders\u00f6kningen 2021: Bemannings&shy;branschen skapar insteg och framsteg p\u00e5 arbetsmarknaden"}]},{"@type":"WebSite","@id":"https:\/\/www.kompetensforetagen.se\/#website","url":"https:\/\/www.kompetensforetagen.se\/","name":"Kompetensf\u00f6retagen","description":"R\u00e4tt person p\u00e5 r\u00e4tt plats kan f\u00f6r\u00e4ndra v\u00e4rlden","publisher":{"@id":"https:\/\/www.kompetensforetagen.se\/#organization"},"potentialAction":[{"@type":"SearchAction","target":{"@type":"EntryPoint","urlTemplate":"https:\/\/www.kompetensforetagen.se\/?s={search_term_string}"},"query-input":{"@type":"PropertyValueSpecification","valueRequired":true,"valueName":"search_term_string"}}],"inLanguage":"sv-SE"},{"@type":"Organization","@id":"https:\/\/www.kompetensforetagen.se\/#organization","name":"Kompetensf\u00f6retagen","url":"https:\/\/www.kompetensforetagen.se\/","logo":{"@type":"ImageObject","inLanguage":"sv-SE","@id":"https:\/\/www.kompetensforetagen.se\/#\/schema\/logo\/image\/","url":"https:\/\/www.kompetensforetagen.se\/app\/uploads\/sites\/5\/2022\/10\/logga_svart.png","contentUrl":"https:\/\/www.kompetensforetagen.se\/app\/uploads\/sites\/5\/2022\/10\/logga_svart.png","width":752,"height":64,"caption":"Kompetensf\u00f6retagen"},"image":{"@id":"https:\/\/www.kompetensforetagen.se\/#\/schema\/logo\/image\/"},"sameAs":["https:\/\/www.linkedin.com\/company\/10540032\/"]},{"@type":"Person","@id":"https:\/\/www.kompetensforetagen.se\/#\/schema\/person\/38c6b37b81c530c93246c3d1993d5662","name":"Shashika Sellgren","image":{"@type":"ImageObject","inLanguage":"sv-SE","@id":"https:\/\/www.kompetensforetagen.se\/#\/schema\/person\/image\/","url":"https:\/\/secure.gravatar.com\/avatar\/b225c479880df9eb82d1501dd105dd8040f27c8563f3d4bf5dd62ce0a1630abd?s=96&d=mm&r=g","contentUrl":"https:\/\/secure.gravatar.com\/avatar\/b225c479880df9eb82d1501dd105dd8040f27c8563f3d4bf5dd62ce0a1630abd?s=96&d=mm&r=g","caption":"Shashika Sellgren"},"url":"https:\/\/www.kompetensforetagen.se\/person\/shashikasellgren\/"}]}},"_links":{"self":[{"href":"https:\/\/www.kompetensforetagen.se\/api\/wp\/v2\/posts\/7988","targetHints":{"allow":["GET"]}}],"collection":[{"href":"https:\/\/www.kompetensforetagen.se\/api\/wp\/v2\/posts"}],"about":[{"href":"https:\/\/www.kompetensforetagen.se\/api\/wp\/v2\/types\/post"}],"author":[{"embeddable":true,"href":"https:\/\/www.kompetensforetagen.se\/api\/wp\/v2\/users\/6058"}],"replies":[{"embeddable":true,"href":"https:\/\/www.kompetensforetagen.se\/api\/wp\/v2\/comments?post=7988"}],"version-history":[{"count":3,"href":"https:\/\/www.kompetensforetagen.se\/api\/wp\/v2\/posts\/7988\/revisions"}],"predecessor-version":[{"id":15647,"href":"https:\/\/www.kompetensforetagen.se\/api\/wp\/v2\/posts\/7988\/revisions\/15647"}],"wp:featuredmedia":[{"embeddable":true,"href":"https:\/\/www.kompetensforetagen.se\/api\/wp\/v2\/media\/8012"}],"wp:attachment":[{"href":"https:\/\/www.kompetensforetagen.se\/api\/wp\/v2\/media?parent=7988"}],"wp:term":[{"taxonomy":"category","embeddable":true,"href":"https:\/\/www.kompetensforetagen.se\/api\/wp\/v2\/categories?post=7988"},{"taxonomy":"post_tag","embeddable":true,"href":"https:\/\/www.kompetensforetagen.se\/api\/wp\/v2\/tags?post=7988"},{"taxonomy":"type","embeddable":true,"href":"https:\/\/www.kompetensforetagen.se\/api\/wp\/v2\/article_type?post=7988"},{"taxonomy":"agreement","embeddable":true,"href":"https:\/\/www.kompetensforetagen.se\/api\/wp\/v2\/agreement?post=7988"},{"taxonomy":"for-members","embeddable":true,"href":"https:\/\/www.kompetensforetagen.se\/api\/wp\/v2\/for-members?post=7988"}],"curies":[{"name":"wp","href":"https:\/\/api.w.org\/{rel}","templated":true}]}}