{"id":7967,"date":"2021-09-22T10:40:58","date_gmt":"2021-09-22T08:40:58","guid":{"rendered":"https:\/\/www.kompetensforetagen.se\/?p=7967"},"modified":"2023-11-24T14:55:41","modified_gmt":"2023-11-24T13:55:41","slug":"bemanningsbranschen-ger-det-viktiga-forsta-jobbet","status":"publish","type":"post","link":"https:\/\/www.kompetensforetagen.se\/2021\/09\/bemanningsbranschen-ger-det-viktiga-forsta-jobbet\/","title":{"rendered":"Bemannings&shy;branschen ger det viktiga f\u00f6rsta jobbet"},"content":{"rendered":"\n<p><span data-contrast=\"auto\">Hur f\u00e5r man&nbsp;<\/span><span data-contrast=\"none\">f\u00f6rsta jobbet<\/span><span data-contrast=\"auto\">?&nbsp;Den som redan haft ett jobb har l\u00e4ttare att s\u00f6ka ett annat, eller ta sig tillbaka in \u00f6ver tr\u00f6skeln. Men f\u00f6r den som aldrig haft ett \u00e4r det tuffare. Ofta handlar det om en ung person, eller n\u00e5gon som \u00e4r ny i landet. Utan en enda rad p\u00e5 sitt cv&nbsp;\u00e4r det sv\u00e5rt att klara sig genom f\u00f6rsta n\u00e5ls\u00f6gat;&nbsp;n\u00e4r en rekryterare l\u00e4ser ans\u00f6kan.&nbsp;F\u00f6r mer \u00e4n h\u00e4lften av de svarande i&nbsp;Kompetensf\u00f6retagens senaste konsultunders\u00f6kning&nbsp;var jobbet som konsult just ett&nbsp;s\u00e4tt att f\u00e5&nbsp;jobb, och&nbsp;var fj\u00e4rde&nbsp;hade varit arbetss\u00f6kande&nbsp;innan.&nbsp;Var tredje person&nbsp;upp till 29 \u00e5r&nbsp;hade studerat.<\/span><span data-ccp-props=\"{&quot;201341983&quot;:0,&quot;335559739&quot;:160,&quot;335559740&quot;:259}\">&nbsp;<\/span><\/p>\n\n\n\n<h3 class=\"wp-block-heading\">Viktigt med n\u00e4tverk<\/h3>\n\n\n\n<p><span data-contrast=\"auto\">Den som inte har befunnit sig p\u00e5 arbetsmarknaden har antagligen ocks\u00e5 ett ganska litet n\u00e4tverk. De flesta jobb tills\u00e4tts&nbsp;p\u00e5 just kontakter. S\u00e5 ett f\u00f6rsta jobb \u00e4r viktigt, inte bara f\u00f6r den egna ekonomin, utan f\u00f6r den fortsatta karri\u00e4ren.&nbsp;F\u00f6r m\u00e5nga med f\u00f6rsta raden-problemet&nbsp;\u00e4r&nbsp;bemanningsbranschen v\u00e4gen in till arbetsmarknaden.&nbsp;\u00c5lder eller namn \u00e4r inte det viktiga, utan vilken kompetens personen har; vilket jobb hen kan utf\u00f6ra. Hur \u00e4r det m\u00f6jligt?&nbsp;<\/span><span data-ccp-props=\"{&quot;201341983&quot;:0,&quot;335559739&quot;:160,&quot;335559740&quot;:259}\">&nbsp;<\/span><\/p>\n\n\n\n<h3 class=\"wp-block-heading\">Bemanningsbranschen&nbsp;hj\u00e4lp till&nbsp;f\u00f6rsta&nbsp;jobbet<\/h3>\n\n\n\n<p><span data-contrast=\"auto\">I bemanningsbranschen till\u00e4mpas kompetensbaserad rekrytering. N\u00e4r m\u00e5nga arbetsgivare tvekar inf\u00f6r\u00a0att chansa p\u00e5 en ung\u00a0eller\u00a0oerfaren person, tar bemanningsf\u00f6retagen tag i m\u00f6jligheten.\u00a0\u00a0Rekrytering, d\u00e4r erfarenhet och kunskap i att utv\u00e4rdera vilken kompetens en person\u00a0har, \u00e4r en\u00a0grundl\u00e4ggande del av\u00a0bemanningsf\u00f6retagens aff\u00e4rsid\u00e9.\u00a0Dessutom har\u00a0bemanningsf\u00f6retagen\u00a0tillg\u00e5ng till\u00a0stora n\u00e4tverk av arbetsgivare\u00a0\u2013 kundf\u00f6retagen &#8211;\u00a0att matcha dem till. Det\u00a0finns allts\u00e5\u00a0st\u00f6rre chans att f\u00e5 det\u00a0viktiga, f\u00f6rsta\u00a0jobbet\u00a0i bemanningsbranschen \u00e4n de flesta andra branscher.\u00a0\u00a0<\/span><\/p>\n\n\n\n<figure class=\"wp-block-table\"><table class=\"has-secondary-background-color has-background\"><tbody><tr><td>Fakta om unders\u00f6kningen<br>Demoskop\u202f genomf\u00f6rde konsultunders\u00f6kningen\u202fmellan 1 mars \u2013 11 april. Totalt gjordes 3\u202f211 intervjuer med\u202f hj\u00e4lp av webbenk\u00e4ter till konsulter\u202fsom jobbar f\u00f6r Kompetensf\u00f6retagens medlemsf\u00f6retag.\u202f I svaren g\u00e5r att utl\u00e4sa att 54 procent tog jobbet som konsult i syfte att f\u00e5 ett jobb. Var fj\u00e4rde konsult var arbetsl\u00f6s innan de b\u00f6rjade arbeta som konsult. Var tredje person upp till 29 \u00e5r hade studerat. <\/td><\/tr><\/tbody><\/table><\/figure>\n","protected":false},"excerpt":{"rendered":"<p>Hur f\u00e5r man&nbsp;f\u00f6rsta jobbet?&nbsp;Den som redan haft ett jobb har l\u00e4ttare att s\u00f6ka ett annat, eller ta sig tillbaka in \u00f6ver tr\u00f6skeln. Men f\u00f6r den som aldrig haft ett \u00e4r det tuffare. Ofta handlar det &hellip;<\/p>\n","protected":false},"author":6058,"featured_media":7973,"comment_status":"closed","ping_status":"closed","sticky":false,"template":"","format":"standard","meta":{"_acf_changed":false,"footnotes":""},"categories":[204],"tags":[],"article_type":[219],"agreement":[],"for-members":[],"class_list":["post-7967","post","type-post","status-publish","format-standard","has-post-thumbnail","hentry","category-konsult","type-nyhet"],"acf":[],"yoast_head":"<!-- This site is optimized with the Yoast SEO Premium plugin v26.8 (Yoast SEO v26.8) - https:\/\/yoast.com\/product\/yoast-seo-premium-wordpress\/ -->\n<title>Bemanningsbranschen ger det viktiga f\u00f6rsta jobbet<\/title>\n<meta name=\"description\" content=\"Det\u00a0finns stor chans att f\u00e5 sitt f\u00f6rsta\u00a0jobb\u00a0i bemanningsbranschen.\u00a0Innan konsultjobbet hade var fj\u00e4rde varit arbetsl\u00f6s visar en unders\u00f6kning\" \/>\n<meta name=\"robots\" content=\"index, follow, max-snippet:-1, max-image-preview:large, max-video-preview:-1\" \/>\n<link rel=\"canonical\" href=\"https:\/\/www.kompetensforetagen.se\/2021\/09\/bemanningsbranschen-ger-det-viktiga-forsta-jobbet\/\" \/>\n<meta property=\"og:locale\" content=\"sv_SE\" \/>\n<meta property=\"og:type\" content=\"article\" \/>\n<meta property=\"og:title\" content=\"Bemanningsbranschen ger det viktiga f\u00f6rsta jobbet\" \/>\n<meta property=\"og:description\" content=\"Det\u00a0finns stor chans att f\u00e5 sitt f\u00f6rsta\u00a0jobb\u00a0i bemanningsbranschen.\u00a0Innan konsultjobbet hade var fj\u00e4rde varit arbetsl\u00f6s visar en unders\u00f6kning\" \/>\n<meta property=\"og:url\" content=\"https:\/\/www.kompetensforetagen.se\/2021\/09\/bemanningsbranschen-ger-det-viktiga-forsta-jobbet\/\" \/>\n<meta property=\"og:site_name\" content=\"Kompetensf\u00f6retagen\" \/>\n<meta property=\"article:published_time\" content=\"2021-09-22T08:40:58+00:00\" \/>\n<meta property=\"article:modified_time\" content=\"2023-11-24T13:55:41+00:00\" \/>\n<meta property=\"og:image\" content=\"https:\/\/www.kompetensforetagen.se\/app\/uploads\/sites\/5\/2021\/09\/statistik-innan-konsultjobbet2.jpg\" \/>\n\t<meta property=\"og:image:width\" content=\"1280\" \/>\n\t<meta property=\"og:image:height\" content=\"720\" \/>\n\t<meta property=\"og:image:type\" content=\"image\/jpeg\" \/>\n<meta name=\"author\" content=\"Shashika Sellgren\" \/>\n<meta name=\"twitter:card\" content=\"summary_large_image\" \/>\n<meta name=\"twitter:label1\" content=\"Skriven av\" \/>\n\t<meta name=\"twitter:data1\" content=\"Shashika Sellgren\" \/>\n\t<meta name=\"twitter:label2\" content=\"Ber\u00e4knad l\u00e4stid\" \/>\n\t<meta name=\"twitter:data2\" content=\"2 minuter\" \/>\n<!-- \/ Yoast SEO Premium plugin. -->","yoast_head_json":{"title":"Bemanningsbranschen ger det viktiga f\u00f6rsta jobbet","description":"Det\u00a0finns stor chans att f\u00e5 sitt f\u00f6rsta\u00a0jobb\u00a0i bemanningsbranschen.\u00a0Innan konsultjobbet hade var fj\u00e4rde varit arbetsl\u00f6s visar en unders\u00f6kning","robots":{"index":"index","follow":"follow","max-snippet":"max-snippet:-1","max-image-preview":"max-image-preview:large","max-video-preview":"max-video-preview:-1"},"canonical":"https:\/\/www.kompetensforetagen.se\/2021\/09\/bemanningsbranschen-ger-det-viktiga-forsta-jobbet\/","og_locale":"sv_SE","og_type":"article","og_title":"Bemanningsbranschen ger det viktiga f\u00f6rsta jobbet","og_description":"Det\u00a0finns stor chans att f\u00e5 sitt f\u00f6rsta\u00a0jobb\u00a0i bemanningsbranschen.\u00a0Innan konsultjobbet hade var fj\u00e4rde varit arbetsl\u00f6s visar en unders\u00f6kning","og_url":"https:\/\/www.kompetensforetagen.se\/2021\/09\/bemanningsbranschen-ger-det-viktiga-forsta-jobbet\/","og_site_name":"Kompetensf\u00f6retagen","article_published_time":"2021-09-22T08:40:58+00:00","article_modified_time":"2023-11-24T13:55:41+00:00","og_image":[{"width":1280,"height":720,"url":"https:\/\/www.kompetensforetagen.se\/app\/uploads\/sites\/5\/2021\/09\/statistik-innan-konsultjobbet2.jpg","type":"image\/jpeg"}],"author":"Shashika Sellgren","twitter_card":"summary_large_image","twitter_misc":{"Skriven av":"Shashika Sellgren","Ber\u00e4knad l\u00e4stid":"2 minuter"},"schema":{"@context":"https:\/\/schema.org","@graph":[{"@type":"Article","@id":"https:\/\/www.kompetensforetagen.se\/2021\/09\/bemanningsbranschen-ger-det-viktiga-forsta-jobbet\/#article","isPartOf":{"@id":"https:\/\/www.kompetensforetagen.se\/2021\/09\/bemanningsbranschen-ger-det-viktiga-forsta-jobbet\/"},"author":{"name":"Shashika Sellgren","@id":"https:\/\/www.kompetensforetagen.se\/#\/schema\/person\/38c6b37b81c530c93246c3d1993d5662"},"headline":"Bemannings&shy;branschen ger det viktiga f\u00f6rsta jobbet","datePublished":"2021-09-22T08:40:58+00:00","dateModified":"2023-11-24T13:55:41+00:00","mainEntityOfPage":{"@id":"https:\/\/www.kompetensforetagen.se\/2021\/09\/bemanningsbranschen-ger-det-viktiga-forsta-jobbet\/"},"wordCount":417,"publisher":{"@id":"https:\/\/www.kompetensforetagen.se\/#organization"},"image":{"@id":"https:\/\/www.kompetensforetagen.se\/2021\/09\/bemanningsbranschen-ger-det-viktiga-forsta-jobbet\/#primaryimage"},"thumbnailUrl":"https:\/\/www.kompetensforetagen.se\/app\/uploads\/sites\/5\/2021\/09\/statistik-innan-konsultjobbet2.jpg","articleSection":["Konsult"],"inLanguage":"sv-SE"},{"@type":"WebPage","@id":"https:\/\/www.kompetensforetagen.se\/2021\/09\/bemanningsbranschen-ger-det-viktiga-forsta-jobbet\/","url":"https:\/\/www.kompetensforetagen.se\/2021\/09\/bemanningsbranschen-ger-det-viktiga-forsta-jobbet\/","name":"Bemanningsbranschen ger det viktiga f\u00f6rsta jobbet","isPartOf":{"@id":"https:\/\/www.kompetensforetagen.se\/#website"},"primaryImageOfPage":{"@id":"https:\/\/www.kompetensforetagen.se\/2021\/09\/bemanningsbranschen-ger-det-viktiga-forsta-jobbet\/#primaryimage"},"image":{"@id":"https:\/\/www.kompetensforetagen.se\/2021\/09\/bemanningsbranschen-ger-det-viktiga-forsta-jobbet\/#primaryimage"},"thumbnailUrl":"https:\/\/www.kompetensforetagen.se\/app\/uploads\/sites\/5\/2021\/09\/statistik-innan-konsultjobbet2.jpg","datePublished":"2021-09-22T08:40:58+00:00","dateModified":"2023-11-24T13:55:41+00:00","description":"Det\u00a0finns stor chans att f\u00e5 sitt f\u00f6rsta\u00a0jobb\u00a0i bemanningsbranschen.\u00a0Innan konsultjobbet hade var fj\u00e4rde varit arbetsl\u00f6s visar en unders\u00f6kning","breadcrumb":{"@id":"https:\/\/www.kompetensforetagen.se\/2021\/09\/bemanningsbranschen-ger-det-viktiga-forsta-jobbet\/#breadcrumb"},"inLanguage":"sv-SE","potentialAction":[{"@type":"ReadAction","target":["https:\/\/www.kompetensforetagen.se\/2021\/09\/bemanningsbranschen-ger-det-viktiga-forsta-jobbet\/"]}]},{"@type":"ImageObject","inLanguage":"sv-SE","@id":"https:\/\/www.kompetensforetagen.se\/2021\/09\/bemanningsbranschen-ger-det-viktiga-forsta-jobbet\/#primaryimage","url":"https:\/\/www.kompetensforetagen.se\/app\/uploads\/sites\/5\/2021\/09\/statistik-innan-konsultjobbet2.jpg","contentUrl":"https:\/\/www.kompetensforetagen.se\/app\/uploads\/sites\/5\/2021\/09\/statistik-innan-konsultjobbet2.jpg","width":1280,"height":720,"caption":"Statistik som visar vad konsulter gjorde innan de fick jobb via bemanning."},{"@type":"BreadcrumbList","@id":"https:\/\/www.kompetensforetagen.se\/2021\/09\/bemanningsbranschen-ger-det-viktiga-forsta-jobbet\/#breadcrumb","itemListElement":[{"@type":"ListItem","position":1,"name":"Home","item":"https:\/\/www.kompetensforetagen.se\/"},{"@type":"ListItem","position":2,"name":"Bemannings&shy;branschen ger det viktiga f\u00f6rsta jobbet"}]},{"@type":"WebSite","@id":"https:\/\/www.kompetensforetagen.se\/#website","url":"https:\/\/www.kompetensforetagen.se\/","name":"Kompetensf\u00f6retagen","description":"R\u00e4tt person p\u00e5 r\u00e4tt plats kan f\u00f6r\u00e4ndra v\u00e4rlden","publisher":{"@id":"https:\/\/www.kompetensforetagen.se\/#organization"},"potentialAction":[{"@type":"SearchAction","target":{"@type":"EntryPoint","urlTemplate":"https:\/\/www.kompetensforetagen.se\/?s={search_term_string}"},"query-input":{"@type":"PropertyValueSpecification","valueRequired":true,"valueName":"search_term_string"}}],"inLanguage":"sv-SE"},{"@type":"Organization","@id":"https:\/\/www.kompetensforetagen.se\/#organization","name":"Kompetensf\u00f6retagen","url":"https:\/\/www.kompetensforetagen.se\/","logo":{"@type":"ImageObject","inLanguage":"sv-SE","@id":"https:\/\/www.kompetensforetagen.se\/#\/schema\/logo\/image\/","url":"https:\/\/www.kompetensforetagen.se\/app\/uploads\/sites\/5\/2022\/10\/logga_svart.png","contentUrl":"https:\/\/www.kompetensforetagen.se\/app\/uploads\/sites\/5\/2022\/10\/logga_svart.png","width":752,"height":64,"caption":"Kompetensf\u00f6retagen"},"image":{"@id":"https:\/\/www.kompetensforetagen.se\/#\/schema\/logo\/image\/"},"sameAs":["https:\/\/www.linkedin.com\/company\/10540032\/"]},{"@type":"Person","@id":"https:\/\/www.kompetensforetagen.se\/#\/schema\/person\/38c6b37b81c530c93246c3d1993d5662","name":"Shashika Sellgren","image":{"@type":"ImageObject","inLanguage":"sv-SE","@id":"https:\/\/www.kompetensforetagen.se\/#\/schema\/person\/image\/","url":"https:\/\/secure.gravatar.com\/avatar\/b225c479880df9eb82d1501dd105dd8040f27c8563f3d4bf5dd62ce0a1630abd?s=96&d=mm&r=g","contentUrl":"https:\/\/secure.gravatar.com\/avatar\/b225c479880df9eb82d1501dd105dd8040f27c8563f3d4bf5dd62ce0a1630abd?s=96&d=mm&r=g","caption":"Shashika Sellgren"},"url":"https:\/\/www.kompetensforetagen.se\/person\/shashikasellgren\/"}]}},"_links":{"self":[{"href":"https:\/\/www.kompetensforetagen.se\/api\/wp\/v2\/posts\/7967","targetHints":{"allow":["GET"]}}],"collection":[{"href":"https:\/\/www.kompetensforetagen.se\/api\/wp\/v2\/posts"}],"about":[{"href":"https:\/\/www.kompetensforetagen.se\/api\/wp\/v2\/types\/post"}],"author":[{"embeddable":true,"href":"https:\/\/www.kompetensforetagen.se\/api\/wp\/v2\/users\/6058"}],"replies":[{"embeddable":true,"href":"https:\/\/www.kompetensforetagen.se\/api\/wp\/v2\/comments?post=7967"}],"version-history":[{"count":2,"href":"https:\/\/www.kompetensforetagen.se\/api\/wp\/v2\/posts\/7967\/revisions"}],"predecessor-version":[{"id":15882,"href":"https:\/\/www.kompetensforetagen.se\/api\/wp\/v2\/posts\/7967\/revisions\/15882"}],"wp:featuredmedia":[{"embeddable":true,"href":"https:\/\/www.kompetensforetagen.se\/api\/wp\/v2\/media\/7973"}],"wp:attachment":[{"href":"https:\/\/www.kompetensforetagen.se\/api\/wp\/v2\/media?parent=7967"}],"wp:term":[{"taxonomy":"category","embeddable":true,"href":"https:\/\/www.kompetensforetagen.se\/api\/wp\/v2\/categories?post=7967"},{"taxonomy":"post_tag","embeddable":true,"href":"https:\/\/www.kompetensforetagen.se\/api\/wp\/v2\/tags?post=7967"},{"taxonomy":"type","embeddable":true,"href":"https:\/\/www.kompetensforetagen.se\/api\/wp\/v2\/article_type?post=7967"},{"taxonomy":"agreement","embeddable":true,"href":"https:\/\/www.kompetensforetagen.se\/api\/wp\/v2\/agreement?post=7967"},{"taxonomy":"for-members","embeddable":true,"href":"https:\/\/www.kompetensforetagen.se\/api\/wp\/v2\/for-members?post=7967"}],"curies":[{"name":"wp","href":"https:\/\/api.w.org\/{rel}","templated":true}]}}