{"id":7946,"date":"2021-09-20T13:34:42","date_gmt":"2021-09-20T11:34:42","guid":{"rendered":"https:\/\/www.kompetensforetagen.se\/?p=7946"},"modified":"2023-04-21T15:32:00","modified_gmt":"2023-04-21T13:32:00","slug":"ny-medlemsforman-fri-radgivning-kring-ansvarsforsakring","status":"publish","type":"post","link":"https:\/\/www.kompetensforetagen.se\/2021\/09\/ny-medlemsforman-fri-radgivning-kring-ansvarsforsakring\/","title":{"rendered":"Ny medlemsf\u00f6rm\u00e5n &#8211; fri r\u00e5dgivning kring ansvars&shy;f\u00f6rs\u00e4kring"},"content":{"rendered":"\n<p>Alla medlemmar i Kompetensf\u00f6retagen ska enligt v\u00e5ra villkor ha en ansvarsf\u00f6rs\u00e4kring. De \u00e4r viktiga vid skadest\u00e5ndsanspr\u00e5k som kan kosta f\u00f6retaget b\u00e5de tid och pengar. En av v\u00e5ra medlemsf\u00f6rm\u00e5ner som kan vara v\u00e4rt att titta n\u00e4rmare p\u00e5 \u00e4r d\u00e4rf\u00f6r de 30 minuters fri r\u00e5dgivning kring ansvarsf\u00f6rs\u00e4kringar som erbjuds tillsammans med v\u00e5r partner <a href=\"https:\/\/www.soderbergpartners.se\/\" target=\"_blank\" rel=\"noopener noreferrer\">S\u00f6derberg&amp;Partners<\/a>.<\/p>\n\n\n\n<h3 class=\"wp-block-heading\">Viktiga fr\u00e5gor kring ansvarsf\u00f6rs\u00e4kring<\/h3>\n\n\n\n<p>De kan ge dig r\u00e5d i fr\u00e5gor kring bland annat skade\u00e4renden, hur man ska agera om man f\u00e5r ett krav riktat mot sitt f\u00f6retag och vad som \u00e4r viktigt att t\u00e4nka p\u00e5 i kundavtal kopplat till f\u00f6rs\u00e4kring. Du f\u00f6rbinder dig inte att teckna ansvarsf\u00f6rs\u00e4kring via S\u00f6derberg &amp; Partners utan samtalet med f\u00f6rs\u00e4kringsr\u00e5dgivaren \u00e4r en service till dig som \u00e4r medlem<\/p>\n\n\n\n<h3 class=\"wp-block-heading\">Bra information inf\u00f6r auktorisation<\/h3>\n\n\n\n<p>Om du \u00e4nnu inte \u00e4r medlem men t\u00e4nker <a href=\"https:\/\/www.kompetensforetagen.se\/auktorisation\/\" target=\"_blank\" rel=\"noopener noreferrer\">auktorisera<\/a> ditt f\u00f6retag i Kompetensf\u00f6retagen kan det vara bra att f\u00e5 r\u00e5dgivning om den obligatoriska ansvarsf\u00f6rs\u00e4kringen innan du g\u00f6r din ans\u00f6kan, eftersom det \u00e4r ett av de omr\u00e5den d\u00e4r flest fr\u00e5gor brukar dyka upp.<\/p>\n\n\n\n<p>F\u00f6r att boka ditt samtal kontaktar du S\u00f6derberg&amp;Partners. Du hittar kontaktuppgifter h\u00e4r, under rubriken <a href=\"https:\/\/www.kompetensforetagen.se\/medlemssidor\/forsakringar-for-medlemmar-i-kompetensforetagen\/\" target=\"_blank\" rel=\"noopener noreferrer\">Fri r\u00e5dgivning kring ditt f\u00f6retags ansvarsf\u00f6rs\u00e4kring<\/a><\/p>\n","protected":false},"excerpt":{"rendered":"<p>Alla medlemmar i Kompetensf\u00f6retagen ska enligt v\u00e5ra villkor ha en ansvarsf\u00f6rs\u00e4kring. De \u00e4r viktiga vid skadest\u00e5ndsanspr\u00e5k som kan kosta f\u00f6retaget b\u00e5de tid och pengar. En av v\u00e5ra medlemsf\u00f6rm\u00e5ner som kan vara v\u00e4rt att titta n\u00e4rmare &hellip;<\/p>\n","protected":false},"author":6358,"featured_media":5440,"comment_status":"closed","ping_status":"closed","sticky":false,"template":"","format":"standard","meta":{"_acf_changed":false,"footnotes":""},"categories":[181],"tags":[],"article_type":[8,210],"agreement":[],"for-members":[],"class_list":["post-7946","post","type-post","status-publish","format-standard","has-post-thumbnail","hentry","category-medlemsnyhet","type-aktuellt","type-fakta"],"acf":[],"yoast_head":"<!-- This site is optimized with the Yoast SEO Premium plugin v26.8 (Yoast SEO v26.8) - https:\/\/yoast.com\/product\/yoast-seo-premium-wordpress\/ -->\n<title>Ny medlemsf\u00f6rm\u00e5n - fri r\u00e5dgivning inf\u00f6r tecknande av ansvarsf\u00f6rs\u00e4kring<\/title>\n<meta name=\"description\" content=\"En medlemsf\u00f6rm\u00e5n att titta n\u00e4rmare p\u00e5 \u00e4r de 30 minuters fri r\u00e5dgivning kring ansvarsf\u00f6rs\u00e4kring som erbjuds tillsammans S\u00f6derberg&amp;Partners.\" \/>\n<meta name=\"robots\" content=\"index, follow, max-snippet:-1, max-image-preview:large, max-video-preview:-1\" \/>\n<link rel=\"canonical\" href=\"https:\/\/www.kompetensforetagen.se\/2021\/09\/ny-medlemsforman-fri-radgivning-kring-ansvarsforsakring\/\" \/>\n<meta property=\"og:locale\" content=\"sv_SE\" \/>\n<meta property=\"og:type\" content=\"article\" \/>\n<meta property=\"og:title\" content=\"Ny medlemsf\u00f6rm\u00e5n - fri r\u00e5dgivning kring ansvarsf\u00f6rs\u00e4kring\" \/>\n<meta property=\"og:description\" content=\"En medlemsf\u00f6rm\u00e5n att titta n\u00e4rmare p\u00e5 \u00e4r de 30 minuters fri r\u00e5dgivning kring ansvarsf\u00f6rs\u00e4kring som erbjuds tillsammans S\u00f6derberg&amp;Partners.\" \/>\n<meta property=\"og:url\" content=\"https:\/\/www.kompetensforetagen.se\/2021\/09\/ny-medlemsforman-fri-radgivning-kring-ansvarsforsakring\/\" \/>\n<meta property=\"og:site_name\" content=\"Kompetensf\u00f6retagen\" \/>\n<meta property=\"article:published_time\" content=\"2021-09-20T11:34:42+00:00\" \/>\n<meta property=\"article:modified_time\" content=\"2023-04-21T13:32:00+00:00\" \/>\n<meta property=\"og:image\" content=\"https:\/\/www.kompetensforetagen.se\/app\/uploads\/sites\/5\/2020\/11\/student-849822_1920.jpg\" \/>\n\t<meta property=\"og:image:width\" content=\"1920\" \/>\n\t<meta property=\"og:image:height\" content=\"1280\" \/>\n\t<meta property=\"og:image:type\" content=\"image\/jpeg\" \/>\n<meta name=\"twitter:card\" content=\"summary_large_image\" \/>\n<meta name=\"twitter:label1\" content=\"Skriven av\" \/>\n\t<meta name=\"twitter:data1\" content=\"\" \/>\n\t<meta name=\"twitter:label2\" content=\"Ber\u00e4knad l\u00e4stid\" \/>\n\t<meta name=\"twitter:data2\" content=\"1 minut\" \/>\n<!-- \/ Yoast SEO Premium plugin. -->","yoast_head_json":{"title":"Ny medlemsf\u00f6rm\u00e5n - fri r\u00e5dgivning inf\u00f6r tecknande av ansvarsf\u00f6rs\u00e4kring","description":"En medlemsf\u00f6rm\u00e5n att titta n\u00e4rmare p\u00e5 \u00e4r de 30 minuters fri r\u00e5dgivning kring ansvarsf\u00f6rs\u00e4kring som erbjuds tillsammans S\u00f6derberg&Partners.","robots":{"index":"index","follow":"follow","max-snippet":"max-snippet:-1","max-image-preview":"max-image-preview:large","max-video-preview":"max-video-preview:-1"},"canonical":"https:\/\/www.kompetensforetagen.se\/2021\/09\/ny-medlemsforman-fri-radgivning-kring-ansvarsforsakring\/","og_locale":"sv_SE","og_type":"article","og_title":"Ny medlemsf\u00f6rm\u00e5n - fri r\u00e5dgivning kring ansvarsf\u00f6rs\u00e4kring","og_description":"En medlemsf\u00f6rm\u00e5n att titta n\u00e4rmare p\u00e5 \u00e4r de 30 minuters fri r\u00e5dgivning kring ansvarsf\u00f6rs\u00e4kring som erbjuds tillsammans S\u00f6derberg&Partners.","og_url":"https:\/\/www.kompetensforetagen.se\/2021\/09\/ny-medlemsforman-fri-radgivning-kring-ansvarsforsakring\/","og_site_name":"Kompetensf\u00f6retagen","article_published_time":"2021-09-20T11:34:42+00:00","article_modified_time":"2023-04-21T13:32:00+00:00","og_image":[{"width":1920,"height":1280,"url":"https:\/\/www.kompetensforetagen.se\/app\/uploads\/sites\/5\/2020\/11\/student-849822_1920.jpg","type":"image\/jpeg"}],"twitter_card":"summary_large_image","twitter_misc":{"Skriven av":"","Ber\u00e4knad l\u00e4stid":"1 minut"},"schema":{"@context":"https:\/\/schema.org","@graph":[{"@type":"Article","@id":"https:\/\/www.kompetensforetagen.se\/2021\/09\/ny-medlemsforman-fri-radgivning-kring-ansvarsforsakring\/#article","isPartOf":{"@id":"https:\/\/www.kompetensforetagen.se\/2021\/09\/ny-medlemsforman-fri-radgivning-kring-ansvarsforsakring\/"},"author":{"name":"","@id":""},"headline":"Ny medlemsf\u00f6rm\u00e5n &#8211; fri r\u00e5dgivning kring ansvars&shy;f\u00f6rs\u00e4kring","datePublished":"2021-09-20T11:34:42+00:00","dateModified":"2023-04-21T13:32:00+00:00","mainEntityOfPage":{"@id":"https:\/\/www.kompetensforetagen.se\/2021\/09\/ny-medlemsforman-fri-radgivning-kring-ansvarsforsakring\/"},"wordCount":254,"publisher":{"@id":"https:\/\/www.kompetensforetagen.se\/#organization"},"image":{"@id":"https:\/\/www.kompetensforetagen.se\/2021\/09\/ny-medlemsforman-fri-radgivning-kring-ansvarsforsakring\/#primaryimage"},"thumbnailUrl":"https:\/\/www.kompetensforetagen.se\/app\/uploads\/sites\/5\/2020\/11\/student-849822_1920.jpg","articleSection":["Medlemsnyhet"],"inLanguage":"sv-SE"},{"@type":"WebPage","@id":"https:\/\/www.kompetensforetagen.se\/2021\/09\/ny-medlemsforman-fri-radgivning-kring-ansvarsforsakring\/","url":"https:\/\/www.kompetensforetagen.se\/2021\/09\/ny-medlemsforman-fri-radgivning-kring-ansvarsforsakring\/","name":"Ny medlemsf\u00f6rm\u00e5n - fri r\u00e5dgivning inf\u00f6r tecknande av ansvarsf\u00f6rs\u00e4kring","isPartOf":{"@id":"https:\/\/www.kompetensforetagen.se\/#website"},"primaryImageOfPage":{"@id":"https:\/\/www.kompetensforetagen.se\/2021\/09\/ny-medlemsforman-fri-radgivning-kring-ansvarsforsakring\/#primaryimage"},"image":{"@id":"https:\/\/www.kompetensforetagen.se\/2021\/09\/ny-medlemsforman-fri-radgivning-kring-ansvarsforsakring\/#primaryimage"},"thumbnailUrl":"https:\/\/www.kompetensforetagen.se\/app\/uploads\/sites\/5\/2020\/11\/student-849822_1920.jpg","datePublished":"2021-09-20T11:34:42+00:00","dateModified":"2023-04-21T13:32:00+00:00","description":"En medlemsf\u00f6rm\u00e5n att titta n\u00e4rmare p\u00e5 \u00e4r de 30 minuters fri r\u00e5dgivning kring ansvarsf\u00f6rs\u00e4kring som erbjuds tillsammans S\u00f6derberg&Partners.","breadcrumb":{"@id":"https:\/\/www.kompetensforetagen.se\/2021\/09\/ny-medlemsforman-fri-radgivning-kring-ansvarsforsakring\/#breadcrumb"},"inLanguage":"sv-SE","potentialAction":[{"@type":"ReadAction","target":["https:\/\/www.kompetensforetagen.se\/2021\/09\/ny-medlemsforman-fri-radgivning-kring-ansvarsforsakring\/"]}]},{"@type":"ImageObject","inLanguage":"sv-SE","@id":"https:\/\/www.kompetensforetagen.se\/2021\/09\/ny-medlemsforman-fri-radgivning-kring-ansvarsforsakring\/#primaryimage","url":"https:\/\/www.kompetensforetagen.se\/app\/uploads\/sites\/5\/2020\/11\/student-849822_1920.jpg","contentUrl":"https:\/\/www.kompetensforetagen.se\/app\/uploads\/sites\/5\/2020\/11\/student-849822_1920.jpg","width":1920,"height":1280,"caption":"Student som skaffar arbetslivserfarenhet via bemanningsf\u00f6retag."},{"@type":"BreadcrumbList","@id":"https:\/\/www.kompetensforetagen.se\/2021\/09\/ny-medlemsforman-fri-radgivning-kring-ansvarsforsakring\/#breadcrumb","itemListElement":[{"@type":"ListItem","position":1,"name":"Home","item":"https:\/\/www.kompetensforetagen.se\/"},{"@type":"ListItem","position":2,"name":"Ny medlemsf\u00f6rm\u00e5n &#8211; fri r\u00e5dgivning kring ansvars&shy;f\u00f6rs\u00e4kring"}]},{"@type":"WebSite","@id":"https:\/\/www.kompetensforetagen.se\/#website","url":"https:\/\/www.kompetensforetagen.se\/","name":"Kompetensf\u00f6retagen","description":"R\u00e4tt person p\u00e5 r\u00e4tt plats kan f\u00f6r\u00e4ndra v\u00e4rlden","publisher":{"@id":"https:\/\/www.kompetensforetagen.se\/#organization"},"potentialAction":[{"@type":"SearchAction","target":{"@type":"EntryPoint","urlTemplate":"https:\/\/www.kompetensforetagen.se\/?s={search_term_string}"},"query-input":{"@type":"PropertyValueSpecification","valueRequired":true,"valueName":"search_term_string"}}],"inLanguage":"sv-SE"},{"@type":"Organization","@id":"https:\/\/www.kompetensforetagen.se\/#organization","name":"Kompetensf\u00f6retagen","url":"https:\/\/www.kompetensforetagen.se\/","logo":{"@type":"ImageObject","inLanguage":"sv-SE","@id":"https:\/\/www.kompetensforetagen.se\/#\/schema\/logo\/image\/","url":"https:\/\/www.kompetensforetagen.se\/app\/uploads\/sites\/5\/2022\/10\/logga_svart.png","contentUrl":"https:\/\/www.kompetensforetagen.se\/app\/uploads\/sites\/5\/2022\/10\/logga_svart.png","width":752,"height":64,"caption":"Kompetensf\u00f6retagen"},"image":{"@id":"https:\/\/www.kompetensforetagen.se\/#\/schema\/logo\/image\/"},"sameAs":["https:\/\/www.linkedin.com\/company\/10540032\/"]},{"@type":"Person","@id":"","url":"https:\/\/www.kompetensforetagen.se\/person\/"}]}},"_links":{"self":[{"href":"https:\/\/www.kompetensforetagen.se\/api\/wp\/v2\/posts\/7946","targetHints":{"allow":["GET"]}}],"collection":[{"href":"https:\/\/www.kompetensforetagen.se\/api\/wp\/v2\/posts"}],"about":[{"href":"https:\/\/www.kompetensforetagen.se\/api\/wp\/v2\/types\/post"}],"author":[{"embeddable":true,"href":"https:\/\/www.kompetensforetagen.se\/api\/wp\/v2\/users\/6358"}],"replies":[{"embeddable":true,"href":"https:\/\/www.kompetensforetagen.se\/api\/wp\/v2\/comments?post=7946"}],"version-history":[{"count":2,"href":"https:\/\/www.kompetensforetagen.se\/api\/wp\/v2\/posts\/7946\/revisions"}],"predecessor-version":[{"id":13233,"href":"https:\/\/www.kompetensforetagen.se\/api\/wp\/v2\/posts\/7946\/revisions\/13233"}],"wp:featuredmedia":[{"embeddable":true,"href":"https:\/\/www.kompetensforetagen.se\/api\/wp\/v2\/media\/5440"}],"wp:attachment":[{"href":"https:\/\/www.kompetensforetagen.se\/api\/wp\/v2\/media?parent=7946"}],"wp:term":[{"taxonomy":"category","embeddable":true,"href":"https:\/\/www.kompetensforetagen.se\/api\/wp\/v2\/categories?post=7946"},{"taxonomy":"post_tag","embeddable":true,"href":"https:\/\/www.kompetensforetagen.se\/api\/wp\/v2\/tags?post=7946"},{"taxonomy":"type","embeddable":true,"href":"https:\/\/www.kompetensforetagen.se\/api\/wp\/v2\/article_type?post=7946"},{"taxonomy":"agreement","embeddable":true,"href":"https:\/\/www.kompetensforetagen.se\/api\/wp\/v2\/agreement?post=7946"},{"taxonomy":"for-members","embeddable":true,"href":"https:\/\/www.kompetensforetagen.se\/api\/wp\/v2\/for-members?post=7946"}],"curies":[{"name":"wp","href":"https:\/\/api.w.org\/{rel}","templated":true}]}}