{"id":7931,"date":"2021-09-16T13:55:45","date_gmt":"2021-09-16T11:55:45","guid":{"rendered":"https:\/\/www.kompetensforetagen.se\/?p=7931"},"modified":"2023-07-10T10:19:58","modified_gmt":"2023-07-10T08:19:58","slug":"kompetensforetagens-svar-pa-remiss-kring-las","status":"publish","type":"post","link":"https:\/\/www.kompetensforetagen.se\/2021\/09\/kompetensforetagens-svar-pa-remiss-kring-las\/","title":{"rendered":"Kompetens&shy;f\u00f6retagens svar p\u00e5 remiss kring LAS"},"content":{"rendered":"\n<p><span style=\"color: #333333;\">Kompetensf\u00f6retagen \u00e4r en av remissinstanserna till promemorian <a href=\"https:\/\/www.regeringen.se\/rattsliga-dokument\/departementsserien-och-promemorior\/2021\/06\/en-reformerad-arbetsratt\/\" target=\"_blank\" rel=\"noreferrer noopener\">En reformerad arbetsr\u00e4tt \u2013 f\u00f6r flexibilitet, omst\u00e4llningsf\u00f6rm\u00e5ga och trygghet p\u00e5 arbetsmarknaden (Ds 2021:17)<\/a>. Vi har den 15 september l\u00e4mnat in v\u00e5rt yttrande. &nbsp;<\/span><\/p>\n\n\n\n<p><span style=\"color: #333333;\">Kompetensf\u00f6retagen v\u00e4lkomnar utredningens syfte; att f\u00f6resl\u00e5 de lag\u00e4ndringar som beh\u00f6vs f\u00f6r att reformera arbetsr\u00e4tten i enlighet med parternas princip\u00f6verenskommelse n\u00e4r det g\u00e4ller anst\u00e4llningsskydd. Kompetensf\u00f6retagen framf\u00f6r i remissyttrandet synpunkter p\u00e5 de beskrivningar som g\u00f6rs av branschen, och promemorians konsekvensanalys. Vi l\u00e4mnar d\u00e4rtill f\u00f6rslag p\u00e5 sm\u00e4rre justeringar i promemorian som g\u00f6r det&nbsp;m\u00f6jligt att uppn\u00e5 samma resultat,&nbsp;som inneb\u00e4r&nbsp;mindre administrativ b\u00f6rda. I \u00f6vrigt ansluter sig Kompetensf\u00f6retagen till det remissvar som avgivits av F\u00f6reningen Svenskt N\u00e4ringsliv.&nbsp;<\/span><\/p>\n\n\n\n<blockquote class=\"wp-block-quote is-layout-flow wp-block-quote-is-layout-flow\">\n<p><span style=\"color: #333333;\">Kompetensf\u00f6retagen framf\u00f6r i remissyttrandet synpunkter p\u00e5 de beskrivningar som g\u00f6rs av branschen<\/span><\/p>\n<\/blockquote>\n\n\n\n<p><span style=\"color: #333333;\">Kompetensf\u00f6retagen menar att den f\u00f6reslagna regleringen \u00e4r mycket administrativt betungande, har negativa effekter p\u00e5 arbetsmarknadens funktionss\u00e4tt och att den, som vi tidigare visat p\u00e5, i m\u00e5nga fall leder till en s\u00e4mre anst\u00e4llningstrygghet.&nbsp;<\/span><\/p>\n\n\n\n<p><span style=\"color: #333333;\">I Sverige garanterar Kompetensf\u00f6retagens kollektivavtal likv\u00e4rdiga villkor f\u00f6r konsulterna j\u00e4mf\u00f6rt med arbetstagare som \u00e4r direktanst\u00e4llda av kundf\u00f6retagen. Kollektivavtalen ger i vissa fall b\u00e4ttre anst\u00e4llningsvillkor&nbsp;\u00e4n f\u00f6r kundf\u00f6retagets egen personal,&nbsp;till exempel vad g\u00e4ller l\u00f6n och inflytande \u00f6ver arbetstidsf\u00f6rl\u00e4ggningen. Konsekvenser av det f\u00f6reslagna bytet fr\u00e5n en tillsvidareanst\u00e4llning till en annan&nbsp;\u00e4r f\u00f6rs\u00e4mrad anst\u00e4llningstrygghet i form av f\u00f6rlorad anst\u00e4llningstid,&nbsp;vilket ger en s\u00e4mre plats i turordningen i en upps\u00e4gningssituation.&nbsp;&nbsp;<\/span><\/p>\n\n\n\n<h3 class=\"wp-block-heading\"><span style=\"color: #333333;\" data-contrast=\"none\">Kompetensf\u00f6retagen f\u00f6resl\u00e5r i sitt remissyttrande f\u00f6ljande: <\/span><\/h3>\n\n\n\n<ul class=\"wp-block-list\">\n<li><span style=\"color: #333333;\"><span data-contrast=\"auto\" style=\"background-color: transparent; font-size: 1rem;\">att utreda om det \u00e4r f\u00f6renligt med dataskyddsf\u00f6rordningen och d\u00e5 s\u00e4rskilt proportionalitetsprincipen att inf\u00f6ra en regel som med sin utformning st\u00e4ller krav p\u00e5 en s\u00e5 pass omfattande registrering av personuppgifter. Kompetensf\u00f6retagen f\u00f6resl\u00e5r att regleringen kompletteras genom att ange en minsta l\u00e4ngd av uthyrning f\u00f6r att r\u00e4knas in i 24-m\u00e5nadersm\u00e5ttet. Ett s\u00e5dant krav hade markant begr\u00e4nsat antalet registreringar till de f\u00f6r regleringen relevanta uthyrningarna&nbsp;<\/span><\/span><\/li>\n\n\n\n<li><span style=\"color: #333333;\">att ett kundf\u00f6retag inom en m\u00e5nad har att l\u00e4mna ett anst\u00e4llningserbjudande eller besked om betalning och att denna ska vara erlagd senast under n\u00e4stkommande m\u00e5nad&nbsp;<\/span><\/li>\n\n\n\n<li><span style=\"color: #333333;\">Kompetensf\u00f6retagen anser dessutom att det i det kommande beredningsarbetet beh\u00f6ver utredas vidare huruvida n\u00e5gon av delarna i f\u00f6rslaget utg\u00f6r indirekt hinder mot bemanningsverksamhet och d\u00e4rmed strider mot <a href=\"https:\/\/www.kompetensforetagen.se\/2021\/12\/bemanningsdirektivet-och-uthyrningslagen\/\">Bemanningsdirektivet<\/a>.&nbsp;&nbsp;<\/span><\/li>\n<\/ul>\n\n\n\n<p><span style=\"color: #333333;\"><a href=\"https:\/\/www.regeringen.se\/remisser\/2021\/06\/remiss-av-departementspromemorior-om-genomforande-av-principoverenskommelse-om-trygghet-omstallning-och-anstallningsskydd-ds-202116-ds-202117-ds-202118\/\" target=\"_blank\" rel=\"noreferrer noopener\">L\u00e4s hela remissyttrandet p\u00e5 regeringens webbplats\u00a0<\/a><\/span><br><\/p>\n","protected":false},"excerpt":{"rendered":"<p>Kompetensf\u00f6retagen \u00e4r en av remissinstanserna till promemorian En reformerad arbetsr\u00e4tt \u2013 f\u00f6r flexibilitet, omst\u00e4llningsf\u00f6rm\u00e5ga och trygghet p\u00e5 arbetsmarknaden (Ds 2021:17). Vi har den 15 september l\u00e4mnat in v\u00e5rt yttrande. &nbsp; Kompetensf\u00f6retagen v\u00e4lkomnar utredningens syfte; att &hellip;<\/p>\n","protected":false},"author":6058,"featured_media":5656,"comment_status":"closed","ping_status":"closed","sticky":false,"template":"","format":"standard","meta":{"_acf_changed":false,"footnotes":""},"categories":[10,7,209,181],"tags":[],"article_type":[8,182],"agreement":[],"for-members":[],"class_list":["post-7931","post","type-post","status-publish","format-standard","has-post-thumbnail","hentry","category-arbetsmarknad","category-inhyrning","category-las","category-medlemsnyhet","type-aktuellt","type-medlemsnyhet"],"acf":[],"yoast_head":"<!-- This site is optimized with the Yoast SEO Premium plugin v26.8 (Yoast SEO v26.8) - https:\/\/yoast.com\/product\/yoast-seo-premium-wordpress\/ -->\n<title>Kompetensf\u00f6retagens svarar p\u00e5 promemorian (Ds 2021:17)<\/title>\n<meta name=\"description\" content=\"Kompetensf\u00f6retagen \u00e4r en av remissinstanserna till promemorian (Ds 2021:17) kring LAS och ger f\u00f6rslag p\u00e5 sm\u00e4rre justeringar i promemorian\" \/>\n<meta name=\"robots\" content=\"index, follow, max-snippet:-1, max-image-preview:large, max-video-preview:-1\" \/>\n<link rel=\"canonical\" href=\"https:\/\/www.kompetensforetagen.se\/2021\/09\/kompetensforetagens-svar-pa-remiss-kring-las\/\" \/>\n<meta property=\"og:locale\" content=\"sv_SE\" \/>\n<meta property=\"og:type\" content=\"article\" \/>\n<meta property=\"og:title\" content=\"Kompetensf\u00f6retagens svar p\u00e5 remiss kring LAS\" \/>\n<meta property=\"og:description\" content=\"Kompetensf\u00f6retagen \u00e4r en av remissinstanserna till promemorian (Ds 2021:17) kring LAS och ger f\u00f6rslag p\u00e5 sm\u00e4rre justeringar i promemorian\" \/>\n<meta property=\"og:url\" content=\"https:\/\/www.kompetensforetagen.se\/2021\/09\/kompetensforetagens-svar-pa-remiss-kring-las\/\" \/>\n<meta property=\"og:site_name\" content=\"Kompetensf\u00f6retagen\" \/>\n<meta property=\"article:published_time\" content=\"2021-09-16T11:55:45+00:00\" \/>\n<meta property=\"article:modified_time\" content=\"2023-07-10T08:19:58+00:00\" \/>\n<meta property=\"og:image\" content=\"https:\/\/www.kompetensforetagen.se\/app\/uploads\/sites\/5\/2020\/12\/architecture-3734552_1920-1180x787-1.jpg\" \/>\n\t<meta property=\"og:image:width\" content=\"1180\" \/>\n\t<meta property=\"og:image:height\" content=\"787\" \/>\n\t<meta property=\"og:image:type\" content=\"image\/jpeg\" \/>\n<meta name=\"author\" content=\"Shashika Sellgren\" \/>\n<meta name=\"twitter:card\" content=\"summary_large_image\" \/>\n<meta name=\"twitter:label1\" content=\"Skriven av\" \/>\n\t<meta name=\"twitter:data1\" content=\"Shashika Sellgren\" \/>\n\t<meta name=\"twitter:label2\" content=\"Ber\u00e4knad l\u00e4stid\" \/>\n\t<meta name=\"twitter:data2\" content=\"2 minuter\" \/>\n<!-- \/ Yoast SEO Premium plugin. -->","yoast_head_json":{"title":"Kompetensf\u00f6retagens svarar p\u00e5 promemorian (Ds 2021:17)","description":"Kompetensf\u00f6retagen \u00e4r en av remissinstanserna till promemorian (Ds 2021:17) kring LAS och ger f\u00f6rslag p\u00e5 sm\u00e4rre justeringar i promemorian","robots":{"index":"index","follow":"follow","max-snippet":"max-snippet:-1","max-image-preview":"max-image-preview:large","max-video-preview":"max-video-preview:-1"},"canonical":"https:\/\/www.kompetensforetagen.se\/2021\/09\/kompetensforetagens-svar-pa-remiss-kring-las\/","og_locale":"sv_SE","og_type":"article","og_title":"Kompetensf\u00f6retagens svar p\u00e5 remiss kring LAS","og_description":"Kompetensf\u00f6retagen \u00e4r en av remissinstanserna till promemorian (Ds 2021:17) kring LAS och ger f\u00f6rslag p\u00e5 sm\u00e4rre justeringar i promemorian","og_url":"https:\/\/www.kompetensforetagen.se\/2021\/09\/kompetensforetagens-svar-pa-remiss-kring-las\/","og_site_name":"Kompetensf\u00f6retagen","article_published_time":"2021-09-16T11:55:45+00:00","article_modified_time":"2023-07-10T08:19:58+00:00","og_image":[{"width":1180,"height":787,"url":"https:\/\/www.kompetensforetagen.se\/app\/uploads\/sites\/5\/2020\/12\/architecture-3734552_1920-1180x787-1.jpg","type":"image\/jpeg"}],"author":"Shashika Sellgren","twitter_card":"summary_large_image","twitter_misc":{"Skriven av":"Shashika Sellgren","Ber\u00e4knad l\u00e4stid":"2 minuter"},"schema":{"@context":"https:\/\/schema.org","@graph":[{"@type":"Article","@id":"https:\/\/www.kompetensforetagen.se\/2021\/09\/kompetensforetagens-svar-pa-remiss-kring-las\/#article","isPartOf":{"@id":"https:\/\/www.kompetensforetagen.se\/2021\/09\/kompetensforetagens-svar-pa-remiss-kring-las\/"},"author":{"name":"Shashika Sellgren","@id":"https:\/\/www.kompetensforetagen.se\/#\/schema\/person\/38c6b37b81c530c93246c3d1993d5662"},"headline":"Kompetens&shy;f\u00f6retagens svar p\u00e5 remiss kring LAS","datePublished":"2021-09-16T11:55:45+00:00","dateModified":"2023-07-10T08:19:58+00:00","mainEntityOfPage":{"@id":"https:\/\/www.kompetensforetagen.se\/2021\/09\/kompetensforetagens-svar-pa-remiss-kring-las\/"},"wordCount":462,"publisher":{"@id":"https:\/\/www.kompetensforetagen.se\/#organization"},"image":{"@id":"https:\/\/www.kompetensforetagen.se\/2021\/09\/kompetensforetagens-svar-pa-remiss-kring-las\/#primaryimage"},"thumbnailUrl":"https:\/\/www.kompetensforetagen.se\/app\/uploads\/sites\/5\/2020\/12\/architecture-3734552_1920-1180x787-1.jpg","articleSection":["Arbetsmarknad","Inhyrning","LAS","Medlemsnyhet"],"inLanguage":"sv-SE"},{"@type":"WebPage","@id":"https:\/\/www.kompetensforetagen.se\/2021\/09\/kompetensforetagens-svar-pa-remiss-kring-las\/","url":"https:\/\/www.kompetensforetagen.se\/2021\/09\/kompetensforetagens-svar-pa-remiss-kring-las\/","name":"Kompetensf\u00f6retagens svarar p\u00e5 promemorian (Ds 2021:17)","isPartOf":{"@id":"https:\/\/www.kompetensforetagen.se\/#website"},"primaryImageOfPage":{"@id":"https:\/\/www.kompetensforetagen.se\/2021\/09\/kompetensforetagens-svar-pa-remiss-kring-las\/#primaryimage"},"image":{"@id":"https:\/\/www.kompetensforetagen.se\/2021\/09\/kompetensforetagens-svar-pa-remiss-kring-las\/#primaryimage"},"thumbnailUrl":"https:\/\/www.kompetensforetagen.se\/app\/uploads\/sites\/5\/2020\/12\/architecture-3734552_1920-1180x787-1.jpg","datePublished":"2021-09-16T11:55:45+00:00","dateModified":"2023-07-10T08:19:58+00:00","description":"Kompetensf\u00f6retagen \u00e4r en av remissinstanserna till promemorian (Ds 2021:17) kring LAS och ger f\u00f6rslag p\u00e5 sm\u00e4rre justeringar i promemorian","breadcrumb":{"@id":"https:\/\/www.kompetensforetagen.se\/2021\/09\/kompetensforetagens-svar-pa-remiss-kring-las\/#breadcrumb"},"inLanguage":"sv-SE","potentialAction":[{"@type":"ReadAction","target":["https:\/\/www.kompetensforetagen.se\/2021\/09\/kompetensforetagens-svar-pa-remiss-kring-las\/"]}]},{"@type":"ImageObject","inLanguage":"sv-SE","@id":"https:\/\/www.kompetensforetagen.se\/2021\/09\/kompetensforetagens-svar-pa-remiss-kring-las\/#primaryimage","url":"https:\/\/www.kompetensforetagen.se\/app\/uploads\/sites\/5\/2020\/12\/architecture-3734552_1920-1180x787-1.jpg","contentUrl":"https:\/\/www.kompetensforetagen.se\/app\/uploads\/sites\/5\/2020\/12\/architecture-3734552_1920-1180x787-1.jpg","width":1180,"height":787,"caption":"Modern glasfasad som symboliserar framtidens kontorsfastigheter."},{"@type":"BreadcrumbList","@id":"https:\/\/www.kompetensforetagen.se\/2021\/09\/kompetensforetagens-svar-pa-remiss-kring-las\/#breadcrumb","itemListElement":[{"@type":"ListItem","position":1,"name":"Home","item":"https:\/\/www.kompetensforetagen.se\/"},{"@type":"ListItem","position":2,"name":"Kompetens&shy;f\u00f6retagens svar p\u00e5 remiss kring LAS"}]},{"@type":"WebSite","@id":"https:\/\/www.kompetensforetagen.se\/#website","url":"https:\/\/www.kompetensforetagen.se\/","name":"Kompetensf\u00f6retagen","description":"R\u00e4tt person p\u00e5 r\u00e4tt plats kan f\u00f6r\u00e4ndra v\u00e4rlden","publisher":{"@id":"https:\/\/www.kompetensforetagen.se\/#organization"},"potentialAction":[{"@type":"SearchAction","target":{"@type":"EntryPoint","urlTemplate":"https:\/\/www.kompetensforetagen.se\/?s={search_term_string}"},"query-input":{"@type":"PropertyValueSpecification","valueRequired":true,"valueName":"search_term_string"}}],"inLanguage":"sv-SE"},{"@type":"Organization","@id":"https:\/\/www.kompetensforetagen.se\/#organization","name":"Kompetensf\u00f6retagen","url":"https:\/\/www.kompetensforetagen.se\/","logo":{"@type":"ImageObject","inLanguage":"sv-SE","@id":"https:\/\/www.kompetensforetagen.se\/#\/schema\/logo\/image\/","url":"https:\/\/www.kompetensforetagen.se\/app\/uploads\/sites\/5\/2022\/10\/logga_svart.png","contentUrl":"https:\/\/www.kompetensforetagen.se\/app\/uploads\/sites\/5\/2022\/10\/logga_svart.png","width":752,"height":64,"caption":"Kompetensf\u00f6retagen"},"image":{"@id":"https:\/\/www.kompetensforetagen.se\/#\/schema\/logo\/image\/"},"sameAs":["https:\/\/www.linkedin.com\/company\/10540032\/"]},{"@type":"Person","@id":"https:\/\/www.kompetensforetagen.se\/#\/schema\/person\/38c6b37b81c530c93246c3d1993d5662","name":"Shashika Sellgren","image":{"@type":"ImageObject","inLanguage":"sv-SE","@id":"https:\/\/www.kompetensforetagen.se\/#\/schema\/person\/image\/","url":"https:\/\/secure.gravatar.com\/avatar\/b225c479880df9eb82d1501dd105dd8040f27c8563f3d4bf5dd62ce0a1630abd?s=96&d=mm&r=g","contentUrl":"https:\/\/secure.gravatar.com\/avatar\/b225c479880df9eb82d1501dd105dd8040f27c8563f3d4bf5dd62ce0a1630abd?s=96&d=mm&r=g","caption":"Shashika Sellgren"},"url":"https:\/\/www.kompetensforetagen.se\/person\/shashikasellgren\/"}]}},"_links":{"self":[{"href":"https:\/\/www.kompetensforetagen.se\/api\/wp\/v2\/posts\/7931","targetHints":{"allow":["GET"]}}],"collection":[{"href":"https:\/\/www.kompetensforetagen.se\/api\/wp\/v2\/posts"}],"about":[{"href":"https:\/\/www.kompetensforetagen.se\/api\/wp\/v2\/types\/post"}],"author":[{"embeddable":true,"href":"https:\/\/www.kompetensforetagen.se\/api\/wp\/v2\/users\/6058"}],"replies":[{"embeddable":true,"href":"https:\/\/www.kompetensforetagen.se\/api\/wp\/v2\/comments?post=7931"}],"version-history":[{"count":5,"href":"https:\/\/www.kompetensforetagen.se\/api\/wp\/v2\/posts\/7931\/revisions"}],"predecessor-version":[{"id":14397,"href":"https:\/\/www.kompetensforetagen.se\/api\/wp\/v2\/posts\/7931\/revisions\/14397"}],"wp:featuredmedia":[{"embeddable":true,"href":"https:\/\/www.kompetensforetagen.se\/api\/wp\/v2\/media\/5656"}],"wp:attachment":[{"href":"https:\/\/www.kompetensforetagen.se\/api\/wp\/v2\/media?parent=7931"}],"wp:term":[{"taxonomy":"category","embeddable":true,"href":"https:\/\/www.kompetensforetagen.se\/api\/wp\/v2\/categories?post=7931"},{"taxonomy":"post_tag","embeddable":true,"href":"https:\/\/www.kompetensforetagen.se\/api\/wp\/v2\/tags?post=7931"},{"taxonomy":"type","embeddable":true,"href":"https:\/\/www.kompetensforetagen.se\/api\/wp\/v2\/article_type?post=7931"},{"taxonomy":"agreement","embeddable":true,"href":"https:\/\/www.kompetensforetagen.se\/api\/wp\/v2\/agreement?post=7931"},{"taxonomy":"for-members","embeddable":true,"href":"https:\/\/www.kompetensforetagen.se\/api\/wp\/v2\/for-members?post=7931"}],"curies":[{"name":"wp","href":"https:\/\/api.w.org\/{rel}","templated":true}]}}