{"id":7911,"date":"2021-09-14T16:09:08","date_gmt":"2021-09-14T14:09:08","guid":{"rendered":"https:\/\/www.kompetensforetagen.se\/?p=7911"},"modified":"2023-07-12T11:22:00","modified_gmt":"2023-07-12T09:22:00","slug":"anmarkningsvart-att-kompetensforetag-utesluts-ur-satsningen-pa-etableringsjobben","status":"publish","type":"post","link":"https:\/\/www.kompetensforetagen.se\/2021\/09\/anmarkningsvart-att-kompetensforetag-utesluts-ur-satsningen-pa-etableringsjobben\/","title":{"rendered":"Anm\u00e4rkningsv\u00e4rt att bemannings&shy;f\u00f6retag utesluts ur satsningen p\u00e5 etableringsjobben"},"content":{"rendered":"\n<p>Bemanningsbranschen har en tredjedel s\u00e5 m\u00e5nga utrikesf\u00f6dda anst\u00e4llda som \u00f6vriga arbetsmarknaden och var fj\u00e4rde medarbetare kommer direkt fr\u00e5n arbetsl\u00f6shet. D\u00e4rf\u00f6r \u00e4r det anm\u00e4rkningsv\u00e4rt att regeringen valt att inte omfatta branschen i etableringsjobben.<\/p>\n\n\n\n<p>Etableringsjobben kom till som parternas gemensamma svar p\u00e5 hur fler hj\u00e4lps till ett jobb att g\u00e5 till och en l\u00f6n att leva p\u00e5. Bemanningsbranschens medverkan i satsningen fick sedan politiskt f\u00e4ste i regeringens <a href=\"https:\/\/sv.wikipedia.org\/wiki\/Januariavtalet\">Januari\u00f6verenskommelse<\/a> punkt 17. I dagarna meddelade regeringen att etableringsjobb, med syfte att hj\u00e4lpa nyanl\u00e4nda och l\u00e5ngtidsarbetsl\u00f6sa till arbete, nu kommer att sj\u00f6s\u00e4ttas \u2013 dock omfattas inte bemanningsbranschen.<\/p>\n\n\n\n<h3 class=\"wp-block-heading\">Anm\u00e4rkningsv\u00e4rt att bemanningsf\u00f6retag utesluts<\/h3>\n\n\n\n<p>&#8211; Det \u00e4r mycket anm\u00e4rkningsv\u00e4rt att inte bemanningsbranschen ges tilltr\u00e4de till reformen. Branschen har gedigen erfarenhet av att hj\u00e4lpa m\u00e4nniskor i utanf\u00f6rskap till arbete. Den har exempelvis en tredjedel s\u00e5 m\u00e5nga utrikesf\u00f6dda som \u00f6vriga arbetsmarknaden och n\u00e4stan var fj\u00e4rde medarbetare kommer direkt fr\u00e5n arbetsl\u00f6shet. V\u00e5ra f\u00f6retag \u00e4r ocks\u00e5 en spr\u00e5ngbr\u00e4da f\u00f6r invandrade akademiker, s\u00e4ger Martina Elfgren Lilja, (d\u00e5varande) f\u00f6rbundsjurist, Kompetensf\u00f6retagen.<\/p>\n\n\n\n<blockquote class=\"wp-block-quote is-layout-flow wp-block-quote-is-layout-flow\">\n<p>Branschen har gedigen erfarenhet av att hj\u00e4lpa m\u00e4nniskor i utanf\u00f6rskap till arbete<\/p>\n<\/blockquote>\n\n\n\n<p>&#8211; Hade regeringen valt att f\u00f6lja Januariavtalet och inkluderat bemanningsf\u00f6retag, skulle den etableringsanst\u00e4llde f\u00e5tt tillg\u00e5ng till en meritokratisk v\u00e4rdering av hens utbildningsniv\u00e5, erfarenhet och \u00f6vriga f\u00f6rm\u00e5gor f\u00f6ljt av ett uppdrag hos ett kundf\u00f6retag som efters\u00f6ker just dessa erfarenheter. Kundf\u00f6retag hade f\u00e5tt m\u00f6jlighet att pr\u00f6va p\u00e5 en person som st\u00e5r l\u00e5ngt ifr\u00e5n arbetsmarknaden och f\u00f6rb\u00e4ttra matchningspotentialen \u2013 en \u201dkudde\u201d att f\u00f6r att f\u00e5 upp volymerna av etableringsjobb. F\u00f6r att l\u00f6sa integrationspusslet beh\u00f6vs bemanningsbranschen, avslutar Elfgren Lilja.<\/p>\n\n\n\n<p>\u00c4ven Svenskt N\u00e4ringsliv beklagar att branschen utesluts<\/p>\n\n\n\n<p>\u2013 Det var ju n\u00e5got som LO och PTK kr\u00e4vde och det gick vi med p\u00e5. Vi st\u00e5r upp f\u00f6r det avtalet men i sak tycker vi att det vore bra om bemanningsbranschen ocks\u00e5 omfattades, s\u00e4ger Mattias Dahl, vice vd f\u00f6r Svenskt N\u00e4ringsliv <a href=\"https:\/\/arbetet.se\/2021\/09\/14\/klart-for-etableringsjobb-endast-for-foretag-med-kollektivavtal\/\" target=\"_blank\" rel=\"noopener noreferrer\">i en intervju.<\/a><\/p>\n\n\n\n<p><a href=\"https:\/\/www.kompetensforetagen.se\/etableringsjobb\/\">L\u00e4s mer om Kompetensf\u00f6retagens syn p\u00e5 etableringsjobben h\u00e4r.<\/a><\/p>\n","protected":false},"excerpt":{"rendered":"<p>Bemanningsbranschen har en tredjedel s\u00e5 m\u00e5nga utrikesf\u00f6dda anst\u00e4llda som \u00f6vriga arbetsmarknaden och var fj\u00e4rde medarbetare kommer direkt fr\u00e5n arbetsl\u00f6shet. D\u00e4rf\u00f6r \u00e4r det anm\u00e4rkningsv\u00e4rt att regeringen valt att inte omfatta branschen i etableringsjobben. Etableringsjobben kom till &hellip;<\/p>\n","protected":false},"author":6058,"featured_media":10914,"comment_status":"closed","ping_status":"closed","sticky":false,"template":"","format":"standard","meta":{"_acf_changed":false,"footnotes":""},"categories":[10,7,206],"tags":[],"article_type":[8,193],"agreement":[],"for-members":[],"class_list":["post-7911","post","type-post","status-publish","format-standard","has-post-thumbnail","hentry","category-arbetsmarknad","category-inhyrning","category-integration","type-aktuellt","type-kommentar"],"acf":[],"yoast_head":"<!-- This site is optimized with the Yoast SEO Premium plugin v26.8 (Yoast SEO v26.8) - https:\/\/yoast.com\/product\/yoast-seo-premium-wordpress\/ -->\n<title>Anm\u00e4rkningsv\u00e4rt att bemanningsf\u00f6retag utesluts ur satsningen p\u00e5 etableringsjobben - Kompetensf\u00f6retagen<\/title>\n<meta name=\"description\" content=\"Bemanningsbranschen har gedigen erfarenhet av att hj\u00e4lpa utrikesf\u00f6dda till jobb, d\u00e4rf\u00f6r \u00e4r det anm\u00e4rkningsv\u00e4rt att de utesluts ur etableringsjobben.\" \/>\n<meta name=\"robots\" content=\"index, follow, max-snippet:-1, max-image-preview:large, max-video-preview:-1\" \/>\n<link rel=\"canonical\" href=\"https:\/\/www.kompetensforetagen.se\/2021\/09\/anmarkningsvart-att-kompetensforetag-utesluts-ur-satsningen-pa-etableringsjobben\/\" \/>\n<meta property=\"og:locale\" content=\"sv_SE\" \/>\n<meta property=\"og:type\" content=\"article\" \/>\n<meta property=\"og:title\" content=\"Anm\u00e4rkningsv\u00e4rt att bemanningsf\u00f6retag utesluts ur satsningen p\u00e5 etableringsjobben\" \/>\n<meta property=\"og:description\" content=\"Bemanningsbranschen har gedigen erfarenhet av att hj\u00e4lpa utrikesf\u00f6dda till jobb, d\u00e4rf\u00f6r \u00e4r det anm\u00e4rkningsv\u00e4rt att de utesluts ur etableringsjobben.\" \/>\n<meta property=\"og:url\" content=\"https:\/\/www.kompetensforetagen.se\/2021\/09\/anmarkningsvart-att-kompetensforetag-utesluts-ur-satsningen-pa-etableringsjobben\/\" \/>\n<meta property=\"og:site_name\" content=\"Kompetensf\u00f6retagen\" \/>\n<meta property=\"article:published_time\" content=\"2021-09-14T14:09:08+00:00\" \/>\n<meta property=\"article:modified_time\" content=\"2023-07-12T09:22:00+00:00\" \/>\n<meta property=\"og:image\" content=\"https:\/\/www.kompetensforetagen.se\/app\/uploads\/sites\/5\/2023\/02\/pexels-vlada-karpovich-6115020-scaled.jpg\" \/>\n\t<meta property=\"og:image:width\" content=\"2560\" \/>\n\t<meta property=\"og:image:height\" content=\"1707\" \/>\n\t<meta property=\"og:image:type\" content=\"image\/jpeg\" \/>\n<meta name=\"author\" content=\"Shashika Sellgren\" \/>\n<meta name=\"twitter:card\" content=\"summary_large_image\" \/>\n<meta name=\"twitter:label1\" content=\"Skriven av\" \/>\n\t<meta name=\"twitter:data1\" content=\"Shashika Sellgren\" \/>\n\t<meta name=\"twitter:label2\" content=\"Ber\u00e4knad l\u00e4stid\" \/>\n\t<meta name=\"twitter:data2\" content=\"2 minuter\" \/>\n<!-- \/ Yoast SEO Premium plugin. -->","yoast_head_json":{"title":"Anm\u00e4rkningsv\u00e4rt att bemanningsf\u00f6retag utesluts ur satsningen p\u00e5 etableringsjobben - Kompetensf\u00f6retagen","description":"Bemanningsbranschen har gedigen erfarenhet av att hj\u00e4lpa utrikesf\u00f6dda till jobb, d\u00e4rf\u00f6r \u00e4r det anm\u00e4rkningsv\u00e4rt att de utesluts ur etableringsjobben.","robots":{"index":"index","follow":"follow","max-snippet":"max-snippet:-1","max-image-preview":"max-image-preview:large","max-video-preview":"max-video-preview:-1"},"canonical":"https:\/\/www.kompetensforetagen.se\/2021\/09\/anmarkningsvart-att-kompetensforetag-utesluts-ur-satsningen-pa-etableringsjobben\/","og_locale":"sv_SE","og_type":"article","og_title":"Anm\u00e4rkningsv\u00e4rt att bemanningsf\u00f6retag utesluts ur satsningen p\u00e5 etableringsjobben","og_description":"Bemanningsbranschen har gedigen erfarenhet av att hj\u00e4lpa utrikesf\u00f6dda till jobb, d\u00e4rf\u00f6r \u00e4r det anm\u00e4rkningsv\u00e4rt att de utesluts ur etableringsjobben.","og_url":"https:\/\/www.kompetensforetagen.se\/2021\/09\/anmarkningsvart-att-kompetensforetag-utesluts-ur-satsningen-pa-etableringsjobben\/","og_site_name":"Kompetensf\u00f6retagen","article_published_time":"2021-09-14T14:09:08+00:00","article_modified_time":"2023-07-12T09:22:00+00:00","og_image":[{"width":2560,"height":1707,"url":"https:\/\/www.kompetensforetagen.se\/app\/uploads\/sites\/5\/2023\/02\/pexels-vlada-karpovich-6115020-scaled.jpg","type":"image\/jpeg"}],"author":"Shashika Sellgren","twitter_card":"summary_large_image","twitter_misc":{"Skriven av":"Shashika Sellgren","Ber\u00e4knad l\u00e4stid":"2 minuter"},"schema":{"@context":"https:\/\/schema.org","@graph":[{"@type":"Article","@id":"https:\/\/www.kompetensforetagen.se\/2021\/09\/anmarkningsvart-att-kompetensforetag-utesluts-ur-satsningen-pa-etableringsjobben\/#article","isPartOf":{"@id":"https:\/\/www.kompetensforetagen.se\/2021\/09\/anmarkningsvart-att-kompetensforetag-utesluts-ur-satsningen-pa-etableringsjobben\/"},"author":{"name":"Shashika Sellgren","@id":"https:\/\/www.kompetensforetagen.se\/#\/schema\/person\/38c6b37b81c530c93246c3d1993d5662"},"headline":"Anm\u00e4rkningsv\u00e4rt att bemannings&shy;f\u00f6retag utesluts ur satsningen p\u00e5 etableringsjobben","datePublished":"2021-09-14T14:09:08+00:00","dateModified":"2023-07-12T09:22:00+00:00","mainEntityOfPage":{"@id":"https:\/\/www.kompetensforetagen.se\/2021\/09\/anmarkningsvart-att-kompetensforetag-utesluts-ur-satsningen-pa-etableringsjobben\/"},"wordCount":393,"publisher":{"@id":"https:\/\/www.kompetensforetagen.se\/#organization"},"image":{"@id":"https:\/\/www.kompetensforetagen.se\/2021\/09\/anmarkningsvart-att-kompetensforetag-utesluts-ur-satsningen-pa-etableringsjobben\/#primaryimage"},"thumbnailUrl":"https:\/\/www.kompetensforetagen.se\/app\/uploads\/sites\/5\/2023\/02\/pexels-vlada-karpovich-6115020-scaled.jpg","articleSection":["Arbetsmarknad","Inhyrning","Integration"],"inLanguage":"sv-SE"},{"@type":"WebPage","@id":"https:\/\/www.kompetensforetagen.se\/2021\/09\/anmarkningsvart-att-kompetensforetag-utesluts-ur-satsningen-pa-etableringsjobben\/","url":"https:\/\/www.kompetensforetagen.se\/2021\/09\/anmarkningsvart-att-kompetensforetag-utesluts-ur-satsningen-pa-etableringsjobben\/","name":"Anm\u00e4rkningsv\u00e4rt att bemanningsf\u00f6retag utesluts ur satsningen p\u00e5 etableringsjobben - Kompetensf\u00f6retagen","isPartOf":{"@id":"https:\/\/www.kompetensforetagen.se\/#website"},"primaryImageOfPage":{"@id":"https:\/\/www.kompetensforetagen.se\/2021\/09\/anmarkningsvart-att-kompetensforetag-utesluts-ur-satsningen-pa-etableringsjobben\/#primaryimage"},"image":{"@id":"https:\/\/www.kompetensforetagen.se\/2021\/09\/anmarkningsvart-att-kompetensforetag-utesluts-ur-satsningen-pa-etableringsjobben\/#primaryimage"},"thumbnailUrl":"https:\/\/www.kompetensforetagen.se\/app\/uploads\/sites\/5\/2023\/02\/pexels-vlada-karpovich-6115020-scaled.jpg","datePublished":"2021-09-14T14:09:08+00:00","dateModified":"2023-07-12T09:22:00+00:00","description":"Bemanningsbranschen har gedigen erfarenhet av att hj\u00e4lpa utrikesf\u00f6dda till jobb, d\u00e4rf\u00f6r \u00e4r det anm\u00e4rkningsv\u00e4rt att de utesluts ur etableringsjobben.","breadcrumb":{"@id":"https:\/\/www.kompetensforetagen.se\/2021\/09\/anmarkningsvart-att-kompetensforetag-utesluts-ur-satsningen-pa-etableringsjobben\/#breadcrumb"},"inLanguage":"sv-SE","potentialAction":[{"@type":"ReadAction","target":["https:\/\/www.kompetensforetagen.se\/2021\/09\/anmarkningsvart-att-kompetensforetag-utesluts-ur-satsningen-pa-etableringsjobben\/"]}]},{"@type":"ImageObject","inLanguage":"sv-SE","@id":"https:\/\/www.kompetensforetagen.se\/2021\/09\/anmarkningsvart-att-kompetensforetag-utesluts-ur-satsningen-pa-etableringsjobben\/#primaryimage","url":"https:\/\/www.kompetensforetagen.se\/app\/uploads\/sites\/5\/2023\/02\/pexels-vlada-karpovich-6115020-scaled.jpg","contentUrl":"https:\/\/www.kompetensforetagen.se\/app\/uploads\/sites\/5\/2023\/02\/pexels-vlada-karpovich-6115020-scaled.jpg","width":2560,"height":1707,"caption":"Schackbr\u00e4da schack och matt"},{"@type":"BreadcrumbList","@id":"https:\/\/www.kompetensforetagen.se\/2021\/09\/anmarkningsvart-att-kompetensforetag-utesluts-ur-satsningen-pa-etableringsjobben\/#breadcrumb","itemListElement":[{"@type":"ListItem","position":1,"name":"Home","item":"https:\/\/www.kompetensforetagen.se\/"},{"@type":"ListItem","position":2,"name":"Anm\u00e4rkningsv\u00e4rt att bemannings&shy;f\u00f6retag utesluts ur satsningen p\u00e5 etableringsjobben"}]},{"@type":"WebSite","@id":"https:\/\/www.kompetensforetagen.se\/#website","url":"https:\/\/www.kompetensforetagen.se\/","name":"Kompetensf\u00f6retagen","description":"R\u00e4tt person p\u00e5 r\u00e4tt plats kan f\u00f6r\u00e4ndra v\u00e4rlden","publisher":{"@id":"https:\/\/www.kompetensforetagen.se\/#organization"},"potentialAction":[{"@type":"SearchAction","target":{"@type":"EntryPoint","urlTemplate":"https:\/\/www.kompetensforetagen.se\/?s={search_term_string}"},"query-input":{"@type":"PropertyValueSpecification","valueRequired":true,"valueName":"search_term_string"}}],"inLanguage":"sv-SE"},{"@type":"Organization","@id":"https:\/\/www.kompetensforetagen.se\/#organization","name":"Kompetensf\u00f6retagen","url":"https:\/\/www.kompetensforetagen.se\/","logo":{"@type":"ImageObject","inLanguage":"sv-SE","@id":"https:\/\/www.kompetensforetagen.se\/#\/schema\/logo\/image\/","url":"https:\/\/www.kompetensforetagen.se\/app\/uploads\/sites\/5\/2022\/10\/logga_svart.png","contentUrl":"https:\/\/www.kompetensforetagen.se\/app\/uploads\/sites\/5\/2022\/10\/logga_svart.png","width":752,"height":64,"caption":"Kompetensf\u00f6retagen"},"image":{"@id":"https:\/\/www.kompetensforetagen.se\/#\/schema\/logo\/image\/"},"sameAs":["https:\/\/www.linkedin.com\/company\/10540032\/"]},{"@type":"Person","@id":"https:\/\/www.kompetensforetagen.se\/#\/schema\/person\/38c6b37b81c530c93246c3d1993d5662","name":"Shashika Sellgren","image":{"@type":"ImageObject","inLanguage":"sv-SE","@id":"https:\/\/www.kompetensforetagen.se\/#\/schema\/person\/image\/","url":"https:\/\/secure.gravatar.com\/avatar\/b225c479880df9eb82d1501dd105dd8040f27c8563f3d4bf5dd62ce0a1630abd?s=96&d=mm&r=g","contentUrl":"https:\/\/secure.gravatar.com\/avatar\/b225c479880df9eb82d1501dd105dd8040f27c8563f3d4bf5dd62ce0a1630abd?s=96&d=mm&r=g","caption":"Shashika Sellgren"},"url":"https:\/\/www.kompetensforetagen.se\/person\/shashikasellgren\/"}]}},"_links":{"self":[{"href":"https:\/\/www.kompetensforetagen.se\/api\/wp\/v2\/posts\/7911","targetHints":{"allow":["GET"]}}],"collection":[{"href":"https:\/\/www.kompetensforetagen.se\/api\/wp\/v2\/posts"}],"about":[{"href":"https:\/\/www.kompetensforetagen.se\/api\/wp\/v2\/types\/post"}],"author":[{"embeddable":true,"href":"https:\/\/www.kompetensforetagen.se\/api\/wp\/v2\/users\/6058"}],"replies":[{"embeddable":true,"href":"https:\/\/www.kompetensforetagen.se\/api\/wp\/v2\/comments?post=7911"}],"version-history":[{"count":1,"href":"https:\/\/www.kompetensforetagen.se\/api\/wp\/v2\/posts\/7911\/revisions"}],"predecessor-version":[{"id":13225,"href":"https:\/\/www.kompetensforetagen.se\/api\/wp\/v2\/posts\/7911\/revisions\/13225"}],"wp:featuredmedia":[{"embeddable":true,"href":"https:\/\/www.kompetensforetagen.se\/api\/wp\/v2\/media\/10914"}],"wp:attachment":[{"href":"https:\/\/www.kompetensforetagen.se\/api\/wp\/v2\/media?parent=7911"}],"wp:term":[{"taxonomy":"category","embeddable":true,"href":"https:\/\/www.kompetensforetagen.se\/api\/wp\/v2\/categories?post=7911"},{"taxonomy":"post_tag","embeddable":true,"href":"https:\/\/www.kompetensforetagen.se\/api\/wp\/v2\/tags?post=7911"},{"taxonomy":"type","embeddable":true,"href":"https:\/\/www.kompetensforetagen.se\/api\/wp\/v2\/article_type?post=7911"},{"taxonomy":"agreement","embeddable":true,"href":"https:\/\/www.kompetensforetagen.se\/api\/wp\/v2\/agreement?post=7911"},{"taxonomy":"for-members","embeddable":true,"href":"https:\/\/www.kompetensforetagen.se\/api\/wp\/v2\/for-members?post=7911"}],"curies":[{"name":"wp","href":"https:\/\/api.w.org\/{rel}","templated":true}]}}