{"id":7880,"date":"2021-09-09T09:33:07","date_gmt":"2021-09-09T07:33:07","guid":{"rendered":"https:\/\/www.kompetensforetagen.se\/?p=7880"},"modified":"2023-04-21T15:15:34","modified_gmt":"2023-04-21T13:15:34","slug":"debatt-rakna-inte-bort-tjansteinnovationerna-stall-om-politiken","status":"publish","type":"post","link":"https:\/\/www.kompetensforetagen.se\/2021\/09\/debatt-rakna-inte-bort-tjansteinnovationerna-stall-om-politiken\/","title":{"rendered":"Debatt: \u201dR\u00e4kna inte bort tj\u00e4nsteinnovationerna \u2013 st\u00e4ll om politiken\u201d"},"content":{"rendered":"\n<p><a href=\"https:\/\/www.nyteknik.se\/opinion\/rakna-inte-bort-tjansteinnovationerna-stall-om-politiken-7020463\" target=\"_blank\" rel=\"noopener noreferrer\"><em>Debattartikel i Ny Teknik&nbsp; \u201dR\u00e4kna inte bort tj\u00e4nsteinnovationerna \u2013 st\u00e4ll om politiken\u201d- publicerad den 9 september 2021&nbsp;<\/em><\/a><\/p>\n\n\n\n<p>Alla ropar efter innovation. Kunder, patienter och medborgare vill ha l\u00f6sningar som f\u00f6rb\u00e4ttrar deras vardag. F\u00f6retag utvecklar nya erbjudanden f\u00f6r att vinna kunder eller effektivisera produktionen. Politiker och beslutsfattare vill se innovationer som fr\u00e4mjar v\u00e4lf\u00e4rden, en h\u00e5llbar tillv\u00e4xt samt l\u00f6ser de stora samh\u00e4llsutmaningarna.<\/p>\n\n\n\n<p>Enligt m\u00e4tningar av Sveriges innovationsklimat finns det ingen st\u00f6rre anledning till oro. V\u00e4letablerade Bloombergs innovationsindex eller Global Innovation Index visar att Sveriges f\u00f6ruts\u00e4ttningar f\u00f6r nyskapande och innovation \u00e4r goda. Tyv\u00e4rr \u00e4r perspektivet i dessa m\u00e4tningar alltf\u00f6r sn\u00e4vt. Fokus ligger p\u00e5 s\u00e5dant som \u00e4r enkelt att m\u00e4ta, exempelvis antal produktlanseringar, patent, FoU-investeringar eller n\u00e4rhet till h\u00f6gteknologiska kluster. Tekniska genombrott i all \u00e4ra \u2013 men en innovation \u00e4r inte en innovation f\u00f6rr\u00e4n den skapar nytta.<\/p>\n\n\n\n<blockquote class=\"wp-block-quote is-layout-flow wp-block-quote-is-layout-flow\">\n<p>Det beh\u00f6vs ny kunskap och forskning f\u00f6r att Sverige skall kunna f\u00f6rb\u00e4ttra innovationsklimatet ytterligare<\/p>\n<\/blockquote>\n\n\n\n<p>N\u00e4r innovation m\u00e4ts saknas s\u00e5v\u00e4l kundperspektiv som samh\u00e4llsnytta. Dessutom exkluderas ofta innovation som sker i tj\u00e4nstesektorn samt de effekter som innovationer har ur ett samh\u00e4llsperspektiv, exempelvis avseende milj\u00f6, folkh\u00e4lsa och livskvalitet.<\/p>\n\n\n\n<p>I dag skapar digitala plattformar helt nya tj\u00e4nster och kundv\u00e4rden, med konsekvenser f\u00f6r jobb och tillv\u00e4xt. Ett exempel \u00e4r betaltj\u00e4nsten Swish som inneburit att m\u00e5nga enmansf\u00f6retag kunnat skala upp sina tj\u00e4nster. Det beh\u00f6vs ny kunskap och forskning f\u00f6r att Sverige skall kunna f\u00f6rb\u00e4ttra innovationsklimatet ytterligare. Inte minst kr\u00e4vs nya metoder f\u00f6r att f\u00e5nga upp ekonomiska v\u00e4rden av digitala innovationer.<\/p>\n\n\n\n<p>Immateriella investeringar \u00e4r centrala f\u00f6r s\u00e5v\u00e4l f\u00f6retags innovationsf\u00f6rm\u00e5ga som f\u00f6r den ekonomiska tillv\u00e4xten. Men kunskapen om investeringarnas villkor beh\u00f6ver utvecklas. I dag f\u00e5r exempelvis immateriella investeringar som satsningar p\u00e5 kompetensutveckling, kundunders\u00f6kningar och mjukvaruink\u00f6p inte bokf\u00f6ras som tillg\u00e5ngar utan endast som kostnader.<\/p>\n\n\n\n<h3 class=\"wp-block-heading\">R\u00e4kna inte bort tj\u00e4nsteinnovationerna<\/h3>\n\n\n\n<p>Det finns fler exempel som illustrerar behovet av att t\u00e4nka nytt kring innovation. Det senaste Nobelpriset i ekonomi tydligg\u00f6r hur innovation kan skapa samh\u00e4llsnytta utan att vara kopplad till en specifik produkt eller teknologi. Ny auktionsteori har m\u00f6jliggjort en effektiv f\u00f6rdelning av bland annat radiofrekvenser och utsl\u00e4ppsr\u00e4tter vilket gynnat s\u00e4ljare, k\u00f6pare och skattebetalare. Samt inneburit steg mot \u00f6kad h\u00e5llbarhet.<\/p>\n\n\n\n<blockquote class=\"wp-block-quote is-layout-flow wp-block-quote-is-layout-flow\">\n<p>Vi f\u00f6resl\u00e5r d\u00e4rf\u00f6r att Sveriges innovationspolitik f\u00f6rnyas<\/p>\n<\/blockquote>\n\n\n\n<p>F\u00f6r tio \u00e5r sedan var det f\u00e5 som talade om aff\u00e4rsmodellsinnovation. I dag \u00e4r det f\u00f6r m\u00e5nga f\u00f6retag viktigare att utveckla aff\u00e4rsmodellen, till exempel att s\u00e4lja produkten som en tj\u00e4nst, \u00e4n att utveckla sj\u00e4lva produkten. Detta st\u00e4rker konkurrenskraften och skapar nya arbetstillf\u00e4llen.<\/p>\n\n\n\n<p>Inte heller regelverksinnovation f\u00e5r underskattas. Genom att f\u00f6r\u00e4ndra lagar, policys och st\u00f6dsystem kan \u00f6nskv\u00e4rda innovationer p\u00e5skyndas. Ett exempel \u00e4r den l\u00e5ga nyttjandegraden av v\u00e5ra bilar. Skapas r\u00e4tt f\u00f6ruts\u00e4ttningar f\u00f6r en fungerande privat bildelning f\u00f6rb\u00e4ttras resursanv\u00e4ndning samtidigt som klimatp\u00e5verkan minskar.<\/p>\n\n\n\n<p>Ytterligare en bortgl\u00f6md del av innovation \u00e4r hur v\u00e4rde skapas f\u00f6r anv\u00e4ndaren. Anv\u00e4ndarnas beteendef\u00f6r\u00e4ndringar i olika situationer \u00e4r en viktig del av innovation: Hur kan de \u00e4ndra sitt beteende f\u00f6r att utf\u00f6ra en viss process s\u00e4krare, anv\u00e4nda en ny tj\u00e4nst f\u00f6r att leva mer klimatsmart eller en app f\u00f6r att m\u00e5 b\u00e4ttre. F\u00f6r att morgondagens innovationer ska nyttjas fullt ut beh\u00f6vs ny kunskap om hur vi kan underl\u00e4tta storskalig beteendef\u00f6r\u00e4ndring.<\/p>\n\n\n\n<p>Vi f\u00f6resl\u00e5r d\u00e4rf\u00f6r att Sveriges innovationspolitik f\u00f6rnyas. En \u00f6kad kunskap och forskning om exempelvis tj\u00e4nsteinnovation har betydligt st\u00f6rre effekt \u00e4n motsvarande satsningar inom produktinriktade omr\u00e5den d\u00e4r innovationsklimatet redan \u00e4r gott. Dessutom m\u00e5ste m\u00e4tningar av innovationskraft ge bilden av hela det svenska innovationslandskapet och inkludera aspekter relaterade till digitalisering, <a href=\"https:\/\/www.kompetensforetagen.se\/vara-fragor\/\" target=\"_blank\" rel=\"noopener noreferrer\">tj\u00e4nsteinnovation<\/a> och policyf\u00f6r\u00e4ndringar.<\/p>\n\n\n\n<p>F\u00f6rst n\u00e4r vi antar ett innovativt syns\u00e4tt p\u00e5 innovation kan svensk konkurrenskraft st\u00e4rkas ytterligare, med reella och h\u00e5llbara effekter f\u00f6r kunder, f\u00f6retag och samh\u00e4lle.<\/p>\n\n\n\n<p><strong>Per Kristensson<\/strong>, professor och f\u00f6rest\u00e5ndare CTF, Centrum f\u00f6r tj\u00e4nsteforskning, Karlstads universitet<\/p>\n\n\n\n<p><strong>Lars Witell,<\/strong>&nbsp;professor, Karlstads universitet och Link\u00f6pings universitet<\/p>\n\n\n\n<p><strong>Thomas Ers\u00e9us<\/strong>, vd, Almega<\/p>\n\n\n\n<p><strong>Antje Dedering<\/strong>, f\u00f6rbundsdirekt\u00f6r V\u00e5rdf\u00f6retagarna<\/p>\n\n\n\n<p><strong>Patrik Eidfelt<\/strong>, f\u00f6rbundsdirekt\u00f6r Kompetensf\u00f6retagen<\/p>\n\n\n\n<p><strong>Magnus H\u00f6ij<\/strong>, f\u00f6rbundsdirekt\u00f6r, Innovationsf\u00f6retagen<\/p>\n\n\n\n<p><strong>Stefan Koskinen<\/strong>, f\u00f6rbundsdirekt\u00f6r Tj\u00e4nstef\u00f6retagen<\/p>\n","protected":false},"excerpt":{"rendered":"<p>Debattartikel i Ny Teknik&nbsp; \u201dR\u00e4kna inte bort tj\u00e4nsteinnovationerna \u2013 st\u00e4ll om politiken\u201d- publicerad den 9 september 2021&nbsp; Alla ropar efter innovation. Kunder, patienter och medborgare vill ha l\u00f6sningar som f\u00f6rb\u00e4ttrar deras vardag. F\u00f6retag utvecklar nya &hellip;<\/p>\n","protected":false},"author":6058,"featured_media":5616,"comment_status":"closed","ping_status":"closed","sticky":false,"template":"","format":"standard","meta":{"_acf_changed":false,"footnotes":""},"categories":[10],"tags":[],"article_type":[8,32],"agreement":[],"for-members":[],"class_list":["post-7880","post","type-post","status-publish","format-standard","has-post-thumbnail","hentry","category-arbetsmarknad","type-aktuellt","type-debattartiklar"],"acf":[],"yoast_head":"<!-- This site is optimized with the Yoast SEO Premium plugin v26.8 (Yoast SEO v26.8) - https:\/\/yoast.com\/product\/yoast-seo-premium-wordpress\/ -->\n<title>Debatt: \u201dR\u00e4kna inte bort tj\u00e4nsteinnovationerna \u2013 st\u00e4ll om politiken&quot;<\/title>\n<meta name=\"description\" content=\"Sveriges innovationspolitik beh\u00f6ver f\u00f6rnyas. Inte minst kr\u00e4vs nya metoder f\u00f6r att f\u00e5nga upp v\u00e4rden av de digitala tj\u00e4nsteinnovationerna.\" \/>\n<meta name=\"robots\" content=\"index, follow, max-snippet:-1, max-image-preview:large, max-video-preview:-1\" \/>\n<link rel=\"canonical\" href=\"https:\/\/www.kompetensforetagen.se\/2021\/09\/debatt-rakna-inte-bort-tjansteinnovationerna-stall-om-politiken\/\" \/>\n<meta property=\"og:locale\" content=\"sv_SE\" \/>\n<meta property=\"og:type\" content=\"article\" \/>\n<meta property=\"og:title\" content=\"Debatt: \u201dR\u00e4kna inte bort tj\u00e4nsteinnovationerna \u2013 st\u00e4ll om politiken\u201d\" \/>\n<meta property=\"og:description\" content=\"Sveriges innovationspolitik beh\u00f6ver f\u00f6rnyas. Inte minst kr\u00e4vs nya metoder f\u00f6r att f\u00e5nga upp v\u00e4rden av de digitala tj\u00e4nsteinnovationerna.\" \/>\n<meta property=\"og:url\" content=\"https:\/\/www.kompetensforetagen.se\/2021\/09\/debatt-rakna-inte-bort-tjansteinnovationerna-stall-om-politiken\/\" \/>\n<meta property=\"og:site_name\" content=\"Kompetensf\u00f6retagen\" \/>\n<meta property=\"article:published_time\" content=\"2021-09-09T07:33:07+00:00\" \/>\n<meta property=\"article:modified_time\" content=\"2023-04-21T13:15:34+00:00\" \/>\n<meta property=\"og:image\" content=\"https:\/\/www.kompetensforetagen.se\/app\/uploads\/sites\/5\/2020\/12\/dsc0118-scaled.jpg\" \/>\n\t<meta property=\"og:image:width\" content=\"2560\" \/>\n\t<meta property=\"og:image:height\" content=\"1707\" \/>\n\t<meta property=\"og:image:type\" content=\"image\/jpeg\" \/>\n<meta name=\"author\" content=\"Shashika Sellgren\" \/>\n<meta name=\"twitter:card\" content=\"summary_large_image\" \/>\n<meta name=\"twitter:label1\" content=\"Skriven av\" \/>\n\t<meta name=\"twitter:data1\" content=\"Shashika Sellgren\" \/>\n\t<meta name=\"twitter:label2\" content=\"Ber\u00e4knad l\u00e4stid\" \/>\n\t<meta name=\"twitter:data2\" content=\"4 minuter\" \/>\n<!-- \/ Yoast SEO Premium plugin. -->","yoast_head_json":{"title":"Debatt: \u201dR\u00e4kna inte bort tj\u00e4nsteinnovationerna \u2013 st\u00e4ll om politiken\"","description":"Sveriges innovationspolitik beh\u00f6ver f\u00f6rnyas. Inte minst kr\u00e4vs nya metoder f\u00f6r att f\u00e5nga upp v\u00e4rden av de digitala tj\u00e4nsteinnovationerna.","robots":{"index":"index","follow":"follow","max-snippet":"max-snippet:-1","max-image-preview":"max-image-preview:large","max-video-preview":"max-video-preview:-1"},"canonical":"https:\/\/www.kompetensforetagen.se\/2021\/09\/debatt-rakna-inte-bort-tjansteinnovationerna-stall-om-politiken\/","og_locale":"sv_SE","og_type":"article","og_title":"Debatt: \u201dR\u00e4kna inte bort tj\u00e4nsteinnovationerna \u2013 st\u00e4ll om politiken\u201d","og_description":"Sveriges innovationspolitik beh\u00f6ver f\u00f6rnyas. Inte minst kr\u00e4vs nya metoder f\u00f6r att f\u00e5nga upp v\u00e4rden av de digitala tj\u00e4nsteinnovationerna.","og_url":"https:\/\/www.kompetensforetagen.se\/2021\/09\/debatt-rakna-inte-bort-tjansteinnovationerna-stall-om-politiken\/","og_site_name":"Kompetensf\u00f6retagen","article_published_time":"2021-09-09T07:33:07+00:00","article_modified_time":"2023-04-21T13:15:34+00:00","og_image":[{"width":2560,"height":1707,"url":"https:\/\/www.kompetensforetagen.se\/app\/uploads\/sites\/5\/2020\/12\/dsc0118-scaled.jpg","type":"image\/jpeg"}],"author":"Shashika Sellgren","twitter_card":"summary_large_image","twitter_misc":{"Skriven av":"Shashika Sellgren","Ber\u00e4knad l\u00e4stid":"4 minuter"},"schema":{"@context":"https:\/\/schema.org","@graph":[{"@type":"Article","@id":"https:\/\/www.kompetensforetagen.se\/2021\/09\/debatt-rakna-inte-bort-tjansteinnovationerna-stall-om-politiken\/#article","isPartOf":{"@id":"https:\/\/www.kompetensforetagen.se\/2021\/09\/debatt-rakna-inte-bort-tjansteinnovationerna-stall-om-politiken\/"},"author":{"name":"Shashika Sellgren","@id":"https:\/\/www.kompetensforetagen.se\/#\/schema\/person\/38c6b37b81c530c93246c3d1993d5662"},"headline":"Debatt: \u201dR\u00e4kna inte bort tj\u00e4nsteinnovationerna \u2013 st\u00e4ll om politiken\u201d","datePublished":"2021-09-09T07:33:07+00:00","dateModified":"2023-04-21T13:15:34+00:00","mainEntityOfPage":{"@id":"https:\/\/www.kompetensforetagen.se\/2021\/09\/debatt-rakna-inte-bort-tjansteinnovationerna-stall-om-politiken\/"},"wordCount":804,"publisher":{"@id":"https:\/\/www.kompetensforetagen.se\/#organization"},"image":{"@id":"https:\/\/www.kompetensforetagen.se\/2021\/09\/debatt-rakna-inte-bort-tjansteinnovationerna-stall-om-politiken\/#primaryimage"},"thumbnailUrl":"https:\/\/www.kompetensforetagen.se\/app\/uploads\/sites\/5\/2020\/12\/dsc0118-scaled.jpg","articleSection":["Arbetsmarknad"],"inLanguage":"sv-SE"},{"@type":"WebPage","@id":"https:\/\/www.kompetensforetagen.se\/2021\/09\/debatt-rakna-inte-bort-tjansteinnovationerna-stall-om-politiken\/","url":"https:\/\/www.kompetensforetagen.se\/2021\/09\/debatt-rakna-inte-bort-tjansteinnovationerna-stall-om-politiken\/","name":"Debatt: \u201dR\u00e4kna inte bort tj\u00e4nsteinnovationerna \u2013 st\u00e4ll om politiken\"","isPartOf":{"@id":"https:\/\/www.kompetensforetagen.se\/#website"},"primaryImageOfPage":{"@id":"https:\/\/www.kompetensforetagen.se\/2021\/09\/debatt-rakna-inte-bort-tjansteinnovationerna-stall-om-politiken\/#primaryimage"},"image":{"@id":"https:\/\/www.kompetensforetagen.se\/2021\/09\/debatt-rakna-inte-bort-tjansteinnovationerna-stall-om-politiken\/#primaryimage"},"thumbnailUrl":"https:\/\/www.kompetensforetagen.se\/app\/uploads\/sites\/5\/2020\/12\/dsc0118-scaled.jpg","datePublished":"2021-09-09T07:33:07+00:00","dateModified":"2023-04-21T13:15:34+00:00","description":"Sveriges innovationspolitik beh\u00f6ver f\u00f6rnyas. Inte minst kr\u00e4vs nya metoder f\u00f6r att f\u00e5nga upp v\u00e4rden av de digitala tj\u00e4nsteinnovationerna.","breadcrumb":{"@id":"https:\/\/www.kompetensforetagen.se\/2021\/09\/debatt-rakna-inte-bort-tjansteinnovationerna-stall-om-politiken\/#breadcrumb"},"inLanguage":"sv-SE","potentialAction":[{"@type":"ReadAction","target":["https:\/\/www.kompetensforetagen.se\/2021\/09\/debatt-rakna-inte-bort-tjansteinnovationerna-stall-om-politiken\/"]}]},{"@type":"ImageObject","inLanguage":"sv-SE","@id":"https:\/\/www.kompetensforetagen.se\/2021\/09\/debatt-rakna-inte-bort-tjansteinnovationerna-stall-om-politiken\/#primaryimage","url":"https:\/\/www.kompetensforetagen.se\/app\/uploads\/sites\/5\/2020\/12\/dsc0118-scaled.jpg","contentUrl":"https:\/\/www.kompetensforetagen.se\/app\/uploads\/sites\/5\/2020\/12\/dsc0118-scaled.jpg","width":2560,"height":1707,"caption":"Debatt\u00f6r Patrik Eidfelt, f\u00f6rbundsdirekt\u00f6r Kompetensf\u00f6retagen"},{"@type":"BreadcrumbList","@id":"https:\/\/www.kompetensforetagen.se\/2021\/09\/debatt-rakna-inte-bort-tjansteinnovationerna-stall-om-politiken\/#breadcrumb","itemListElement":[{"@type":"ListItem","position":1,"name":"Home","item":"https:\/\/www.kompetensforetagen.se\/"},{"@type":"ListItem","position":2,"name":"Debatt: \u201dR\u00e4kna inte bort tj\u00e4nsteinnovationerna \u2013 st\u00e4ll om politiken\u201d"}]},{"@type":"WebSite","@id":"https:\/\/www.kompetensforetagen.se\/#website","url":"https:\/\/www.kompetensforetagen.se\/","name":"Kompetensf\u00f6retagen","description":"R\u00e4tt person p\u00e5 r\u00e4tt plats kan f\u00f6r\u00e4ndra v\u00e4rlden","publisher":{"@id":"https:\/\/www.kompetensforetagen.se\/#organization"},"potentialAction":[{"@type":"SearchAction","target":{"@type":"EntryPoint","urlTemplate":"https:\/\/www.kompetensforetagen.se\/?s={search_term_string}"},"query-input":{"@type":"PropertyValueSpecification","valueRequired":true,"valueName":"search_term_string"}}],"inLanguage":"sv-SE"},{"@type":"Organization","@id":"https:\/\/www.kompetensforetagen.se\/#organization","name":"Kompetensf\u00f6retagen","url":"https:\/\/www.kompetensforetagen.se\/","logo":{"@type":"ImageObject","inLanguage":"sv-SE","@id":"https:\/\/www.kompetensforetagen.se\/#\/schema\/logo\/image\/","url":"https:\/\/www.kompetensforetagen.se\/app\/uploads\/sites\/5\/2022\/10\/logga_svart.png","contentUrl":"https:\/\/www.kompetensforetagen.se\/app\/uploads\/sites\/5\/2022\/10\/logga_svart.png","width":752,"height":64,"caption":"Kompetensf\u00f6retagen"},"image":{"@id":"https:\/\/www.kompetensforetagen.se\/#\/schema\/logo\/image\/"},"sameAs":["https:\/\/www.linkedin.com\/company\/10540032\/"]},{"@type":"Person","@id":"https:\/\/www.kompetensforetagen.se\/#\/schema\/person\/38c6b37b81c530c93246c3d1993d5662","name":"Shashika Sellgren","image":{"@type":"ImageObject","inLanguage":"sv-SE","@id":"https:\/\/www.kompetensforetagen.se\/#\/schema\/person\/image\/","url":"https:\/\/secure.gravatar.com\/avatar\/b225c479880df9eb82d1501dd105dd8040f27c8563f3d4bf5dd62ce0a1630abd?s=96&d=mm&r=g","contentUrl":"https:\/\/secure.gravatar.com\/avatar\/b225c479880df9eb82d1501dd105dd8040f27c8563f3d4bf5dd62ce0a1630abd?s=96&d=mm&r=g","caption":"Shashika Sellgren"},"url":"https:\/\/www.kompetensforetagen.se\/person\/shashikasellgren\/"}]}},"_links":{"self":[{"href":"https:\/\/www.kompetensforetagen.se\/api\/wp\/v2\/posts\/7880","targetHints":{"allow":["GET"]}}],"collection":[{"href":"https:\/\/www.kompetensforetagen.se\/api\/wp\/v2\/posts"}],"about":[{"href":"https:\/\/www.kompetensforetagen.se\/api\/wp\/v2\/types\/post"}],"author":[{"embeddable":true,"href":"https:\/\/www.kompetensforetagen.se\/api\/wp\/v2\/users\/6058"}],"replies":[{"embeddable":true,"href":"https:\/\/www.kompetensforetagen.se\/api\/wp\/v2\/comments?post=7880"}],"version-history":[{"count":1,"href":"https:\/\/www.kompetensforetagen.se\/api\/wp\/v2\/posts\/7880\/revisions"}],"predecessor-version":[{"id":13223,"href":"https:\/\/www.kompetensforetagen.se\/api\/wp\/v2\/posts\/7880\/revisions\/13223"}],"wp:featuredmedia":[{"embeddable":true,"href":"https:\/\/www.kompetensforetagen.se\/api\/wp\/v2\/media\/5616"}],"wp:attachment":[{"href":"https:\/\/www.kompetensforetagen.se\/api\/wp\/v2\/media?parent=7880"}],"wp:term":[{"taxonomy":"category","embeddable":true,"href":"https:\/\/www.kompetensforetagen.se\/api\/wp\/v2\/categories?post=7880"},{"taxonomy":"post_tag","embeddable":true,"href":"https:\/\/www.kompetensforetagen.se\/api\/wp\/v2\/tags?post=7880"},{"taxonomy":"type","embeddable":true,"href":"https:\/\/www.kompetensforetagen.se\/api\/wp\/v2\/article_type?post=7880"},{"taxonomy":"agreement","embeddable":true,"href":"https:\/\/www.kompetensforetagen.se\/api\/wp\/v2\/agreement?post=7880"},{"taxonomy":"for-members","embeddable":true,"href":"https:\/\/www.kompetensforetagen.se\/api\/wp\/v2\/for-members?post=7880"}],"curies":[{"name":"wp","href":"https:\/\/api.w.org\/{rel}","templated":true}]}}