{"id":7703,"date":"2021-08-25T12:06:09","date_gmt":"2021-08-25T10:06:09","guid":{"rendered":"https:\/\/www.kompetensforetagen.se\/?p=7703"},"modified":"2023-11-22T14:47:17","modified_gmt":"2023-11-22T13:47:17","slug":"ulla-murman-en-kvinnlig-pionjar-i-kompetensbranschen","status":"publish","type":"post","link":"https:\/\/www.kompetensforetagen.se\/2021\/08\/ulla-murman-en-kvinnlig-pionjar-i-kompetensbranschen\/","title":{"rendered":"Ulla Murman &#8211; en kvinnlig pionj\u00e4r i kompetens&shy;branschen"},"content":{"rendered":"\n<p>Den 26 augusti \u00e4r det J\u00e4mst\u00e4lldhetsdagen. En person att uppm\u00e4rksamma d\u00e5 \u00e4r <a href=\"https:\/\/sv.wikipedia.org\/wiki\/Ulla_Murman\">Ulla Murman, en kvinnlig pionj\u00e4r i kompetensbranschen.<\/a> Hon startade 1953&nbsp; landets f\u00f6rsta moderna bemanningsf\u00f6retag under namnet Stockholms Stenografservice, som senare blev det som idag heter Manpower AB.<\/p>\n\n\n\n<p>Men Ulla Murman fick ocks\u00e5&nbsp; st\u00e5 inf\u00f6r skranket i domstol, \u00e5talad f\u00f6r olaga arbetsf\u00f6rmedling. Sammanlagt i \u00e5tta r\u00e4tteg\u00e5ngar, d\u00e4r hon f\u00e4lldes sex g\u00e5nger och friades vid tv\u00e5 tillf\u00e4llen. Detta med anledning av att kompetensbranschens verksamheter var f\u00f6rbjudna i Sverige fram till b\u00f6rjan av 1990-talet.<\/p>\n\n\n\n<blockquote class=\"wp-block-quote is-layout-flow wp-block-quote-is-layout-flow\">\n<p>Det \u00e4r sv\u00e5rt att inte anl\u00e4gga ett genusperspektiv p\u00e5 striden om arbetsf\u00f6rmedlingsmonopolet<\/p>\n<\/blockquote>\n\n\n\n<p>Sedan 1930-talet fanns ett offentligt arbetsf\u00f6rmedlingsmonopol. \u00c4ven uthyrning av personal ans\u00e5gs vara en form av f\u00f6rbjuden arbetsf\u00f6rmedling. \u00c4nd\u00e5 fanns det flera f\u00f6retag som bedrev bemanningsverksamhet. Viktigast var de skrivbyr\u00e5er i Stockholm som startades och drevs av f\u00f6retagsamma kvinnor, d\u00e4ribland Ulla Murman.<\/p>\n\n\n\n<h3 class=\"wp-block-heading\">Genusperspektiv p\u00e5 f\u00f6rbudet<\/h3>\n\n\n\n<p>Det \u00e4r sv\u00e5rt att inte anl\u00e4gga ett genusperspektiv p\u00e5 striden om arbetsf\u00f6rmedlingsmonopolet. Trots att de fyllde en viktig funktion p\u00e5 arbetsmarknaden accepterades de inte av de manliga maktstrukturer som formade spelreglerna p\u00e5 arbetsmarknaden. I n\u00e4stan 40 \u00e5r p\u00e5gick en juridisk, politisk och facklig kamp om bemanningsf\u00f6retags r\u00e4tt att existera.<\/p>\n\n\n\n<p>\u00c5r 1989 stod Ulla Murman f\u00f6r andra g\u00e5ngen \u00e5talad f\u00f6r olaga arbetsf\u00f6rmedling inf\u00f6r H\u00f6gsta domstolen och f\u00e4lldes. Dagen efter ringde Justitiedepartementet och bad att f\u00e5 upp en skrivhj\u00e4lp, trots f\u00e4llande dom!<\/p>\n\n\n\n<h3 class=\"wp-block-heading\">Kvinnlig pionj\u00e4r i kompetensbranschen<\/h3>\n\n\n\n<p>Ulla Murman var en av initiativtagarna till den f\u00f6rsta branschorganisationen inom bemanning och drivande i arbetet f\u00f6r att branschen skulle erk\u00e4nnas som en laglig och seri\u00f6s del av svensk arbetsmarknad.<\/p>\n\n\n\n<p>Kompetensf\u00f6retagen forts\u00e4tter att driva hennes arbete; att se kompetensbranschen som en seri\u00f6s akt\u00f6r inom arbetsmarknaden med bra och trygga arbetsvillkor f\u00f6r den anst\u00e4llde.<\/p>\n\n\n\n<p><a href=\"https:\/\/www.almega.se\/app\/uploads\/sites\/5\/2018\/05\/kompetensrebellerna_webb.pdf\">L\u00e4s mer om Ulla Murman och andra drivande kvinnor inom branschen i v\u00e5r bok Kompetensrebellerna!&nbsp;<\/a><\/p>\n","protected":false},"excerpt":{"rendered":"<p>Den 26 augusti \u00e4r det J\u00e4mst\u00e4lldhetsdagen. En person att uppm\u00e4rksamma d\u00e5 \u00e4r Ulla Murman, en kvinnlig pionj\u00e4r i kompetensbranschen. Hon startade 1953&nbsp; landets f\u00f6rsta moderna bemanningsf\u00f6retag under namnet Stockholms Stenografservice, som senare blev det som &hellip;<\/p>\n","protected":false},"author":6058,"featured_media":7704,"comment_status":"closed","ping_status":"closed","sticky":false,"template":"","format":"standard","meta":{"_acf_changed":false,"footnotes":""},"categories":[199],"tags":[201,202,200],"article_type":[8,210],"agreement":[],"for-members":[],"class_list":["post-7703","post","type-post","status-publish","format-standard","has-post-thumbnail","hentry","category-historia","tag-arbetsmarknad","tag-bemanning","tag-historia","type-aktuellt","type-fakta"],"acf":[],"yoast_head":"<!-- This site is optimized with the Yoast SEO Premium plugin v26.8 (Yoast SEO v26.8) - https:\/\/yoast.com\/product\/yoast-seo-premium-wordpress\/ -->\n<title>Ulla Murman - en kvinnlig pionj\u00e4r i kompetensbranschen<\/title>\n<meta name=\"description\" content=\"Inf\u00f6r J\u00e4mst\u00e4lldhetsdagen lyfter vi Ulla Murman, en kvinnlig pionj\u00e4r i kompetensbranschen, som 1953 startade landets f\u00f6rsta bemanningsf\u00f6retag.\" \/>\n<meta name=\"robots\" content=\"index, follow, max-snippet:-1, max-image-preview:large, max-video-preview:-1\" \/>\n<link rel=\"canonical\" href=\"https:\/\/www.kompetensforetagen.se\/2021\/08\/ulla-murman-en-kvinnlig-pionjar-i-kompetensbranschen\/\" \/>\n<meta property=\"og:locale\" content=\"sv_SE\" \/>\n<meta property=\"og:type\" content=\"article\" \/>\n<meta property=\"og:title\" content=\"Ulla Murman - en kvinnlig pionj\u00e4r i kompetensbranschen\" \/>\n<meta property=\"og:description\" content=\"Inf\u00f6r J\u00e4mst\u00e4lldhetsdagen lyfter vi Ulla Murman, en kvinnlig pionj\u00e4r i kompetensbranschen, som 1953 startade landets f\u00f6rsta bemanningsf\u00f6retag.\" \/>\n<meta property=\"og:url\" content=\"https:\/\/www.kompetensforetagen.se\/2021\/08\/ulla-murman-en-kvinnlig-pionjar-i-kompetensbranschen\/\" \/>\n<meta property=\"og:site_name\" content=\"Kompetensf\u00f6retagen\" \/>\n<meta property=\"article:published_time\" content=\"2021-08-25T10:06:09+00:00\" \/>\n<meta property=\"article:modified_time\" content=\"2023-11-22T13:47:17+00:00\" \/>\n<meta property=\"og:image\" content=\"https:\/\/www.kompetensforetagen.se\/app\/uploads\/sites\/5\/2021\/08\/ulla-murman-580x754-1.png\" \/>\n\t<meta property=\"og:image:width\" content=\"580\" \/>\n\t<meta property=\"og:image:height\" content=\"754\" \/>\n\t<meta property=\"og:image:type\" content=\"image\/png\" \/>\n<meta name=\"author\" content=\"Shashika Sellgren\" \/>\n<meta name=\"twitter:card\" content=\"summary_large_image\" \/>\n<meta name=\"twitter:label1\" content=\"Skriven av\" \/>\n\t<meta name=\"twitter:data1\" content=\"Shashika Sellgren\" \/>\n\t<meta name=\"twitter:label2\" content=\"Ber\u00e4knad l\u00e4stid\" \/>\n\t<meta name=\"twitter:data2\" content=\"2 minuter\" \/>\n<!-- \/ Yoast SEO Premium plugin. -->","yoast_head_json":{"title":"Ulla Murman - en kvinnlig pionj\u00e4r i kompetensbranschen","description":"Inf\u00f6r J\u00e4mst\u00e4lldhetsdagen lyfter vi Ulla Murman, en kvinnlig pionj\u00e4r i kompetensbranschen, som 1953 startade landets f\u00f6rsta bemanningsf\u00f6retag.","robots":{"index":"index","follow":"follow","max-snippet":"max-snippet:-1","max-image-preview":"max-image-preview:large","max-video-preview":"max-video-preview:-1"},"canonical":"https:\/\/www.kompetensforetagen.se\/2021\/08\/ulla-murman-en-kvinnlig-pionjar-i-kompetensbranschen\/","og_locale":"sv_SE","og_type":"article","og_title":"Ulla Murman - en kvinnlig pionj\u00e4r i kompetensbranschen","og_description":"Inf\u00f6r J\u00e4mst\u00e4lldhetsdagen lyfter vi Ulla Murman, en kvinnlig pionj\u00e4r i kompetensbranschen, som 1953 startade landets f\u00f6rsta bemanningsf\u00f6retag.","og_url":"https:\/\/www.kompetensforetagen.se\/2021\/08\/ulla-murman-en-kvinnlig-pionjar-i-kompetensbranschen\/","og_site_name":"Kompetensf\u00f6retagen","article_published_time":"2021-08-25T10:06:09+00:00","article_modified_time":"2023-11-22T13:47:17+00:00","og_image":[{"width":580,"height":754,"url":"https:\/\/www.kompetensforetagen.se\/app\/uploads\/sites\/5\/2021\/08\/ulla-murman-580x754-1.png","type":"image\/png"}],"author":"Shashika Sellgren","twitter_card":"summary_large_image","twitter_misc":{"Skriven av":"Shashika Sellgren","Ber\u00e4knad l\u00e4stid":"2 minuter"},"schema":{"@context":"https:\/\/schema.org","@graph":[{"@type":"Article","@id":"https:\/\/www.kompetensforetagen.se\/2021\/08\/ulla-murman-en-kvinnlig-pionjar-i-kompetensbranschen\/#article","isPartOf":{"@id":"https:\/\/www.kompetensforetagen.se\/2021\/08\/ulla-murman-en-kvinnlig-pionjar-i-kompetensbranschen\/"},"author":{"name":"Shashika Sellgren","@id":"https:\/\/www.kompetensforetagen.se\/#\/schema\/person\/38c6b37b81c530c93246c3d1993d5662"},"headline":"Ulla Murman &#8211; en kvinnlig pionj\u00e4r i kompetens&shy;branschen","datePublished":"2021-08-25T10:06:09+00:00","dateModified":"2023-11-22T13:47:17+00:00","mainEntityOfPage":{"@id":"https:\/\/www.kompetensforetagen.se\/2021\/08\/ulla-murman-en-kvinnlig-pionjar-i-kompetensbranschen\/"},"wordCount":357,"publisher":{"@id":"https:\/\/www.kompetensforetagen.se\/#organization"},"image":{"@id":"https:\/\/www.kompetensforetagen.se\/2021\/08\/ulla-murman-en-kvinnlig-pionjar-i-kompetensbranschen\/#primaryimage"},"thumbnailUrl":"https:\/\/www.kompetensforetagen.se\/app\/uploads\/sites\/5\/2021\/08\/ulla-murman-580x754-1.png","keywords":["arbetsmarknad","bemanning","historia"],"articleSection":["Historia"],"inLanguage":"sv-SE"},{"@type":"WebPage","@id":"https:\/\/www.kompetensforetagen.se\/2021\/08\/ulla-murman-en-kvinnlig-pionjar-i-kompetensbranschen\/","url":"https:\/\/www.kompetensforetagen.se\/2021\/08\/ulla-murman-en-kvinnlig-pionjar-i-kompetensbranschen\/","name":"Ulla Murman - en kvinnlig pionj\u00e4r i kompetensbranschen","isPartOf":{"@id":"https:\/\/www.kompetensforetagen.se\/#website"},"primaryImageOfPage":{"@id":"https:\/\/www.kompetensforetagen.se\/2021\/08\/ulla-murman-en-kvinnlig-pionjar-i-kompetensbranschen\/#primaryimage"},"image":{"@id":"https:\/\/www.kompetensforetagen.se\/2021\/08\/ulla-murman-en-kvinnlig-pionjar-i-kompetensbranschen\/#primaryimage"},"thumbnailUrl":"https:\/\/www.kompetensforetagen.se\/app\/uploads\/sites\/5\/2021\/08\/ulla-murman-580x754-1.png","datePublished":"2021-08-25T10:06:09+00:00","dateModified":"2023-11-22T13:47:17+00:00","description":"Inf\u00f6r J\u00e4mst\u00e4lldhetsdagen lyfter vi Ulla Murman, en kvinnlig pionj\u00e4r i kompetensbranschen, som 1953 startade landets f\u00f6rsta bemanningsf\u00f6retag.","breadcrumb":{"@id":"https:\/\/www.kompetensforetagen.se\/2021\/08\/ulla-murman-en-kvinnlig-pionjar-i-kompetensbranschen\/#breadcrumb"},"inLanguage":"sv-SE","potentialAction":[{"@type":"ReadAction","target":["https:\/\/www.kompetensforetagen.se\/2021\/08\/ulla-murman-en-kvinnlig-pionjar-i-kompetensbranschen\/"]}]},{"@type":"ImageObject","inLanguage":"sv-SE","@id":"https:\/\/www.kompetensforetagen.se\/2021\/08\/ulla-murman-en-kvinnlig-pionjar-i-kompetensbranschen\/#primaryimage","url":"https:\/\/www.kompetensforetagen.se\/app\/uploads\/sites\/5\/2021\/08\/ulla-murman-580x754-1.png","contentUrl":"https:\/\/www.kompetensforetagen.se\/app\/uploads\/sites\/5\/2021\/08\/ulla-murman-580x754-1.png","width":580,"height":754,"caption":"Ulla Murman, en av kompetensbranschens pionj\u00e4rer"},{"@type":"BreadcrumbList","@id":"https:\/\/www.kompetensforetagen.se\/2021\/08\/ulla-murman-en-kvinnlig-pionjar-i-kompetensbranschen\/#breadcrumb","itemListElement":[{"@type":"ListItem","position":1,"name":"Home","item":"https:\/\/www.kompetensforetagen.se\/"},{"@type":"ListItem","position":2,"name":"Ulla Murman &#8211; en kvinnlig pionj\u00e4r i kompetens&shy;branschen"}]},{"@type":"WebSite","@id":"https:\/\/www.kompetensforetagen.se\/#website","url":"https:\/\/www.kompetensforetagen.se\/","name":"Kompetensf\u00f6retagen","description":"R\u00e4tt person p\u00e5 r\u00e4tt plats kan f\u00f6r\u00e4ndra v\u00e4rlden","publisher":{"@id":"https:\/\/www.kompetensforetagen.se\/#organization"},"potentialAction":[{"@type":"SearchAction","target":{"@type":"EntryPoint","urlTemplate":"https:\/\/www.kompetensforetagen.se\/?s={search_term_string}"},"query-input":{"@type":"PropertyValueSpecification","valueRequired":true,"valueName":"search_term_string"}}],"inLanguage":"sv-SE"},{"@type":"Organization","@id":"https:\/\/www.kompetensforetagen.se\/#organization","name":"Kompetensf\u00f6retagen","url":"https:\/\/www.kompetensforetagen.se\/","logo":{"@type":"ImageObject","inLanguage":"sv-SE","@id":"https:\/\/www.kompetensforetagen.se\/#\/schema\/logo\/image\/","url":"https:\/\/www.kompetensforetagen.se\/app\/uploads\/sites\/5\/2022\/10\/logga_svart.png","contentUrl":"https:\/\/www.kompetensforetagen.se\/app\/uploads\/sites\/5\/2022\/10\/logga_svart.png","width":752,"height":64,"caption":"Kompetensf\u00f6retagen"},"image":{"@id":"https:\/\/www.kompetensforetagen.se\/#\/schema\/logo\/image\/"},"sameAs":["https:\/\/www.linkedin.com\/company\/10540032\/"]},{"@type":"Person","@id":"https:\/\/www.kompetensforetagen.se\/#\/schema\/person\/38c6b37b81c530c93246c3d1993d5662","name":"Shashika Sellgren","image":{"@type":"ImageObject","inLanguage":"sv-SE","@id":"https:\/\/www.kompetensforetagen.se\/#\/schema\/person\/image\/","url":"https:\/\/secure.gravatar.com\/avatar\/b225c479880df9eb82d1501dd105dd8040f27c8563f3d4bf5dd62ce0a1630abd?s=96&d=mm&r=g","contentUrl":"https:\/\/secure.gravatar.com\/avatar\/b225c479880df9eb82d1501dd105dd8040f27c8563f3d4bf5dd62ce0a1630abd?s=96&d=mm&r=g","caption":"Shashika Sellgren"},"url":"https:\/\/www.kompetensforetagen.se\/person\/shashikasellgren\/"}]}},"_links":{"self":[{"href":"https:\/\/www.kompetensforetagen.se\/api\/wp\/v2\/posts\/7703","targetHints":{"allow":["GET"]}}],"collection":[{"href":"https:\/\/www.kompetensforetagen.se\/api\/wp\/v2\/posts"}],"about":[{"href":"https:\/\/www.kompetensforetagen.se\/api\/wp\/v2\/types\/post"}],"author":[{"embeddable":true,"href":"https:\/\/www.kompetensforetagen.se\/api\/wp\/v2\/users\/6058"}],"replies":[{"embeddable":true,"href":"https:\/\/www.kompetensforetagen.se\/api\/wp\/v2\/comments?post=7703"}],"version-history":[{"count":2,"href":"https:\/\/www.kompetensforetagen.se\/api\/wp\/v2\/posts\/7703\/revisions"}],"predecessor-version":[{"id":14524,"href":"https:\/\/www.kompetensforetagen.se\/api\/wp\/v2\/posts\/7703\/revisions\/14524"}],"wp:featuredmedia":[{"embeddable":true,"href":"https:\/\/www.kompetensforetagen.se\/api\/wp\/v2\/media\/7704"}],"wp:attachment":[{"href":"https:\/\/www.kompetensforetagen.se\/api\/wp\/v2\/media?parent=7703"}],"wp:term":[{"taxonomy":"category","embeddable":true,"href":"https:\/\/www.kompetensforetagen.se\/api\/wp\/v2\/categories?post=7703"},{"taxonomy":"post_tag","embeddable":true,"href":"https:\/\/www.kompetensforetagen.se\/api\/wp\/v2\/tags?post=7703"},{"taxonomy":"type","embeddable":true,"href":"https:\/\/www.kompetensforetagen.se\/api\/wp\/v2\/article_type?post=7703"},{"taxonomy":"agreement","embeddable":true,"href":"https:\/\/www.kompetensforetagen.se\/api\/wp\/v2\/agreement?post=7703"},{"taxonomy":"for-members","embeddable":true,"href":"https:\/\/www.kompetensforetagen.se\/api\/wp\/v2\/for-members?post=7703"}],"curies":[{"name":"wp","href":"https:\/\/api.w.org\/{rel}","templated":true}]}}