{"id":7643,"date":"2021-08-17T10:03:33","date_gmt":"2021-08-17T08:03:33","guid":{"rendered":"https:\/\/www.kompetensforetagen.se\/?p=7643"},"modified":"2023-11-29T09:17:21","modified_gmt":"2023-11-29T08:17:21","slug":"positiva-signaler-fran-kompetensbranschen","status":"publish","type":"post","link":"https:\/\/www.kompetensforetagen.se\/2021\/08\/positiva-signaler-fran-kompetensbranschen\/","title":{"rendered":"Positiva signaler fr\u00e5n Kompetens&shy;branschen"},"content":{"rendered":"\n<p>Oms\u00e4ttningen f\u00f6r Kompetensf\u00f6retagens medlemsf\u00f6retag visar p\u00e5 en positiv utveckling under det andra kvartalet 2021. I kronor landar oms\u00e4ttningen f\u00f6r branschen p\u00e5 7,5 miljarder kronor, vilket \u00e4r en \u00f6kning med 34,8 procent j\u00e4mf\u00f6rt med samma period 2020.<\/p>\n\n\n\n<p>\u00c4ven om det fortfarande finns en stor efterfr\u00e5gan p\u00e5 omst\u00e4llningstj\u00e4nster \u00f6kar gl\u00e4djande nog tj\u00e4nsteomr\u00e5det <a href=\"https:\/\/www.kompetensforetagen.se\/rekrytering\/\" target=\"_blank\" rel=\"noopener noreferrer\">Rekrytering<\/a>. Sammantaget \u00e4r detta inte bara gl\u00e4djande f\u00f6r branschen, utan indikerar ocks\u00e5 en \u00e5terh\u00e4mtning p\u00e5 den svenska arbetsmarknaden.<\/p>\n\n\n\n<p>I ett stabiliserat l\u00e4ge tror jag att branschen har potential att v\u00e4xa ytterligare, och fortsatt erbjuda l\u00f6sningar p\u00e5 m\u00e5nga av de utmaningar som arbetsmarknaden har framf\u00f6r sig, s\u00e4ger Patrik Eidfelt, f\u00f6rbundsdirekt\u00f6r, Kompetensf\u00f6retagen.<\/p>\n\n\n\n<p><a href=\"https:\/\/www.almega.se\/app\/uploads\/sites\/5\/2021\/08\/nykvartalsrapport_2021_q2_02.pdf\">Du hittar hela kvartalsrapporten Q2 h\u00e4r.<\/a><\/p>\n","protected":false},"excerpt":{"rendered":"<p>Oms\u00e4ttningen f\u00f6r Kompetensf\u00f6retagens medlemsf\u00f6retag visar p\u00e5 en positiv utveckling under det andra kvartalet 2021. I kronor landar oms\u00e4ttningen f\u00f6r branschen p\u00e5 7,5 miljarder kronor, vilket \u00e4r en \u00f6kning med 34,8 procent j\u00e4mf\u00f6rt med samma period &hellip;<\/p>\n","protected":false},"author":6058,"featured_media":7644,"comment_status":"closed","ping_status":"closed","sticky":false,"template":"","format":"standard","meta":{"_acf_changed":false,"footnotes":""},"categories":[10,181,15],"tags":[],"article_type":[8],"agreement":[],"for-members":[],"class_list":["post-7643","post","type-post","status-publish","format-standard","has-post-thumbnail","hentry","category-arbetsmarknad","category-medlemsnyhet","category-statistik","type-aktuellt"],"acf":[],"yoast_head":"<!-- This site is optimized with the Yoast SEO Premium plugin v26.8 (Yoast SEO v26.8) - https:\/\/yoast.com\/product\/yoast-seo-premium-wordpress\/ -->\n<title>Oms\u00e4ttning f\u00f6r Q2 2021 i kompetensbranschen - Kompetensf\u00f6retagen<\/title>\n<meta name=\"description\" content=\"Kompetensf\u00f6retagens medlemsf\u00f6retag visar p\u00e5 en positiv utveckling. Det visar Kvartalsrapporten med branchens oms\u00e4ttning f\u00f6r Q2 2021.\" \/>\n<meta name=\"robots\" content=\"index, follow, max-snippet:-1, max-image-preview:large, max-video-preview:-1\" \/>\n<link rel=\"canonical\" href=\"https:\/\/www.kompetensforetagen.se\/2021\/08\/positiva-signaler-fran-kompetensbranschen\/\" \/>\n<meta property=\"og:locale\" content=\"sv_SE\" \/>\n<meta property=\"og:type\" content=\"article\" \/>\n<meta property=\"og:title\" content=\"Positiva signaler fr\u00e5n Kompetensbranschen\" \/>\n<meta property=\"og:description\" content=\"Kompetensf\u00f6retagens medlemsf\u00f6retag visar p\u00e5 en positiv utveckling. Det visar Kvartalsrapporten med branchens oms\u00e4ttning f\u00f6r Q2 2021.\" \/>\n<meta property=\"og:url\" content=\"https:\/\/www.kompetensforetagen.se\/2021\/08\/positiva-signaler-fran-kompetensbranschen\/\" \/>\n<meta property=\"og:site_name\" content=\"Kompetensf\u00f6retagen\" \/>\n<meta property=\"article:published_time\" content=\"2021-08-17T08:03:33+00:00\" \/>\n<meta property=\"article:modified_time\" content=\"2023-11-29T08:17:21+00:00\" \/>\n<meta property=\"og:image\" content=\"https:\/\/www.kompetensforetagen.se\/app\/uploads\/sites\/5\/2021\/08\/q2.png\" \/>\n\t<meta property=\"og:image:width\" content=\"1109\" \/>\n\t<meta property=\"og:image:height\" content=\"795\" \/>\n\t<meta property=\"og:image:type\" content=\"image\/png\" \/>\n<meta name=\"author\" content=\"Shashika Sellgren\" \/>\n<meta name=\"twitter:card\" content=\"summary_large_image\" \/>\n<meta name=\"twitter:label1\" content=\"Skriven av\" \/>\n\t<meta name=\"twitter:data1\" content=\"Shashika Sellgren\" \/>\n\t<meta name=\"twitter:label2\" content=\"Ber\u00e4knad l\u00e4stid\" \/>\n\t<meta name=\"twitter:data2\" content=\"1 minut\" \/>\n<!-- \/ Yoast SEO Premium plugin. -->","yoast_head_json":{"title":"Oms\u00e4ttning f\u00f6r Q2 2021 i kompetensbranschen - Kompetensf\u00f6retagen","description":"Kompetensf\u00f6retagens medlemsf\u00f6retag visar p\u00e5 en positiv utveckling. Det visar Kvartalsrapporten med branchens oms\u00e4ttning f\u00f6r Q2 2021.","robots":{"index":"index","follow":"follow","max-snippet":"max-snippet:-1","max-image-preview":"max-image-preview:large","max-video-preview":"max-video-preview:-1"},"canonical":"https:\/\/www.kompetensforetagen.se\/2021\/08\/positiva-signaler-fran-kompetensbranschen\/","og_locale":"sv_SE","og_type":"article","og_title":"Positiva signaler fr\u00e5n Kompetensbranschen","og_description":"Kompetensf\u00f6retagens medlemsf\u00f6retag visar p\u00e5 en positiv utveckling. Det visar Kvartalsrapporten med branchens oms\u00e4ttning f\u00f6r Q2 2021.","og_url":"https:\/\/www.kompetensforetagen.se\/2021\/08\/positiva-signaler-fran-kompetensbranschen\/","og_site_name":"Kompetensf\u00f6retagen","article_published_time":"2021-08-17T08:03:33+00:00","article_modified_time":"2023-11-29T08:17:21+00:00","og_image":[{"width":1109,"height":795,"url":"https:\/\/www.kompetensforetagen.se\/app\/uploads\/sites\/5\/2021\/08\/q2.png","type":"image\/png"}],"author":"Shashika Sellgren","twitter_card":"summary_large_image","twitter_misc":{"Skriven av":"Shashika Sellgren","Ber\u00e4knad l\u00e4stid":"1 minut"},"schema":{"@context":"https:\/\/schema.org","@graph":[{"@type":"Article","@id":"https:\/\/www.kompetensforetagen.se\/2021\/08\/positiva-signaler-fran-kompetensbranschen\/#article","isPartOf":{"@id":"https:\/\/www.kompetensforetagen.se\/2021\/08\/positiva-signaler-fran-kompetensbranschen\/"},"author":{"name":"Shashika Sellgren","@id":"https:\/\/www.kompetensforetagen.se\/#\/schema\/person\/38c6b37b81c530c93246c3d1993d5662"},"headline":"Positiva signaler fr\u00e5n Kompetens&shy;branschen","datePublished":"2021-08-17T08:03:33+00:00","dateModified":"2023-11-29T08:17:21+00:00","mainEntityOfPage":{"@id":"https:\/\/www.kompetensforetagen.se\/2021\/08\/positiva-signaler-fran-kompetensbranschen\/"},"wordCount":134,"publisher":{"@id":"https:\/\/www.kompetensforetagen.se\/#organization"},"image":{"@id":"https:\/\/www.kompetensforetagen.se\/2021\/08\/positiva-signaler-fran-kompetensbranschen\/#primaryimage"},"thumbnailUrl":"https:\/\/www.kompetensforetagen.se\/app\/uploads\/sites\/5\/2021\/08\/q2.png","articleSection":["Arbetsmarknad","Medlemsnyhet","Statistik"],"inLanguage":"sv-SE"},{"@type":"WebPage","@id":"https:\/\/www.kompetensforetagen.se\/2021\/08\/positiva-signaler-fran-kompetensbranschen\/","url":"https:\/\/www.kompetensforetagen.se\/2021\/08\/positiva-signaler-fran-kompetensbranschen\/","name":"Oms\u00e4ttning f\u00f6r Q2 2021 i kompetensbranschen - Kompetensf\u00f6retagen","isPartOf":{"@id":"https:\/\/www.kompetensforetagen.se\/#website"},"primaryImageOfPage":{"@id":"https:\/\/www.kompetensforetagen.se\/2021\/08\/positiva-signaler-fran-kompetensbranschen\/#primaryimage"},"image":{"@id":"https:\/\/www.kompetensforetagen.se\/2021\/08\/positiva-signaler-fran-kompetensbranschen\/#primaryimage"},"thumbnailUrl":"https:\/\/www.kompetensforetagen.se\/app\/uploads\/sites\/5\/2021\/08\/q2.png","datePublished":"2021-08-17T08:03:33+00:00","dateModified":"2023-11-29T08:17:21+00:00","description":"Kompetensf\u00f6retagens medlemsf\u00f6retag visar p\u00e5 en positiv utveckling. Det visar Kvartalsrapporten med branchens oms\u00e4ttning f\u00f6r Q2 2021.","breadcrumb":{"@id":"https:\/\/www.kompetensforetagen.se\/2021\/08\/positiva-signaler-fran-kompetensbranschen\/#breadcrumb"},"inLanguage":"sv-SE","potentialAction":[{"@type":"ReadAction","target":["https:\/\/www.kompetensforetagen.se\/2021\/08\/positiva-signaler-fran-kompetensbranschen\/"]}]},{"@type":"ImageObject","inLanguage":"sv-SE","@id":"https:\/\/www.kompetensforetagen.se\/2021\/08\/positiva-signaler-fran-kompetensbranschen\/#primaryimage","url":"https:\/\/www.kompetensforetagen.se\/app\/uploads\/sites\/5\/2021\/08\/q2.png","contentUrl":"https:\/\/www.kompetensforetagen.se\/app\/uploads\/sites\/5\/2021\/08\/q2.png","width":1109,"height":795,"caption":"Framsida Kompetensf\u00f6retagens kvartalsrapport Q2 2021"},{"@type":"BreadcrumbList","@id":"https:\/\/www.kompetensforetagen.se\/2021\/08\/positiva-signaler-fran-kompetensbranschen\/#breadcrumb","itemListElement":[{"@type":"ListItem","position":1,"name":"Home","item":"https:\/\/www.kompetensforetagen.se\/"},{"@type":"ListItem","position":2,"name":"Positiva signaler fr\u00e5n Kompetens&shy;branschen"}]},{"@type":"WebSite","@id":"https:\/\/www.kompetensforetagen.se\/#website","url":"https:\/\/www.kompetensforetagen.se\/","name":"Kompetensf\u00f6retagen","description":"R\u00e4tt person p\u00e5 r\u00e4tt plats kan f\u00f6r\u00e4ndra v\u00e4rlden","publisher":{"@id":"https:\/\/www.kompetensforetagen.se\/#organization"},"potentialAction":[{"@type":"SearchAction","target":{"@type":"EntryPoint","urlTemplate":"https:\/\/www.kompetensforetagen.se\/?s={search_term_string}"},"query-input":{"@type":"PropertyValueSpecification","valueRequired":true,"valueName":"search_term_string"}}],"inLanguage":"sv-SE"},{"@type":"Organization","@id":"https:\/\/www.kompetensforetagen.se\/#organization","name":"Kompetensf\u00f6retagen","url":"https:\/\/www.kompetensforetagen.se\/","logo":{"@type":"ImageObject","inLanguage":"sv-SE","@id":"https:\/\/www.kompetensforetagen.se\/#\/schema\/logo\/image\/","url":"https:\/\/www.kompetensforetagen.se\/app\/uploads\/sites\/5\/2022\/10\/logga_svart.png","contentUrl":"https:\/\/www.kompetensforetagen.se\/app\/uploads\/sites\/5\/2022\/10\/logga_svart.png","width":752,"height":64,"caption":"Kompetensf\u00f6retagen"},"image":{"@id":"https:\/\/www.kompetensforetagen.se\/#\/schema\/logo\/image\/"},"sameAs":["https:\/\/www.linkedin.com\/company\/10540032\/"]},{"@type":"Person","@id":"https:\/\/www.kompetensforetagen.se\/#\/schema\/person\/38c6b37b81c530c93246c3d1993d5662","name":"Shashika Sellgren","image":{"@type":"ImageObject","inLanguage":"sv-SE","@id":"https:\/\/www.kompetensforetagen.se\/#\/schema\/person\/image\/","url":"https:\/\/secure.gravatar.com\/avatar\/b225c479880df9eb82d1501dd105dd8040f27c8563f3d4bf5dd62ce0a1630abd?s=96&d=mm&r=g","contentUrl":"https:\/\/secure.gravatar.com\/avatar\/b225c479880df9eb82d1501dd105dd8040f27c8563f3d4bf5dd62ce0a1630abd?s=96&d=mm&r=g","caption":"Shashika Sellgren"},"url":"https:\/\/www.kompetensforetagen.se\/person\/shashikasellgren\/"}]}},"_links":{"self":[{"href":"https:\/\/www.kompetensforetagen.se\/api\/wp\/v2\/posts\/7643","targetHints":{"allow":["GET"]}}],"collection":[{"href":"https:\/\/www.kompetensforetagen.se\/api\/wp\/v2\/posts"}],"about":[{"href":"https:\/\/www.kompetensforetagen.se\/api\/wp\/v2\/types\/post"}],"author":[{"embeddable":true,"href":"https:\/\/www.kompetensforetagen.se\/api\/wp\/v2\/users\/6058"}],"replies":[{"embeddable":true,"href":"https:\/\/www.kompetensforetagen.se\/api\/wp\/v2\/comments?post=7643"}],"version-history":[{"count":3,"href":"https:\/\/www.kompetensforetagen.se\/api\/wp\/v2\/posts\/7643\/revisions"}],"predecessor-version":[{"id":15971,"href":"https:\/\/www.kompetensforetagen.se\/api\/wp\/v2\/posts\/7643\/revisions\/15971"}],"wp:featuredmedia":[{"embeddable":true,"href":"https:\/\/www.kompetensforetagen.se\/api\/wp\/v2\/media\/7644"}],"wp:attachment":[{"href":"https:\/\/www.kompetensforetagen.se\/api\/wp\/v2\/media?parent=7643"}],"wp:term":[{"taxonomy":"category","embeddable":true,"href":"https:\/\/www.kompetensforetagen.se\/api\/wp\/v2\/categories?post=7643"},{"taxonomy":"post_tag","embeddable":true,"href":"https:\/\/www.kompetensforetagen.se\/api\/wp\/v2\/tags?post=7643"},{"taxonomy":"type","embeddable":true,"href":"https:\/\/www.kompetensforetagen.se\/api\/wp\/v2\/article_type?post=7643"},{"taxonomy":"agreement","embeddable":true,"href":"https:\/\/www.kompetensforetagen.se\/api\/wp\/v2\/agreement?post=7643"},{"taxonomy":"for-members","embeddable":true,"href":"https:\/\/www.kompetensforetagen.se\/api\/wp\/v2\/for-members?post=7643"}],"curies":[{"name":"wp","href":"https:\/\/api.w.org\/{rel}","templated":true}]}}