{"id":7474,"date":"2021-07-09T10:28:21","date_gmt":"2021-07-09T08:28:21","guid":{"rendered":"https:\/\/www.kompetensforetagen.se\/?p=7474"},"modified":"2023-04-21T15:09:13","modified_gmt":"2023-04-21T13:09:13","slug":"forbundsdirektor-patrik-eidfelt-i-unionens-youtube-serie","status":"publish","type":"post","link":"https:\/\/www.kompetensforetagen.se\/2021\/07\/forbundsdirektor-patrik-eidfelt-i-unionens-youtube-serie\/","title":{"rendered":"F\u00f6rbundsdirekt\u00f6r Patrik Eidfelt i Unionens Youtube-serie"},"content":{"rendered":"\n<p>Kompetensf\u00f6retagen uppvaktade facken f\u00f6r att f\u00e5 till kollektivavtal i branschen i syfte att erbjuda schyssta och trygga villkor till de anst\u00e4llda och ser det som en kvalitetsm\u00e4rkning. Det s\u00e4ger f\u00f6rbundsdirekt\u00f6r Patrik Eidfelt i Unionens serie &#8221;Jakten p\u00e5 makten&#8221;. Du ser honom 7 minuter in i klippet!<\/p>\n\n\n\n<p><iframe loading=\"lazy\" title=\"YouTube video player\" src=\"https:\/\/www.youtube.com\/embed\/-W_wDUWbawU\" width=\"560\" height=\"315\" frameborder=\"0\" allowfullscreen=\"allowfullscreen\"><\/iframe><\/p>\n","protected":false},"excerpt":{"rendered":"<p>Kompetensf\u00f6retagen uppvaktade facken f\u00f6r att f\u00e5 till kollektivavtal i branschen i syfte att erbjuda schyssta och trygga villkor till de anst\u00e4llda och ser det som en kvalitetsm\u00e4rkning. Det s\u00e4ger f\u00f6rbundsdirekt\u00f6r Patrik Eidfelt i Unionens serie &hellip;<\/p>\n","protected":false},"author":6058,"featured_media":7476,"comment_status":"closed","ping_status":"closed","sticky":false,"template":"","format":"standard","meta":{"_acf_changed":false,"footnotes":""},"categories":[166,191],"tags":[],"article_type":[8],"agreement":[],"for-members":[],"class_list":["post-7474","post","type-post","status-publish","format-standard","has-post-thumbnail","hentry","category-kollektivavtal","category-media","type-aktuellt"],"acf":[],"yoast_head":"<!-- This site is optimized with the Yoast SEO Premium plugin v26.8 (Yoast SEO v26.8) - https:\/\/yoast.com\/product\/yoast-seo-premium-wordpress\/ -->\n<title>Patrik Eidfelt i Unionens serie Jakten p\u00e5 makten - Kompetensf\u00f6retagen<\/title>\n<meta name=\"description\" content=\"Patrik Eidfelt ber\u00e4ttar F\u00f6r Messiah Hallberg i Unionens serie Jakten p\u00e5 makten om Kompetensf\u00f6retagens roll f\u00f6r kollektivavtal inom bemanning.\" \/>\n<meta name=\"robots\" content=\"index, follow, max-snippet:-1, max-image-preview:large, max-video-preview:-1\" \/>\n<link rel=\"canonical\" href=\"https:\/\/www.kompetensforetagen.se\/2021\/07\/forbundsdirektor-patrik-eidfelt-i-unionens-youtube-serie\/\" \/>\n<meta property=\"og:locale\" content=\"sv_SE\" \/>\n<meta property=\"og:type\" content=\"article\" \/>\n<meta property=\"og:title\" content=\"F\u00f6rbundsdirekt\u00f6r Patrik Eidfelt i Unionens Youtube-serie\" \/>\n<meta property=\"og:description\" content=\"Patrik Eidfelt ber\u00e4ttar F\u00f6r Messiah Hallberg i Unionens serie Jakten p\u00e5 makten om Kompetensf\u00f6retagens roll f\u00f6r kollektivavtal inom bemanning.\" \/>\n<meta property=\"og:url\" content=\"https:\/\/www.kompetensforetagen.se\/2021\/07\/forbundsdirektor-patrik-eidfelt-i-unionens-youtube-serie\/\" \/>\n<meta property=\"og:site_name\" content=\"Kompetensf\u00f6retagen\" \/>\n<meta property=\"article:published_time\" content=\"2021-07-09T08:28:21+00:00\" \/>\n<meta property=\"article:modified_time\" content=\"2023-04-21T13:09:13+00:00\" \/>\n<meta property=\"og:image\" content=\"https:\/\/www.kompetensforetagen.se\/app\/uploads\/sites\/5\/2021\/07\/peunionenyoutube.png\" \/>\n\t<meta property=\"og:image:width\" content=\"1149\" \/>\n\t<meta property=\"og:image:height\" content=\"560\" \/>\n\t<meta property=\"og:image:type\" content=\"image\/png\" \/>\n<meta name=\"author\" content=\"Shashika Sellgren\" \/>\n<meta name=\"twitter:card\" content=\"summary_large_image\" \/>\n<meta name=\"twitter:label1\" content=\"Skriven av\" \/>\n\t<meta name=\"twitter:data1\" content=\"Shashika Sellgren\" \/>\n\t<meta name=\"twitter:label2\" content=\"Ber\u00e4knad l\u00e4stid\" \/>\n\t<meta name=\"twitter:data2\" content=\"1 minut\" \/>\n<!-- \/ Yoast SEO Premium plugin. -->","yoast_head_json":{"title":"Patrik Eidfelt i Unionens serie Jakten p\u00e5 makten - Kompetensf\u00f6retagen","description":"Patrik Eidfelt ber\u00e4ttar F\u00f6r Messiah Hallberg i Unionens serie Jakten p\u00e5 makten om Kompetensf\u00f6retagens roll f\u00f6r kollektivavtal inom bemanning.","robots":{"index":"index","follow":"follow","max-snippet":"max-snippet:-1","max-image-preview":"max-image-preview:large","max-video-preview":"max-video-preview:-1"},"canonical":"https:\/\/www.kompetensforetagen.se\/2021\/07\/forbundsdirektor-patrik-eidfelt-i-unionens-youtube-serie\/","og_locale":"sv_SE","og_type":"article","og_title":"F\u00f6rbundsdirekt\u00f6r Patrik Eidfelt i Unionens Youtube-serie","og_description":"Patrik Eidfelt ber\u00e4ttar F\u00f6r Messiah Hallberg i Unionens serie Jakten p\u00e5 makten om Kompetensf\u00f6retagens roll f\u00f6r kollektivavtal inom bemanning.","og_url":"https:\/\/www.kompetensforetagen.se\/2021\/07\/forbundsdirektor-patrik-eidfelt-i-unionens-youtube-serie\/","og_site_name":"Kompetensf\u00f6retagen","article_published_time":"2021-07-09T08:28:21+00:00","article_modified_time":"2023-04-21T13:09:13+00:00","og_image":[{"width":1149,"height":560,"url":"https:\/\/www.kompetensforetagen.se\/app\/uploads\/sites\/5\/2021\/07\/peunionenyoutube.png","type":"image\/png"}],"author":"Shashika Sellgren","twitter_card":"summary_large_image","twitter_misc":{"Skriven av":"Shashika Sellgren","Ber\u00e4knad l\u00e4stid":"1 minut"},"schema":{"@context":"https:\/\/schema.org","@graph":[{"@type":"Article","@id":"https:\/\/www.kompetensforetagen.se\/2021\/07\/forbundsdirektor-patrik-eidfelt-i-unionens-youtube-serie\/#article","isPartOf":{"@id":"https:\/\/www.kompetensforetagen.se\/2021\/07\/forbundsdirektor-patrik-eidfelt-i-unionens-youtube-serie\/"},"author":{"name":"Shashika Sellgren","@id":"https:\/\/www.kompetensforetagen.se\/#\/schema\/person\/38c6b37b81c530c93246c3d1993d5662"},"headline":"F\u00f6rbundsdirekt\u00f6r Patrik Eidfelt i Unionens Youtube-serie","datePublished":"2021-07-09T08:28:21+00:00","dateModified":"2023-04-21T13:09:13+00:00","mainEntityOfPage":{"@id":"https:\/\/www.kompetensforetagen.se\/2021\/07\/forbundsdirektor-patrik-eidfelt-i-unionens-youtube-serie\/"},"wordCount":60,"publisher":{"@id":"https:\/\/www.kompetensforetagen.se\/#organization"},"image":{"@id":"https:\/\/www.kompetensforetagen.se\/2021\/07\/forbundsdirektor-patrik-eidfelt-i-unionens-youtube-serie\/#primaryimage"},"thumbnailUrl":"https:\/\/www.kompetensforetagen.se\/app\/uploads\/sites\/5\/2021\/07\/peunionenyoutube.png","articleSection":["Kollektivavtal","Media"],"inLanguage":"sv-SE"},{"@type":"WebPage","@id":"https:\/\/www.kompetensforetagen.se\/2021\/07\/forbundsdirektor-patrik-eidfelt-i-unionens-youtube-serie\/","url":"https:\/\/www.kompetensforetagen.se\/2021\/07\/forbundsdirektor-patrik-eidfelt-i-unionens-youtube-serie\/","name":"Patrik Eidfelt i Unionens serie Jakten p\u00e5 makten - Kompetensf\u00f6retagen","isPartOf":{"@id":"https:\/\/www.kompetensforetagen.se\/#website"},"primaryImageOfPage":{"@id":"https:\/\/www.kompetensforetagen.se\/2021\/07\/forbundsdirektor-patrik-eidfelt-i-unionens-youtube-serie\/#primaryimage"},"image":{"@id":"https:\/\/www.kompetensforetagen.se\/2021\/07\/forbundsdirektor-patrik-eidfelt-i-unionens-youtube-serie\/#primaryimage"},"thumbnailUrl":"https:\/\/www.kompetensforetagen.se\/app\/uploads\/sites\/5\/2021\/07\/peunionenyoutube.png","datePublished":"2021-07-09T08:28:21+00:00","dateModified":"2023-04-21T13:09:13+00:00","description":"Patrik Eidfelt ber\u00e4ttar F\u00f6r Messiah Hallberg i Unionens serie Jakten p\u00e5 makten om Kompetensf\u00f6retagens roll f\u00f6r kollektivavtal inom bemanning.","breadcrumb":{"@id":"https:\/\/www.kompetensforetagen.se\/2021\/07\/forbundsdirektor-patrik-eidfelt-i-unionens-youtube-serie\/#breadcrumb"},"inLanguage":"sv-SE","potentialAction":[{"@type":"ReadAction","target":["https:\/\/www.kompetensforetagen.se\/2021\/07\/forbundsdirektor-patrik-eidfelt-i-unionens-youtube-serie\/"]}]},{"@type":"ImageObject","inLanguage":"sv-SE","@id":"https:\/\/www.kompetensforetagen.se\/2021\/07\/forbundsdirektor-patrik-eidfelt-i-unionens-youtube-serie\/#primaryimage","url":"https:\/\/www.kompetensforetagen.se\/app\/uploads\/sites\/5\/2021\/07\/peunionenyoutube.png","contentUrl":"https:\/\/www.kompetensforetagen.se\/app\/uploads\/sites\/5\/2021\/07\/peunionenyoutube.png","width":1149,"height":560,"caption":"F\u00f6rbundsdirekt\u00f6r Patrik Eidfelt intervjuas av Messiah Hallberg p\u00e5 youtube"},{"@type":"BreadcrumbList","@id":"https:\/\/www.kompetensforetagen.se\/2021\/07\/forbundsdirektor-patrik-eidfelt-i-unionens-youtube-serie\/#breadcrumb","itemListElement":[{"@type":"ListItem","position":1,"name":"Home","item":"https:\/\/www.kompetensforetagen.se\/"},{"@type":"ListItem","position":2,"name":"F\u00f6rbundsdirekt\u00f6r Patrik Eidfelt i Unionens Youtube-serie"}]},{"@type":"WebSite","@id":"https:\/\/www.kompetensforetagen.se\/#website","url":"https:\/\/www.kompetensforetagen.se\/","name":"Kompetensf\u00f6retagen","description":"R\u00e4tt person p\u00e5 r\u00e4tt plats kan f\u00f6r\u00e4ndra v\u00e4rlden","publisher":{"@id":"https:\/\/www.kompetensforetagen.se\/#organization"},"potentialAction":[{"@type":"SearchAction","target":{"@type":"EntryPoint","urlTemplate":"https:\/\/www.kompetensforetagen.se\/?s={search_term_string}"},"query-input":{"@type":"PropertyValueSpecification","valueRequired":true,"valueName":"search_term_string"}}],"inLanguage":"sv-SE"},{"@type":"Organization","@id":"https:\/\/www.kompetensforetagen.se\/#organization","name":"Kompetensf\u00f6retagen","url":"https:\/\/www.kompetensforetagen.se\/","logo":{"@type":"ImageObject","inLanguage":"sv-SE","@id":"https:\/\/www.kompetensforetagen.se\/#\/schema\/logo\/image\/","url":"https:\/\/www.kompetensforetagen.se\/app\/uploads\/sites\/5\/2022\/10\/logga_svart.png","contentUrl":"https:\/\/www.kompetensforetagen.se\/app\/uploads\/sites\/5\/2022\/10\/logga_svart.png","width":752,"height":64,"caption":"Kompetensf\u00f6retagen"},"image":{"@id":"https:\/\/www.kompetensforetagen.se\/#\/schema\/logo\/image\/"},"sameAs":["https:\/\/www.linkedin.com\/company\/10540032\/"]},{"@type":"Person","@id":"https:\/\/www.kompetensforetagen.se\/#\/schema\/person\/38c6b37b81c530c93246c3d1993d5662","name":"Shashika Sellgren","image":{"@type":"ImageObject","inLanguage":"sv-SE","@id":"https:\/\/www.kompetensforetagen.se\/#\/schema\/person\/image\/","url":"https:\/\/secure.gravatar.com\/avatar\/b225c479880df9eb82d1501dd105dd8040f27c8563f3d4bf5dd62ce0a1630abd?s=96&d=mm&r=g","contentUrl":"https:\/\/secure.gravatar.com\/avatar\/b225c479880df9eb82d1501dd105dd8040f27c8563f3d4bf5dd62ce0a1630abd?s=96&d=mm&r=g","caption":"Shashika Sellgren"},"url":"https:\/\/www.kompetensforetagen.se\/person\/shashikasellgren\/"}]}},"_links":{"self":[{"href":"https:\/\/www.kompetensforetagen.se\/api\/wp\/v2\/posts\/7474","targetHints":{"allow":["GET"]}}],"collection":[{"href":"https:\/\/www.kompetensforetagen.se\/api\/wp\/v2\/posts"}],"about":[{"href":"https:\/\/www.kompetensforetagen.se\/api\/wp\/v2\/types\/post"}],"author":[{"embeddable":true,"href":"https:\/\/www.kompetensforetagen.se\/api\/wp\/v2\/users\/6058"}],"replies":[{"embeddable":true,"href":"https:\/\/www.kompetensforetagen.se\/api\/wp\/v2\/comments?post=7474"}],"version-history":[{"count":1,"href":"https:\/\/www.kompetensforetagen.se\/api\/wp\/v2\/posts\/7474\/revisions"}],"predecessor-version":[{"id":13218,"href":"https:\/\/www.kompetensforetagen.se\/api\/wp\/v2\/posts\/7474\/revisions\/13218"}],"wp:featuredmedia":[{"embeddable":true,"href":"https:\/\/www.kompetensforetagen.se\/api\/wp\/v2\/media\/7476"}],"wp:attachment":[{"href":"https:\/\/www.kompetensforetagen.se\/api\/wp\/v2\/media?parent=7474"}],"wp:term":[{"taxonomy":"category","embeddable":true,"href":"https:\/\/www.kompetensforetagen.se\/api\/wp\/v2\/categories?post=7474"},{"taxonomy":"post_tag","embeddable":true,"href":"https:\/\/www.kompetensforetagen.se\/api\/wp\/v2\/tags?post=7474"},{"taxonomy":"type","embeddable":true,"href":"https:\/\/www.kompetensforetagen.se\/api\/wp\/v2\/article_type?post=7474"},{"taxonomy":"agreement","embeddable":true,"href":"https:\/\/www.kompetensforetagen.se\/api\/wp\/v2\/agreement?post=7474"},{"taxonomy":"for-members","embeddable":true,"href":"https:\/\/www.kompetensforetagen.se\/api\/wp\/v2\/for-members?post=7474"}],"curies":[{"name":"wp","href":"https:\/\/api.w.org\/{rel}","templated":true}]}}