{"id":7394,"date":"2021-07-06T14:41:34","date_gmt":"2021-07-06T12:41:34","guid":{"rendered":"https:\/\/www.kompetensforetagen.se\/?p=7394"},"modified":"2023-04-17T10:45:47","modified_gmt":"2023-04-17T08:45:47","slug":"verksamhetsberattelse-2020","status":"publish","type":"post","link":"https:\/\/www.kompetensforetagen.se\/2021\/07\/verksamhetsberattelse-2020\/","title":{"rendered":"Verksamhetsber\u00e4ttelse 2020"},"content":{"rendered":"\n<p>Kompetensf\u00f6retagens verksamhetsber\u00e4ttelse f\u00f6r 2020 inneh\u00e5ller ett urval av de aktiviteter som skett under \u00e5ret. <\/p>\n\n\n\n      <a href=\"https:\/\/www.almega.se\/app\/uploads\/sites\/5\/2021\/07\/vb2020kompetensforetagen.pdf\" target=\"_blank\" class=\"Button is-button is-style-fill has-primary-background-color has-primary-border-color Button--arrow-tip\">\n      \n        Verksamhetsber\u00e4ttelse 2020\n      \n      \n                \n                <svg class='icon icon--arrow-tip'  width=\"11\" height=\"16\" viewBox=\"0 0 11 16\" fill=\"none\" xmlns=\"http:\/\/www.w3.org\/2000\/svg\">\n<path d=\"M0.858398 15L9.2304 7.99664L0.967732 1.00001\" stroke=\"black\" stroke-width=\"2\" stroke-miterlimit=\"10\"\/>\n<\/svg>\n\n        \n    <\/a>\n  \n\n\n\n<p>Bland annat kan du l\u00e4sa om hur Kompetensf\u00f6retagen jobbade f\u00f6r att bemanningsf\u00f6retag skulle inkluderas i korttidsst\u00f6den f\u00f6r coronapandemin och hur vi arbetat digitalt f\u00f6r att genomf\u00f6ra webbinarier och m\u00f6ten. Antalet medlemmar \u00f6kade under \u00e5ret, fr\u00e5n 721 till 787, och att <a href=\"https:\/\/www.kompetensforetagen.se\/kompetensforetagens-rapporter-och-statistik\/kompetensforetagens-rapporter-och-statistik-2-2-2\/\" target=\"_blank\" rel=\"noopener noreferrer\">oms\u00e4ttningen f\u00f6r \u00e5ret<\/a> sj\u00f6nk trots detta. <\/p>\n\n\n\n<p>Trevlig l\u00e4sning!<\/p>\n","protected":false},"excerpt":{"rendered":"<p>Kompetensf\u00f6retagens verksamhetsber\u00e4ttelse f\u00f6r 2020 inneh\u00e5ller ett urval av de aktiviteter som skett under \u00e5ret. Bland annat kan du l\u00e4sa om hur Kompetensf\u00f6retagen jobbade f\u00f6r att bemanningsf\u00f6retag skulle inkluderas i korttidsst\u00f6den f\u00f6r coronapandemin och hur vi &hellip;<\/p>\n","protected":false},"author":6058,"featured_media":9797,"comment_status":"closed","ping_status":"closed","sticky":false,"template":"","format":"standard","meta":{"_acf_changed":false,"footnotes":""},"categories":[181],"tags":[],"article_type":[8],"agreement":[],"for-members":[],"class_list":["post-7394","post","type-post","status-publish","format-standard","has-post-thumbnail","hentry","category-medlemsnyhet","type-aktuellt"],"acf":[],"yoast_head":"<!-- This site is optimized with the Yoast SEO Premium plugin v26.8 (Yoast SEO v26.8) - https:\/\/yoast.com\/product\/yoast-seo-premium-wordpress\/ -->\n<title>Verksamhetsber\u00e4ttelse 2020 - Kompetensf\u00f6retagen<\/title>\n<meta name=\"description\" content=\"H\u00e4r kan du l\u00e4sa Kompetensf\u00f6retagens verksamhetsber\u00e4ttelse f\u00f6r \u00e5r 2020 med ett urval av de aktiviteter som skett under \u00e5ret.\u00a0\" \/>\n<meta name=\"robots\" content=\"index, follow, max-snippet:-1, max-image-preview:large, max-video-preview:-1\" \/>\n<link rel=\"canonical\" href=\"https:\/\/www.kompetensforetagen.se\/2021\/07\/verksamhetsberattelse-2020\/\" \/>\n<meta property=\"og:locale\" content=\"sv_SE\" \/>\n<meta property=\"og:type\" content=\"article\" \/>\n<meta property=\"og:title\" content=\"Verksamhetsber\u00e4ttelse 2020\" \/>\n<meta property=\"og:description\" content=\"H\u00e4r kan du l\u00e4sa Kompetensf\u00f6retagens verksamhetsber\u00e4ttelse f\u00f6r \u00e5r 2020 med ett urval av de aktiviteter som skett under \u00e5ret.\u00a0\" \/>\n<meta property=\"og:url\" content=\"https:\/\/www.kompetensforetagen.se\/2021\/07\/verksamhetsberattelse-2020\/\" \/>\n<meta property=\"og:site_name\" content=\"Kompetensf\u00f6retagen\" \/>\n<meta property=\"article:published_time\" content=\"2021-07-06T12:41:34+00:00\" \/>\n<meta property=\"article:modified_time\" content=\"2023-04-17T08:45:47+00:00\" \/>\n<meta property=\"og:image\" content=\"https:\/\/www.kompetensforetagen.se\/app\/uploads\/sites\/5\/2022\/06\/2020vb.png\" \/>\n\t<meta property=\"og:image:width\" content=\"945\" \/>\n\t<meta property=\"og:image:height\" content=\"945\" \/>\n\t<meta property=\"og:image:type\" content=\"image\/png\" \/>\n<meta name=\"author\" content=\"Shashika Sellgren\" \/>\n<meta name=\"twitter:card\" content=\"summary_large_image\" \/>\n<meta name=\"twitter:label1\" content=\"Skriven av\" \/>\n\t<meta name=\"twitter:data1\" content=\"Shashika Sellgren\" \/>\n\t<meta name=\"twitter:label2\" content=\"Ber\u00e4knad l\u00e4stid\" \/>\n\t<meta name=\"twitter:data2\" content=\"1 minut\" \/>\n<!-- \/ Yoast SEO Premium plugin. -->","yoast_head_json":{"title":"Verksamhetsber\u00e4ttelse 2020 - Kompetensf\u00f6retagen","description":"H\u00e4r kan du l\u00e4sa Kompetensf\u00f6retagens verksamhetsber\u00e4ttelse f\u00f6r \u00e5r 2020 med ett urval av de aktiviteter som skett under \u00e5ret.\u00a0","robots":{"index":"index","follow":"follow","max-snippet":"max-snippet:-1","max-image-preview":"max-image-preview:large","max-video-preview":"max-video-preview:-1"},"canonical":"https:\/\/www.kompetensforetagen.se\/2021\/07\/verksamhetsberattelse-2020\/","og_locale":"sv_SE","og_type":"article","og_title":"Verksamhetsber\u00e4ttelse 2020","og_description":"H\u00e4r kan du l\u00e4sa Kompetensf\u00f6retagens verksamhetsber\u00e4ttelse f\u00f6r \u00e5r 2020 med ett urval av de aktiviteter som skett under \u00e5ret.\u00a0","og_url":"https:\/\/www.kompetensforetagen.se\/2021\/07\/verksamhetsberattelse-2020\/","og_site_name":"Kompetensf\u00f6retagen","article_published_time":"2021-07-06T12:41:34+00:00","article_modified_time":"2023-04-17T08:45:47+00:00","og_image":[{"width":945,"height":945,"url":"https:\/\/www.kompetensforetagen.se\/app\/uploads\/sites\/5\/2022\/06\/2020vb.png","type":"image\/png"}],"author":"Shashika Sellgren","twitter_card":"summary_large_image","twitter_misc":{"Skriven av":"Shashika Sellgren","Ber\u00e4knad l\u00e4stid":"1 minut"},"schema":{"@context":"https:\/\/schema.org","@graph":[{"@type":"Article","@id":"https:\/\/www.kompetensforetagen.se\/2021\/07\/verksamhetsberattelse-2020\/#article","isPartOf":{"@id":"https:\/\/www.kompetensforetagen.se\/2021\/07\/verksamhetsberattelse-2020\/"},"author":{"name":"Shashika Sellgren","@id":"https:\/\/www.kompetensforetagen.se\/#\/schema\/person\/38c6b37b81c530c93246c3d1993d5662"},"headline":"Verksamhetsber\u00e4ttelse 2020","datePublished":"2021-07-06T12:41:34+00:00","dateModified":"2023-04-17T08:45:47+00:00","mainEntityOfPage":{"@id":"https:\/\/www.kompetensforetagen.se\/2021\/07\/verksamhetsberattelse-2020\/"},"wordCount":79,"publisher":{"@id":"https:\/\/www.kompetensforetagen.se\/#organization"},"image":{"@id":"https:\/\/www.kompetensforetagen.se\/2021\/07\/verksamhetsberattelse-2020\/#primaryimage"},"thumbnailUrl":"https:\/\/www.kompetensforetagen.se\/app\/uploads\/sites\/5\/2022\/06\/2020vb.png","articleSection":["Medlemsnyhet"],"inLanguage":"sv-SE"},{"@type":"WebPage","@id":"https:\/\/www.kompetensforetagen.se\/2021\/07\/verksamhetsberattelse-2020\/","url":"https:\/\/www.kompetensforetagen.se\/2021\/07\/verksamhetsberattelse-2020\/","name":"Verksamhetsber\u00e4ttelse 2020 - Kompetensf\u00f6retagen","isPartOf":{"@id":"https:\/\/www.kompetensforetagen.se\/#website"},"primaryImageOfPage":{"@id":"https:\/\/www.kompetensforetagen.se\/2021\/07\/verksamhetsberattelse-2020\/#primaryimage"},"image":{"@id":"https:\/\/www.kompetensforetagen.se\/2021\/07\/verksamhetsberattelse-2020\/#primaryimage"},"thumbnailUrl":"https:\/\/www.kompetensforetagen.se\/app\/uploads\/sites\/5\/2022\/06\/2020vb.png","datePublished":"2021-07-06T12:41:34+00:00","dateModified":"2023-04-17T08:45:47+00:00","description":"H\u00e4r kan du l\u00e4sa Kompetensf\u00f6retagens verksamhetsber\u00e4ttelse f\u00f6r \u00e5r 2020 med ett urval av de aktiviteter som skett under \u00e5ret.\u00a0","breadcrumb":{"@id":"https:\/\/www.kompetensforetagen.se\/2021\/07\/verksamhetsberattelse-2020\/#breadcrumb"},"inLanguage":"sv-SE","potentialAction":[{"@type":"ReadAction","target":["https:\/\/www.kompetensforetagen.se\/2021\/07\/verksamhetsberattelse-2020\/"]}]},{"@type":"ImageObject","inLanguage":"sv-SE","@id":"https:\/\/www.kompetensforetagen.se\/2021\/07\/verksamhetsberattelse-2020\/#primaryimage","url":"https:\/\/www.kompetensforetagen.se\/app\/uploads\/sites\/5\/2022\/06\/2020vb.png","contentUrl":"https:\/\/www.kompetensforetagen.se\/app\/uploads\/sites\/5\/2022\/06\/2020vb.png","width":945,"height":945,"caption":"Verksamhetsber\u00e4ttelse 2020 f\u00f6r Kompetensf\u00f6retagen."},{"@type":"BreadcrumbList","@id":"https:\/\/www.kompetensforetagen.se\/2021\/07\/verksamhetsberattelse-2020\/#breadcrumb","itemListElement":[{"@type":"ListItem","position":1,"name":"Home","item":"https:\/\/www.kompetensforetagen.se\/"},{"@type":"ListItem","position":2,"name":"Verksamhetsber\u00e4ttelse 2020"}]},{"@type":"WebSite","@id":"https:\/\/www.kompetensforetagen.se\/#website","url":"https:\/\/www.kompetensforetagen.se\/","name":"Kompetensf\u00f6retagen","description":"R\u00e4tt person p\u00e5 r\u00e4tt plats kan f\u00f6r\u00e4ndra v\u00e4rlden","publisher":{"@id":"https:\/\/www.kompetensforetagen.se\/#organization"},"potentialAction":[{"@type":"SearchAction","target":{"@type":"EntryPoint","urlTemplate":"https:\/\/www.kompetensforetagen.se\/?s={search_term_string}"},"query-input":{"@type":"PropertyValueSpecification","valueRequired":true,"valueName":"search_term_string"}}],"inLanguage":"sv-SE"},{"@type":"Organization","@id":"https:\/\/www.kompetensforetagen.se\/#organization","name":"Kompetensf\u00f6retagen","url":"https:\/\/www.kompetensforetagen.se\/","logo":{"@type":"ImageObject","inLanguage":"sv-SE","@id":"https:\/\/www.kompetensforetagen.se\/#\/schema\/logo\/image\/","url":"https:\/\/www.kompetensforetagen.se\/app\/uploads\/sites\/5\/2022\/10\/logga_svart.png","contentUrl":"https:\/\/www.kompetensforetagen.se\/app\/uploads\/sites\/5\/2022\/10\/logga_svart.png","width":752,"height":64,"caption":"Kompetensf\u00f6retagen"},"image":{"@id":"https:\/\/www.kompetensforetagen.se\/#\/schema\/logo\/image\/"},"sameAs":["https:\/\/www.linkedin.com\/company\/10540032\/"]},{"@type":"Person","@id":"https:\/\/www.kompetensforetagen.se\/#\/schema\/person\/38c6b37b81c530c93246c3d1993d5662","name":"Shashika Sellgren","image":{"@type":"ImageObject","inLanguage":"sv-SE","@id":"https:\/\/www.kompetensforetagen.se\/#\/schema\/person\/image\/","url":"https:\/\/secure.gravatar.com\/avatar\/b225c479880df9eb82d1501dd105dd8040f27c8563f3d4bf5dd62ce0a1630abd?s=96&d=mm&r=g","contentUrl":"https:\/\/secure.gravatar.com\/avatar\/b225c479880df9eb82d1501dd105dd8040f27c8563f3d4bf5dd62ce0a1630abd?s=96&d=mm&r=g","caption":"Shashika Sellgren"},"url":"https:\/\/www.kompetensforetagen.se\/person\/shashikasellgren\/"}]}},"_links":{"self":[{"href":"https:\/\/www.kompetensforetagen.se\/api\/wp\/v2\/posts\/7394","targetHints":{"allow":["GET"]}}],"collection":[{"href":"https:\/\/www.kompetensforetagen.se\/api\/wp\/v2\/posts"}],"about":[{"href":"https:\/\/www.kompetensforetagen.se\/api\/wp\/v2\/types\/post"}],"author":[{"embeddable":true,"href":"https:\/\/www.kompetensforetagen.se\/api\/wp\/v2\/users\/6058"}],"replies":[{"embeddable":true,"href":"https:\/\/www.kompetensforetagen.se\/api\/wp\/v2\/comments?post=7394"}],"version-history":[{"count":9,"href":"https:\/\/www.kompetensforetagen.se\/api\/wp\/v2\/posts\/7394\/revisions"}],"predecessor-version":[{"id":12981,"href":"https:\/\/www.kompetensforetagen.se\/api\/wp\/v2\/posts\/7394\/revisions\/12981"}],"wp:featuredmedia":[{"embeddable":true,"href":"https:\/\/www.kompetensforetagen.se\/api\/wp\/v2\/media\/9797"}],"wp:attachment":[{"href":"https:\/\/www.kompetensforetagen.se\/api\/wp\/v2\/media?parent=7394"}],"wp:term":[{"taxonomy":"category","embeddable":true,"href":"https:\/\/www.kompetensforetagen.se\/api\/wp\/v2\/categories?post=7394"},{"taxonomy":"post_tag","embeddable":true,"href":"https:\/\/www.kompetensforetagen.se\/api\/wp\/v2\/tags?post=7394"},{"taxonomy":"type","embeddable":true,"href":"https:\/\/www.kompetensforetagen.se\/api\/wp\/v2\/article_type?post=7394"},{"taxonomy":"agreement","embeddable":true,"href":"https:\/\/www.kompetensforetagen.se\/api\/wp\/v2\/agreement?post=7394"},{"taxonomy":"for-members","embeddable":true,"href":"https:\/\/www.kompetensforetagen.se\/api\/wp\/v2\/for-members?post=7394"}],"curies":[{"name":"wp","href":"https:\/\/api.w.org\/{rel}","templated":true}]}}