{"id":7384,"date":"2021-07-05T16:15:03","date_gmt":"2021-07-05T14:15:03","guid":{"rendered":"https:\/\/www.kompetensforetagen.se\/?p=7384"},"modified":"2023-08-10T10:40:13","modified_gmt":"2023-08-10T08:40:13","slug":"sammanfattning-av-rapporten-tillsammans-for-en-battre-arbetsmiljo","status":"publish","type":"post","link":"https:\/\/www.kompetensforetagen.se\/2021\/07\/sammanfattning-av-rapporten-tillsammans-for-en-battre-arbetsmiljo\/","title":{"rendered":"Sammanfattning av rapporten &#8221;Tillsammans f\u00f6r en b\u00e4ttre arbetsmilj\u00f6&#8221;"},"content":{"rendered":"\n<p><span data-contrast=\"auto\">Alla ska kunna k\u00e4nna sig s\u00e4kra p\u00e5 sina arbetsplatser. Arbetet med att eliminera olycksrisker \u00e4r ett st\u00e4ndigt p\u00e5g\u00e5ende, l\u00e5ngsiktigt och systematiskt arbete. Varje arbetsplats ska ha tydliga s\u00e4kerhetsf\u00f6reskrifter f\u00f6r att f\u00f6rebygga olyckor och rutiner f\u00f6r att hantera t\u00e4nkbara olycksh\u00e4ndelser. \u00d6kad trygghet och s\u00e4kerhet f\u00f6ruts\u00e4tter en st\u00e4ndig dialog p\u00e5 arbetsplatserna, som baserat p\u00e5 fakta s\u00f6ker efter nya effektiva hj\u00e4lpmedel att minska antalet skador i arbetet och s\u00e4rskilt de allvarliga arbetsplatsrelaterade olycksfallen. <\/span><span data-ccp-props=\"{&quot;201341983&quot;:0,&quot;335559739&quot;:160,&quot;335559740&quot;:259}\">&nbsp;<\/span><\/p>\n\n\n<a class='Share__link Share__link--url copy-text' href='#' rel='nofollow' data-text='tva-syften-med-att-analysera-statistiken' title='Dela url' data-confirmation='L\u00e4nken kopierades till urklipp'><svg class='icon icon--link'  width='18' height='18' viewBox='0 0 18 18' fill='none' xmlns='http:\/\/www.w3.org\/2000\/svg'>\n            <path d='M10.4142 0.514721L6.87868 4.05025L8.29289 5.46447L11.1213 2.63604L15.364 6.87868L12.5355 9.70711L13.9497 11.1213L17.4853 7.58579C17.8763 7.19476 17.8763 6.5626 17.4853 6.17158L11.8284 0.514721C11.4374 0.123691 10.8052 0.123691 10.4142 0.514721Z' fill='black'\/>\n            <path d='M9.7071 12.5355L6.87868 15.364L2.63604 11.1213L5.46446 8.2929L4.05025 6.87868L0.514716 10.4142C0.123686 10.8052 0.123686 11.4374 0.514716 11.8284L6.17157 17.4853C6.5626 17.8763 7.19475 17.8763 7.58578 17.4853L11.1213 13.9497L9.7071 12.5355Z' fill='black'\/>\n            <path d='M6.17157 11.8284C6.5626 12.2195 7.19475 12.2195 7.58578 11.8284L11.8284 7.58579C12.2195 7.19476 12.2195 6.56261 11.8284 6.17158C11.4374 5.78055 10.8052 5.78055 10.4142 6.17158L6.17157 10.4142C5.78054 10.8052 5.78054 11.4374 6.17157 11.8284Z' fill='black'\/>\n            <\/svg> <\/a>\n<h2 class=\"wp-block-heading\">Tv\u00e5 syften med att analysera statistiken<\/h2>\n\n\n\n<p><span data-contrast=\"auto\">De arbetsuppgifter som kompetensf\u00f6retag l\u00f6ser har blivit allt mer specialiserade. Givet den stora bredden i arbetsuppgifter \u00e4r det sv\u00e5rt att f\u00e5 en samlad bild av arbetsmilj\u00f6n inom kompetensbranschen. Genom att j\u00e4mf\u00f6ra skaderisker mellan direktanst\u00e4llda* och konsulter som utf\u00f6r liknande arbetsuppgifter klarnar bilden. Kompetensf\u00f6retagens \u00e5terkommande arbetsmilj\u00f6rapport syftar till att besvara tv\u00e5 fr\u00e5gor: &nbsp;<\/span><\/p>\n\n\n\n<figure class=\"wp-block-table\"><table class=\"has-secondary-background-color has-background\"><tbody><tr><td>1. Finns det s\u00e4rskilda risker med&nbsp;att jobba som konsult, och i s\u00e5 fall vilka?&nbsp;&nbsp;<br>2. Hur ser branschens skadem\u00f6nster ut och vad kan g\u00f6ras f\u00f6r att \u00e5tg\u00e4rda det? &nbsp;<\/td><\/tr><\/tbody><\/table><\/figure>\n\n\n\n<p><span data-contrast=\"auto\">F\u00f6r att besvara dessa fr\u00e5gor kombineras statistik fr\u00e5n AFA F\u00f6rs\u00e4kring och SCB med befintlig statistik fr\u00e5n Arbetsmilj\u00f6verket, branschstatistik och konkreta erfarenheter och synpunkter fr\u00e5n branschf\u00f6retr\u00e4dare. N\u00e5gra av&nbsp;den kommande&nbsp;rapportens viktigaste slutsatser sammanfattas h\u00e4r.&nbsp;<\/span><\/p>\n\n\n\n<p><\/p>\n\n\n<a class='Share__link Share__link--url copy-text' href='#' rel='nofollow' data-text='arbetsolyckor' title='Dela url' data-confirmation='L\u00e4nken kopierades till urklipp'><svg class='icon icon--link'  width='18' height='18' viewBox='0 0 18 18' fill='none' xmlns='http:\/\/www.w3.org\/2000\/svg'>\n            <path d='M10.4142 0.514721L6.87868 4.05025L8.29289 5.46447L11.1213 2.63604L15.364 6.87868L12.5355 9.70711L13.9497 11.1213L17.4853 7.58579C17.8763 7.19476 17.8763 6.5626 17.4853 6.17158L11.8284 0.514721C11.4374 0.123691 10.8052 0.123691 10.4142 0.514721Z' fill='black'\/>\n            <path d='M9.7071 12.5355L6.87868 15.364L2.63604 11.1213L5.46446 8.2929L4.05025 6.87868L0.514716 10.4142C0.123686 10.8052 0.123686 11.4374 0.514716 11.8284L6.17157 17.4853C6.5626 17.8763 7.19475 17.8763 7.58578 17.4853L11.1213 13.9497L9.7071 12.5355Z' fill='black'\/>\n            <path d='M6.17157 11.8284C6.5626 12.2195 7.19475 12.2195 7.58578 11.8284L11.8284 7.58579C12.2195 7.19476 12.2195 6.56261 11.8284 6.17158C11.4374 5.78055 10.8052 5.78055 10.4142 6.17158L6.17157 10.4142C5.78054 10.8052 5.78054 11.4374 6.17157 11.8284Z' fill='black'\/>\n            <\/svg> <\/a>\n<h2 class=\"wp-block-heading\"><b><span data-contrast=\"auto\">Arbetsolyckor<\/span><\/b><\/h2>\n\n\n\n<p><span data-contrast=\"auto\" style=\"background-color: transparent;font-size: 1rem\">N\u00e4r konsulters och direktanst\u00e4lldas* skadem\u00f6nster j\u00e4mf\u00f6rs inom olika branscher, baserat p\u00e5 de k\u00e4llor som finns att tillg\u00e5, f\u00f6religger inga entydiga indikationer p\u00e5 att konsulterna \u00e4r \u00f6verrepresenterade relativt direktanst\u00e4llda vad g\u00e4ller skador. Konsulternas skadem\u00f6nster f\u00f6refaller f\u00f6lja kundbranschernas skadem\u00f6nster, dock med en h\u00f6gre frekvens specifikt under 2017 &#8211; 2018. De f\u00f6rh\u00f6jningar som finns f\u00f6ljer i h\u00f6g grad det m\u00f6nster som g\u00e4ller f\u00f6r demografiska faktorer s\u00e5som \u00e5lder och k\u00f6n. Med andra ord, det faktum att det jobbar m\u00e5nga unga m\u00e4n i kompetensbranschen p\u00e5verkar arbetsskadestatistiken i negativ riktning.&nbsp;<\/span><\/p>\n\n\n\n<p><\/p>\n\n\n<a class='Share__link Share__link--url copy-text' href='#' rel='nofollow' data-text='kompetensbranschen-finns-till-stor-del-i-branscher-med-forhojd-olycksrisk\u00a0' title='Dela url' data-confirmation='L\u00e4nken kopierades till urklipp'><svg class='icon icon--link'  width='18' height='18' viewBox='0 0 18 18' fill='none' xmlns='http:\/\/www.w3.org\/2000\/svg'>\n            <path d='M10.4142 0.514721L6.87868 4.05025L8.29289 5.46447L11.1213 2.63604L15.364 6.87868L12.5355 9.70711L13.9497 11.1213L17.4853 7.58579C17.8763 7.19476 17.8763 6.5626 17.4853 6.17158L11.8284 0.514721C11.4374 0.123691 10.8052 0.123691 10.4142 0.514721Z' fill='black'\/>\n            <path d='M9.7071 12.5355L6.87868 15.364L2.63604 11.1213L5.46446 8.2929L4.05025 6.87868L0.514716 10.4142C0.123686 10.8052 0.123686 11.4374 0.514716 11.8284L6.17157 17.4853C6.5626 17.8763 7.19475 17.8763 7.58578 17.4853L11.1213 13.9497L9.7071 12.5355Z' fill='black'\/>\n            <path d='M6.17157 11.8284C6.5626 12.2195 7.19475 12.2195 7.58578 11.8284L11.8284 7.58579C12.2195 7.19476 12.2195 6.56261 11.8284 6.17158C11.4374 5.78055 10.8052 5.78055 10.4142 6.17158L6.17157 10.4142C5.78054 10.8052 5.78054 11.4374 6.17157 11.8284Z' fill='black'\/>\n            <\/svg> <\/a>\n<h2 class=\"wp-block-heading\"><b><span data-contrast=\"auto\">Kompetensbranschen finns till stor del i branscher med f\u00f6rh\u00f6jd olycksrisk<\/span><\/b><span data-ccp-props=\"{&quot;201341983&quot;:0,&quot;335559739&quot;:160,&quot;335559740&quot;:259}\">\u00a0<\/span><\/h2>\n\n\n\n<ul class=\"wp-block-list\">\n<li><span data-contrast=\"auto\">Allvarliga arbetsolycksfall som drabbar konsulter kan i h\u00f6g utstr\u00e4ckning h\u00e4rledas till branscherna industri och lager och logistik. I dessa branscher har Kompetensf\u00f6retagen st\u00f6rst andel av sin oms\u00e4ttning och syssels\u00e4tter flest personer. Dessa branscher har kraftigt f\u00f6rh\u00f6jd skaderisk oberoende av arbetsform. <\/span><span data-ccp-props=\"{&quot;134233279&quot;:true,&quot;201341983&quot;:0,&quot;335559739&quot;:160,&quot;335559740&quot;:259}\">&nbsp;<\/span><\/li>\n<\/ul>\n\n\n\n<ul class=\"wp-block-list\">\n<li><span data-contrast=\"auto\">Konsulternas olycksfallsfrekvens \u00e4r j\u00e4mf\u00f6rbar med \u00f6vriga sysselsattas, men har st\u00f6rre variationer. Statistiken visar p\u00e5 en relativt&nbsp;tydlig&nbsp;\u00f6kning av olycksfallsfrekvensen f\u00f6r konsulter 2017\u20132018, j\u00e4mf\u00f6rt med 2015\u20132016. 2019 var dock minskningen av antalet olycksfall mer p\u00e5taglig f\u00f6r konsulterna \u00e4n f\u00f6r \u00f6vriga anst\u00e4llda inom privat sektor.<\/span><span data-ccp-props=\"{&quot;134233279&quot;:true,&quot;201341983&quot;:0,&quot;335559739&quot;:160,&quot;335559740&quot;:259}\">&nbsp;<\/span><\/li>\n<\/ul>\n\n\n\n<p><\/p>\n\n\n<a class='Share__link Share__link--url copy-text' href='#' rel='nofollow' data-text='nastan-halften-av-olyckorna-drabbar-unga-man\u00a0' title='Dela url' data-confirmation='L\u00e4nken kopierades till urklipp'><svg class='icon icon--link'  width='18' height='18' viewBox='0 0 18 18' fill='none' xmlns='http:\/\/www.w3.org\/2000\/svg'>\n            <path d='M10.4142 0.514721L6.87868 4.05025L8.29289 5.46447L11.1213 2.63604L15.364 6.87868L12.5355 9.70711L13.9497 11.1213L17.4853 7.58579C17.8763 7.19476 17.8763 6.5626 17.4853 6.17158L11.8284 0.514721C11.4374 0.123691 10.8052 0.123691 10.4142 0.514721Z' fill='black'\/>\n            <path d='M9.7071 12.5355L6.87868 15.364L2.63604 11.1213L5.46446 8.2929L4.05025 6.87868L0.514716 10.4142C0.123686 10.8052 0.123686 11.4374 0.514716 11.8284L6.17157 17.4853C6.5626 17.8763 7.19475 17.8763 7.58578 17.4853L11.1213 13.9497L9.7071 12.5355Z' fill='black'\/>\n            <path d='M6.17157 11.8284C6.5626 12.2195 7.19475 12.2195 7.58578 11.8284L11.8284 7.58579C12.2195 7.19476 12.2195 6.56261 11.8284 6.17158C11.4374 5.78055 10.8052 5.78055 10.4142 6.17158L6.17157 10.4142C5.78054 10.8052 5.78054 11.4374 6.17157 11.8284Z' fill='black'\/>\n            <\/svg> <\/a>\n<h2 class=\"wp-block-heading\"><b><span data-contrast=\"auto\">N\u00e4stan h\u00e4lften av olyckorna drabbar unga m\u00e4n<\/span><\/b><span data-ccp-props=\"{&quot;201341983&quot;:0,&quot;335559739&quot;:160,&quot;335559740&quot;:259}\">\u00a0<\/span><\/h2>\n\n\n\n<ul class=\"wp-block-list\">\n<li><span data-contrast=\"auto\">N\u00e4stan h\u00e4lften av de allvarliga olycksfallen som avser konsulter drabbar m\u00e4n under 35 \u00e5r. Unga m\u00e4n \u00e4r \u00f6verrepresenterade inom skadestatistiken oberoende av arbetsform. Tidigare forskning visar att ungdomar med kort yrkeserfarenhet \u00e4r mer riskben\u00e4gna och \u00e4r inte lika uppm\u00e4rksamma p\u00e5 riskerna med att inte f\u00f6lja s\u00e4kerhetsreglerna. Tidigare forskning visar ocks\u00e5 att ungdomars f\u00f6rh\u00f6jda riskniv\u00e5 \u00e4r s\u00e4rskilt stor inom verksamhetsomr\u00e5den&nbsp;med f\u00f6rh\u00f6jd skaderisk.&nbsp;F\u00f6r att komma till r\u00e4tta med detta&nbsp;kr\u00e4vs starkare samverkan. \u00d6verlag har arbetsplatserna effektiva rutiner p\u00e5 plats f\u00f6r att f\u00f6rhindra olyckor, men medvetenheten kan f\u00f6rb\u00e4ttras.<\/span><span data-ccp-props=\"{&quot;134233279&quot;:true,&quot;201341983&quot;:0,&quot;335559739&quot;:160,&quot;335559740&quot;:259}\">&nbsp;<\/span><\/li>\n<\/ul>\n\n\n\n<p><\/p>\n\n\n<a class='Share__link Share__link--url copy-text' href='#' rel='nofollow' data-text='fa-dodsolyckor-i-branschen\u00a0' title='Dela url' data-confirmation='L\u00e4nken kopierades till urklipp'><svg class='icon icon--link'  width='18' height='18' viewBox='0 0 18 18' fill='none' xmlns='http:\/\/www.w3.org\/2000\/svg'>\n            <path d='M10.4142 0.514721L6.87868 4.05025L8.29289 5.46447L11.1213 2.63604L15.364 6.87868L12.5355 9.70711L13.9497 11.1213L17.4853 7.58579C17.8763 7.19476 17.8763 6.5626 17.4853 6.17158L11.8284 0.514721C11.4374 0.123691 10.8052 0.123691 10.4142 0.514721Z' fill='black'\/>\n            <path d='M9.7071 12.5355L6.87868 15.364L2.63604 11.1213L5.46446 8.2929L4.05025 6.87868L0.514716 10.4142C0.123686 10.8052 0.123686 11.4374 0.514716 11.8284L6.17157 17.4853C6.5626 17.8763 7.19475 17.8763 7.58578 17.4853L11.1213 13.9497L9.7071 12.5355Z' fill='black'\/>\n            <path d='M6.17157 11.8284C6.5626 12.2195 7.19475 12.2195 7.58578 11.8284L11.8284 7.58579C12.2195 7.19476 12.2195 6.56261 11.8284 6.17158C11.4374 5.78055 10.8052 5.78055 10.4142 6.17158L6.17157 10.4142C5.78054 10.8052 5.78054 11.4374 6.17157 11.8284Z' fill='black'\/>\n            <\/svg> <\/a>\n<h2 class=\"wp-block-heading\"><b><span data-contrast=\"auto\">F\u00e5 d\u00f6dsolyckor i branschen<\/span><\/b><span data-ccp-props=\"{&quot;201341983&quot;:0,&quot;335559739&quot;:160,&quot;335559740&quot;:259}\">\u00a0<\/span><\/h2>\n\n\n\n<ul class=\"wp-block-list\">\n<li><span data-contrast=\"auto\">Arbetsrelaterade d\u00f6dsolyckor f\u00f6rekommer mer s\u00e4llan bland konsulter \u00e4n bland samtliga sysselsatta.&nbsp;Konsulter \u00e4r underrepresenterade i arbetssjukdomsstatistiken, men \u00e4ven detta m\u00f6nster f\u00f6ljer demografin hos de anst\u00e4llda.&nbsp;<\/span><span data-ccp-props=\"{&quot;134233279&quot;:true,&quot;201341983&quot;:0,&quot;335559739&quot;:160,&quot;335559740&quot;:259}\">&nbsp;<\/span><\/li>\n<\/ul>\n\n\n\n<p><\/p>\n\n\n<a class='Share__link Share__link--url copy-text' href='#' rel='nofollow' data-text='arbetssjukdomar-i-branschen-speglar-lag-medelalder\u00a0' title='Dela url' data-confirmation='L\u00e4nken kopierades till urklipp'><svg class='icon icon--link'  width='18' height='18' viewBox='0 0 18 18' fill='none' xmlns='http:\/\/www.w3.org\/2000\/svg'>\n            <path d='M10.4142 0.514721L6.87868 4.05025L8.29289 5.46447L11.1213 2.63604L15.364 6.87868L12.5355 9.70711L13.9497 11.1213L17.4853 7.58579C17.8763 7.19476 17.8763 6.5626 17.4853 6.17158L11.8284 0.514721C11.4374 0.123691 10.8052 0.123691 10.4142 0.514721Z' fill='black'\/>\n            <path d='M9.7071 12.5355L6.87868 15.364L2.63604 11.1213L5.46446 8.2929L4.05025 6.87868L0.514716 10.4142C0.123686 10.8052 0.123686 11.4374 0.514716 11.8284L6.17157 17.4853C6.5626 17.8763 7.19475 17.8763 7.58578 17.4853L11.1213 13.9497L9.7071 12.5355Z' fill='black'\/>\n            <path d='M6.17157 11.8284C6.5626 12.2195 7.19475 12.2195 7.58578 11.8284L11.8284 7.58579C12.2195 7.19476 12.2195 6.56261 11.8284 6.17158C11.4374 5.78055 10.8052 5.78055 10.4142 6.17158L6.17157 10.4142C5.78054 10.8052 5.78054 11.4374 6.17157 11.8284Z' fill='black'\/>\n            <\/svg> <\/a>\n<h2 class=\"wp-block-heading\"><b><span data-contrast=\"auto\">Arbetssjukdomar i branschen speglar l\u00e5g medel\u00e5lder<\/span><\/b><span data-ccp-props=\"{&quot;201341983&quot;:0,&quot;335559739&quot;:160,&quot;335559740&quot;:259}\">\u00a0<\/span><\/h2>\n\n\n\n<ul class=\"wp-block-list\">\n<li><span data-contrast=\"auto\">M\u00e5nga av arbetssjukdomsfallen p\u00e5 arbetsmarknaden \u00e4r av psykisk karakt\u00e4r, vilket \u00e4ven g\u00e4ller f\u00f6r konsultbranschen. Detta f\u00f6ljer allts\u00e5 ett bredare m\u00f6nster d\u00e4r psykisk oh\u00e4lsa har blivit mer vanligt f\u00f6rekommande i samh\u00e4llet, s\u00e4rskilt i yngre \u00e5ldersgrupper d\u00e4r kompetensf\u00f6retag har en mycket stor andel av sina anst\u00e4llda.<\/span><span data-ccp-props=\"{&quot;134233279&quot;:true,&quot;201341983&quot;:0,&quot;335559739&quot;:160,&quot;335559740&quot;:259}\">&nbsp;<\/span><\/li>\n<\/ul>\n\n\n\n<p><\/p>\n\n\n<a class='Share__link Share__link--url copy-text' href='#' rel='nofollow' data-text='statistiken-for-konsulter-foljer-den-for-arbetsmarknaden-i-stort\u00a0' title='Dela url' data-confirmation='L\u00e4nken kopierades till urklipp'><svg class='icon icon--link'  width='18' height='18' viewBox='0 0 18 18' fill='none' xmlns='http:\/\/www.w3.org\/2000\/svg'>\n            <path d='M10.4142 0.514721L6.87868 4.05025L8.29289 5.46447L11.1213 2.63604L15.364 6.87868L12.5355 9.70711L13.9497 11.1213L17.4853 7.58579C17.8763 7.19476 17.8763 6.5626 17.4853 6.17158L11.8284 0.514721C11.4374 0.123691 10.8052 0.123691 10.4142 0.514721Z' fill='black'\/>\n            <path d='M9.7071 12.5355L6.87868 15.364L2.63604 11.1213L5.46446 8.2929L4.05025 6.87868L0.514716 10.4142C0.123686 10.8052 0.123686 11.4374 0.514716 11.8284L6.17157 17.4853C6.5626 17.8763 7.19475 17.8763 7.58578 17.4853L11.1213 13.9497L9.7071 12.5355Z' fill='black'\/>\n            <path d='M6.17157 11.8284C6.5626 12.2195 7.19475 12.2195 7.58578 11.8284L11.8284 7.58579C12.2195 7.19476 12.2195 6.56261 11.8284 6.17158C11.4374 5.78055 10.8052 5.78055 10.4142 6.17158L6.17157 10.4142C5.78054 10.8052 5.78054 11.4374 6.17157 11.8284Z' fill='black'\/>\n            <\/svg> <\/a>\n<h2 class=\"wp-block-heading\"><b><span data-contrast=\"auto\">Statistiken f\u00f6r konsulter f\u00f6ljer den f\u00f6r arbetsmarknaden i stort<\/span><\/b><span data-ccp-props=\"{&quot;201341983&quot;:0,&quot;335559739&quot;:160,&quot;335559740&quot;:259}\">\u00a0<\/span><\/h2>\n\n\n\n<ul class=\"wp-block-list\">\n<li><span data-contrast=\"auto\">Arbetsmilj\u00f6f\u00f6rh\u00e5llandena f\u00f6r konsulter respektive samtliga anst\u00e4llda \u00e4r \u00f6verlag liknande. P\u00e5 vissa punkter finns skillnader i hur grupperna upplever sin arbetsmilj\u00f6. Dessa skillnader kan h\u00e4rledas till konsulters l\u00e5ga medel\u00e5lder och generellt sett korta tid i arbetslivet.&nbsp;&nbsp;<\/span><span data-ccp-props=\"{&quot;134233279&quot;:true,&quot;201341983&quot;:0,&quot;335559739&quot;:160,&quot;335559740&quot;:259}\">&nbsp;<\/span><\/li>\n<\/ul>\n\n\n\n<ul class=\"wp-block-list\">\n<li><span data-contrast=\"auto\">Det har blivit allt vanligare med konsulter i branscher\u00a0med f\u00f6rh\u00f6jd skaderisk\u00a0och\u00a0i nya\u00a0roller. Det\u00a0inneb\u00e4r att kompetensf\u00f6retag har ett st\u00f6rre ansvar f\u00f6r att f\u00f6rebygga skador i dessa branscher genom att st\u00e4rka det ordinarie arbetsmilj\u00f6arbetet. Det \u00e4r oacceptabelt att skador bland unga m\u00e4n ligger p\u00e5 en varaktigt h\u00f6g niv\u00e5 i flera branscher.\u00a0<\/span><\/li>\n<\/ul>\n\n\n\n<p><\/p>\n\n\n<a class='Share__link Share__link--url copy-text' href='#' rel='nofollow' data-text='dagens-arbetsmiljoarbete\u00a0' title='Dela url' data-confirmation='L\u00e4nken kopierades till urklipp'><svg class='icon icon--link'  width='18' height='18' viewBox='0 0 18 18' fill='none' xmlns='http:\/\/www.w3.org\/2000\/svg'>\n            <path d='M10.4142 0.514721L6.87868 4.05025L8.29289 5.46447L11.1213 2.63604L15.364 6.87868L12.5355 9.70711L13.9497 11.1213L17.4853 7.58579C17.8763 7.19476 17.8763 6.5626 17.4853 6.17158L11.8284 0.514721C11.4374 0.123691 10.8052 0.123691 10.4142 0.514721Z' fill='black'\/>\n            <path d='M9.7071 12.5355L6.87868 15.364L2.63604 11.1213L5.46446 8.2929L4.05025 6.87868L0.514716 10.4142C0.123686 10.8052 0.123686 11.4374 0.514716 11.8284L6.17157 17.4853C6.5626 17.8763 7.19475 17.8763 7.58578 17.4853L11.1213 13.9497L9.7071 12.5355Z' fill='black'\/>\n            <path d='M6.17157 11.8284C6.5626 12.2195 7.19475 12.2195 7.58578 11.8284L11.8284 7.58579C12.2195 7.19476 12.2195 6.56261 11.8284 6.17158C11.4374 5.78055 10.8052 5.78055 10.4142 6.17158L6.17157 10.4142C5.78054 10.8052 5.78054 11.4374 6.17157 11.8284Z' fill='black'\/>\n            <\/svg> <\/a>\n<h2 class=\"wp-block-heading\"><span data-contrast=\"none\">Dagens arbetsmilj\u00f6arbete\u00a0<\/span><\/h2>\n\n\n\n<p><span data-contrast=\"auto\">I yrkesgrupper som alltid pr\u00e4glats av h\u00f6ga skadetal jobbar numera en stor andel konsulter, och inom kompetensbranschen finns numera betydande erfarenhet av att systematiskt f\u00f6rebygga olyckor p\u00e5 dessa f\u00f6rh\u00e5llandevis riskfyllda arbetsplatser. N\u00e5gra exempel p\u00e5 \u00e5tg\u00e4rder som Kompetensf\u00f6retagen som bransch har vidtagit \u00e4r att:<\/span><\/p>\n\n\n\n<ol class=\"has-secondary-background-color has-background wp-block-list\">\n<li><span style=\"background-color: transparent;font-size: 1rem\" data-contrast=\"auto\">erbjuda auktorisation. I den ing\u00e5r&nbsp;en introduktion i arbetsmilj\u00f6arbete.&nbsp;<\/span><span style=\"background-color: transparent;font-size: 1rem\" data-ccp-props=\"{&quot;134233279&quot;:true,&quot;201341983&quot;:0,&quot;335559739&quot;:160,&quot;335559740&quot;:257}\">&nbsp;<\/span><\/li>\n\n\n\n<li><span data-contrast=\"auto\">utarbeta checklistor f\u00f6r in- och uthyrning i partssamarbetet med Prevent.<\/span><\/li>\n\n\n\n<li><span data-contrast=\"auto\">utveckla gemensamt informationsmaterial f\u00f6r kunder och medarbetare, tillsammans med Arbetsmilj\u00f6verket.<\/span><\/li>\n\n\n\n<li><span data-contrast=\"auto\">uppvakta regeringen f\u00f6r att be om b\u00e4ttre myndighetsstatistik.&nbsp;<\/span><\/li>\n\n\n\n<li><span data-contrast=\"auto\">instifta en arbetsmilj\u00f6grupp i branschen som jobbar med fr\u00e5gorna f\u00f6r att sprida kunskap och arbetss\u00e4tt.&nbsp;<\/span><\/li>\n\n\n\n<li><span data-contrast=\"auto\">genomf\u00f6ra medarbetarunders\u00f6kningar i hela branschen om hur medarbetare uppfattar arbetsmilj\u00f6n.<\/span><\/li>\n\n\n\n<li><span data-contrast=\"auto\">genomf\u00f6ra f\u00f6retagsunders\u00f6kningar om hur man arbetar och hur man uppfattar arbetsmilj\u00f6verkets arbete och kundernas arbete.&nbsp;<\/span><\/li>\n\n\n\n<li><span data-contrast=\"auto\">vidareutveckla arbetsmilj\u00f6utbildningarna som en del av auktorisationsutbildningen.&nbsp;<\/span><\/li>\n<\/ol>\n\n\n\n<p><\/p>\n\n\n<a class='Share__link Share__link--url copy-text' href='#' rel='nofollow' data-text='forbattringsomraden' title='Dela url' data-confirmation='L\u00e4nken kopierades till urklipp'><svg class='icon icon--link'  width='18' height='18' viewBox='0 0 18 18' fill='none' xmlns='http:\/\/www.w3.org\/2000\/svg'>\n            <path d='M10.4142 0.514721L6.87868 4.05025L8.29289 5.46447L11.1213 2.63604L15.364 6.87868L12.5355 9.70711L13.9497 11.1213L17.4853 7.58579C17.8763 7.19476 17.8763 6.5626 17.4853 6.17158L11.8284 0.514721C11.4374 0.123691 10.8052 0.123691 10.4142 0.514721Z' fill='black'\/>\n            <path d='M9.7071 12.5355L6.87868 15.364L2.63604 11.1213L5.46446 8.2929L4.05025 6.87868L0.514716 10.4142C0.123686 10.8052 0.123686 11.4374 0.514716 11.8284L6.17157 17.4853C6.5626 17.8763 7.19475 17.8763 7.58578 17.4853L11.1213 13.9497L9.7071 12.5355Z' fill='black'\/>\n            <path d='M6.17157 11.8284C6.5626 12.2195 7.19475 12.2195 7.58578 11.8284L11.8284 7.58579C12.2195 7.19476 12.2195 6.56261 11.8284 6.17158C11.4374 5.78055 10.8052 5.78055 10.4142 6.17158L6.17157 10.4142C5.78054 10.8052 5.78054 11.4374 6.17157 11.8284Z' fill='black'\/>\n            <\/svg> <\/a>\n<h2 class=\"wp-block-heading\">F\u00f6rb\u00e4ttringsomr\u00e5den<\/h2>\n\n\n\n<p><span data-contrast=\"auto\">Kompetensbranschen arbetar f\u00f6r att m\u00f6ta ovanst\u00e5ende utmaningar. Fokus f\u00f6r Kompetensf\u00f6retagens utvecklingsarbete fram\u00f6ver \u00e4r p\u00e5 fyra omr\u00e5den:&nbsp;<\/span><\/p>\n\n\n\n\n\n<p class=\"has-secondary-background-color has-background\"><b><span data-contrast=\"auto\">F\u00f6rdjupad samverkan med arbetsgivarorganisationer, kundf\u00f6retag, fackf\u00f6rbund och myndigheter<\/span><\/b><br>Samarbeten \u00e4r grunden f\u00f6r att skapa s\u00e4krare och mer attraktiva arbetsplatser. Breda samarbeten \u00f6kar medvetenheten och intresset f\u00f6r arbetsmilj\u00f6fr\u00e5gor. Samverkan beh\u00f6ver fokusera p\u00e5 konkreta risker, riskarbetsplatser och riskgrupper. H\u00e4r kan s\u00e4rskilt n\u00e4mnas vikten av att integrera konsulterna i kundf\u00f6retagens arbetsmilj\u00f6arbete.&nbsp;<\/p>\n\n\n\n\n\n<p class=\"has-secondary-background-color has-background\"><b><span data-contrast=\"auto\">F\u00f6rb\u00e4ttrad information och olycksrapportering<\/span><\/b><span data-contrast=\"auto\">&nbsp;<\/span><br><span data-contrast=\"auto\">Det beh\u00f6vs b\u00e4ttre verktyg f\u00f6r att \u00e4n mer jobba med information till s\u00e5v\u00e4l kompetensf\u00f6retag, kundf\u00f6retag och konsulter f\u00f6r att s\u00e4kerst\u00e4lla att information om risker och olyckor rapporteras p\u00e5 ett korrekt s\u00e4tt. Idag \u00e4r det tre parter som ska kommunicera och agera beroende av varandra och det \u00e4r sv\u00e5rt att kontrollera att olycksrapporteringen inkommer p\u00e5 r\u00e4tt s\u00e4tt. Det beh\u00f6vs informationsinsatser kombinerat med enklare verktyg f\u00f6r rapportering.&nbsp;&nbsp;<\/span><\/p>\n\n\n\n\n\n<p><span data-contrast=\"auto\">&nbsp;&nbsp;<\/span><\/p>\n\n\n\n\n\n<p class=\"has-secondary-background-color has-background\"><strong>F\u00f6rb\u00e4ttrat samarbete med Arbetsmilj\u00f6verket<\/strong><br>Arbetsmilj\u00f6verket beh\u00f6ver bli b\u00e4ttre p\u00e5 att f\u00f6rst\u00e5 och hj\u00e4lpa sm\u00e5 arbetsgivare och f\u00f6retag. Myndighetens verksamhet m\u00e5ste forts\u00e4tta att bli \u00f6ppnare och mer dialogorienterad. P\u00e5 s\u00e5 s\u00e4tt kan myndigheten arbeta mer effektivt med att f\u00f6rebygga skador, och sprida kunskap och arbetss\u00e4tt till fler arbetsgivare. Tydligare information om ansvaret f\u00f6r konsulters arbetsmilj\u00f6 skulle ocks\u00e5 vara brett anv\u00e4ndbart i hela n\u00e4ringslivet; det f\u00f6rekommer att kundf\u00f6retag inte k\u00e4nner till sina f\u00f6rpliktelser gentemot konsulterna.&nbsp;&nbsp;<\/p>\n\n\n\n\n\n<p class=\"has-secondary-background-color has-background\"><strong>F\u00f6rb\u00e4ttrade arbetsmilj\u00f6verktyg f\u00f6r konsultekonomin<\/strong><br>Det beh\u00f6vs b\u00e4ttre arbetsmilj\u00f6verktyg f\u00f6r tj\u00e4nstesektorn och konsultekonomin. Den offentliga arbetsskadestatistiken m\u00e5ste utvecklas och moderniseras s\u00e5 att den tar h\u00e4nsyn till b\u00e5de arbetsplats och arbetsgivare, och rymmer information om b\u00e5da.&nbsp;Arbetsmilj\u00f6verket skulle&nbsp;allts\u00e5&nbsp;beh\u00f6va inh\u00e4mta mer relevant statistik om branschen, d\u00e5 deras f\u00f6refaller att n\u00e4stan uteslutande spegla&nbsp;tj\u00e4nstem\u00e4n.&nbsp;Mer utvecklad statistik ger b\u00e4ttre m\u00f6jligheter att kartl\u00e4gga skadem\u00f6nster, och skulle utg\u00f6ra en naturlig ber\u00f6ringspunkt f\u00f6r samarbete i arbetsmilj\u00f6fr\u00e5gor mellan kompetens- och kundf\u00f6retag.&nbsp;&nbsp;<\/p>\n\n\n\n\n\n<p><span data-ccp-props=\"{&quot;201341983&quot;:0,&quot;335559685&quot;:720,&quot;335559739&quot;:160,&quot;335559740&quot;:259}\">&nbsp;<\/span><span data-contrast=\"auto\">*De medarbetare som&nbsp;\u00e4r anst\u00e4llda direkt av kundf\u00f6retagen<\/span><span data-ccp-props=\"{&quot;201341983&quot;:0,&quot;335559739&quot;:160,&quot;335559740&quot;:259}\">&nbsp;<\/span><\/p>\n\n\n\n<p>L\u00e4nkar:<\/p>\n\n\n\n<p><a href=\"https:\/\/www.kompetensforetagen.se\/arbetsmiljo\/\">L\u00e4s mer om arbetsmilj\u00f6arbetet h\u00e4r<\/a>.<\/p>\n\n\n\n<p><a href=\"https:\/\/www.prevent.se\/\">Prevent<\/a><\/p>\n\n\n\n<p><a href=\"https:\/\/www.afaforsakring.se\/\">AFA-f\u00f6rs\u00e4kring<\/a><\/p>\n","protected":false},"excerpt":{"rendered":"<p>Alla ska kunna k\u00e4nna sig s\u00e4kra p\u00e5 sina arbetsplatser. Arbetet med att eliminera olycksrisker \u00e4r ett st\u00e4ndigt p\u00e5g\u00e5ende, l\u00e5ngsiktigt och systematiskt arbete. Varje arbetsplats ska ha tydliga s\u00e4kerhetsf\u00f6reskrifter f\u00f6r att f\u00f6rebygga olyckor och rutiner f\u00f6r &hellip;<\/p>\n","protected":false},"author":6058,"featured_media":6409,"comment_status":"closed","ping_status":"closed","sticky":false,"template":"","format":"standard","meta":{"_acf_changed":false,"footnotes":""},"categories":[20],"tags":[],"article_type":[8,16],"agreement":[],"for-members":[],"class_list":["post-7384","post","type-post","status-publish","format-standard","has-post-thumbnail","hentry","category-arbetsmiljo","type-aktuellt","type-rapporter"],"acf":[],"yoast_head":"<!-- This site is optimized with the Yoast SEO Premium plugin v26.8 (Yoast SEO v26.8) - https:\/\/yoast.com\/product\/yoast-seo-premium-wordpress\/ -->\n<title>Sammanfattning av rapport om arbetsmilj\u00f6- Kompetensf\u00f6retagen<\/title>\n<meta name=\"description\" content=\"Alla ska kunna k\u00e4nna sig s\u00e4kra p\u00e5 sina arbetsplatser. Arbetet med s\u00e4krare arbetsmilj\u00f6 \u00e4r ett st\u00e4ndigt p\u00e5g\u00e5ende, systematiskt och k\u00e5ngisktigt.\" \/>\n<meta name=\"robots\" content=\"index, follow, max-snippet:-1, max-image-preview:large, max-video-preview:-1\" \/>\n<link rel=\"canonical\" href=\"https:\/\/www.kompetensforetagen.se\/2021\/07\/sammanfattning-av-rapporten-tillsammans-for-en-battre-arbetsmiljo\/\" \/>\n<meta property=\"og:locale\" content=\"sv_SE\" \/>\n<meta property=\"og:type\" content=\"article\" \/>\n<meta property=\"og:title\" content=\"Sammanfattning av rapporten &quot;Tillsammans f\u00f6r en b\u00e4ttre arbetsmilj\u00f6&quot;\" \/>\n<meta property=\"og:description\" content=\"Alla ska kunna k\u00e4nna sig s\u00e4kra p\u00e5 sina arbetsplatser. Arbetet med s\u00e4krare arbetsmilj\u00f6 \u00e4r ett st\u00e4ndigt p\u00e5g\u00e5ende, systematiskt och k\u00e5ngisktigt.\" \/>\n<meta property=\"og:url\" content=\"https:\/\/www.kompetensforetagen.se\/2021\/07\/sammanfattning-av-rapporten-tillsammans-for-en-battre-arbetsmiljo\/\" \/>\n<meta property=\"og:site_name\" content=\"Kompetensf\u00f6retagen\" \/>\n<meta property=\"article:published_time\" content=\"2021-07-05T14:15:03+00:00\" \/>\n<meta property=\"article:modified_time\" content=\"2023-08-10T08:40:13+00:00\" \/>\n<meta property=\"og:image\" content=\"https:\/\/www.kompetensforetagen.se\/app\/uploads\/sites\/5\/2021\/02\/gettyimages-1032866280-scaled.jpg\" \/>\n\t<meta property=\"og:image:width\" content=\"2560\" \/>\n\t<meta property=\"og:image:height\" content=\"1707\" \/>\n\t<meta property=\"og:image:type\" content=\"image\/jpeg\" \/>\n<meta name=\"author\" content=\"Shashika Sellgren\" \/>\n<meta name=\"twitter:card\" content=\"summary_large_image\" \/>\n<meta name=\"twitter:label1\" content=\"Skriven av\" \/>\n\t<meta name=\"twitter:data1\" content=\"Shashika Sellgren\" \/>\n\t<meta name=\"twitter:label2\" content=\"Ber\u00e4knad l\u00e4stid\" \/>\n\t<meta name=\"twitter:data2\" content=\"6 minuter\" \/>\n<!-- \/ Yoast SEO Premium plugin. -->","yoast_head_json":{"title":"Sammanfattning av rapport om arbetsmilj\u00f6- Kompetensf\u00f6retagen","description":"Alla ska kunna k\u00e4nna sig s\u00e4kra p\u00e5 sina arbetsplatser. Arbetet med s\u00e4krare arbetsmilj\u00f6 \u00e4r ett st\u00e4ndigt p\u00e5g\u00e5ende, systematiskt och k\u00e5ngisktigt.","robots":{"index":"index","follow":"follow","max-snippet":"max-snippet:-1","max-image-preview":"max-image-preview:large","max-video-preview":"max-video-preview:-1"},"canonical":"https:\/\/www.kompetensforetagen.se\/2021\/07\/sammanfattning-av-rapporten-tillsammans-for-en-battre-arbetsmiljo\/","og_locale":"sv_SE","og_type":"article","og_title":"Sammanfattning av rapporten \"Tillsammans f\u00f6r en b\u00e4ttre arbetsmilj\u00f6\"","og_description":"Alla ska kunna k\u00e4nna sig s\u00e4kra p\u00e5 sina arbetsplatser. Arbetet med s\u00e4krare arbetsmilj\u00f6 \u00e4r ett st\u00e4ndigt p\u00e5g\u00e5ende, systematiskt och k\u00e5ngisktigt.","og_url":"https:\/\/www.kompetensforetagen.se\/2021\/07\/sammanfattning-av-rapporten-tillsammans-for-en-battre-arbetsmiljo\/","og_site_name":"Kompetensf\u00f6retagen","article_published_time":"2021-07-05T14:15:03+00:00","article_modified_time":"2023-08-10T08:40:13+00:00","og_image":[{"width":2560,"height":1707,"url":"https:\/\/www.kompetensforetagen.se\/app\/uploads\/sites\/5\/2021\/02\/gettyimages-1032866280-scaled.jpg","type":"image\/jpeg"}],"author":"Shashika Sellgren","twitter_card":"summary_large_image","twitter_misc":{"Skriven av":"Shashika Sellgren","Ber\u00e4knad l\u00e4stid":"6 minuter"},"schema":{"@context":"https:\/\/schema.org","@graph":[{"@type":"Article","@id":"https:\/\/www.kompetensforetagen.se\/2021\/07\/sammanfattning-av-rapporten-tillsammans-for-en-battre-arbetsmiljo\/#article","isPartOf":{"@id":"https:\/\/www.kompetensforetagen.se\/2021\/07\/sammanfattning-av-rapporten-tillsammans-for-en-battre-arbetsmiljo\/"},"author":{"name":"Shashika Sellgren","@id":"https:\/\/www.kompetensforetagen.se\/#\/schema\/person\/38c6b37b81c530c93246c3d1993d5662"},"headline":"Sammanfattning av rapporten &#8221;Tillsammans f\u00f6r en b\u00e4ttre arbetsmilj\u00f6&#8221;","datePublished":"2021-07-05T14:15:03+00:00","dateModified":"2023-08-10T08:40:13+00:00","mainEntityOfPage":{"@id":"https:\/\/www.kompetensforetagen.se\/2021\/07\/sammanfattning-av-rapporten-tillsammans-for-en-battre-arbetsmiljo\/"},"wordCount":1413,"publisher":{"@id":"https:\/\/www.kompetensforetagen.se\/#organization"},"image":{"@id":"https:\/\/www.kompetensforetagen.se\/2021\/07\/sammanfattning-av-rapporten-tillsammans-for-en-battre-arbetsmiljo\/#primaryimage"},"thumbnailUrl":"https:\/\/www.kompetensforetagen.se\/app\/uploads\/sites\/5\/2021\/02\/gettyimages-1032866280-scaled.jpg","articleSection":["Arbetsmilj\u00f6"],"inLanguage":"sv-SE"},{"@type":"WebPage","@id":"https:\/\/www.kompetensforetagen.se\/2021\/07\/sammanfattning-av-rapporten-tillsammans-for-en-battre-arbetsmiljo\/","url":"https:\/\/www.kompetensforetagen.se\/2021\/07\/sammanfattning-av-rapporten-tillsammans-for-en-battre-arbetsmiljo\/","name":"Sammanfattning av rapport om arbetsmilj\u00f6- Kompetensf\u00f6retagen","isPartOf":{"@id":"https:\/\/www.kompetensforetagen.se\/#website"},"primaryImageOfPage":{"@id":"https:\/\/www.kompetensforetagen.se\/2021\/07\/sammanfattning-av-rapporten-tillsammans-for-en-battre-arbetsmiljo\/#primaryimage"},"image":{"@id":"https:\/\/www.kompetensforetagen.se\/2021\/07\/sammanfattning-av-rapporten-tillsammans-for-en-battre-arbetsmiljo\/#primaryimage"},"thumbnailUrl":"https:\/\/www.kompetensforetagen.se\/app\/uploads\/sites\/5\/2021\/02\/gettyimages-1032866280-scaled.jpg","datePublished":"2021-07-05T14:15:03+00:00","dateModified":"2023-08-10T08:40:13+00:00","description":"Alla ska kunna k\u00e4nna sig s\u00e4kra p\u00e5 sina arbetsplatser. Arbetet med s\u00e4krare arbetsmilj\u00f6 \u00e4r ett st\u00e4ndigt p\u00e5g\u00e5ende, systematiskt och k\u00e5ngisktigt.","breadcrumb":{"@id":"https:\/\/www.kompetensforetagen.se\/2021\/07\/sammanfattning-av-rapporten-tillsammans-for-en-battre-arbetsmiljo\/#breadcrumb"},"inLanguage":"sv-SE","potentialAction":[{"@type":"ReadAction","target":["https:\/\/www.kompetensforetagen.se\/2021\/07\/sammanfattning-av-rapporten-tillsammans-for-en-battre-arbetsmiljo\/"]}]},{"@type":"ImageObject","inLanguage":"sv-SE","@id":"https:\/\/www.kompetensforetagen.se\/2021\/07\/sammanfattning-av-rapporten-tillsammans-for-en-battre-arbetsmiljo\/#primaryimage","url":"https:\/\/www.kompetensforetagen.se\/app\/uploads\/sites\/5\/2021\/02\/gettyimages-1032866280-scaled.jpg","contentUrl":"https:\/\/www.kompetensforetagen.se\/app\/uploads\/sites\/5\/2021\/02\/gettyimages-1032866280-scaled.jpg","width":2560,"height":1707,"caption":"Ung man i lagerlokal tejpar igen en kartong"},{"@type":"BreadcrumbList","@id":"https:\/\/www.kompetensforetagen.se\/2021\/07\/sammanfattning-av-rapporten-tillsammans-for-en-battre-arbetsmiljo\/#breadcrumb","itemListElement":[{"@type":"ListItem","position":1,"name":"Home","item":"https:\/\/www.kompetensforetagen.se\/"},{"@type":"ListItem","position":2,"name":"Sammanfattning av rapporten &#8221;Tillsammans f\u00f6r en b\u00e4ttre arbetsmilj\u00f6&#8221;"}]},{"@type":"WebSite","@id":"https:\/\/www.kompetensforetagen.se\/#website","url":"https:\/\/www.kompetensforetagen.se\/","name":"Kompetensf\u00f6retagen","description":"R\u00e4tt person p\u00e5 r\u00e4tt plats kan f\u00f6r\u00e4ndra v\u00e4rlden","publisher":{"@id":"https:\/\/www.kompetensforetagen.se\/#organization"},"potentialAction":[{"@type":"SearchAction","target":{"@type":"EntryPoint","urlTemplate":"https:\/\/www.kompetensforetagen.se\/?s={search_term_string}"},"query-input":{"@type":"PropertyValueSpecification","valueRequired":true,"valueName":"search_term_string"}}],"inLanguage":"sv-SE"},{"@type":"Organization","@id":"https:\/\/www.kompetensforetagen.se\/#organization","name":"Kompetensf\u00f6retagen","url":"https:\/\/www.kompetensforetagen.se\/","logo":{"@type":"ImageObject","inLanguage":"sv-SE","@id":"https:\/\/www.kompetensforetagen.se\/#\/schema\/logo\/image\/","url":"https:\/\/www.kompetensforetagen.se\/app\/uploads\/sites\/5\/2022\/10\/logga_svart.png","contentUrl":"https:\/\/www.kompetensforetagen.se\/app\/uploads\/sites\/5\/2022\/10\/logga_svart.png","width":752,"height":64,"caption":"Kompetensf\u00f6retagen"},"image":{"@id":"https:\/\/www.kompetensforetagen.se\/#\/schema\/logo\/image\/"},"sameAs":["https:\/\/www.linkedin.com\/company\/10540032\/"]},{"@type":"Person","@id":"https:\/\/www.kompetensforetagen.se\/#\/schema\/person\/38c6b37b81c530c93246c3d1993d5662","name":"Shashika Sellgren","image":{"@type":"ImageObject","inLanguage":"sv-SE","@id":"https:\/\/www.kompetensforetagen.se\/#\/schema\/person\/image\/","url":"https:\/\/secure.gravatar.com\/avatar\/b225c479880df9eb82d1501dd105dd8040f27c8563f3d4bf5dd62ce0a1630abd?s=96&d=mm&r=g","contentUrl":"https:\/\/secure.gravatar.com\/avatar\/b225c479880df9eb82d1501dd105dd8040f27c8563f3d4bf5dd62ce0a1630abd?s=96&d=mm&r=g","caption":"Shashika Sellgren"},"url":"https:\/\/www.kompetensforetagen.se\/person\/shashikasellgren\/"}]}},"_links":{"self":[{"href":"https:\/\/www.kompetensforetagen.se\/api\/wp\/v2\/posts\/7384","targetHints":{"allow":["GET"]}}],"collection":[{"href":"https:\/\/www.kompetensforetagen.se\/api\/wp\/v2\/posts"}],"about":[{"href":"https:\/\/www.kompetensforetagen.se\/api\/wp\/v2\/types\/post"}],"author":[{"embeddable":true,"href":"https:\/\/www.kompetensforetagen.se\/api\/wp\/v2\/users\/6058"}],"replies":[{"embeddable":true,"href":"https:\/\/www.kompetensforetagen.se\/api\/wp\/v2\/comments?post=7384"}],"version-history":[{"count":8,"href":"https:\/\/www.kompetensforetagen.se\/api\/wp\/v2\/posts\/7384\/revisions"}],"predecessor-version":[{"id":14809,"href":"https:\/\/www.kompetensforetagen.se\/api\/wp\/v2\/posts\/7384\/revisions\/14809"}],"wp:featuredmedia":[{"embeddable":true,"href":"https:\/\/www.kompetensforetagen.se\/api\/wp\/v2\/media\/6409"}],"wp:attachment":[{"href":"https:\/\/www.kompetensforetagen.se\/api\/wp\/v2\/media?parent=7384"}],"wp:term":[{"taxonomy":"category","embeddable":true,"href":"https:\/\/www.kompetensforetagen.se\/api\/wp\/v2\/categories?post=7384"},{"taxonomy":"post_tag","embeddable":true,"href":"https:\/\/www.kompetensforetagen.se\/api\/wp\/v2\/tags?post=7384"},{"taxonomy":"type","embeddable":true,"href":"https:\/\/www.kompetensforetagen.se\/api\/wp\/v2\/article_type?post=7384"},{"taxonomy":"agreement","embeddable":true,"href":"https:\/\/www.kompetensforetagen.se\/api\/wp\/v2\/agreement?post=7384"},{"taxonomy":"for-members","embeddable":true,"href":"https:\/\/www.kompetensforetagen.se\/api\/wp\/v2\/for-members?post=7384"}],"curies":[{"name":"wp","href":"https:\/\/api.w.org\/{rel}","templated":true}]}}