{"id":7340,"date":"2021-06-28T09:29:23","date_gmt":"2021-06-28T07:29:23","guid":{"rendered":"https:\/\/www.kompetensforetagen.se\/?p=7340"},"modified":"2023-07-12T11:14:15","modified_gmt":"2023-07-12T09:14:15","slug":"debatt-feltankt-att-starta-kommunal-arbetsformedling","status":"publish","type":"post","link":"https:\/\/www.kompetensforetagen.se\/2021\/06\/debatt-feltankt-att-starta-kommunal-arbetsformedling\/","title":{"rendered":"Debatt: Felt\u00e4nkt att starta kommunal arbetsf\u00f6rmedling"},"content":{"rendered":"\n<p><em>Debattartikel i Uppsala Nya Tidning &#8211; publicerad den 28 juni 2021<\/em><\/p>\n\n\n\n<p>En majoritet i Arbetsmarknadsn\u00e4mnden i Uppsala kommun beslutade 21 juni att ans\u00f6ka om att bli leverant\u00f6r av matchningstj\u00e4nster \u00e5t Arbetsf\u00f6rmedlingen inom det nya <a href=\"https:\/\/www.kompetensforetagen.se\/arbetsformedlingen\/krom-rusta-och-matcha\/\" target=\"_blank\" rel=\"noopener noreferrer\">KRO<\/a><span style=\"background-color: transparent; font-size: 1rem;\">M-systemet. Detta \u00e4r felt\u00e4nkt p\u00e5 flera s\u00e4tt. Dels bryter kommunen sannolikt mot kommunallagen genom sitt agerande och dels riskerar kommunen att minska effektiviteten i matchningssystemet.<\/span><\/p>\n\n\n\n<p>Just nu p\u00e5g\u00e5r en <a href=\"https:\/\/www.kompetensforetagen.se\/arbetsformedlingen\/om-arbetsformedlingens-reform\/\" target=\"_blank\" rel=\"noopener noreferrer\">reformering av Arbetsf\u00f6rmedlingen<\/a> f\u00f6r att skapa en b\u00e4ttre fungerande matchning p\u00e5 arbetsmarknaden. Detta \u00e4r en mycket viktig reform, i synnerhet som vi ser v\u00e4xande arbetsl\u00f6shetssiffror till f\u00f6ljd av pandemin. Navet i arbetsf\u00f6rmedlingssystemet \u00e4r <a href=\"https:\/\/www.kompetensforetagen.se\/2021\/03\/de-fristaende-leverantorerna-krom\/\" target=\"_blank\" rel=\"noopener noreferrer\">frist\u00e5ende jobb- och utbildningsf\u00f6rmedlare<\/a>, som p\u00e5 Arbetsf\u00f6rmedlingens uppdrag rustar och matchar de arbetsl\u00f6sa till jobb.<\/p>\n\n\n\n<blockquote class=\"wp-block-quote is-layout-flow wp-block-quote-is-layout-flow\">\n<p>Effekten blir ett mindre effektivt system, vilket drabbar de arbetss\u00f6kande<\/p>\n<\/blockquote>\n\n\n\n<p>Som en del av reformeringen kommer matchningstj\u00e4nsten Kundval rusta och matcha (KROM) inf\u00f6ras successivt i hela landet under \u00e5ret. Uppsala kommer ing\u00e5 i KROM-leveransomr\u00e5de Stockholm som blir landets i s\u00e4rklass st\u00f6rsta fr\u00e5n \u00d6sthammar i norr till Trosa i s\u00f6der.<\/p>\n\n\n\n<p>Regeringen och samarbetspartierna har i en<a href=\"https:\/\/www.dagenssamhalle.se\/opinion\/debatt\/januaripartierna-det-blir-inte-lattare-for-kommuner-att-delta-i-af-s-upphandlingar\/\" target=\"_blank\" rel=\"noopener noreferrer\"> debattartikel i Dagens samh\u00e4lle<\/a> meddelat att kommunerna inte regelm\u00e4ssigt b\u00f6r konkurrera med frist\u00e5ende leverant\u00f6rer. I st\u00e4llet vill de f\u00f6rb\u00e4ttra f\u00f6ruts\u00e4ttningarna f\u00f6r kommuner att ing\u00e5 olika typer av samarbeten med Arbetsf\u00f6rmedlingen.<\/p>\n\n\n\n<p>Att Uppsala i detta l\u00e4ge beslutar att ans\u00f6ka om att bli leverant\u00f6r \u00e5t Arbetsf\u00f6rmedlingen i konkurrens med frist\u00e5ende jobb- och utbildningsf\u00f6rmedlare \u00e4r h\u00e4pnadsv\u00e4ckande. Uppsala \u00e4r landets fj\u00e4rde st\u00f6rsta kommun och det finns redan idag 31 frist\u00e5ende jobb- och utbildningsf\u00f6rmedlare f\u00f6r kommunens arbetss\u00f6kande att v\u00e4lja mellan.<\/p>\n\n\n\n<p>Det kan aldrig bli konkurrens p\u00e5 lika villkor mellan en kommun och ett privat f\u00f6retag. Kommuner \u00e4r skattefinansierade och kan inte g\u00e5 i konkurs. De har \u00e4ven myndighetsfunktioner som g\u00f6r att de kan f\u00e5 konkurrensf\u00f6rdelar i f\u00f6rh\u00e5llande till de frist\u00e5ende jobb- och utbildningsf\u00f6rmedlare i situationer d\u00e4r den enskilde individen ska v\u00e4lja akt\u00f6r. Detta riskerar skapa betydande konkurrensproblem och ytterst utslagning av frist\u00e5ende jobbf\u00f6rmedlare. Effekten blir ett mindre effektivt system, vilket drabbar de arbetss\u00f6kande.&nbsp; Att med kommunala skattemedel i ryggen erbjuda tj\u00e4nster, som det finns f\u00f6retag som kan utf\u00f6ra, vore d\u00e4rtill ett resurssl\u00f6seri.<\/p>\n\n\n\n<blockquote class=\"wp-block-quote is-layout-flow wp-block-quote-is-layout-flow\">\n<p>En kommun som vill konkurrera med frist\u00e5ende jobbf\u00f6rmedlare om\u00f6jligg\u00f6r ett konstruktivt samarbetsklimat<\/p>\n<\/blockquote>\n\n\n\n<p>Om Uppsala agerar som leverant\u00f6r inom valfrihetssystemet riskerar detta \u00e4ven att strida mot viktiga kommunalr\u00e4ttsliga principer, s\u00e5som lokaliseringsprincipen som inneb\u00e4r att en kommun enbart f\u00e5r ha hand om angel\u00e4genheter som har anknytning till kommunens omr\u00e5de eller deras medlemmar. Som leverant\u00f6r \u00e4r man skyldig att ta sig an alla individer inom leveransomr\u00e5det som man blir vald av. Det aktuella leveransomr\u00e5det utg\u00f6rs av Stockholm fr\u00e5n \u00d6sthammar i norr till Trosa i s\u00f6der, vilket s\u00e5ledes \u00e4r betydligt mer omfattande \u00e4n Uppsala kommun. Risken \u00e4r uppenbar att kommunen d\u00e4rmed kommer att verka f\u00f6r betydligt fler \u00e4n kommunens egna medlemmar.<\/p>\n\n\n\n<p>I st\u00e4llet f\u00f6r att b\u00f6rja s\u00e4lja matchningstj\u00e4nster b\u00f6r kommunen i sin befintliga myndighetsroll f\u00f6rs\u00f6ka bidra till en fungerande samverkan med Arbetsf\u00f6rmedlingen och de frist\u00e5ende jobb- och utbildningsf\u00f6rmedlarna f\u00f6r att s\u00e4kerst\u00e4lla att deras medborgare f\u00e5r hj\u00e4lp till arbete. Att ge b\u00e4ttre st\u00f6d till arbetss\u00f6kande och f\u00f6rb\u00e4ttra matchningen i Uppsala m\u00e5ste vara fokus. Inte p\u00e5 att bedriva kommunal konkurrerande verksamhet med privata f\u00f6retag.<\/p>\n\n\n\n<p>En kommun som vill konkurrera med frist\u00e5ende jobbf\u00f6rmedlare om\u00f6jligg\u00f6r ett konstruktivt samarbetsklimat. S\u00e5, t\u00e4nk om, t\u00e4nk r\u00e4tt Uppsala kommun.<\/p>\n\n\n\n<p>Patrik Eidfelt, f\u00f6rbundsdirekt\u00f6r, Kompetensf\u00f6retagen<br>Andreas \u00c5str\u00f6m, n\u00e4ringspolitisk chef, Almega<br>Fredric Sk\u00e4lstad, branschchef, Almega Utbildningsf\u00f6retagen<\/p>\n","protected":false},"excerpt":{"rendered":"<p>Debattartikel i Uppsala Nya Tidning &#8211; publicerad den 28 juni 2021 En majoritet i Arbetsmarknadsn\u00e4mnden i Uppsala kommun beslutade 21 juni att ans\u00f6ka om att bli leverant\u00f6r av matchningstj\u00e4nster \u00e5t Arbetsf\u00f6rmedlingen inom det nya KROM-systemet. &hellip;<\/p>\n","protected":false},"author":6058,"featured_media":5616,"comment_status":"closed","ping_status":"closed","sticky":false,"template":"","format":"standard","meta":{"_acf_changed":false,"footnotes":""},"categories":[192,10,190],"tags":[],"article_type":[8,32],"agreement":[],"for-members":[],"class_list":["post-7340","post","type-post","status-publish","format-standard","has-post-thumbnail","hentry","category-arbetsformedlingen","category-arbetsmarknad","category-debattartikel","type-aktuellt","type-debattartiklar"],"acf":[],"yoast_head":"<!-- This site is optimized with the Yoast SEO Premium plugin v26.8 (Yoast SEO v26.8) - https:\/\/yoast.com\/product\/yoast-seo-premium-wordpress\/ -->\n<title>Debatt i Dagens Samh\u00e4lle: Felt\u00e4nkt med kommunal arbetsf\u00f6rmedling.<\/title>\n<meta name=\"description\" content=\"Ist\u00e4llet f\u00f6r att starta kommunal arbetsf\u00f6rmedling b\u00f6r kommunerna ing\u00e5 samarbete med etablerade matchningsakt\u00f6rer.\" \/>\n<meta name=\"robots\" content=\"index, follow, max-snippet:-1, max-image-preview:large, max-video-preview:-1\" \/>\n<link rel=\"canonical\" href=\"https:\/\/www.kompetensforetagen.se\/2021\/06\/debatt-feltankt-att-starta-kommunal-arbetsformedling\/\" \/>\n<meta property=\"og:locale\" content=\"sv_SE\" \/>\n<meta property=\"og:type\" content=\"article\" \/>\n<meta property=\"og:title\" content=\"Debatt: Felt\u00e4nkt att starta kommunal arbetsf\u00f6rmedling\" \/>\n<meta property=\"og:description\" content=\"Ist\u00e4llet f\u00f6r att starta kommunal arbetsf\u00f6rmedling b\u00f6r kommunerna ing\u00e5 samarbete med etablerade matchningsakt\u00f6rer.\" \/>\n<meta property=\"og:url\" content=\"https:\/\/www.kompetensforetagen.se\/2021\/06\/debatt-feltankt-att-starta-kommunal-arbetsformedling\/\" \/>\n<meta property=\"og:site_name\" content=\"Kompetensf\u00f6retagen\" \/>\n<meta property=\"article:published_time\" content=\"2021-06-28T07:29:23+00:00\" \/>\n<meta property=\"article:modified_time\" content=\"2023-07-12T09:14:15+00:00\" \/>\n<meta property=\"og:image\" content=\"https:\/\/www.kompetensforetagen.se\/app\/uploads\/sites\/5\/2020\/12\/dsc0118-scaled.jpg\" \/>\n\t<meta property=\"og:image:width\" content=\"2560\" \/>\n\t<meta property=\"og:image:height\" content=\"1707\" \/>\n\t<meta property=\"og:image:type\" content=\"image\/jpeg\" \/>\n<meta name=\"author\" content=\"Shashika Sellgren\" \/>\n<meta name=\"twitter:card\" content=\"summary_large_image\" \/>\n<meta name=\"twitter:label1\" content=\"Skriven av\" \/>\n\t<meta name=\"twitter:data1\" content=\"Shashika Sellgren\" \/>\n\t<meta name=\"twitter:label2\" content=\"Ber\u00e4knad l\u00e4stid\" \/>\n\t<meta name=\"twitter:data2\" content=\"3 minuter\" \/>\n<!-- \/ Yoast SEO Premium plugin. -->","yoast_head_json":{"title":"Debatt i Dagens Samh\u00e4lle: Felt\u00e4nkt med kommunal arbetsf\u00f6rmedling.","description":"Ist\u00e4llet f\u00f6r att starta kommunal arbetsf\u00f6rmedling b\u00f6r kommunerna ing\u00e5 samarbete med etablerade matchningsakt\u00f6rer.","robots":{"index":"index","follow":"follow","max-snippet":"max-snippet:-1","max-image-preview":"max-image-preview:large","max-video-preview":"max-video-preview:-1"},"canonical":"https:\/\/www.kompetensforetagen.se\/2021\/06\/debatt-feltankt-att-starta-kommunal-arbetsformedling\/","og_locale":"sv_SE","og_type":"article","og_title":"Debatt: Felt\u00e4nkt att starta kommunal arbetsf\u00f6rmedling","og_description":"Ist\u00e4llet f\u00f6r att starta kommunal arbetsf\u00f6rmedling b\u00f6r kommunerna ing\u00e5 samarbete med etablerade matchningsakt\u00f6rer.","og_url":"https:\/\/www.kompetensforetagen.se\/2021\/06\/debatt-feltankt-att-starta-kommunal-arbetsformedling\/","og_site_name":"Kompetensf\u00f6retagen","article_published_time":"2021-06-28T07:29:23+00:00","article_modified_time":"2023-07-12T09:14:15+00:00","og_image":[{"width":2560,"height":1707,"url":"https:\/\/www.kompetensforetagen.se\/app\/uploads\/sites\/5\/2020\/12\/dsc0118-scaled.jpg","type":"image\/jpeg"}],"author":"Shashika Sellgren","twitter_card":"summary_large_image","twitter_misc":{"Skriven av":"Shashika Sellgren","Ber\u00e4knad l\u00e4stid":"3 minuter"},"schema":{"@context":"https:\/\/schema.org","@graph":[{"@type":"Article","@id":"https:\/\/www.kompetensforetagen.se\/2021\/06\/debatt-feltankt-att-starta-kommunal-arbetsformedling\/#article","isPartOf":{"@id":"https:\/\/www.kompetensforetagen.se\/2021\/06\/debatt-feltankt-att-starta-kommunal-arbetsformedling\/"},"author":{"name":"Shashika Sellgren","@id":"https:\/\/www.kompetensforetagen.se\/#\/schema\/person\/38c6b37b81c530c93246c3d1993d5662"},"headline":"Debatt: Felt\u00e4nkt att starta kommunal arbetsf\u00f6rmedling","datePublished":"2021-06-28T07:29:23+00:00","dateModified":"2023-07-12T09:14:15+00:00","mainEntityOfPage":{"@id":"https:\/\/www.kompetensforetagen.se\/2021\/06\/debatt-feltankt-att-starta-kommunal-arbetsformedling\/"},"wordCount":668,"publisher":{"@id":"https:\/\/www.kompetensforetagen.se\/#organization"},"image":{"@id":"https:\/\/www.kompetensforetagen.se\/2021\/06\/debatt-feltankt-att-starta-kommunal-arbetsformedling\/#primaryimage"},"thumbnailUrl":"https:\/\/www.kompetensforetagen.se\/app\/uploads\/sites\/5\/2020\/12\/dsc0118-scaled.jpg","articleSection":["Arbetsf\u00f6rmedlingen","Arbetsmarknad","Debattartikel"],"inLanguage":"sv-SE"},{"@type":"WebPage","@id":"https:\/\/www.kompetensforetagen.se\/2021\/06\/debatt-feltankt-att-starta-kommunal-arbetsformedling\/","url":"https:\/\/www.kompetensforetagen.se\/2021\/06\/debatt-feltankt-att-starta-kommunal-arbetsformedling\/","name":"Debatt i Dagens Samh\u00e4lle: Felt\u00e4nkt med kommunal arbetsf\u00f6rmedling.","isPartOf":{"@id":"https:\/\/www.kompetensforetagen.se\/#website"},"primaryImageOfPage":{"@id":"https:\/\/www.kompetensforetagen.se\/2021\/06\/debatt-feltankt-att-starta-kommunal-arbetsformedling\/#primaryimage"},"image":{"@id":"https:\/\/www.kompetensforetagen.se\/2021\/06\/debatt-feltankt-att-starta-kommunal-arbetsformedling\/#primaryimage"},"thumbnailUrl":"https:\/\/www.kompetensforetagen.se\/app\/uploads\/sites\/5\/2020\/12\/dsc0118-scaled.jpg","datePublished":"2021-06-28T07:29:23+00:00","dateModified":"2023-07-12T09:14:15+00:00","description":"Ist\u00e4llet f\u00f6r att starta kommunal arbetsf\u00f6rmedling b\u00f6r kommunerna ing\u00e5 samarbete med etablerade matchningsakt\u00f6rer.","breadcrumb":{"@id":"https:\/\/www.kompetensforetagen.se\/2021\/06\/debatt-feltankt-att-starta-kommunal-arbetsformedling\/#breadcrumb"},"inLanguage":"sv-SE","potentialAction":[{"@type":"ReadAction","target":["https:\/\/www.kompetensforetagen.se\/2021\/06\/debatt-feltankt-att-starta-kommunal-arbetsformedling\/"]}]},{"@type":"ImageObject","inLanguage":"sv-SE","@id":"https:\/\/www.kompetensforetagen.se\/2021\/06\/debatt-feltankt-att-starta-kommunal-arbetsformedling\/#primaryimage","url":"https:\/\/www.kompetensforetagen.se\/app\/uploads\/sites\/5\/2020\/12\/dsc0118-scaled.jpg","contentUrl":"https:\/\/www.kompetensforetagen.se\/app\/uploads\/sites\/5\/2020\/12\/dsc0118-scaled.jpg","width":2560,"height":1707,"caption":"Debatt\u00f6r Patrik Eidfelt, f\u00f6rbundsdirekt\u00f6r Kompetensf\u00f6retagen"},{"@type":"BreadcrumbList","@id":"https:\/\/www.kompetensforetagen.se\/2021\/06\/debatt-feltankt-att-starta-kommunal-arbetsformedling\/#breadcrumb","itemListElement":[{"@type":"ListItem","position":1,"name":"Home","item":"https:\/\/www.kompetensforetagen.se\/"},{"@type":"ListItem","position":2,"name":"Debatt: Felt\u00e4nkt att starta kommunal arbetsf\u00f6rmedling"}]},{"@type":"WebSite","@id":"https:\/\/www.kompetensforetagen.se\/#website","url":"https:\/\/www.kompetensforetagen.se\/","name":"Kompetensf\u00f6retagen","description":"R\u00e4tt person p\u00e5 r\u00e4tt plats kan f\u00f6r\u00e4ndra v\u00e4rlden","publisher":{"@id":"https:\/\/www.kompetensforetagen.se\/#organization"},"potentialAction":[{"@type":"SearchAction","target":{"@type":"EntryPoint","urlTemplate":"https:\/\/www.kompetensforetagen.se\/?s={search_term_string}"},"query-input":{"@type":"PropertyValueSpecification","valueRequired":true,"valueName":"search_term_string"}}],"inLanguage":"sv-SE"},{"@type":"Organization","@id":"https:\/\/www.kompetensforetagen.se\/#organization","name":"Kompetensf\u00f6retagen","url":"https:\/\/www.kompetensforetagen.se\/","logo":{"@type":"ImageObject","inLanguage":"sv-SE","@id":"https:\/\/www.kompetensforetagen.se\/#\/schema\/logo\/image\/","url":"https:\/\/www.kompetensforetagen.se\/app\/uploads\/sites\/5\/2022\/10\/logga_svart.png","contentUrl":"https:\/\/www.kompetensforetagen.se\/app\/uploads\/sites\/5\/2022\/10\/logga_svart.png","width":752,"height":64,"caption":"Kompetensf\u00f6retagen"},"image":{"@id":"https:\/\/www.kompetensforetagen.se\/#\/schema\/logo\/image\/"},"sameAs":["https:\/\/www.linkedin.com\/company\/10540032\/"]},{"@type":"Person","@id":"https:\/\/www.kompetensforetagen.se\/#\/schema\/person\/38c6b37b81c530c93246c3d1993d5662","name":"Shashika Sellgren","image":{"@type":"ImageObject","inLanguage":"sv-SE","@id":"https:\/\/www.kompetensforetagen.se\/#\/schema\/person\/image\/","url":"https:\/\/secure.gravatar.com\/avatar\/b225c479880df9eb82d1501dd105dd8040f27c8563f3d4bf5dd62ce0a1630abd?s=96&d=mm&r=g","contentUrl":"https:\/\/secure.gravatar.com\/avatar\/b225c479880df9eb82d1501dd105dd8040f27c8563f3d4bf5dd62ce0a1630abd?s=96&d=mm&r=g","caption":"Shashika Sellgren"},"url":"https:\/\/www.kompetensforetagen.se\/person\/shashikasellgren\/"}]}},"_links":{"self":[{"href":"https:\/\/www.kompetensforetagen.se\/api\/wp\/v2\/posts\/7340","targetHints":{"allow":["GET"]}}],"collection":[{"href":"https:\/\/www.kompetensforetagen.se\/api\/wp\/v2\/posts"}],"about":[{"href":"https:\/\/www.kompetensforetagen.se\/api\/wp\/v2\/types\/post"}],"author":[{"embeddable":true,"href":"https:\/\/www.kompetensforetagen.se\/api\/wp\/v2\/users\/6058"}],"replies":[{"embeddable":true,"href":"https:\/\/www.kompetensforetagen.se\/api\/wp\/v2\/comments?post=7340"}],"version-history":[{"count":2,"href":"https:\/\/www.kompetensforetagen.se\/api\/wp\/v2\/posts\/7340\/revisions"}],"predecessor-version":[{"id":14523,"href":"https:\/\/www.kompetensforetagen.se\/api\/wp\/v2\/posts\/7340\/revisions\/14523"}],"wp:featuredmedia":[{"embeddable":true,"href":"https:\/\/www.kompetensforetagen.se\/api\/wp\/v2\/media\/5616"}],"wp:attachment":[{"href":"https:\/\/www.kompetensforetagen.se\/api\/wp\/v2\/media?parent=7340"}],"wp:term":[{"taxonomy":"category","embeddable":true,"href":"https:\/\/www.kompetensforetagen.se\/api\/wp\/v2\/categories?post=7340"},{"taxonomy":"post_tag","embeddable":true,"href":"https:\/\/www.kompetensforetagen.se\/api\/wp\/v2\/tags?post=7340"},{"taxonomy":"type","embeddable":true,"href":"https:\/\/www.kompetensforetagen.se\/api\/wp\/v2\/article_type?post=7340"},{"taxonomy":"agreement","embeddable":true,"href":"https:\/\/www.kompetensforetagen.se\/api\/wp\/v2\/agreement?post=7340"},{"taxonomy":"for-members","embeddable":true,"href":"https:\/\/www.kompetensforetagen.se\/api\/wp\/v2\/for-members?post=7340"}],"curies":[{"name":"wp","href":"https:\/\/api.w.org\/{rel}","templated":true}]}}