{"id":7284,"date":"2021-06-11T11:47:05","date_gmt":"2021-06-11T09:47:05","guid":{"rendered":"https:\/\/www.kompetensforetagen.se\/?p=7284"},"modified":"2024-01-15T13:47:41","modified_gmt":"2024-01-15T12:47:41","slug":"mot-auktorisationsnamndens-ordforande-goran-hagglund","status":"publish","type":"post","link":"https:\/\/www.kompetensforetagen.se\/2021\/06\/mot-auktorisationsnamndens-ordforande-goran-hagglund\/","title":{"rendered":"M\u00f6t auktorisationsn\u00e4mndens ordf\u00f6rande G\u00f6ran H\u00e4gglund"},"content":{"rendered":"\n<p>G\u00f6ran&nbsp;H\u00e4gglund \u00e4r ordf\u00f6rande f\u00f6r&nbsp;Kompetensf\u00f6retagens&nbsp;auktorisationsn\u00e4mnd sedan&nbsp;2018. Hans uppgift \u00e4r att&nbsp;leda<a href=\"https:\/\/www.kompetensforetagen.se\/auktorisation\/kompetensforetagens-auktorisationsnamnd\/\" target=\"_blank\" rel=\"noopener noreferrer\"> n\u00e4mndens arbete med granskning<\/a>&nbsp;av auktorisationsans\u00f6kningar&nbsp;och rekommendationer till Kompetensf\u00f6retagens styrelse.<\/p>\n\n\n\n<h3 class=\"wp-block-heading\">Hur ser du p\u00e5 n\u00e4mndens uppgift?<\/h3>\n\n\n\n<p>-Jag tycker att den spelar en v\u00e4ldigt viktig roll. Den \u00e4r viktig f\u00f6r att &nbsp;\u00e5stadkomma r\u00e4ttvisa konkurrensvillkor mellan olika f\u00f6retag, den \u00e4r viktigt f\u00f6r medarbetarnas skull d\u00e5 den gynnar seri\u00f6sa f\u00f6retag som bryr sig om de anst\u00e4lldas villkor och den \u00e4r viktig ur en samh\u00e4llelig synvinkel genom att den krymper utrymmet f\u00f6r verksamheter med mindre \u00e4dla motiv.<\/p>\n\n\n\n<h3 class=\"wp-block-heading\">Vad visste du om branschen innan du b\u00f6rjade?<\/h3>\n\n\n\n<p>-En hel del. Jag tycker att branschens f\u00f6retag har en stor betydelse ur en ekonomisk synvinkel, b\u00e5de f\u00f6r enskilda f\u00f6retag och f\u00f6r samh\u00e4llet i stort. Den hj\u00e4lper oss att hantera konjunkturm\u00e4ssiga upp- och nedg\u00e5ngar. Den underl\u00e4ttar ocks\u00e5 m\u00e5nga m\u00e4nniskors intr\u00e4de p\u00e5 arbetsmarknaden och det \u00e4r av stor betydelse, f\u00f6rst\u00e5s.<\/p>\n\n\n\n<h3 class=\"wp-block-heading\">H\u00e4nder det ofta att ni nekar f\u00f6retag auktorisation?<\/h3>\n\n\n\n<p>-Det h\u00e4nder f\u00f6rst\u00e5s. Sk\u00e4len kan till exempel vara att f\u00f6retaget inte har ordning och reda i sin ekonomi eller att man inte har tecknat de f\u00f6rs\u00e4kring som kr\u00e4vs. Jag tycker att det \u00e4r bra med tuffa och tydliga krav.<\/p>\n\n\n\n<blockquote class=\"wp-block-quote is-layout-flow wp-block-quote-is-layout-flow\">\n<p> Den underl\u00e4ttar ocks\u00e5 m\u00e5nga m\u00e4nniskors intr\u00e4de p\u00e5 arbetsmarknaden och det \u00e4r av stor betydelse, f\u00f6rst\u00e5s<\/p>\n<\/blockquote>\n\n\n\n<h3 class=\"wp-block-heading\">Vad \u00e4r det mest intressanta med uppdraget?<\/h3>\n\n\n\n<p>-Jag uppskattar verkligen samspelet mellan f\u00f6retagen och l\u00f6ntagarnas organisationer. T\u00e4nk om lagstiftaren ist\u00e4llet skulle f\u00f6rs\u00f6ka l\u00f6sa detta genom lagar. Det hade sannolikt blivit fyrkantigt och otroligt kr\u00e5ngligt. Att vi i Sverige m\u00e5nga g\u00e5nger hittar frivilliga l\u00f6sningar som \u00e4r anpassade till och n\u00e4ra den verklighet som ska hanteras tycker jag \u00e4r en stor tillg\u00e5ng f\u00f6r v\u00e5rt land. Kompetensf\u00f6retagens auktorisationsn\u00e4mnd \u00e4r ett bra exempel p\u00e5 det.<\/p>\n\n\n\n<h3 class=\"wp-block-heading\">Har du l\u00e4rt dig n\u00e5got nytt i arbetet med auktorisationsn\u00e4mnden?<\/h3>\n\n\n\n<p>-Jag har l\u00e4rt mig mycket som jag har nytta av i andra sammanhang. Jag f\u00e5r till exempel kontinuerliga avst\u00e4mningar av konjunktursituationen, den kan n\u00e4mligen avl\u00e4sas genom att f\u00f6lja hur det g\u00e5r inom bemanning, rekrytering och omst\u00e4llning.<\/p>\n","protected":false},"excerpt":{"rendered":"<p>G\u00f6ran&nbsp;H\u00e4gglund \u00e4r ordf\u00f6rande f\u00f6r&nbsp;Kompetensf\u00f6retagens&nbsp;auktorisationsn\u00e4mnd sedan&nbsp;2018. Hans uppgift \u00e4r att&nbsp;leda n\u00e4mndens arbete med granskning&nbsp;av auktorisationsans\u00f6kningar&nbsp;och rekommendationer till Kompetensf\u00f6retagens styrelse. Hur ser du p\u00e5 n\u00e4mndens uppgift? -Jag tycker att den spelar en v\u00e4ldigt viktig roll. Den \u00e4r &hellip;<\/p>\n","protected":false},"author":6058,"featured_media":7290,"comment_status":"closed","ping_status":"closed","sticky":false,"template":"","format":"standard","meta":{"_acf_changed":false,"footnotes":""},"categories":[17],"tags":[],"article_type":[8],"agreement":[],"for-members":[],"class_list":["post-7284","post","type-post","status-publish","format-standard","has-post-thumbnail","hentry","category-auktorisation","type-aktuellt"],"acf":[],"yoast_head":"<!-- This site is optimized with the Yoast SEO Premium plugin v26.8 (Yoast SEO v26.8) - https:\/\/yoast.com\/product\/yoast-seo-premium-wordpress\/ -->\n<title>G\u00f6ran\u00a0H\u00e4gglund om Kompetensf\u00f6retagens\u00a0auktorisation<\/title>\n<meta name=\"description\" content=\"Intervju med G\u00f6ran\u00a0H\u00e4gglund, ordf\u00f6rande f\u00f6r Kompetensf\u00f6retagens\u00a0 auktorisationsn\u00e4mnd. N\u00e4mndens granskar auktorisationsans\u00f6kningar.\" \/>\n<meta name=\"robots\" content=\"index, follow, max-snippet:-1, max-image-preview:large, max-video-preview:-1\" \/>\n<link rel=\"canonical\" href=\"https:\/\/www.kompetensforetagen.se\/2021\/06\/mot-auktorisationsnamndens-ordforande-goran-hagglund\/\" \/>\n<meta property=\"og:locale\" content=\"sv_SE\" \/>\n<meta property=\"og:type\" content=\"article\" \/>\n<meta property=\"og:title\" content=\"M\u00f6t auktorisationsn\u00e4mndens ordf\u00f6rande G\u00f6ran H\u00e4gglund\" \/>\n<meta property=\"og:description\" content=\"Intervju med G\u00f6ran\u00a0H\u00e4gglund, ordf\u00f6rande f\u00f6r Kompetensf\u00f6retagens\u00a0 auktorisationsn\u00e4mnd. N\u00e4mndens granskar auktorisationsans\u00f6kningar.\" \/>\n<meta property=\"og:url\" content=\"https:\/\/www.kompetensforetagen.se\/2021\/06\/mot-auktorisationsnamndens-ordforande-goran-hagglund\/\" \/>\n<meta property=\"og:site_name\" content=\"Kompetensf\u00f6retagen\" \/>\n<meta property=\"article:published_time\" content=\"2021-06-11T09:47:05+00:00\" \/>\n<meta property=\"article:modified_time\" content=\"2024-01-15T12:47:41+00:00\" \/>\n<meta property=\"og:image\" content=\"https:\/\/www.kompetensforetagen.se\/app\/uploads\/sites\/5\/2021\/06\/gh-1-e1623405509805.jpg\" \/>\n\t<meta property=\"og:image:width\" content=\"426\" \/>\n\t<meta property=\"og:image:height\" content=\"302\" \/>\n\t<meta property=\"og:image:type\" content=\"image\/jpeg\" \/>\n<meta name=\"author\" content=\"Shashika Sellgren\" \/>\n<meta name=\"twitter:card\" content=\"summary_large_image\" \/>\n<meta name=\"twitter:label1\" content=\"Skriven av\" \/>\n\t<meta name=\"twitter:data1\" content=\"Shashika Sellgren\" \/>\n\t<meta name=\"twitter:label2\" content=\"Ber\u00e4knad l\u00e4stid\" \/>\n\t<meta name=\"twitter:data2\" content=\"2 minuter\" \/>\n<!-- \/ Yoast SEO Premium plugin. -->","yoast_head_json":{"title":"G\u00f6ran\u00a0H\u00e4gglund om Kompetensf\u00f6retagens\u00a0auktorisation","description":"Intervju med G\u00f6ran\u00a0H\u00e4gglund, ordf\u00f6rande f\u00f6r Kompetensf\u00f6retagens\u00a0 auktorisationsn\u00e4mnd. N\u00e4mndens granskar auktorisationsans\u00f6kningar.","robots":{"index":"index","follow":"follow","max-snippet":"max-snippet:-1","max-image-preview":"max-image-preview:large","max-video-preview":"max-video-preview:-1"},"canonical":"https:\/\/www.kompetensforetagen.se\/2021\/06\/mot-auktorisationsnamndens-ordforande-goran-hagglund\/","og_locale":"sv_SE","og_type":"article","og_title":"M\u00f6t auktorisationsn\u00e4mndens ordf\u00f6rande G\u00f6ran H\u00e4gglund","og_description":"Intervju med G\u00f6ran\u00a0H\u00e4gglund, ordf\u00f6rande f\u00f6r Kompetensf\u00f6retagens\u00a0 auktorisationsn\u00e4mnd. N\u00e4mndens granskar auktorisationsans\u00f6kningar.","og_url":"https:\/\/www.kompetensforetagen.se\/2021\/06\/mot-auktorisationsnamndens-ordforande-goran-hagglund\/","og_site_name":"Kompetensf\u00f6retagen","article_published_time":"2021-06-11T09:47:05+00:00","article_modified_time":"2024-01-15T12:47:41+00:00","og_image":[{"width":426,"height":302,"url":"https:\/\/www.kompetensforetagen.se\/app\/uploads\/sites\/5\/2021\/06\/gh-1-e1623405509805.jpg","type":"image\/jpeg"}],"author":"Shashika Sellgren","twitter_card":"summary_large_image","twitter_misc":{"Skriven av":"Shashika Sellgren","Ber\u00e4knad l\u00e4stid":"2 minuter"},"schema":{"@context":"https:\/\/schema.org","@graph":[{"@type":"Article","@id":"https:\/\/www.kompetensforetagen.se\/2021\/06\/mot-auktorisationsnamndens-ordforande-goran-hagglund\/#article","isPartOf":{"@id":"https:\/\/www.kompetensforetagen.se\/2021\/06\/mot-auktorisationsnamndens-ordforande-goran-hagglund\/"},"author":{"name":"Shashika Sellgren","@id":"https:\/\/www.kompetensforetagen.se\/#\/schema\/person\/38c6b37b81c530c93246c3d1993d5662"},"headline":"M\u00f6t auktorisationsn\u00e4mndens ordf\u00f6rande G\u00f6ran H\u00e4gglund","datePublished":"2021-06-11T09:47:05+00:00","dateModified":"2024-01-15T12:47:41+00:00","mainEntityOfPage":{"@id":"https:\/\/www.kompetensforetagen.se\/2021\/06\/mot-auktorisationsnamndens-ordforande-goran-hagglund\/"},"wordCount":421,"publisher":{"@id":"https:\/\/www.kompetensforetagen.se\/#organization"},"image":{"@id":"https:\/\/www.kompetensforetagen.se\/2021\/06\/mot-auktorisationsnamndens-ordforande-goran-hagglund\/#primaryimage"},"thumbnailUrl":"https:\/\/www.kompetensforetagen.se\/app\/uploads\/sites\/5\/2021\/06\/gh-1-e1623405509805.jpg","articleSection":["Auktorisation"],"inLanguage":"sv-SE"},{"@type":"WebPage","@id":"https:\/\/www.kompetensforetagen.se\/2021\/06\/mot-auktorisationsnamndens-ordforande-goran-hagglund\/","url":"https:\/\/www.kompetensforetagen.se\/2021\/06\/mot-auktorisationsnamndens-ordforande-goran-hagglund\/","name":"G\u00f6ran\u00a0H\u00e4gglund om Kompetensf\u00f6retagens\u00a0auktorisation","isPartOf":{"@id":"https:\/\/www.kompetensforetagen.se\/#website"},"primaryImageOfPage":{"@id":"https:\/\/www.kompetensforetagen.se\/2021\/06\/mot-auktorisationsnamndens-ordforande-goran-hagglund\/#primaryimage"},"image":{"@id":"https:\/\/www.kompetensforetagen.se\/2021\/06\/mot-auktorisationsnamndens-ordforande-goran-hagglund\/#primaryimage"},"thumbnailUrl":"https:\/\/www.kompetensforetagen.se\/app\/uploads\/sites\/5\/2021\/06\/gh-1-e1623405509805.jpg","datePublished":"2021-06-11T09:47:05+00:00","dateModified":"2024-01-15T12:47:41+00:00","description":"Intervju med G\u00f6ran\u00a0H\u00e4gglund, ordf\u00f6rande f\u00f6r Kompetensf\u00f6retagens\u00a0 auktorisationsn\u00e4mnd. N\u00e4mndens granskar auktorisationsans\u00f6kningar.","breadcrumb":{"@id":"https:\/\/www.kompetensforetagen.se\/2021\/06\/mot-auktorisationsnamndens-ordforande-goran-hagglund\/#breadcrumb"},"inLanguage":"sv-SE","potentialAction":[{"@type":"ReadAction","target":["https:\/\/www.kompetensforetagen.se\/2021\/06\/mot-auktorisationsnamndens-ordforande-goran-hagglund\/"]}]},{"@type":"ImageObject","inLanguage":"sv-SE","@id":"https:\/\/www.kompetensforetagen.se\/2021\/06\/mot-auktorisationsnamndens-ordforande-goran-hagglund\/#primaryimage","url":"https:\/\/www.kompetensforetagen.se\/app\/uploads\/sites\/5\/2021\/06\/gh-1-e1623405509805.jpg","contentUrl":"https:\/\/www.kompetensforetagen.se\/app\/uploads\/sites\/5\/2021\/06\/gh-1-e1623405509805.jpg","width":426,"height":302,"caption":"Auktorisationsn\u00e4mndens ordf\u00f6rande G\u00f6ran H\u00e4gglund"},{"@type":"BreadcrumbList","@id":"https:\/\/www.kompetensforetagen.se\/2021\/06\/mot-auktorisationsnamndens-ordforande-goran-hagglund\/#breadcrumb","itemListElement":[{"@type":"ListItem","position":1,"name":"Home","item":"https:\/\/www.kompetensforetagen.se\/"},{"@type":"ListItem","position":2,"name":"M\u00f6t auktorisationsn\u00e4mndens ordf\u00f6rande G\u00f6ran H\u00e4gglund"}]},{"@type":"WebSite","@id":"https:\/\/www.kompetensforetagen.se\/#website","url":"https:\/\/www.kompetensforetagen.se\/","name":"Kompetensf\u00f6retagen","description":"R\u00e4tt person p\u00e5 r\u00e4tt plats kan f\u00f6r\u00e4ndra v\u00e4rlden","publisher":{"@id":"https:\/\/www.kompetensforetagen.se\/#organization"},"potentialAction":[{"@type":"SearchAction","target":{"@type":"EntryPoint","urlTemplate":"https:\/\/www.kompetensforetagen.se\/?s={search_term_string}"},"query-input":{"@type":"PropertyValueSpecification","valueRequired":true,"valueName":"search_term_string"}}],"inLanguage":"sv-SE"},{"@type":"Organization","@id":"https:\/\/www.kompetensforetagen.se\/#organization","name":"Kompetensf\u00f6retagen","url":"https:\/\/www.kompetensforetagen.se\/","logo":{"@type":"ImageObject","inLanguage":"sv-SE","@id":"https:\/\/www.kompetensforetagen.se\/#\/schema\/logo\/image\/","url":"https:\/\/www.kompetensforetagen.se\/app\/uploads\/sites\/5\/2022\/10\/logga_svart.png","contentUrl":"https:\/\/www.kompetensforetagen.se\/app\/uploads\/sites\/5\/2022\/10\/logga_svart.png","width":752,"height":64,"caption":"Kompetensf\u00f6retagen"},"image":{"@id":"https:\/\/www.kompetensforetagen.se\/#\/schema\/logo\/image\/"},"sameAs":["https:\/\/www.linkedin.com\/company\/10540032\/"]},{"@type":"Person","@id":"https:\/\/www.kompetensforetagen.se\/#\/schema\/person\/38c6b37b81c530c93246c3d1993d5662","name":"Shashika Sellgren","image":{"@type":"ImageObject","inLanguage":"sv-SE","@id":"https:\/\/www.kompetensforetagen.se\/#\/schema\/person\/image\/","url":"https:\/\/secure.gravatar.com\/avatar\/b225c479880df9eb82d1501dd105dd8040f27c8563f3d4bf5dd62ce0a1630abd?s=96&d=mm&r=g","contentUrl":"https:\/\/secure.gravatar.com\/avatar\/b225c479880df9eb82d1501dd105dd8040f27c8563f3d4bf5dd62ce0a1630abd?s=96&d=mm&r=g","caption":"Shashika Sellgren"},"url":"https:\/\/www.kompetensforetagen.se\/person\/shashikasellgren\/"}]}},"_links":{"self":[{"href":"https:\/\/www.kompetensforetagen.se\/api\/wp\/v2\/posts\/7284","targetHints":{"allow":["GET"]}}],"collection":[{"href":"https:\/\/www.kompetensforetagen.se\/api\/wp\/v2\/posts"}],"about":[{"href":"https:\/\/www.kompetensforetagen.se\/api\/wp\/v2\/types\/post"}],"author":[{"embeddable":true,"href":"https:\/\/www.kompetensforetagen.se\/api\/wp\/v2\/users\/6058"}],"replies":[{"embeddable":true,"href":"https:\/\/www.kompetensforetagen.se\/api\/wp\/v2\/comments?post=7284"}],"version-history":[{"count":4,"href":"https:\/\/www.kompetensforetagen.se\/api\/wp\/v2\/posts\/7284\/revisions"}],"predecessor-version":[{"id":16478,"href":"https:\/\/www.kompetensforetagen.se\/api\/wp\/v2\/posts\/7284\/revisions\/16478"}],"wp:featuredmedia":[{"embeddable":true,"href":"https:\/\/www.kompetensforetagen.se\/api\/wp\/v2\/media\/7290"}],"wp:attachment":[{"href":"https:\/\/www.kompetensforetagen.se\/api\/wp\/v2\/media?parent=7284"}],"wp:term":[{"taxonomy":"category","embeddable":true,"href":"https:\/\/www.kompetensforetagen.se\/api\/wp\/v2\/categories?post=7284"},{"taxonomy":"post_tag","embeddable":true,"href":"https:\/\/www.kompetensforetagen.se\/api\/wp\/v2\/tags?post=7284"},{"taxonomy":"type","embeddable":true,"href":"https:\/\/www.kompetensforetagen.se\/api\/wp\/v2\/article_type?post=7284"},{"taxonomy":"agreement","embeddable":true,"href":"https:\/\/www.kompetensforetagen.se\/api\/wp\/v2\/agreement?post=7284"},{"taxonomy":"for-members","embeddable":true,"href":"https:\/\/www.kompetensforetagen.se\/api\/wp\/v2\/for-members?post=7284"}],"curies":[{"name":"wp","href":"https:\/\/api.w.org\/{rel}","templated":true}]}}