{"id":7228,"date":"2021-06-02T11:44:44","date_gmt":"2021-06-02T09:44:44","guid":{"rendered":"https:\/\/www.kompetensforetagen.se\/?p=7228"},"modified":"2023-07-12T11:09:03","modified_gmt":"2023-07-12T09:09:03","slug":"domanders-oroad-over-vardens-kompetensforsorjningen-i-sommar","status":"publish","type":"post","link":"https:\/\/www.kompetensforetagen.se\/2021\/06\/domanders-oroad-over-vardens-kompetensforsorjningen-i-sommar\/","title":{"rendered":"Domanders oroad \u00f6ver v\u00e5rdens kompetensf\u00f6rs\u00f6rjning i sommar"},"content":{"rendered":"\n<p>Redaktionell artikel, Dagens Medicin den 2 juni 2021<\/p>\n\n\n\n<p>En artikel i Dagens Medicin, behandlar v\u00e5rdens sv\u00e5righeter med sommarens kompetensf\u00f6rs\u00f6rjning.\u00a0 Kompetensf\u00f6retagens ordf\u00f6rande Eva Domanders intervjuas i en annan artikel och uttrycker att hon \u00e4r\u00a0 oroad f\u00f6r v\u00e5rdens kompetensf\u00f6rs\u00f6rjning i sommar, det sv\u00e5ra l\u00e4get och det faktum att s\u00e5 m\u00e5nga sjuksk\u00f6terskor valt att l\u00e4mna sjukv\u00e5rden. Sommarbemanningen \u00e4r alltid sv\u00e5r, med eller utan p\u00e5g\u00e5ende pandemi.<\/p>\n\n\n\n<blockquote class=\"wp-block-quote is-layout-flow wp-block-quote-is-layout-flow\">\n<p>Vi m\u00e5ste jobba strategiskt och mycket n\u00e4rmare varandra<\/p>\n<\/blockquote>\n\n\n\n<p>\u2013 Jag reflekterar \u00f6ver att vi hamnar i det h\u00e4r, \u00e5r efter \u00e5r.<a href=\"https:\/\/www.kompetensforetagen.se\/vardbemanning\/\" target=\"_blank\" rel=\"noopener noreferrer\"> Bemanningsbolagen \u00e4r en del av l\u00f6sningen,<\/a> men det \u00e4r regionernas ansvar att s\u00e4kerst\u00e4lla v\u00e5rden f\u00f6r medborgarna. Vi m\u00e5ste jobba strategiskt och mycket n\u00e4rmare varandra. Vi m\u00e5ste prata om hur v\u00e5rden kommer se ut redan till h\u00f6sten, s\u00e4ger Eva Domanders till Dagens Medicin.<\/p>\n\n\n\n<h3 class=\"wp-block-heading\">Sjuksk\u00f6terskor l\u00e4mnar yrket<\/h3>\n\n\n\n<p>Hon bekr\u00e4ftar ocks\u00e5 att v\u00e5rdbemannings\u00adf\u00f6retagen har sv\u00e5rt att m\u00f6ta sjukv\u00e5rdens efterfr\u00e5gan p\u00e5 sjuksk\u00f6terskor. Redan under f\u00f6rra \u00e5ret larmade V\u00e5rdf\u00f6rbundet om att m\u00e5nga medlemmar sagt upp sig efter m\u00e5nader av h\u00e5rt slit under pandemin.<\/p>\n\n\n\n<p>\u2013 M\u00e5nga seniora som jobbat lite\u00adgrann kanske bara inte orkar. Sjukhusen har hamnat i ett allvarligt l\u00e4ge, s\u00e4ger Eva Domanders.<\/p>\n\n\n\n<p><a href=\"https:\/\/www.dagensmedicin.se\/arbetsliv\/bemanning\/sjukhusen-har-hamnat-i-ett-allvarligt-lage\/\">Hela intervjun finns p\u00e5 Dagens Medicins webbplats (betall\u00e4nk)<\/a><\/p>\n\n\n\n<p><a href=\"https:\/\/www.dagensmedicin.se\/arbetsliv\/bemanning\/hyrpersonalen-racker-inte-till-i-sommar\/\">Artikeln om v\u00e5rdens sv\u00e5ra l\u00e4ge finns att l\u00e4sa h\u00e4r (betall\u00e4nk)<\/a><\/p>\n","protected":false},"excerpt":{"rendered":"<p>Redaktionell artikel, Dagens Medicin den 2 juni 2021 En artikel i Dagens Medicin, behandlar v\u00e5rdens sv\u00e5righeter med sommarens kompetensf\u00f6rs\u00f6rjning.\u00a0 Kompetensf\u00f6retagens ordf\u00f6rande Eva Domanders intervjuas i en annan artikel och uttrycker att hon \u00e4r\u00a0 oroad f\u00f6r &hellip;<\/p>\n","protected":false},"author":6058,"featured_media":4820,"comment_status":"closed","ping_status":"closed","sticky":false,"template":"","format":"standard","meta":{"_acf_changed":false,"footnotes":""},"categories":[5],"tags":[],"article_type":[8,193],"agreement":[],"for-members":[],"class_list":["post-7228","post","type-post","status-publish","format-standard","has-post-thumbnail","hentry","category-vard","type-aktuellt","type-kommentar"],"acf":[],"yoast_head":"<!-- This site is optimized with the Yoast SEO Premium plugin v26.8 (Yoast SEO v26.8) - https:\/\/yoast.com\/product\/yoast-seo-premium-wordpress\/ -->\n<title>Domanders oroad \u00f6ver v\u00e5rdens kompetensf\u00f6rs\u00f6rjning i sommar<\/title>\n<meta name=\"description\" content=\"Eva Domanders, Kompetensf\u00f6retagens ordf\u00f6rande, \u00e4r oroad \u00f6ver v\u00e5rdens kompetensf\u00f6rs\u00f6rjning i sommar och bemanningsl\u00e4get inom v\u00e5rden.\" \/>\n<meta name=\"robots\" content=\"index, follow, max-snippet:-1, max-image-preview:large, max-video-preview:-1\" \/>\n<link rel=\"canonical\" href=\"https:\/\/www.kompetensforetagen.se\/2021\/06\/domanders-oroad-over-vardens-kompetensforsorjningen-i-sommar\/\" \/>\n<meta property=\"og:locale\" content=\"sv_SE\" \/>\n<meta property=\"og:type\" content=\"article\" \/>\n<meta property=\"og:title\" content=\"Domanders oroad \u00f6ver v\u00e5rdens kompetensf\u00f6rs\u00f6rjning i sommar\" \/>\n<meta property=\"og:description\" content=\"Eva Domanders, Kompetensf\u00f6retagens ordf\u00f6rande, \u00e4r oroad \u00f6ver v\u00e5rdens kompetensf\u00f6rs\u00f6rjning i sommar och bemanningsl\u00e4get inom v\u00e5rden.\" \/>\n<meta property=\"og:url\" content=\"https:\/\/www.kompetensforetagen.se\/2021\/06\/domanders-oroad-over-vardens-kompetensforsorjningen-i-sommar\/\" \/>\n<meta property=\"og:site_name\" content=\"Kompetensf\u00f6retagen\" \/>\n<meta property=\"article:published_time\" content=\"2021-06-02T09:44:44+00:00\" \/>\n<meta property=\"article:modified_time\" content=\"2023-07-12T09:09:03+00:00\" \/>\n<meta property=\"og:image\" content=\"https:\/\/www.kompetensforetagen.se\/app\/uploads\/sites\/5\/2020\/03\/eva.jpg\" \/>\n\t<meta property=\"og:image:width\" content=\"831\" \/>\n\t<meta property=\"og:image:height\" content=\"654\" \/>\n\t<meta property=\"og:image:type\" content=\"image\/jpeg\" \/>\n<meta name=\"author\" content=\"Shashika Sellgren\" \/>\n<meta name=\"twitter:card\" content=\"summary_large_image\" \/>\n<meta name=\"twitter:label1\" content=\"Skriven av\" \/>\n\t<meta name=\"twitter:data1\" content=\"Shashika Sellgren\" \/>\n\t<meta name=\"twitter:label2\" content=\"Ber\u00e4knad l\u00e4stid\" \/>\n\t<meta name=\"twitter:data2\" content=\"1 minut\" \/>\n<!-- \/ Yoast SEO Premium plugin. -->","yoast_head_json":{"title":"Domanders oroad \u00f6ver v\u00e5rdens kompetensf\u00f6rs\u00f6rjning i sommar","description":"Eva Domanders, Kompetensf\u00f6retagens ordf\u00f6rande, \u00e4r oroad \u00f6ver v\u00e5rdens kompetensf\u00f6rs\u00f6rjning i sommar och bemanningsl\u00e4get inom v\u00e5rden.","robots":{"index":"index","follow":"follow","max-snippet":"max-snippet:-1","max-image-preview":"max-image-preview:large","max-video-preview":"max-video-preview:-1"},"canonical":"https:\/\/www.kompetensforetagen.se\/2021\/06\/domanders-oroad-over-vardens-kompetensforsorjningen-i-sommar\/","og_locale":"sv_SE","og_type":"article","og_title":"Domanders oroad \u00f6ver v\u00e5rdens kompetensf\u00f6rs\u00f6rjning i sommar","og_description":"Eva Domanders, Kompetensf\u00f6retagens ordf\u00f6rande, \u00e4r oroad \u00f6ver v\u00e5rdens kompetensf\u00f6rs\u00f6rjning i sommar och bemanningsl\u00e4get inom v\u00e5rden.","og_url":"https:\/\/www.kompetensforetagen.se\/2021\/06\/domanders-oroad-over-vardens-kompetensforsorjningen-i-sommar\/","og_site_name":"Kompetensf\u00f6retagen","article_published_time":"2021-06-02T09:44:44+00:00","article_modified_time":"2023-07-12T09:09:03+00:00","og_image":[{"width":831,"height":654,"url":"https:\/\/www.kompetensforetagen.se\/app\/uploads\/sites\/5\/2020\/03\/eva.jpg","type":"image\/jpeg"}],"author":"Shashika Sellgren","twitter_card":"summary_large_image","twitter_misc":{"Skriven av":"Shashika Sellgren","Ber\u00e4knad l\u00e4stid":"1 minut"},"schema":{"@context":"https:\/\/schema.org","@graph":[{"@type":"Article","@id":"https:\/\/www.kompetensforetagen.se\/2021\/06\/domanders-oroad-over-vardens-kompetensforsorjningen-i-sommar\/#article","isPartOf":{"@id":"https:\/\/www.kompetensforetagen.se\/2021\/06\/domanders-oroad-over-vardens-kompetensforsorjningen-i-sommar\/"},"author":{"name":"Shashika Sellgren","@id":"https:\/\/www.kompetensforetagen.se\/#\/schema\/person\/38c6b37b81c530c93246c3d1993d5662"},"headline":"Domanders oroad \u00f6ver v\u00e5rdens kompetensf\u00f6rs\u00f6rjning i sommar","datePublished":"2021-06-02T09:44:44+00:00","dateModified":"2023-07-12T09:09:03+00:00","mainEntityOfPage":{"@id":"https:\/\/www.kompetensforetagen.se\/2021\/06\/domanders-oroad-over-vardens-kompetensforsorjningen-i-sommar\/"},"wordCount":266,"publisher":{"@id":"https:\/\/www.kompetensforetagen.se\/#organization"},"image":{"@id":"https:\/\/www.kompetensforetagen.se\/2021\/06\/domanders-oroad-over-vardens-kompetensforsorjningen-i-sommar\/#primaryimage"},"thumbnailUrl":"https:\/\/www.kompetensforetagen.se\/app\/uploads\/sites\/5\/2020\/03\/eva.jpg","articleSection":["V\u00e5rdbemanning"],"inLanguage":"sv-SE"},{"@type":"WebPage","@id":"https:\/\/www.kompetensforetagen.se\/2021\/06\/domanders-oroad-over-vardens-kompetensforsorjningen-i-sommar\/","url":"https:\/\/www.kompetensforetagen.se\/2021\/06\/domanders-oroad-over-vardens-kompetensforsorjningen-i-sommar\/","name":"Domanders oroad \u00f6ver v\u00e5rdens kompetensf\u00f6rs\u00f6rjning i sommar","isPartOf":{"@id":"https:\/\/www.kompetensforetagen.se\/#website"},"primaryImageOfPage":{"@id":"https:\/\/www.kompetensforetagen.se\/2021\/06\/domanders-oroad-over-vardens-kompetensforsorjningen-i-sommar\/#primaryimage"},"image":{"@id":"https:\/\/www.kompetensforetagen.se\/2021\/06\/domanders-oroad-over-vardens-kompetensforsorjningen-i-sommar\/#primaryimage"},"thumbnailUrl":"https:\/\/www.kompetensforetagen.se\/app\/uploads\/sites\/5\/2020\/03\/eva.jpg","datePublished":"2021-06-02T09:44:44+00:00","dateModified":"2023-07-12T09:09:03+00:00","description":"Eva Domanders, Kompetensf\u00f6retagens ordf\u00f6rande, \u00e4r oroad \u00f6ver v\u00e5rdens kompetensf\u00f6rs\u00f6rjning i sommar och bemanningsl\u00e4get inom v\u00e5rden.","breadcrumb":{"@id":"https:\/\/www.kompetensforetagen.se\/2021\/06\/domanders-oroad-over-vardens-kompetensforsorjningen-i-sommar\/#breadcrumb"},"inLanguage":"sv-SE","potentialAction":[{"@type":"ReadAction","target":["https:\/\/www.kompetensforetagen.se\/2021\/06\/domanders-oroad-over-vardens-kompetensforsorjningen-i-sommar\/"]}]},{"@type":"ImageObject","inLanguage":"sv-SE","@id":"https:\/\/www.kompetensforetagen.se\/2021\/06\/domanders-oroad-over-vardens-kompetensforsorjningen-i-sommar\/#primaryimage","url":"https:\/\/www.kompetensforetagen.se\/app\/uploads\/sites\/5\/2020\/03\/eva.jpg","contentUrl":"https:\/\/www.kompetensforetagen.se\/app\/uploads\/sites\/5\/2020\/03\/eva.jpg","width":831,"height":654,"caption":"Kompetensf\u00f6retagens ordf\u00f6rande Eva Domanders"},{"@type":"BreadcrumbList","@id":"https:\/\/www.kompetensforetagen.se\/2021\/06\/domanders-oroad-over-vardens-kompetensforsorjningen-i-sommar\/#breadcrumb","itemListElement":[{"@type":"ListItem","position":1,"name":"Home","item":"https:\/\/www.kompetensforetagen.se\/"},{"@type":"ListItem","position":2,"name":"Domanders oroad \u00f6ver v\u00e5rdens kompetensf\u00f6rs\u00f6rjning i sommar"}]},{"@type":"WebSite","@id":"https:\/\/www.kompetensforetagen.se\/#website","url":"https:\/\/www.kompetensforetagen.se\/","name":"Kompetensf\u00f6retagen","description":"R\u00e4tt person p\u00e5 r\u00e4tt plats kan f\u00f6r\u00e4ndra v\u00e4rlden","publisher":{"@id":"https:\/\/www.kompetensforetagen.se\/#organization"},"potentialAction":[{"@type":"SearchAction","target":{"@type":"EntryPoint","urlTemplate":"https:\/\/www.kompetensforetagen.se\/?s={search_term_string}"},"query-input":{"@type":"PropertyValueSpecification","valueRequired":true,"valueName":"search_term_string"}}],"inLanguage":"sv-SE"},{"@type":"Organization","@id":"https:\/\/www.kompetensforetagen.se\/#organization","name":"Kompetensf\u00f6retagen","url":"https:\/\/www.kompetensforetagen.se\/","logo":{"@type":"ImageObject","inLanguage":"sv-SE","@id":"https:\/\/www.kompetensforetagen.se\/#\/schema\/logo\/image\/","url":"https:\/\/www.kompetensforetagen.se\/app\/uploads\/sites\/5\/2022\/10\/logga_svart.png","contentUrl":"https:\/\/www.kompetensforetagen.se\/app\/uploads\/sites\/5\/2022\/10\/logga_svart.png","width":752,"height":64,"caption":"Kompetensf\u00f6retagen"},"image":{"@id":"https:\/\/www.kompetensforetagen.se\/#\/schema\/logo\/image\/"},"sameAs":["https:\/\/www.linkedin.com\/company\/10540032\/"]},{"@type":"Person","@id":"https:\/\/www.kompetensforetagen.se\/#\/schema\/person\/38c6b37b81c530c93246c3d1993d5662","name":"Shashika Sellgren","image":{"@type":"ImageObject","inLanguage":"sv-SE","@id":"https:\/\/www.kompetensforetagen.se\/#\/schema\/person\/image\/","url":"https:\/\/secure.gravatar.com\/avatar\/b225c479880df9eb82d1501dd105dd8040f27c8563f3d4bf5dd62ce0a1630abd?s=96&d=mm&r=g","contentUrl":"https:\/\/secure.gravatar.com\/avatar\/b225c479880df9eb82d1501dd105dd8040f27c8563f3d4bf5dd62ce0a1630abd?s=96&d=mm&r=g","caption":"Shashika Sellgren"},"url":"https:\/\/www.kompetensforetagen.se\/person\/shashikasellgren\/"}]}},"_links":{"self":[{"href":"https:\/\/www.kompetensforetagen.se\/api\/wp\/v2\/posts\/7228","targetHints":{"allow":["GET"]}}],"collection":[{"href":"https:\/\/www.kompetensforetagen.se\/api\/wp\/v2\/posts"}],"about":[{"href":"https:\/\/www.kompetensforetagen.se\/api\/wp\/v2\/types\/post"}],"author":[{"embeddable":true,"href":"https:\/\/www.kompetensforetagen.se\/api\/wp\/v2\/users\/6058"}],"replies":[{"embeddable":true,"href":"https:\/\/www.kompetensforetagen.se\/api\/wp\/v2\/comments?post=7228"}],"version-history":[{"count":3,"href":"https:\/\/www.kompetensforetagen.se\/api\/wp\/v2\/posts\/7228\/revisions"}],"predecessor-version":[{"id":14519,"href":"https:\/\/www.kompetensforetagen.se\/api\/wp\/v2\/posts\/7228\/revisions\/14519"}],"wp:featuredmedia":[{"embeddable":true,"href":"https:\/\/www.kompetensforetagen.se\/api\/wp\/v2\/media\/4820"}],"wp:attachment":[{"href":"https:\/\/www.kompetensforetagen.se\/api\/wp\/v2\/media?parent=7228"}],"wp:term":[{"taxonomy":"category","embeddable":true,"href":"https:\/\/www.kompetensforetagen.se\/api\/wp\/v2\/categories?post=7228"},{"taxonomy":"post_tag","embeddable":true,"href":"https:\/\/www.kompetensforetagen.se\/api\/wp\/v2\/tags?post=7228"},{"taxonomy":"type","embeddable":true,"href":"https:\/\/www.kompetensforetagen.se\/api\/wp\/v2\/article_type?post=7228"},{"taxonomy":"agreement","embeddable":true,"href":"https:\/\/www.kompetensforetagen.se\/api\/wp\/v2\/agreement?post=7228"},{"taxonomy":"for-members","embeddable":true,"href":"https:\/\/www.kompetensforetagen.se\/api\/wp\/v2\/for-members?post=7228"}],"curies":[{"name":"wp","href":"https:\/\/api.w.org\/{rel}","templated":true}]}}