{"id":7185,"date":"2021-05-31T10:29:19","date_gmt":"2021-05-31T08:29:19","guid":{"rendered":"https:\/\/www.kompetensforetagen.se\/?p=7185"},"modified":"2023-04-20T16:45:40","modified_gmt":"2023-04-20T14:45:40","slug":"hogst-noterad-nojdhet-hos-bemanningskunder-sedan-ar-2015","status":"publish","type":"post","link":"https:\/\/www.kompetensforetagen.se\/2021\/05\/hogst-noterad-nojdhet-hos-bemanningskunder-sedan-ar-2015\/","title":{"rendered":"H\u00f6gst noterad n\u00f6jdhet hos bemanningskunder sedan \u00e5r 2015"},"content":{"rendered":"\n<p>Idag sl\u00e4ppte Svenskt Kvalitetsindex (SKI) sin m\u00e4tning f\u00f6r bemanningsf\u00f6retagen i Sverige och konstaterar att bemanningsbranschen klarat pandemi\u00e5ret 2020 bra, med en kundn\u00f6jdhet som ligger p\u00e5 70,7 procent &#8211; en \u00f6kning med 1,4 procent j\u00e4mf\u00f6rt med \u00e5r 2019.<\/p>\n\n\n\n<p>Det \u00e4r en h\u00f6gsta notering sedan \u00e5r 2015 d\u00e5 n\u00f6jdheten l\u00e5g p\u00e5 73,8 procent.<\/p>\n\n\n\n<p>Det konstateras ocks\u00e5 att utmaningarna hos kundf\u00f6retagen har \u00e4ndrats under pandemi\u00e5ret till att inkludera hantering och utveckling av befintlig personal och SKI konstaterar att bemanningsf\u00f6retagen kan bli en partner som kan hj\u00e4lpa sina kunder att beh\u00e5lla och utveckla medarbetare. Detta \u00e4r helt i linje med Kompetensf\u00f6retagens budskap &#8211; att v\u00e5ra medlemsf\u00f6retag b\u00f6r ses och nyttjas som en HR-partner f\u00f6r sina kundf\u00f6retag.<\/p>\n\n\n\n<blockquote class=\"wp-block-quote is-layout-flow wp-block-quote-is-layout-flow\">\n<p>Det \u00e4r en h\u00f6gsta notering sedan \u00e5r 2015 d\u00e5 n\u00f6jdheten l\u00e5g p\u00e5 73,8 procent.<\/p>\n<\/blockquote>\n\n\n\n<p>SKI har detta \u00e5r \u00e4ven inkluderat fr\u00e5gor kring digitalisering, d\u00e4r av en av tre anger att man har anv\u00e4nt en digital l\u00f6sning f\u00f6r bemanning och rekrytering, och menar att andra branscher kan l\u00e4ra sig av bemanningsbranschen genom att introducera digitala tj\u00e4nster d\u00e4r de ger kunderna merv\u00e4rde.<\/p>\n\n\n\n<p><a href=\"https:\/\/www.mynewsdesk.com\/se\/kvalitetsindex\/pressreleases\/bemanningsbranschen-har-klarat-pandemiaaret-med-goda-kundbetyg-3103951\">L\u00e4s hela SKI:s pressmeddelande h\u00e4r.&nbsp;<\/a><\/p>\n","protected":false},"excerpt":{"rendered":"<p>Idag sl\u00e4ppte Svenskt Kvalitetsindex (SKI) sin m\u00e4tning f\u00f6r bemanningsf\u00f6retagen i Sverige och konstaterar att bemanningsbranschen klarat pandemi\u00e5ret 2020 bra, med en kundn\u00f6jdhet som ligger p\u00e5 70,7 procent &#8211; en \u00f6kning med 1,4 procent j\u00e4mf\u00f6rt med &hellip;<\/p>\n","protected":false},"author":6058,"featured_media":6413,"comment_status":"closed","ping_status":"closed","sticky":false,"template":"","format":"standard","meta":{"_acf_changed":false,"footnotes":""},"categories":[20,7,22],"tags":[],"article_type":[8,219],"agreement":[],"for-members":[],"class_list":["post-7185","post","type-post","status-publish","format-standard","has-post-thumbnail","hentry","category-arbetsmiljo","category-inhyrning","category-rekrytering","type-aktuellt","type-nyhet"],"acf":[],"yoast_head":"<!-- This site is optimized with the Yoast SEO Premium plugin v26.8 (Yoast SEO v26.8) - https:\/\/yoast.com\/product\/yoast-seo-premium-wordpress\/ -->\n<title>H\u00f6gst noterad n\u00f6jdhet hos bemanningskunder sedan \u00e5r 2015 - Kompetensf\u00f6retagen<\/title>\n<meta name=\"description\" content=\"SKI m\u00e4tning med h\u00f6gst noterad n\u00f6jdhet hos bemanningskunder sedan \u00e5r 2015 och menar att bemanningsf\u00f6retag b\u00f6r ses som en HR-partner.\" \/>\n<meta name=\"robots\" content=\"index, follow, max-snippet:-1, max-image-preview:large, max-video-preview:-1\" \/>\n<link rel=\"canonical\" href=\"https:\/\/www.kompetensforetagen.se\/2021\/05\/hogst-noterad-nojdhet-hos-bemanningskunder-sedan-ar-2015\/\" \/>\n<meta property=\"og:locale\" content=\"sv_SE\" \/>\n<meta property=\"og:type\" content=\"article\" \/>\n<meta property=\"og:title\" content=\"H\u00f6gst noterad n\u00f6jdhet hos bemanningskunder sedan \u00e5r 2015\" \/>\n<meta property=\"og:description\" content=\"SKI m\u00e4tning med h\u00f6gst noterad n\u00f6jdhet hos bemanningskunder sedan \u00e5r 2015 och menar att bemanningsf\u00f6retag b\u00f6r ses som en HR-partner.\" \/>\n<meta property=\"og:url\" content=\"https:\/\/www.kompetensforetagen.se\/2021\/05\/hogst-noterad-nojdhet-hos-bemanningskunder-sedan-ar-2015\/\" \/>\n<meta property=\"og:site_name\" content=\"Kompetensf\u00f6retagen\" \/>\n<meta property=\"article:published_time\" content=\"2021-05-31T08:29:19+00:00\" \/>\n<meta property=\"article:modified_time\" content=\"2023-04-20T14:45:40+00:00\" \/>\n<meta property=\"og:image\" content=\"https:\/\/www.kompetensforetagen.se\/app\/uploads\/sites\/5\/2021\/02\/gettyimages-1159378081-scaled.jpg\" \/>\n\t<meta property=\"og:image:width\" content=\"2560\" \/>\n\t<meta property=\"og:image:height\" content=\"1707\" \/>\n\t<meta property=\"og:image:type\" content=\"image\/jpeg\" \/>\n<meta name=\"author\" content=\"Shashika Sellgren\" \/>\n<meta name=\"twitter:card\" content=\"summary_large_image\" \/>\n<meta name=\"twitter:label1\" content=\"Skriven av\" \/>\n\t<meta name=\"twitter:data1\" content=\"Shashika Sellgren\" \/>\n\t<meta name=\"twitter:label2\" content=\"Ber\u00e4knad l\u00e4stid\" \/>\n\t<meta name=\"twitter:data2\" content=\"1 minut\" \/>\n<!-- \/ Yoast SEO Premium plugin. -->","yoast_head_json":{"title":"H\u00f6gst noterad n\u00f6jdhet hos bemanningskunder sedan \u00e5r 2015 - Kompetensf\u00f6retagen","description":"SKI m\u00e4tning med h\u00f6gst noterad n\u00f6jdhet hos bemanningskunder sedan \u00e5r 2015 och menar att bemanningsf\u00f6retag b\u00f6r ses som en HR-partner.","robots":{"index":"index","follow":"follow","max-snippet":"max-snippet:-1","max-image-preview":"max-image-preview:large","max-video-preview":"max-video-preview:-1"},"canonical":"https:\/\/www.kompetensforetagen.se\/2021\/05\/hogst-noterad-nojdhet-hos-bemanningskunder-sedan-ar-2015\/","og_locale":"sv_SE","og_type":"article","og_title":"H\u00f6gst noterad n\u00f6jdhet hos bemanningskunder sedan \u00e5r 2015","og_description":"SKI m\u00e4tning med h\u00f6gst noterad n\u00f6jdhet hos bemanningskunder sedan \u00e5r 2015 och menar att bemanningsf\u00f6retag b\u00f6r ses som en HR-partner.","og_url":"https:\/\/www.kompetensforetagen.se\/2021\/05\/hogst-noterad-nojdhet-hos-bemanningskunder-sedan-ar-2015\/","og_site_name":"Kompetensf\u00f6retagen","article_published_time":"2021-05-31T08:29:19+00:00","article_modified_time":"2023-04-20T14:45:40+00:00","og_image":[{"width":2560,"height":1707,"url":"https:\/\/www.kompetensforetagen.se\/app\/uploads\/sites\/5\/2021\/02\/gettyimages-1159378081-scaled.jpg","type":"image\/jpeg"}],"author":"Shashika Sellgren","twitter_card":"summary_large_image","twitter_misc":{"Skriven av":"Shashika Sellgren","Ber\u00e4knad l\u00e4stid":"1 minut"},"schema":{"@context":"https:\/\/schema.org","@graph":[{"@type":"Article","@id":"https:\/\/www.kompetensforetagen.se\/2021\/05\/hogst-noterad-nojdhet-hos-bemanningskunder-sedan-ar-2015\/#article","isPartOf":{"@id":"https:\/\/www.kompetensforetagen.se\/2021\/05\/hogst-noterad-nojdhet-hos-bemanningskunder-sedan-ar-2015\/"},"author":{"name":"Shashika Sellgren","@id":"https:\/\/www.kompetensforetagen.se\/#\/schema\/person\/38c6b37b81c530c93246c3d1993d5662"},"headline":"H\u00f6gst noterad n\u00f6jdhet hos bemanningskunder sedan \u00e5r 2015","datePublished":"2021-05-31T08:29:19+00:00","dateModified":"2023-04-20T14:45:40+00:00","mainEntityOfPage":{"@id":"https:\/\/www.kompetensforetagen.se\/2021\/05\/hogst-noterad-nojdhet-hos-bemanningskunder-sedan-ar-2015\/"},"wordCount":216,"publisher":{"@id":"https:\/\/www.kompetensforetagen.se\/#organization"},"image":{"@id":"https:\/\/www.kompetensforetagen.se\/2021\/05\/hogst-noterad-nojdhet-hos-bemanningskunder-sedan-ar-2015\/#primaryimage"},"thumbnailUrl":"https:\/\/www.kompetensforetagen.se\/app\/uploads\/sites\/5\/2021\/02\/gettyimages-1159378081-scaled.jpg","articleSection":["Arbetsmilj\u00f6","Inhyrning","Rekrytering"],"inLanguage":"sv-SE"},{"@type":"WebPage","@id":"https:\/\/www.kompetensforetagen.se\/2021\/05\/hogst-noterad-nojdhet-hos-bemanningskunder-sedan-ar-2015\/","url":"https:\/\/www.kompetensforetagen.se\/2021\/05\/hogst-noterad-nojdhet-hos-bemanningskunder-sedan-ar-2015\/","name":"H\u00f6gst noterad n\u00f6jdhet hos bemanningskunder sedan \u00e5r 2015 - Kompetensf\u00f6retagen","isPartOf":{"@id":"https:\/\/www.kompetensforetagen.se\/#website"},"primaryImageOfPage":{"@id":"https:\/\/www.kompetensforetagen.se\/2021\/05\/hogst-noterad-nojdhet-hos-bemanningskunder-sedan-ar-2015\/#primaryimage"},"image":{"@id":"https:\/\/www.kompetensforetagen.se\/2021\/05\/hogst-noterad-nojdhet-hos-bemanningskunder-sedan-ar-2015\/#primaryimage"},"thumbnailUrl":"https:\/\/www.kompetensforetagen.se\/app\/uploads\/sites\/5\/2021\/02\/gettyimages-1159378081-scaled.jpg","datePublished":"2021-05-31T08:29:19+00:00","dateModified":"2023-04-20T14:45:40+00:00","description":"SKI m\u00e4tning med h\u00f6gst noterad n\u00f6jdhet hos bemanningskunder sedan \u00e5r 2015 och menar att bemanningsf\u00f6retag b\u00f6r ses som en HR-partner.","breadcrumb":{"@id":"https:\/\/www.kompetensforetagen.se\/2021\/05\/hogst-noterad-nojdhet-hos-bemanningskunder-sedan-ar-2015\/#breadcrumb"},"inLanguage":"sv-SE","potentialAction":[{"@type":"ReadAction","target":["https:\/\/www.kompetensforetagen.se\/2021\/05\/hogst-noterad-nojdhet-hos-bemanningskunder-sedan-ar-2015\/"]}]},{"@type":"ImageObject","inLanguage":"sv-SE","@id":"https:\/\/www.kompetensforetagen.se\/2021\/05\/hogst-noterad-nojdhet-hos-bemanningskunder-sedan-ar-2015\/#primaryimage","url":"https:\/\/www.kompetensforetagen.se\/app\/uploads\/sites\/5\/2021\/02\/gettyimages-1159378081-scaled.jpg","contentUrl":"https:\/\/www.kompetensforetagen.se\/app\/uploads\/sites\/5\/2021\/02\/gettyimages-1159378081-scaled.jpg","width":2560,"height":1707,"caption":"Tv\u00e5 glada kvinnor sitter vid ett bord och tittar p\u00e5 en mobiltelefon"},{"@type":"BreadcrumbList","@id":"https:\/\/www.kompetensforetagen.se\/2021\/05\/hogst-noterad-nojdhet-hos-bemanningskunder-sedan-ar-2015\/#breadcrumb","itemListElement":[{"@type":"ListItem","position":1,"name":"Home","item":"https:\/\/www.kompetensforetagen.se\/"},{"@type":"ListItem","position":2,"name":"H\u00f6gst noterad n\u00f6jdhet hos bemanningskunder sedan \u00e5r 2015"}]},{"@type":"WebSite","@id":"https:\/\/www.kompetensforetagen.se\/#website","url":"https:\/\/www.kompetensforetagen.se\/","name":"Kompetensf\u00f6retagen","description":"R\u00e4tt person p\u00e5 r\u00e4tt plats kan f\u00f6r\u00e4ndra v\u00e4rlden","publisher":{"@id":"https:\/\/www.kompetensforetagen.se\/#organization"},"potentialAction":[{"@type":"SearchAction","target":{"@type":"EntryPoint","urlTemplate":"https:\/\/www.kompetensforetagen.se\/?s={search_term_string}"},"query-input":{"@type":"PropertyValueSpecification","valueRequired":true,"valueName":"search_term_string"}}],"inLanguage":"sv-SE"},{"@type":"Organization","@id":"https:\/\/www.kompetensforetagen.se\/#organization","name":"Kompetensf\u00f6retagen","url":"https:\/\/www.kompetensforetagen.se\/","logo":{"@type":"ImageObject","inLanguage":"sv-SE","@id":"https:\/\/www.kompetensforetagen.se\/#\/schema\/logo\/image\/","url":"https:\/\/www.kompetensforetagen.se\/app\/uploads\/sites\/5\/2022\/10\/logga_svart.png","contentUrl":"https:\/\/www.kompetensforetagen.se\/app\/uploads\/sites\/5\/2022\/10\/logga_svart.png","width":752,"height":64,"caption":"Kompetensf\u00f6retagen"},"image":{"@id":"https:\/\/www.kompetensforetagen.se\/#\/schema\/logo\/image\/"},"sameAs":["https:\/\/www.linkedin.com\/company\/10540032\/"]},{"@type":"Person","@id":"https:\/\/www.kompetensforetagen.se\/#\/schema\/person\/38c6b37b81c530c93246c3d1993d5662","name":"Shashika Sellgren","image":{"@type":"ImageObject","inLanguage":"sv-SE","@id":"https:\/\/www.kompetensforetagen.se\/#\/schema\/person\/image\/","url":"https:\/\/secure.gravatar.com\/avatar\/b225c479880df9eb82d1501dd105dd8040f27c8563f3d4bf5dd62ce0a1630abd?s=96&d=mm&r=g","contentUrl":"https:\/\/secure.gravatar.com\/avatar\/b225c479880df9eb82d1501dd105dd8040f27c8563f3d4bf5dd62ce0a1630abd?s=96&d=mm&r=g","caption":"Shashika Sellgren"},"url":"https:\/\/www.kompetensforetagen.se\/person\/shashikasellgren\/"}]}},"_links":{"self":[{"href":"https:\/\/www.kompetensforetagen.se\/api\/wp\/v2\/posts\/7185","targetHints":{"allow":["GET"]}}],"collection":[{"href":"https:\/\/www.kompetensforetagen.se\/api\/wp\/v2\/posts"}],"about":[{"href":"https:\/\/www.kompetensforetagen.se\/api\/wp\/v2\/types\/post"}],"author":[{"embeddable":true,"href":"https:\/\/www.kompetensforetagen.se\/api\/wp\/v2\/users\/6058"}],"replies":[{"embeddable":true,"href":"https:\/\/www.kompetensforetagen.se\/api\/wp\/v2\/comments?post=7185"}],"version-history":[{"count":1,"href":"https:\/\/www.kompetensforetagen.se\/api\/wp\/v2\/posts\/7185\/revisions"}],"predecessor-version":[{"id":13167,"href":"https:\/\/www.kompetensforetagen.se\/api\/wp\/v2\/posts\/7185\/revisions\/13167"}],"wp:featuredmedia":[{"embeddable":true,"href":"https:\/\/www.kompetensforetagen.se\/api\/wp\/v2\/media\/6413"}],"wp:attachment":[{"href":"https:\/\/www.kompetensforetagen.se\/api\/wp\/v2\/media?parent=7185"}],"wp:term":[{"taxonomy":"category","embeddable":true,"href":"https:\/\/www.kompetensforetagen.se\/api\/wp\/v2\/categories?post=7185"},{"taxonomy":"post_tag","embeddable":true,"href":"https:\/\/www.kompetensforetagen.se\/api\/wp\/v2\/tags?post=7185"},{"taxonomy":"type","embeddable":true,"href":"https:\/\/www.kompetensforetagen.se\/api\/wp\/v2\/article_type?post=7185"},{"taxonomy":"agreement","embeddable":true,"href":"https:\/\/www.kompetensforetagen.se\/api\/wp\/v2\/agreement?post=7185"},{"taxonomy":"for-members","embeddable":true,"href":"https:\/\/www.kompetensforetagen.se\/api\/wp\/v2\/for-members?post=7185"}],"curies":[{"name":"wp","href":"https:\/\/api.w.org\/{rel}","templated":true}]}}