{"id":7162,"date":"2021-05-26T16:36:50","date_gmt":"2021-05-26T14:36:50","guid":{"rendered":"https:\/\/www.kompetensforetagen.se\/?p=7162"},"modified":"2025-12-12T10:48:57","modified_gmt":"2025-12-12T09:48:57","slug":"kommentar-till-regeringens-besked-kommuner-som-leverantorer-at-af","status":"publish","type":"post","link":"https:\/\/www.kompetensforetagen.se\/2021\/05\/kommentar-till-regeringens-besked-kommuner-som-leverantorer-at-af\/","title":{"rendered":"Kommentar till regeringens besked om kommuner som leverant\u00f6rer \u00e5t AF"},"content":{"rendered":"\n<p>Regeringen har <a href=\"https:\/\/www.dagenssamhalle.se\/opinion\/debatt\/januaripartierna-det-blir-inte-lattare-for-kommuner-att-delta-i-af-s-upphandlingar\/\">beslutat att inte g\u00e5 vidare<\/a> med de utredningsf\u00f6rslag som skulle underl\u00e4tta f\u00f6r kommuner att bli leverant\u00f6rer \u00e5t AF. Det \u00e4r dock olyckligt att regeringen och samarbetspartierna \u00f6verl\u00e5ter beslutet huruvida kommuner kan bli leverant\u00f6rer till Arbetsf\u00f6rmedlingen. Syftet med att utreda denna fr\u00e5ga var en oro f\u00f6r \u201dvita fl\u00e4ckar\u201d, det vill s\u00e4ga i de fall det finns ett otillr\u00e4ckligt utbud av frist\u00e5ende leverant\u00f6rer. Den oron \u00e4r obefogad. Mer \u00e4n 99 procent av landets arbetsl\u00f6sa har tillg\u00e5ng till minst en frist\u00e5ende leverant\u00f6r och de f\u00e5 vita fl\u00e4ckar som finns \u00e4r p\u00e5 v\u00e4g att f\u00f6rsvinna och kan \u00e5tg\u00e4rdas p\u00e5 ett snabbt s\u00e4tt, s\u00e4ger Martina Elfgren Lilja, (d\u00e5varande) f\u00f6rbundsjurist, Kompetensf\u00f6retagen.<\/p>\n\n\n\n<p>Att undergr\u00e4va kommunalr\u00e4ttsliga principer genom att l\u00e5ta kommuner agera som skattefinansierade akt\u00f6rer p\u00e5 marknaden bidrar till konkurrenssnedvridning som hotar att helt sl\u00e5 ut de frist\u00e5ende leverant\u00f6rerna inom aktuella omr\u00e5den.<\/p>\n\n\n\n<p>Ist\u00e4llet f\u00f6r att konkurrera med frist\u00e5ende leverant\u00f6rer beh\u00f6ver kommunerna \u00f6ppna upp f\u00f6r samverkan och arbeta tillsammans med leverant\u00f6rer s\u00e5 att fler m\u00e4nniskor rustas och matchats och f\u00e5r hj\u00e4lp in i arbete. Kommunerna skulle kunna spela en betydelsefull roll och en s\u00e5dan kommunal funktion skulle vara till stor nytta f\u00f6r ett framg\u00e5ngsrikt system, avslutar Elfgren Lilja, Kompetensf\u00f6retagen.<\/p>\n\n\n\n<p><a href=\"https:\/\/via.tt.se\/pressmeddelande\/stang-dorren-for-kommunala-arbetsformedlingar?publisherId=1965295&amp;releaseId=3300188\">L\u00e4s Almega pressmeddelande h\u00e4r&nbsp;<\/a><\/p>\n\n\n\n<p><a href=\"https:\/\/www.kompetensforetagen.se\/remisser\/remissyttrande-kommuner-som-utforare-av-tjanster-at-arbetsformedlingen-sou-202041\/\">L\u00e4s Kompetensf\u00f6retagens remissvar p\u00e5 utredningen h\u00e4r&nbsp;<\/a><\/p>\n","protected":false},"excerpt":{"rendered":"<p>Regeringen har beslutat att inte g\u00e5 vidare med de utredningsf\u00f6rslag som skulle underl\u00e4tta f\u00f6r kommuner att bli leverant\u00f6rer \u00e5t AF. Det \u00e4r dock olyckligt att regeringen och samarbetspartierna \u00f6verl\u00e5ter beslutet huruvida kommuner kan bli leverant\u00f6rer &hellip;<\/p>\n","protected":false},"author":6058,"featured_media":2013,"comment_status":"closed","ping_status":"closed","sticky":false,"template":"","format":"standard","meta":{"_acf_changed":false,"footnotes":""},"categories":[192],"tags":[],"article_type":[193],"agreement":[],"for-members":[],"class_list":["post-7162","post","type-post","status-publish","format-standard","has-post-thumbnail","hentry","category-arbetsformedlingen","type-kommentar"],"acf":[],"yoast_head":"<!-- This site is optimized with the Yoast SEO Premium plugin v26.8 (Yoast SEO v26.8) - https:\/\/yoast.com\/product\/yoast-seo-premium-wordpress\/ -->\n<title>Kommentar till regeringens besked om kommuner som leverant\u00f6rer \u00e5t AF - Kompetensf\u00f6retagen<\/title>\n<meta name=\"description\" content=\"Kommentar: Kommuner som leverant\u00f6rer \u00e5t Arbetsf\u00f6rmedlingen. Vi kritiserar f\u00f6rslaget och v\u00e4rnar om sund konkurrens p\u00e5 marknaden.\" \/>\n<meta name=\"robots\" content=\"index, follow, max-snippet:-1, max-image-preview:large, max-video-preview:-1\" \/>\n<link rel=\"canonical\" href=\"https:\/\/www.kompetensforetagen.se\/2021\/05\/kommentar-till-regeringens-besked-kommuner-som-leverantorer-at-af\/\" \/>\n<meta property=\"og:locale\" content=\"sv_SE\" \/>\n<meta property=\"og:type\" content=\"article\" \/>\n<meta property=\"og:title\" content=\"Kommentar till regeringens besked om kommuner som leverant\u00f6rer \u00e5t AF\" \/>\n<meta property=\"og:description\" content=\"Kommentar: Kommuner som leverant\u00f6rer \u00e5t Arbetsf\u00f6rmedlingen. Vi kritiserar f\u00f6rslaget och v\u00e4rnar om sund konkurrens p\u00e5 marknaden.\" \/>\n<meta property=\"og:url\" content=\"https:\/\/www.kompetensforetagen.se\/2021\/05\/kommentar-till-regeringens-besked-kommuner-som-leverantorer-at-af\/\" \/>\n<meta property=\"og:site_name\" content=\"Kompetensf\u00f6retagen\" \/>\n<meta property=\"article:published_time\" content=\"2021-05-26T14:36:50+00:00\" \/>\n<meta property=\"article:modified_time\" content=\"2025-12-12T09:48:57+00:00\" \/>\n<meta property=\"og:image\" content=\"https:\/\/www.kompetensforetagen.se\/app\/uploads\/sites\/5\/2018\/05\/07c7f5c8-880c-4be7-90ce-1e372c275e8d.png\" \/>\n\t<meta property=\"og:image:width\" content=\"690\" \/>\n\t<meta property=\"og:image:height\" content=\"459\" \/>\n\t<meta property=\"og:image:type\" content=\"image\/png\" \/>\n<meta name=\"author\" content=\"Shashika Sellgren\" \/>\n<meta name=\"twitter:card\" content=\"summary_large_image\" \/>\n<meta name=\"twitter:label1\" content=\"Skriven av\" \/>\n\t<meta name=\"twitter:data1\" content=\"Shashika Sellgren\" \/>\n\t<meta name=\"twitter:label2\" content=\"Ber\u00e4knad l\u00e4stid\" \/>\n\t<meta name=\"twitter:data2\" content=\"2 minuter\" \/>\n<!-- \/ Yoast SEO Premium plugin. -->","yoast_head_json":{"title":"Kommentar till regeringens besked om kommuner som leverant\u00f6rer \u00e5t AF - Kompetensf\u00f6retagen","description":"Kommentar: Kommuner som leverant\u00f6rer \u00e5t Arbetsf\u00f6rmedlingen. Vi kritiserar f\u00f6rslaget och v\u00e4rnar om sund konkurrens p\u00e5 marknaden.","robots":{"index":"index","follow":"follow","max-snippet":"max-snippet:-1","max-image-preview":"max-image-preview:large","max-video-preview":"max-video-preview:-1"},"canonical":"https:\/\/www.kompetensforetagen.se\/2021\/05\/kommentar-till-regeringens-besked-kommuner-som-leverantorer-at-af\/","og_locale":"sv_SE","og_type":"article","og_title":"Kommentar till regeringens besked om kommuner som leverant\u00f6rer \u00e5t AF","og_description":"Kommentar: Kommuner som leverant\u00f6rer \u00e5t Arbetsf\u00f6rmedlingen. Vi kritiserar f\u00f6rslaget och v\u00e4rnar om sund konkurrens p\u00e5 marknaden.","og_url":"https:\/\/www.kompetensforetagen.se\/2021\/05\/kommentar-till-regeringens-besked-kommuner-som-leverantorer-at-af\/","og_site_name":"Kompetensf\u00f6retagen","article_published_time":"2021-05-26T14:36:50+00:00","article_modified_time":"2025-12-12T09:48:57+00:00","og_image":[{"width":690,"height":459,"url":"https:\/\/www.kompetensforetagen.se\/app\/uploads\/sites\/5\/2018\/05\/07c7f5c8-880c-4be7-90ce-1e372c275e8d.png","type":"image\/png"}],"author":"Shashika Sellgren","twitter_card":"summary_large_image","twitter_misc":{"Skriven av":"Shashika Sellgren","Ber\u00e4knad l\u00e4stid":"2 minuter"},"schema":{"@context":"https:\/\/schema.org","@graph":[{"@type":"Article","@id":"https:\/\/www.kompetensforetagen.se\/2021\/05\/kommentar-till-regeringens-besked-kommuner-som-leverantorer-at-af\/#article","isPartOf":{"@id":"https:\/\/www.kompetensforetagen.se\/2021\/05\/kommentar-till-regeringens-besked-kommuner-som-leverantorer-at-af\/"},"author":{"name":"Shashika Sellgren","@id":"https:\/\/www.kompetensforetagen.se\/#\/schema\/person\/38c6b37b81c530c93246c3d1993d5662"},"headline":"Kommentar till regeringens besked om kommuner som leverant\u00f6rer \u00e5t AF","datePublished":"2021-05-26T14:36:50+00:00","dateModified":"2025-12-12T09:48:57+00:00","mainEntityOfPage":{"@id":"https:\/\/www.kompetensforetagen.se\/2021\/05\/kommentar-till-regeringens-besked-kommuner-som-leverantorer-at-af\/"},"wordCount":267,"publisher":{"@id":"https:\/\/www.kompetensforetagen.se\/#organization"},"image":{"@id":"https:\/\/www.kompetensforetagen.se\/2021\/05\/kommentar-till-regeringens-besked-kommuner-som-leverantorer-at-af\/#primaryimage"},"thumbnailUrl":"https:\/\/www.kompetensforetagen.se\/app\/uploads\/sites\/5\/2018\/05\/07c7f5c8-880c-4be7-90ce-1e372c275e8d.png","articleSection":["Arbetsf\u00f6rmedlingen"],"inLanguage":"sv-SE"},{"@type":"WebPage","@id":"https:\/\/www.kompetensforetagen.se\/2021\/05\/kommentar-till-regeringens-besked-kommuner-som-leverantorer-at-af\/","url":"https:\/\/www.kompetensforetagen.se\/2021\/05\/kommentar-till-regeringens-besked-kommuner-som-leverantorer-at-af\/","name":"Kommentar till regeringens besked om kommuner som leverant\u00f6rer \u00e5t AF - Kompetensf\u00f6retagen","isPartOf":{"@id":"https:\/\/www.kompetensforetagen.se\/#website"},"primaryImageOfPage":{"@id":"https:\/\/www.kompetensforetagen.se\/2021\/05\/kommentar-till-regeringens-besked-kommuner-som-leverantorer-at-af\/#primaryimage"},"image":{"@id":"https:\/\/www.kompetensforetagen.se\/2021\/05\/kommentar-till-regeringens-besked-kommuner-som-leverantorer-at-af\/#primaryimage"},"thumbnailUrl":"https:\/\/www.kompetensforetagen.se\/app\/uploads\/sites\/5\/2018\/05\/07c7f5c8-880c-4be7-90ce-1e372c275e8d.png","datePublished":"2021-05-26T14:36:50+00:00","dateModified":"2025-12-12T09:48:57+00:00","description":"Kommentar: Kommuner som leverant\u00f6rer \u00e5t Arbetsf\u00f6rmedlingen. Vi kritiserar f\u00f6rslaget och v\u00e4rnar om sund konkurrens p\u00e5 marknaden.","breadcrumb":{"@id":"https:\/\/www.kompetensforetagen.se\/2021\/05\/kommentar-till-regeringens-besked-kommuner-som-leverantorer-at-af\/#breadcrumb"},"inLanguage":"sv-SE","potentialAction":[{"@type":"ReadAction","target":["https:\/\/www.kompetensforetagen.se\/2021\/05\/kommentar-till-regeringens-besked-kommuner-som-leverantorer-at-af\/"]}]},{"@type":"ImageObject","inLanguage":"sv-SE","@id":"https:\/\/www.kompetensforetagen.se\/2021\/05\/kommentar-till-regeringens-besked-kommuner-som-leverantorer-at-af\/#primaryimage","url":"https:\/\/www.kompetensforetagen.se\/app\/uploads\/sites\/5\/2018\/05\/07c7f5c8-880c-4be7-90ce-1e372c275e8d.png","contentUrl":"https:\/\/www.kompetensforetagen.se\/app\/uploads\/sites\/5\/2018\/05\/07c7f5c8-880c-4be7-90ce-1e372c275e8d.png","width":690,"height":459,"caption":"Martina Elfgren Lilja,"},{"@type":"BreadcrumbList","@id":"https:\/\/www.kompetensforetagen.se\/2021\/05\/kommentar-till-regeringens-besked-kommuner-som-leverantorer-at-af\/#breadcrumb","itemListElement":[{"@type":"ListItem","position":1,"name":"Home","item":"https:\/\/www.kompetensforetagen.se\/"},{"@type":"ListItem","position":2,"name":"Kommentar till regeringens besked om kommuner som leverant\u00f6rer \u00e5t AF"}]},{"@type":"WebSite","@id":"https:\/\/www.kompetensforetagen.se\/#website","url":"https:\/\/www.kompetensforetagen.se\/","name":"Kompetensf\u00f6retagen","description":"R\u00e4tt person p\u00e5 r\u00e4tt plats kan f\u00f6r\u00e4ndra v\u00e4rlden","publisher":{"@id":"https:\/\/www.kompetensforetagen.se\/#organization"},"potentialAction":[{"@type":"SearchAction","target":{"@type":"EntryPoint","urlTemplate":"https:\/\/www.kompetensforetagen.se\/?s={search_term_string}"},"query-input":{"@type":"PropertyValueSpecification","valueRequired":true,"valueName":"search_term_string"}}],"inLanguage":"sv-SE"},{"@type":"Organization","@id":"https:\/\/www.kompetensforetagen.se\/#organization","name":"Kompetensf\u00f6retagen","url":"https:\/\/www.kompetensforetagen.se\/","logo":{"@type":"ImageObject","inLanguage":"sv-SE","@id":"https:\/\/www.kompetensforetagen.se\/#\/schema\/logo\/image\/","url":"https:\/\/www.kompetensforetagen.se\/app\/uploads\/sites\/5\/2022\/10\/logga_svart.png","contentUrl":"https:\/\/www.kompetensforetagen.se\/app\/uploads\/sites\/5\/2022\/10\/logga_svart.png","width":752,"height":64,"caption":"Kompetensf\u00f6retagen"},"image":{"@id":"https:\/\/www.kompetensforetagen.se\/#\/schema\/logo\/image\/"},"sameAs":["https:\/\/www.linkedin.com\/company\/10540032\/"]},{"@type":"Person","@id":"https:\/\/www.kompetensforetagen.se\/#\/schema\/person\/38c6b37b81c530c93246c3d1993d5662","name":"Shashika Sellgren","image":{"@type":"ImageObject","inLanguage":"sv-SE","@id":"https:\/\/www.kompetensforetagen.se\/#\/schema\/person\/image\/","url":"https:\/\/secure.gravatar.com\/avatar\/b225c479880df9eb82d1501dd105dd8040f27c8563f3d4bf5dd62ce0a1630abd?s=96&d=mm&r=g","contentUrl":"https:\/\/secure.gravatar.com\/avatar\/b225c479880df9eb82d1501dd105dd8040f27c8563f3d4bf5dd62ce0a1630abd?s=96&d=mm&r=g","caption":"Shashika Sellgren"},"url":"https:\/\/www.kompetensforetagen.se\/person\/shashikasellgren\/"}]}},"_links":{"self":[{"href":"https:\/\/www.kompetensforetagen.se\/api\/wp\/v2\/posts\/7162","targetHints":{"allow":["GET"]}}],"collection":[{"href":"https:\/\/www.kompetensforetagen.se\/api\/wp\/v2\/posts"}],"about":[{"href":"https:\/\/www.kompetensforetagen.se\/api\/wp\/v2\/types\/post"}],"author":[{"embeddable":true,"href":"https:\/\/www.kompetensforetagen.se\/api\/wp\/v2\/users\/6058"}],"replies":[{"embeddable":true,"href":"https:\/\/www.kompetensforetagen.se\/api\/wp\/v2\/comments?post=7162"}],"version-history":[{"count":1,"href":"https:\/\/www.kompetensforetagen.se\/api\/wp\/v2\/posts\/7162\/revisions"}],"predecessor-version":[{"id":12327,"href":"https:\/\/www.kompetensforetagen.se\/api\/wp\/v2\/posts\/7162\/revisions\/12327"}],"wp:featuredmedia":[{"embeddable":true,"href":"https:\/\/www.kompetensforetagen.se\/api\/wp\/v2\/media\/2013"}],"wp:attachment":[{"href":"https:\/\/www.kompetensforetagen.se\/api\/wp\/v2\/media?parent=7162"}],"wp:term":[{"taxonomy":"category","embeddable":true,"href":"https:\/\/www.kompetensforetagen.se\/api\/wp\/v2\/categories?post=7162"},{"taxonomy":"post_tag","embeddable":true,"href":"https:\/\/www.kompetensforetagen.se\/api\/wp\/v2\/tags?post=7162"},{"taxonomy":"type","embeddable":true,"href":"https:\/\/www.kompetensforetagen.se\/api\/wp\/v2\/article_type?post=7162"},{"taxonomy":"agreement","embeddable":true,"href":"https:\/\/www.kompetensforetagen.se\/api\/wp\/v2\/agreement?post=7162"},{"taxonomy":"for-members","embeddable":true,"href":"https:\/\/www.kompetensforetagen.se\/api\/wp\/v2\/for-members?post=7162"}],"curies":[{"name":"wp","href":"https:\/\/api.w.org\/{rel}","templated":true}]}}