{"id":7060,"date":"2021-05-06T08:52:00","date_gmt":"2021-05-06T06:52:00","guid":{"rendered":"https:\/\/www.kompetensforetagen.se\/?p=7060"},"modified":"2023-04-03T16:51:43","modified_gmt":"2023-04-03T14:51:43","slug":"styrelseordforande-eva-domanders-i-podden-konkurrenten","status":"publish","type":"post","link":"https:\/\/www.kompetensforetagen.se\/2021\/05\/styrelseordforande-eva-domanders-i-podden-konkurrenten\/","title":{"rendered":"Styrelseordf\u00f6rande Eva Domanders i podden Konkurrenten"},"content":{"rendered":"\n<p>Hur ska regionernas upphandling av hyrpersonal i v\u00e5rden bli b\u00e4ttre? Den fr\u00e5gan diskuteras i Konkurrensverkets podd denna vecka och medverkar g\u00f6r bland annat Kompetensf\u00f6retagens styrelseordf\u00f6rande Eva Domanders. <a href=\"https:\/\/www.konkurrensverket.se\/omossmeny\/om-oss\/press--och-informationsmaterial\/konkurrenten\/avsnitt-53-hur-ska-regionernas-upphandling-av-hyrpersonal-i-varden-bli-battre1\/\">Du hittar avsnittet h\u00e4r<\/a>!<\/p>\n","protected":false},"excerpt":{"rendered":"<p>Hur ska regionernas upphandling av hyrpersonal i v\u00e5rden bli b\u00e4ttre? Den fr\u00e5gan diskuteras i Konkurrensverkets podd denna vecka och medverkar g\u00f6r bland annat Kompetensf\u00f6retagens styrelseordf\u00f6rande Eva Domanders. Du hittar avsnittet h\u00e4r!<\/p>\n","protected":false},"author":6058,"featured_media":7061,"comment_status":"closed","ping_status":"closed","sticky":false,"template":"","format":"standard","meta":{"_acf_changed":false,"footnotes":""},"categories":[5],"tags":[],"article_type":[193],"agreement":[],"for-members":[],"class_list":["post-7060","post","type-post","status-publish","format-standard","has-post-thumbnail","hentry","category-vard","type-kommentar"],"acf":[],"yoast_head":"<!-- This site is optimized with the Yoast SEO Premium plugin v26.8 (Yoast SEO v26.8) - https:\/\/yoast.com\/product\/yoast-seo-premium-wordpress\/ -->\n<title>Styrelseordf\u00f6rande Eva Domanders i podden Konkurrenten<\/title>\n<meta name=\"description\" content=\"Kompetensf\u00f6retagens ordf\u00f6rande Eva Domanders deltar i podden Konkurrenten och pratar om hur regionernas upphandling av hyrpersonal i v\u00e5rden kan f\u00f6rb\u00e4ttras.\" \/>\n<meta name=\"robots\" content=\"index, follow, max-snippet:-1, max-image-preview:large, max-video-preview:-1\" \/>\n<link rel=\"canonical\" href=\"https:\/\/www.kompetensforetagen.se\/2021\/05\/styrelseordforande-eva-domanders-i-podden-konkurrenten\/\" \/>\n<meta property=\"og:locale\" content=\"sv_SE\" \/>\n<meta property=\"og:type\" content=\"article\" \/>\n<meta property=\"og:title\" content=\"Styrelseordf\u00f6rande Eva Domanders i podden Konkurrenten\" \/>\n<meta property=\"og:description\" content=\"Kompetensf\u00f6retagens ordf\u00f6rande Eva Domanders deltar i podden Konkurrenten och pratar om hur regionernas upphandling av hyrpersonal i v\u00e5rden kan f\u00f6rb\u00e4ttras.\" \/>\n<meta property=\"og:url\" content=\"https:\/\/www.kompetensforetagen.se\/2021\/05\/styrelseordforande-eva-domanders-i-podden-konkurrenten\/\" \/>\n<meta property=\"og:site_name\" content=\"Kompetensf\u00f6retagen\" \/>\n<meta property=\"article:published_time\" content=\"2021-05-06T06:52:00+00:00\" \/>\n<meta property=\"article:modified_time\" content=\"2023-04-03T14:51:43+00:00\" \/>\n<meta property=\"og:image\" content=\"https:\/\/www.kompetensforetagen.se\/app\/uploads\/sites\/5\/2021\/05\/avsnitt_53_hyrpersonal.jpg\" \/>\n\t<meta property=\"og:image:width\" content=\"1200\" \/>\n\t<meta property=\"og:image:height\" content=\"1200\" \/>\n\t<meta property=\"og:image:type\" content=\"image\/jpeg\" \/>\n<meta name=\"author\" content=\"Shashika Sellgren\" \/>\n<meta name=\"twitter:card\" content=\"summary_large_image\" \/>\n<meta name=\"twitter:label1\" content=\"Skriven av\" \/>\n\t<meta name=\"twitter:data1\" content=\"Shashika Sellgren\" \/>\n\t<meta name=\"twitter:label2\" content=\"Ber\u00e4knad l\u00e4stid\" \/>\n\t<meta name=\"twitter:data2\" content=\"1 minut\" \/>\n<!-- \/ Yoast SEO Premium plugin. -->","yoast_head_json":{"title":"Styrelseordf\u00f6rande Eva Domanders i podden Konkurrenten","description":"Kompetensf\u00f6retagens ordf\u00f6rande Eva Domanders deltar i podden Konkurrenten och pratar om hur regionernas upphandling av hyrpersonal i v\u00e5rden kan f\u00f6rb\u00e4ttras.","robots":{"index":"index","follow":"follow","max-snippet":"max-snippet:-1","max-image-preview":"max-image-preview:large","max-video-preview":"max-video-preview:-1"},"canonical":"https:\/\/www.kompetensforetagen.se\/2021\/05\/styrelseordforande-eva-domanders-i-podden-konkurrenten\/","og_locale":"sv_SE","og_type":"article","og_title":"Styrelseordf\u00f6rande Eva Domanders i podden Konkurrenten","og_description":"Kompetensf\u00f6retagens ordf\u00f6rande Eva Domanders deltar i podden Konkurrenten och pratar om hur regionernas upphandling av hyrpersonal i v\u00e5rden kan f\u00f6rb\u00e4ttras.","og_url":"https:\/\/www.kompetensforetagen.se\/2021\/05\/styrelseordforande-eva-domanders-i-podden-konkurrenten\/","og_site_name":"Kompetensf\u00f6retagen","article_published_time":"2021-05-06T06:52:00+00:00","article_modified_time":"2023-04-03T14:51:43+00:00","og_image":[{"width":1200,"height":1200,"url":"https:\/\/www.kompetensforetagen.se\/app\/uploads\/sites\/5\/2021\/05\/avsnitt_53_hyrpersonal.jpg","type":"image\/jpeg"}],"author":"Shashika Sellgren","twitter_card":"summary_large_image","twitter_misc":{"Skriven av":"Shashika Sellgren","Ber\u00e4knad l\u00e4stid":"1 minut"},"schema":{"@context":"https:\/\/schema.org","@graph":[{"@type":"Article","@id":"https:\/\/www.kompetensforetagen.se\/2021\/05\/styrelseordforande-eva-domanders-i-podden-konkurrenten\/#article","isPartOf":{"@id":"https:\/\/www.kompetensforetagen.se\/2021\/05\/styrelseordforande-eva-domanders-i-podden-konkurrenten\/"},"author":{"name":"Shashika Sellgren","@id":"https:\/\/www.kompetensforetagen.se\/#\/schema\/person\/38c6b37b81c530c93246c3d1993d5662"},"headline":"Styrelseordf\u00f6rande Eva Domanders i podden Konkurrenten","datePublished":"2021-05-06T06:52:00+00:00","dateModified":"2023-04-03T14:51:43+00:00","mainEntityOfPage":{"@id":"https:\/\/www.kompetensforetagen.se\/2021\/05\/styrelseordforande-eva-domanders-i-podden-konkurrenten\/"},"wordCount":45,"publisher":{"@id":"https:\/\/www.kompetensforetagen.se\/#organization"},"image":{"@id":"https:\/\/www.kompetensforetagen.se\/2021\/05\/styrelseordforande-eva-domanders-i-podden-konkurrenten\/#primaryimage"},"thumbnailUrl":"https:\/\/www.kompetensforetagen.se\/app\/uploads\/sites\/5\/2021\/05\/avsnitt_53_hyrpersonal.jpg","articleSection":["V\u00e5rdbemanning"],"inLanguage":"sv-SE"},{"@type":"WebPage","@id":"https:\/\/www.kompetensforetagen.se\/2021\/05\/styrelseordforande-eva-domanders-i-podden-konkurrenten\/","url":"https:\/\/www.kompetensforetagen.se\/2021\/05\/styrelseordforande-eva-domanders-i-podden-konkurrenten\/","name":"Styrelseordf\u00f6rande Eva Domanders i podden Konkurrenten","isPartOf":{"@id":"https:\/\/www.kompetensforetagen.se\/#website"},"primaryImageOfPage":{"@id":"https:\/\/www.kompetensforetagen.se\/2021\/05\/styrelseordforande-eva-domanders-i-podden-konkurrenten\/#primaryimage"},"image":{"@id":"https:\/\/www.kompetensforetagen.se\/2021\/05\/styrelseordforande-eva-domanders-i-podden-konkurrenten\/#primaryimage"},"thumbnailUrl":"https:\/\/www.kompetensforetagen.se\/app\/uploads\/sites\/5\/2021\/05\/avsnitt_53_hyrpersonal.jpg","datePublished":"2021-05-06T06:52:00+00:00","dateModified":"2023-04-03T14:51:43+00:00","description":"Kompetensf\u00f6retagens ordf\u00f6rande Eva Domanders deltar i podden Konkurrenten och pratar om hur regionernas upphandling av hyrpersonal i v\u00e5rden kan f\u00f6rb\u00e4ttras.","breadcrumb":{"@id":"https:\/\/www.kompetensforetagen.se\/2021\/05\/styrelseordforande-eva-domanders-i-podden-konkurrenten\/#breadcrumb"},"inLanguage":"sv-SE","potentialAction":[{"@type":"ReadAction","target":["https:\/\/www.kompetensforetagen.se\/2021\/05\/styrelseordforande-eva-domanders-i-podden-konkurrenten\/"]}]},{"@type":"ImageObject","inLanguage":"sv-SE","@id":"https:\/\/www.kompetensforetagen.se\/2021\/05\/styrelseordforande-eva-domanders-i-podden-konkurrenten\/#primaryimage","url":"https:\/\/www.kompetensforetagen.se\/app\/uploads\/sites\/5\/2021\/05\/avsnitt_53_hyrpersonal.jpg","contentUrl":"https:\/\/www.kompetensforetagen.se\/app\/uploads\/sites\/5\/2021\/05\/avsnitt_53_hyrpersonal.jpg","width":1200,"height":1200,"caption":"Podcastavsnitt om vikten av hyrpersonal och flexibilitet i v\u00e5rden."},{"@type":"BreadcrumbList","@id":"https:\/\/www.kompetensforetagen.se\/2021\/05\/styrelseordforande-eva-domanders-i-podden-konkurrenten\/#breadcrumb","itemListElement":[{"@type":"ListItem","position":1,"name":"Home","item":"https:\/\/www.kompetensforetagen.se\/"},{"@type":"ListItem","position":2,"name":"Styrelseordf\u00f6rande Eva Domanders i podden Konkurrenten"}]},{"@type":"WebSite","@id":"https:\/\/www.kompetensforetagen.se\/#website","url":"https:\/\/www.kompetensforetagen.se\/","name":"Kompetensf\u00f6retagen","description":"R\u00e4tt person p\u00e5 r\u00e4tt plats kan f\u00f6r\u00e4ndra v\u00e4rlden","publisher":{"@id":"https:\/\/www.kompetensforetagen.se\/#organization"},"potentialAction":[{"@type":"SearchAction","target":{"@type":"EntryPoint","urlTemplate":"https:\/\/www.kompetensforetagen.se\/?s={search_term_string}"},"query-input":{"@type":"PropertyValueSpecification","valueRequired":true,"valueName":"search_term_string"}}],"inLanguage":"sv-SE"},{"@type":"Organization","@id":"https:\/\/www.kompetensforetagen.se\/#organization","name":"Kompetensf\u00f6retagen","url":"https:\/\/www.kompetensforetagen.se\/","logo":{"@type":"ImageObject","inLanguage":"sv-SE","@id":"https:\/\/www.kompetensforetagen.se\/#\/schema\/logo\/image\/","url":"https:\/\/www.kompetensforetagen.se\/app\/uploads\/sites\/5\/2022\/10\/logga_svart.png","contentUrl":"https:\/\/www.kompetensforetagen.se\/app\/uploads\/sites\/5\/2022\/10\/logga_svart.png","width":752,"height":64,"caption":"Kompetensf\u00f6retagen"},"image":{"@id":"https:\/\/www.kompetensforetagen.se\/#\/schema\/logo\/image\/"},"sameAs":["https:\/\/www.linkedin.com\/company\/10540032\/"]},{"@type":"Person","@id":"https:\/\/www.kompetensforetagen.se\/#\/schema\/person\/38c6b37b81c530c93246c3d1993d5662","name":"Shashika Sellgren","image":{"@type":"ImageObject","inLanguage":"sv-SE","@id":"https:\/\/www.kompetensforetagen.se\/#\/schema\/person\/image\/","url":"https:\/\/secure.gravatar.com\/avatar\/b225c479880df9eb82d1501dd105dd8040f27c8563f3d4bf5dd62ce0a1630abd?s=96&d=mm&r=g","contentUrl":"https:\/\/secure.gravatar.com\/avatar\/b225c479880df9eb82d1501dd105dd8040f27c8563f3d4bf5dd62ce0a1630abd?s=96&d=mm&r=g","caption":"Shashika Sellgren"},"url":"https:\/\/www.kompetensforetagen.se\/person\/shashikasellgren\/"}]}},"_links":{"self":[{"href":"https:\/\/www.kompetensforetagen.se\/api\/wp\/v2\/posts\/7060","targetHints":{"allow":["GET"]}}],"collection":[{"href":"https:\/\/www.kompetensforetagen.se\/api\/wp\/v2\/posts"}],"about":[{"href":"https:\/\/www.kompetensforetagen.se\/api\/wp\/v2\/types\/post"}],"author":[{"embeddable":true,"href":"https:\/\/www.kompetensforetagen.se\/api\/wp\/v2\/users\/6058"}],"replies":[{"embeddable":true,"href":"https:\/\/www.kompetensforetagen.se\/api\/wp\/v2\/comments?post=7060"}],"version-history":[{"count":1,"href":"https:\/\/www.kompetensforetagen.se\/api\/wp\/v2\/posts\/7060\/revisions"}],"predecessor-version":[{"id":12322,"href":"https:\/\/www.kompetensforetagen.se\/api\/wp\/v2\/posts\/7060\/revisions\/12322"}],"wp:featuredmedia":[{"embeddable":true,"href":"https:\/\/www.kompetensforetagen.se\/api\/wp\/v2\/media\/7061"}],"wp:attachment":[{"href":"https:\/\/www.kompetensforetagen.se\/api\/wp\/v2\/media?parent=7060"}],"wp:term":[{"taxonomy":"category","embeddable":true,"href":"https:\/\/www.kompetensforetagen.se\/api\/wp\/v2\/categories?post=7060"},{"taxonomy":"post_tag","embeddable":true,"href":"https:\/\/www.kompetensforetagen.se\/api\/wp\/v2\/tags?post=7060"},{"taxonomy":"type","embeddable":true,"href":"https:\/\/www.kompetensforetagen.se\/api\/wp\/v2\/article_type?post=7060"},{"taxonomy":"agreement","embeddable":true,"href":"https:\/\/www.kompetensforetagen.se\/api\/wp\/v2\/agreement?post=7060"},{"taxonomy":"for-members","embeddable":true,"href":"https:\/\/www.kompetensforetagen.se\/api\/wp\/v2\/for-members?post=7060"}],"curies":[{"name":"wp","href":"https:\/\/api.w.org\/{rel}","templated":true}]}}