{"id":6927,"date":"2021-04-01T08:30:07","date_gmt":"2021-04-01T06:30:07","guid":{"rendered":"https:\/\/www.kompetensforetagen.se\/?p=6927"},"modified":"2023-04-03T16:48:02","modified_gmt":"2023-04-03T14:48:02","slug":"debatt-vi-kan-bidra-med-avgorande-kunskap-om-marknaden","status":"publish","type":"post","link":"https:\/\/www.kompetensforetagen.se\/2021\/04\/debatt-vi-kan-bidra-med-avgorande-kunskap-om-marknaden\/","title":{"rendered":"Debatt: Vi bidrar med avg\u00f6rande kunskap om marknaden"},"content":{"rendered":"\n<p>Samarbetet f\u00f6r gemensam upphandling av v\u00e5rdtj\u00e4nster mellan landets samtliga 21 regioner ska starta nu i mars, stod att l\u00e4sa p\u00e5 <a href=\"https:\/\/www.dagensmedicin.se\/arbetsliv\/bemanning\/nu-paborjas-en-regiongemensam-upphandling-av-hyrpersonal-i-varden\/\" target=\"_blank\" rel=\"noopener noreferrer\">Dagens Medicins sajt den 10 mar<\/a>s. Kompetensf\u00f6retagen v\u00e4lkomnar samarbetet. Vi vill ocks\u00e5 vara tydliga med vinsterna med att vi bidrar, f\u00f6r att resultatet ska bli optimalt f\u00f6r s\u00e5v\u00e4l medborgarnas v\u00e5rdleverans som regionernas ekonomi. Samarbeten och fram\u00e5tblickande l\u00f6sningar \u00e4r extra viktigt i det anstr\u00e4ngda l\u00e4ge v\u00e5rden befinner sig i p\u00e5 grund av coronapandemin.<\/p>\n\n\n\n<p>Jurister, ink\u00f6pare och verksamhetsf\u00f6retr\u00e4dare kommer att delta i att f\u00e4rdigst\u00e4lla f\u00f6rfr\u00e5gningsunderlaget inf\u00f6r de gemensamma upphandlingarna. Vi konstaterar att f\u00f6retr\u00e4dare f\u00f6r en av de viktiga branscher som ska upphandlas helt saknas. Och det \u00e4r vi. Kompetensf\u00f6retagens medlemsf\u00f6retag har i m\u00e5nga \u00e5r arbetat f\u00f6r att leverera mot behoven hos s\u00e5v\u00e4l regioner som patienter, med st\u00e4ndigt f\u00f6rb\u00e4ttrad kvalitet, kostnadseffektivitet och leveranss\u00e4kerhet. Det projekt f\u00f6r gemensam upphandling som nu ska sj\u00f6s\u00e4ttas \u00e4r efterl\u00e4ngtat av branschen. Vi vet sedan tidigare att alltf\u00f6r m\u00e5nga direktupphandlingar g\u00f6rs utanf\u00f6r ramavtal. Detta \u00e4r det mest sannolika sk\u00e4let till att kostnaderna f\u00f6r inhyrd v\u00e5rdpersonal forts\u00e4tter att \u00f6ka i regionerna. Att komma tillr\u00e4tta med detta \u00e4r ett av m\u00e5len f\u00f6r den gemensamma upphandlingen, vilket betonas av Ann-Sofi Lodin, regiondirekt\u00f6r i V\u00e4stra G\u00f6talandsregionen, projekt\u00e4gare och regiondirekt\u00f6rernas representant i arbetet.<\/p>\n\n\n\n<blockquote class=\"wp-block-quote is-layout-flow wp-block-quote-is-layout-flow\">\n<p>Det projekt f\u00f6r gemensam upphandling som nu ska sj\u00f6s\u00e4ttas \u00e4r efterl\u00e4ngtat av branschen<\/p>\n<\/blockquote>\n\n\n\n<p>Ann-Sofi Lodin s\u00e4ger ocks\u00e5 att f\u00f6ruts\u00e4ttningarna ser olika ut i olika delar av landet, och att det kanske bidrar till olika priss\u00e4ttning. En <a href=\"https:\/\/www.konkurrensverket.se\/informationsmaterial\/rapportlista\/regioners-upphandlingar-av-vardpersonal--en-uppfoljning-av-utvecklingen-sedan-2015\/\" target=\"_blank\" rel=\"noopener noreferrer\">rapport fr\u00e5n Konkurrensverket 2020<\/a>, som bland annat behandlar utsikterna f\u00f6r en gemensam upphandling av v\u00e5rdtj\u00e4nster, lyfter vikten av att alla regioner, trots skiftande demografiska och geografiska f\u00f6ruts\u00e4ttningar, kan f\u00f6rh\u00e5lla sig till ett gemensamt avtal. De p\u00e5talar ocks\u00e5 behovet av olika regionala priskoefficienter. Just marknadsanalysen \u00e4r ett av de viktiga omr\u00e5den d\u00e4r Kompetensf\u00f6retagen kan bidra med avg\u00f6rande kunskap. Till exempel f\u00f6resl\u00e5r vi sex till sju omr\u00e5den med olika ers\u00e4ttningsniv\u00e5er, beroende p\u00e5 om det exempelvis \u00e4r rekrytering till glesbygdsomr\u00e5de som \u00e4r aktuellt och ifall det \u00e4r specialistl\u00e4karkompetenser som s\u00f6ks eller annan personal.<\/p>\n\n\n\n<h3 class=\"wp-block-heading\">Vi bidrar med avg\u00f6rande kunskap<\/h3>\n\n\n\n<p>Vi ser ocks\u00e5 att det beh\u00f6vs god kunskap och genomlysning av hur marknaden ser ut r\u00f6rande tillg\u00e5ng p\u00e5 kompetens de kommande \u00e5ren f\u00f6r att \u00e5stadkomma v\u00e4lfungerande upphandlingsunderlag. Den b\u00e4sta k\u00e4nnedomen om marknaden finns hos Kompetensf\u00f6retagen. Regionernas pris p\u00e5 v\u00e5rdtj\u00e4nsterna har alltid spelat en betydelsefull roll f\u00f6r tilldelningen av kontrakt. N\u00e4r allt f\u00f6r stort fokus satts p\u00e5 priset i f\u00f6rh\u00e5llande till kvalitetskrav har marknaden \u00f6ppnats upp f\u00f6r leverant\u00f6rer som inte klarar de h\u00f6ga krav som Kompetensf\u00f6retagen st\u00e4ller p\u00e5 sina auktoriserade medlemsf\u00f6retag. F\u00f6r att uppn\u00e5 en god och kostnadseffektiv v\u00e5rd b\u00f6r bland annat kvalitet p\u00e5 leveransen och villkoren f\u00f6r de anst\u00e4llda tydligare v\u00e4rderas i en upphandling.<\/p>\n\n\n\n<p>V\u00e5rden beh\u00f6ver tillg\u00e5ng till inhyrd personal, och inte bara i det sv\u00e5ra l\u00e4ge vi befinner oss i nu. I en artikel i Dagens Medicin den 13 november 2020 s\u00e4ger till exempel Region Sk\u00e5nes hr-direkt\u00f6r Karin Melander att behovet alltid kommer att finnas vid arbetstoppar eller n\u00e4r nya verksamheter ska \u00f6ppna. Men inte enbart d\u00e5. Enligt Sveriges Kommuner och Regioners, SKR:s, egna siffror motsvarade enbart <a href=\"https:\/\/skr.se\/skr\/arbetsgivarekollektivavtal\/uppfoljninganalys\/personalstatistik\/sjukfranvaroredovisningen.46608.html\" target=\"_blank\" rel=\"noopener\">sjukfr\u00e5nvaro l\u00e4ngre \u00e4n 30 dagar i regionerna, p\u00e5 hel- eller deltid, cirka 7 200 \u00e5rsarbetare under 2019<\/a>. Sjukv\u00e5rden gick d\u00e4rf\u00f6r miste om arbetskraft som i \u00e5rsarbetare motsvarade 1 800 sjuksk\u00f6terskor, 1 800 undersk\u00f6terskor och 300 specialistutbildade l\u00e4kare p\u00e5 grund av l\u00e4ngre sjukfr\u00e5nvaro. Sedan tillkommer till exempel kortare sjukfr\u00e5nvaro, semester, utbildning, f\u00f6r\u00e4ldraledighet och byte av arbetsplats. Med fr\u00e5nvaron uppst\u00e5r kvalitetsproblem i v\u00e5rden som l\u00e5nga v\u00e5rdk\u00f6er och att \u00f6ver huvud taget f\u00e5 tr\u00e4ffa en l\u00e4kare. Dessa knutar l\u00f6ser Kompetensf\u00f6retagens medlemsf\u00f6retag.<\/p>\n\n\n\n<blockquote class=\"wp-block-quote is-layout-flow wp-block-quote-is-layout-flow\">\n<p>V\u00e5r plats i samarbetet kring de gemensamma upphandlingarna f\u00f6r en b\u00e4ttre, s\u00e4krare och mer kostnadseffektiv v\u00e5rd borde vara sj\u00e4lvklar<\/p>\n<\/blockquote>\n\n\n\n<p>Kompetensf\u00f6retagen vill bidra till de gemensamma upphandlingarna av v\u00e5rdtj\u00e4nster genom att erbjuda en referensgrupp i ett l\u00e5ngsiktigt samarbete med regionerna och SKR. V\u00e5ra medlemsf\u00f6retag \u00e4r viktiga hr-partners, avg\u00f6rande f\u00f6r v\u00e5rdens kompetensf\u00f6rs\u00f6rjning. Och upphandling fr\u00e5n <a href=\"https:\/\/www.kompetensforetagen.se\/auktorisation\/\" target=\"_blank\" rel=\"noopener noreferrer\">auktoriserade f\u00f6retag<\/a> inneb\u00e4r att skattemedel anv\u00e4nds ansvarsfullt i flera led, d\u00e5 auktorisationen fordrar ordning och reda i f\u00f6retagens ekonomi och ger sjuksk\u00f6terskor reglerade och sj\u00e4lvklara r\u00e4ttigheter.<\/p>\n\n\n\n<p>V\u00e5r plats i samarbetet kring de gemensamma upphandlingarna f\u00f6r en b\u00e4ttre, s\u00e4krare och mer kostnadseffektiv v\u00e5rd borde vara sj\u00e4lvklar.<\/p>\n\n\n\n<p>Eva Domanders, ordf\u00f6rande, Kompetensf\u00f6retagen<\/p>\n\n\n\n<p>Patrik Eidfelt, f\u00f6rbundsdirekt\u00f6r, Kompetensf\u00f6retagen<\/p>\n\n\n\n<p>L\u00e4s debattartikeln p\u00e5 <a href=\"https:\/\/www.dagensmedicin.se\/opinion\/debatt\/vi-kan-bidra-med-avgorande-kunskap-om-marknaden\/\" target=\"_blank\" rel=\"noopener noreferrer\">dagensmedicin.se<\/a><\/p>\n","protected":false},"excerpt":{"rendered":"<p>Samarbetet f\u00f6r gemensam upphandling av v\u00e5rdtj\u00e4nster mellan landets samtliga 21 regioner ska starta nu i mars, stod att l\u00e4sa p\u00e5 Dagens Medicins sajt den 10 mars. Kompetensf\u00f6retagen v\u00e4lkomnar samarbetet. Vi vill ocks\u00e5 vara tydliga med &hellip;<\/p>\n","protected":false},"author":6358,"featured_media":5322,"comment_status":"closed","ping_status":"closed","sticky":false,"template":"","format":"standard","meta":{"_acf_changed":false,"footnotes":""},"categories":[5],"tags":[],"article_type":[32],"agreement":[],"for-members":[],"class_list":["post-6927","post","type-post","status-publish","format-standard","has-post-thumbnail","hentry","category-vard","type-debattartiklar"],"acf":[],"yoast_head":"<!-- This site is optimized with the Yoast SEO Premium plugin v26.8 (Yoast SEO v26.8) - https:\/\/yoast.com\/product\/yoast-seo-premium-wordpress\/ -->\n<title>Kompetensf\u00f6retag bidrar med avg\u00f6rande kunskap om marknaden<\/title>\n<meta name=\"description\" content=\"Vi bidrar med avg\u00f6rande kunskap till regionernas upphandling av v\u00e5rdtj\u00e4nster. L\u00e4s mer i v\u00e5r debattartikel, publicerad i Dagens Medicin.\" \/>\n<meta name=\"robots\" content=\"index, follow, max-snippet:-1, max-image-preview:large, max-video-preview:-1\" \/>\n<link rel=\"canonical\" href=\"https:\/\/www.kompetensforetagen.se\/2021\/04\/debatt-vi-kan-bidra-med-avgorande-kunskap-om-marknaden\/\" \/>\n<meta property=\"og:locale\" content=\"sv_SE\" \/>\n<meta property=\"og:type\" content=\"article\" \/>\n<meta property=\"og:title\" content=\"Debatt: Vi bidrar med avg\u00f6rande kunskap om marknaden\" \/>\n<meta property=\"og:description\" content=\"Vi bidrar med avg\u00f6rande kunskap till regionernas upphandling av v\u00e5rdtj\u00e4nster. L\u00e4s mer i v\u00e5r debattartikel, publicerad i Dagens Medicin.\" \/>\n<meta property=\"og:url\" content=\"https:\/\/www.kompetensforetagen.se\/2021\/04\/debatt-vi-kan-bidra-med-avgorande-kunskap-om-marknaden\/\" \/>\n<meta property=\"og:site_name\" content=\"Kompetensf\u00f6retagen\" \/>\n<meta property=\"article:published_time\" content=\"2021-04-01T06:30:07+00:00\" \/>\n<meta property=\"article:modified_time\" content=\"2023-04-03T14:48:02+00:00\" \/>\n<meta property=\"og:image\" content=\"https:\/\/www.kompetensforetagen.se\/app\/uploads\/sites\/5\/2020\/09\/evaochpatrik-2.png\" \/>\n\t<meta property=\"og:image:width\" content=\"1073\" \/>\n\t<meta property=\"og:image:height\" content=\"757\" \/>\n\t<meta property=\"og:image:type\" content=\"image\/png\" \/>\n<meta name=\"twitter:card\" content=\"summary_large_image\" \/>\n<meta name=\"twitter:label1\" content=\"Skriven av\" \/>\n\t<meta name=\"twitter:data1\" content=\"\" \/>\n\t<meta name=\"twitter:label2\" content=\"Ber\u00e4knad l\u00e4stid\" \/>\n\t<meta name=\"twitter:data2\" content=\"4 minuter\" \/>\n<!-- \/ Yoast SEO Premium plugin. -->","yoast_head_json":{"title":"Kompetensf\u00f6retag bidrar med avg\u00f6rande kunskap om marknaden","description":"Vi bidrar med avg\u00f6rande kunskap till regionernas upphandling av v\u00e5rdtj\u00e4nster. L\u00e4s mer i v\u00e5r debattartikel, publicerad i Dagens Medicin.","robots":{"index":"index","follow":"follow","max-snippet":"max-snippet:-1","max-image-preview":"max-image-preview:large","max-video-preview":"max-video-preview:-1"},"canonical":"https:\/\/www.kompetensforetagen.se\/2021\/04\/debatt-vi-kan-bidra-med-avgorande-kunskap-om-marknaden\/","og_locale":"sv_SE","og_type":"article","og_title":"Debatt: Vi bidrar med avg\u00f6rande kunskap om marknaden","og_description":"Vi bidrar med avg\u00f6rande kunskap till regionernas upphandling av v\u00e5rdtj\u00e4nster. L\u00e4s mer i v\u00e5r debattartikel, publicerad i Dagens Medicin.","og_url":"https:\/\/www.kompetensforetagen.se\/2021\/04\/debatt-vi-kan-bidra-med-avgorande-kunskap-om-marknaden\/","og_site_name":"Kompetensf\u00f6retagen","article_published_time":"2021-04-01T06:30:07+00:00","article_modified_time":"2023-04-03T14:48:02+00:00","og_image":[{"width":1073,"height":757,"url":"https:\/\/www.kompetensforetagen.se\/app\/uploads\/sites\/5\/2020\/09\/evaochpatrik-2.png","type":"image\/png"}],"twitter_card":"summary_large_image","twitter_misc":{"Skriven av":"","Ber\u00e4knad l\u00e4stid":"4 minuter"},"schema":{"@context":"https:\/\/schema.org","@graph":[{"@type":"Article","@id":"https:\/\/www.kompetensforetagen.se\/2021\/04\/debatt-vi-kan-bidra-med-avgorande-kunskap-om-marknaden\/#article","isPartOf":{"@id":"https:\/\/www.kompetensforetagen.se\/2021\/04\/debatt-vi-kan-bidra-med-avgorande-kunskap-om-marknaden\/"},"author":{"name":"","@id":""},"headline":"Debatt: Vi bidrar med avg\u00f6rande kunskap om marknaden","datePublished":"2021-04-01T06:30:07+00:00","dateModified":"2023-04-03T14:48:02+00:00","mainEntityOfPage":{"@id":"https:\/\/www.kompetensforetagen.se\/2021\/04\/debatt-vi-kan-bidra-med-avgorande-kunskap-om-marknaden\/"},"wordCount":867,"publisher":{"@id":"https:\/\/www.kompetensforetagen.se\/#organization"},"image":{"@id":"https:\/\/www.kompetensforetagen.se\/2021\/04\/debatt-vi-kan-bidra-med-avgorande-kunskap-om-marknaden\/#primaryimage"},"thumbnailUrl":"https:\/\/www.kompetensforetagen.se\/app\/uploads\/sites\/5\/2020\/09\/evaochpatrik-2.png","articleSection":["V\u00e5rdbemanning"],"inLanguage":"sv-SE"},{"@type":"WebPage","@id":"https:\/\/www.kompetensforetagen.se\/2021\/04\/debatt-vi-kan-bidra-med-avgorande-kunskap-om-marknaden\/","url":"https:\/\/www.kompetensforetagen.se\/2021\/04\/debatt-vi-kan-bidra-med-avgorande-kunskap-om-marknaden\/","name":"Kompetensf\u00f6retag bidrar med avg\u00f6rande kunskap om marknaden","isPartOf":{"@id":"https:\/\/www.kompetensforetagen.se\/#website"},"primaryImageOfPage":{"@id":"https:\/\/www.kompetensforetagen.se\/2021\/04\/debatt-vi-kan-bidra-med-avgorande-kunskap-om-marknaden\/#primaryimage"},"image":{"@id":"https:\/\/www.kompetensforetagen.se\/2021\/04\/debatt-vi-kan-bidra-med-avgorande-kunskap-om-marknaden\/#primaryimage"},"thumbnailUrl":"https:\/\/www.kompetensforetagen.se\/app\/uploads\/sites\/5\/2020\/09\/evaochpatrik-2.png","datePublished":"2021-04-01T06:30:07+00:00","dateModified":"2023-04-03T14:48:02+00:00","description":"Vi bidrar med avg\u00f6rande kunskap till regionernas upphandling av v\u00e5rdtj\u00e4nster. L\u00e4s mer i v\u00e5r debattartikel, publicerad i Dagens Medicin.","breadcrumb":{"@id":"https:\/\/www.kompetensforetagen.se\/2021\/04\/debatt-vi-kan-bidra-med-avgorande-kunskap-om-marknaden\/#breadcrumb"},"inLanguage":"sv-SE","potentialAction":[{"@type":"ReadAction","target":["https:\/\/www.kompetensforetagen.se\/2021\/04\/debatt-vi-kan-bidra-med-avgorande-kunskap-om-marknaden\/"]}]},{"@type":"ImageObject","inLanguage":"sv-SE","@id":"https:\/\/www.kompetensforetagen.se\/2021\/04\/debatt-vi-kan-bidra-med-avgorande-kunskap-om-marknaden\/#primaryimage","url":"https:\/\/www.kompetensforetagen.se\/app\/uploads\/sites\/5\/2020\/09\/evaochpatrik-2.png","contentUrl":"https:\/\/www.kompetensforetagen.se\/app\/uploads\/sites\/5\/2020\/09\/evaochpatrik-2.png","width":1073,"height":757,"caption":"Debatt\u00f6rerna Eva Domanders och Patrik Eidfelt"},{"@type":"BreadcrumbList","@id":"https:\/\/www.kompetensforetagen.se\/2021\/04\/debatt-vi-kan-bidra-med-avgorande-kunskap-om-marknaden\/#breadcrumb","itemListElement":[{"@type":"ListItem","position":1,"name":"Home","item":"https:\/\/www.kompetensforetagen.se\/"},{"@type":"ListItem","position":2,"name":"Debatt: Vi bidrar med avg\u00f6rande kunskap om marknaden"}]},{"@type":"WebSite","@id":"https:\/\/www.kompetensforetagen.se\/#website","url":"https:\/\/www.kompetensforetagen.se\/","name":"Kompetensf\u00f6retagen","description":"R\u00e4tt person p\u00e5 r\u00e4tt plats kan f\u00f6r\u00e4ndra v\u00e4rlden","publisher":{"@id":"https:\/\/www.kompetensforetagen.se\/#organization"},"potentialAction":[{"@type":"SearchAction","target":{"@type":"EntryPoint","urlTemplate":"https:\/\/www.kompetensforetagen.se\/?s={search_term_string}"},"query-input":{"@type":"PropertyValueSpecification","valueRequired":true,"valueName":"search_term_string"}}],"inLanguage":"sv-SE"},{"@type":"Organization","@id":"https:\/\/www.kompetensforetagen.se\/#organization","name":"Kompetensf\u00f6retagen","url":"https:\/\/www.kompetensforetagen.se\/","logo":{"@type":"ImageObject","inLanguage":"sv-SE","@id":"https:\/\/www.kompetensforetagen.se\/#\/schema\/logo\/image\/","url":"https:\/\/www.kompetensforetagen.se\/app\/uploads\/sites\/5\/2022\/10\/logga_svart.png","contentUrl":"https:\/\/www.kompetensforetagen.se\/app\/uploads\/sites\/5\/2022\/10\/logga_svart.png","width":752,"height":64,"caption":"Kompetensf\u00f6retagen"},"image":{"@id":"https:\/\/www.kompetensforetagen.se\/#\/schema\/logo\/image\/"},"sameAs":["https:\/\/www.linkedin.com\/company\/10540032\/"]},{"@type":"Person","@id":"","url":"https:\/\/www.kompetensforetagen.se\/person\/"}]}},"_links":{"self":[{"href":"https:\/\/www.kompetensforetagen.se\/api\/wp\/v2\/posts\/6927","targetHints":{"allow":["GET"]}}],"collection":[{"href":"https:\/\/www.kompetensforetagen.se\/api\/wp\/v2\/posts"}],"about":[{"href":"https:\/\/www.kompetensforetagen.se\/api\/wp\/v2\/types\/post"}],"author":[{"embeddable":true,"href":"https:\/\/www.kompetensforetagen.se\/api\/wp\/v2\/users\/6358"}],"replies":[{"embeddable":true,"href":"https:\/\/www.kompetensforetagen.se\/api\/wp\/v2\/comments?post=6927"}],"version-history":[{"count":2,"href":"https:\/\/www.kompetensforetagen.se\/api\/wp\/v2\/posts\/6927\/revisions"}],"predecessor-version":[{"id":12319,"href":"https:\/\/www.kompetensforetagen.se\/api\/wp\/v2\/posts\/6927\/revisions\/12319"}],"wp:featuredmedia":[{"embeddable":true,"href":"https:\/\/www.kompetensforetagen.se\/api\/wp\/v2\/media\/5322"}],"wp:attachment":[{"href":"https:\/\/www.kompetensforetagen.se\/api\/wp\/v2\/media?parent=6927"}],"wp:term":[{"taxonomy":"category","embeddable":true,"href":"https:\/\/www.kompetensforetagen.se\/api\/wp\/v2\/categories?post=6927"},{"taxonomy":"post_tag","embeddable":true,"href":"https:\/\/www.kompetensforetagen.se\/api\/wp\/v2\/tags?post=6927"},{"taxonomy":"type","embeddable":true,"href":"https:\/\/www.kompetensforetagen.se\/api\/wp\/v2\/article_type?post=6927"},{"taxonomy":"agreement","embeddable":true,"href":"https:\/\/www.kompetensforetagen.se\/api\/wp\/v2\/agreement?post=6927"},{"taxonomy":"for-members","embeddable":true,"href":"https:\/\/www.kompetensforetagen.se\/api\/wp\/v2\/for-members?post=6927"}],"curies":[{"name":"wp","href":"https:\/\/api.w.org\/{rel}","templated":true}]}}