{"id":6889,"date":"2021-03-30T11:22:52","date_gmt":"2021-03-30T09:22:52","guid":{"rendered":"https:\/\/www.kompetensforetagen.se\/?p=6889"},"modified":"2023-11-23T15:08:28","modified_gmt":"2023-11-23T14:08:28","slug":"darfor-ska-fristaende-leverantorer-rusta-och-matcha-arbetssokande","status":"publish","type":"post","link":"https:\/\/www.kompetensforetagen.se\/2021\/03\/darfor-ska-fristaende-leverantorer-rusta-och-matcha-arbetssokande\/","title":{"rendered":"D\u00e4rf\u00f6r ska frist\u00e5ende leverant\u00f6rer rusta och matcha arbetss\u00f6kande"},"content":{"rendered":"\n<p><span data-contrast=\"auto\">Frist\u00e5ende leverant\u00f6rer, ofta v\u00e5ra <a href=\"https:\/\/www.kompetensforetagen.se\/auktorisation-for-omstallningsforetag\/\">auktoriserade <\/a>medlemsf\u00f6retag, \u00e4r b\u00e4st l\u00e4mpade att rusta och matcha arbetss\u00f6kande p\u00e5 v\u00e4gen till jobb eller studier. Ju snabbare vi etablerar fungerande system f\u00f6r omst\u00e4llning p\u00e5 arbetsmarknaden, desto b\u00e4ttre klarar vi n\u00e4sta pandemi eller l\u00e5gkonjunktur.&nbsp;&nbsp;<\/span><\/p>\n\n\n<a class='Share__link Share__link--url copy-text' href='#' rel='nofollow' data-text='fristaende-leverantorer&nbsp;ska&nbsp;rusta-och-matcha' title='Dela url' data-confirmation='L\u00e4nken kopierades till urklipp'><svg class='icon icon--link'  width='18' height='18' viewBox='0 0 18 18' fill='none' xmlns='http:\/\/www.w3.org\/2000\/svg'>\n            <path d='M10.4142 0.514721L6.87868 4.05025L8.29289 5.46447L11.1213 2.63604L15.364 6.87868L12.5355 9.70711L13.9497 11.1213L17.4853 7.58579C17.8763 7.19476 17.8763 6.5626 17.4853 6.17158L11.8284 0.514721C11.4374 0.123691 10.8052 0.123691 10.4142 0.514721Z' fill='black'\/>\n            <path d='M9.7071 12.5355L6.87868 15.364L2.63604 11.1213L5.46446 8.2929L4.05025 6.87868L0.514716 10.4142C0.123686 10.8052 0.123686 11.4374 0.514716 11.8284L6.17157 17.4853C6.5626 17.8763 7.19475 17.8763 7.58578 17.4853L11.1213 13.9497L9.7071 12.5355Z' fill='black'\/>\n            <path d='M6.17157 11.8284C6.5626 12.2195 7.19475 12.2195 7.58578 11.8284L11.8284 7.58579C12.2195 7.19476 12.2195 6.56261 11.8284 6.17158C11.4374 5.78055 10.8052 5.78055 10.4142 6.17158L6.17157 10.4142C5.78054 10.8052 5.78054 11.4374 6.17157 11.8284Z' fill='black'\/>\n            <\/svg> <\/a>\n<h2 class=\"wp-block-heading\">Frist\u00e5ende leverant\u00f6rer&nbsp;ska&nbsp;rusta och matcha<\/h2>\n\n\n\n<p><span data-contrast=\"auto\">\u00c4ven i h\u00f6gkonjunktur har m\u00e4nniskor varit arbetsl\u00f6sa p\u00e5 grund av matchning som inte fungerat.&nbsp;Frist\u00e5ende leverant\u00f6rer \u00e4r experter p\u00e5 att se helheten och m\u00f6jligheterna hos dem de hj\u00e4lper. Genom att hj\u00e4lpa till med den personliga utvecklingen, att hitta nya m\u00e5l och rent praktiskt s\u00f6ka jobb f\u00f6rkortas v\u00e4gen till studier eller arbetsmarknaden. V\u00e5ra medlemsf\u00f6retag har dessutom stora, upparbetade n\u00e4tverk &#8211; d\u00e4r jobben finns. I konkurrensen med varandra kommer medlemsf\u00f6retagen dessutom med innovativa l\u00f6sningar p\u00e5 hur effektiv matchning ska g\u00e5 till. D\u00e4rf\u00f6r ska frist\u00e5ende leverant\u00f6rer <a href=\"https:\/\/www.kompetensforetagen.se\/arbetsformedlingen\/krom-rusta-och-matcha\/\" target=\"_blank\" rel=\"noopener noreferrer\">rusta och matcha<\/a>, medan Arbetsf\u00f6rmedlingen sk\u00f6ter myndighetsut\u00f6vningen och den arbetsmarknadspolitiska bed\u00f6mningen av den arbetsl\u00f6sa.&nbsp;<\/span><\/p>\n\n\n\n<blockquote class=\"wp-block-quote is-layout-flow wp-block-quote-is-layout-flow\">\n<p><span data-contrast=\"auto\">Ju snabbare vi etablerar fungerande system f\u00f6r omst\u00e4llning p\u00e5 arbetsmarknaden, desto b\u00e4ttre klarar vi n\u00e4sta pandemi eller l\u00e5gkonjunktur.&nbsp;&nbsp;<\/span><\/p>\n<\/blockquote>\n\n\n<a class='Share__link Share__link--url copy-text' href='#' rel='nofollow' data-text='individuellt-stod' title='Dela url' data-confirmation='L\u00e4nken kopierades till urklipp'><svg class='icon icon--link'  width='18' height='18' viewBox='0 0 18 18' fill='none' xmlns='http:\/\/www.w3.org\/2000\/svg'>\n            <path d='M10.4142 0.514721L6.87868 4.05025L8.29289 5.46447L11.1213 2.63604L15.364 6.87868L12.5355 9.70711L13.9497 11.1213L17.4853 7.58579C17.8763 7.19476 17.8763 6.5626 17.4853 6.17158L11.8284 0.514721C11.4374 0.123691 10.8052 0.123691 10.4142 0.514721Z' fill='black'\/>\n            <path d='M9.7071 12.5355L6.87868 15.364L2.63604 11.1213L5.46446 8.2929L4.05025 6.87868L0.514716 10.4142C0.123686 10.8052 0.123686 11.4374 0.514716 11.8284L6.17157 17.4853C6.5626 17.8763 7.19475 17.8763 7.58578 17.4853L11.1213 13.9497L9.7071 12.5355Z' fill='black'\/>\n            <path d='M6.17157 11.8284C6.5626 12.2195 7.19475 12.2195 7.58578 11.8284L11.8284 7.58579C12.2195 7.19476 12.2195 6.56261 11.8284 6.17158C11.4374 5.78055 10.8052 5.78055 10.4142 6.17158L6.17157 10.4142C5.78054 10.8052 5.78054 11.4374 6.17157 11.8284Z' fill='black'\/>\n            <\/svg> <\/a>\n<h2 class=\"wp-block-heading\">Individuellt st\u00f6d<\/h2>\n\n\n\n<p><span data-contrast=\"none\">Att kunna f\u00e5 hj\u00e4lp att st\u00e4lla om eller studera vidare blir allt viktigare; det livsl\u00e5nga l\u00e4randet \u00e4r h\u00e4r f\u00f6r att stanna. <\/span><\/p>\n\n\n\n<p><span data-contrast=\"none\">Tack vare individuella planer och st\u00f6d fr\u00e5n de frist\u00e5ende leverant\u00f6rerna f\u00e5r arbetss\u00f6kande hj\u00e4lp att se nya m\u00f6jligheter att utvecklas i sitt yrkesliv. De kan f\u00e5 allt fr\u00e5n spr\u00e5kst\u00f6ttning till hur skriver en ans\u00f6kan och genomf\u00f6r en jobbintervju. Det kan ocks\u00e5 handla om att hitta utbildningar f\u00f6r en ny v\u00e4g i karri\u00e4ren.&nbsp;&nbsp;<\/span><\/p>\n\n\n<a class='Share__link Share__link--url copy-text' href='#' rel='nofollow' data-text='ratingsystem-synliggor-leverantorernas-jobb' title='Dela url' data-confirmation='L\u00e4nken kopierades till urklipp'><svg class='icon icon--link'  width='18' height='18' viewBox='0 0 18 18' fill='none' xmlns='http:\/\/www.w3.org\/2000\/svg'>\n            <path d='M10.4142 0.514721L6.87868 4.05025L8.29289 5.46447L11.1213 2.63604L15.364 6.87868L12.5355 9.70711L13.9497 11.1213L17.4853 7.58579C17.8763 7.19476 17.8763 6.5626 17.4853 6.17158L11.8284 0.514721C11.4374 0.123691 10.8052 0.123691 10.4142 0.514721Z' fill='black'\/>\n            <path d='M9.7071 12.5355L6.87868 15.364L2.63604 11.1213L5.46446 8.2929L4.05025 6.87868L0.514716 10.4142C0.123686 10.8052 0.123686 11.4374 0.514716 11.8284L6.17157 17.4853C6.5626 17.8763 7.19475 17.8763 7.58578 17.4853L11.1213 13.9497L9.7071 12.5355Z' fill='black'\/>\n            <path d='M6.17157 11.8284C6.5626 12.2195 7.19475 12.2195 7.58578 11.8284L11.8284 7.58579C12.2195 7.19476 12.2195 6.56261 11.8284 6.17158C11.4374 5.78055 10.8052 5.78055 10.4142 6.17158L6.17157 10.4142C5.78054 10.8052 5.78054 11.4374 6.17157 11.8284Z' fill='black'\/>\n            <\/svg> <\/a>\n<h2 class=\"wp-block-heading\">Ratingsystem synligg\u00f6r leverant\u00f6rernas jobb<\/h2>\n\n\n\n<p><span data-contrast=\"none\">De arbetss\u00f6kande v\u00e4ljer sj\u00e4lva vilken frist\u00e5ende leverant\u00f6r\u00a0som ska rusta och matcha dem, med v\u00e4gledning av ett ratingsystem. Det visar vilka leverant\u00f6rer som \u00e4r b\u00e4ttre \u00e4n andra p\u00e5 att hj\u00e4lpa till med att hitta arbete eller p\u00e5b\u00f6rja studier. De kan sj\u00e4lvklart ocks\u00e5 byta leverant\u00f6r om de vill. Ratingsystemet \u00f6kar f\u00f6ruts\u00e4ttningen f\u00f6r en kvalitetsdrivande konkurrens mellan leverant\u00f6rerna. Kort sagt blir det s\u00e5 att insatser som leder till jobb och utbildning bel\u00f6nas, andra s\u00e5llas bort. Kompetensf\u00f6retagen \u00e4r positiva till att ratingsystemet nu uppdateras varannan m\u00e5nad, ist\u00e4llet f\u00f6r en g\u00e5ng per \u00e5r.\u00a0<\/span><\/p>\n\n\n<a class='Share__link Share__link--url copy-text' href='#' rel='nofollow' data-text='ta-vara-pa-digitala-lardomar' title='Dela url' data-confirmation='L\u00e4nken kopierades till urklipp'><svg class='icon icon--link'  width='18' height='18' viewBox='0 0 18 18' fill='none' xmlns='http:\/\/www.w3.org\/2000\/svg'>\n            <path d='M10.4142 0.514721L6.87868 4.05025L8.29289 5.46447L11.1213 2.63604L15.364 6.87868L12.5355 9.70711L13.9497 11.1213L17.4853 7.58579C17.8763 7.19476 17.8763 6.5626 17.4853 6.17158L11.8284 0.514721C11.4374 0.123691 10.8052 0.123691 10.4142 0.514721Z' fill='black'\/>\n            <path d='M9.7071 12.5355L6.87868 15.364L2.63604 11.1213L5.46446 8.2929L4.05025 6.87868L0.514716 10.4142C0.123686 10.8052 0.123686 11.4374 0.514716 11.8284L6.17157 17.4853C6.5626 17.8763 7.19475 17.8763 7.58578 17.4853L11.1213 13.9497L9.7071 12.5355Z' fill='black'\/>\n            <path d='M6.17157 11.8284C6.5626 12.2195 7.19475 12.2195 7.58578 11.8284L11.8284 7.58579C12.2195 7.19476 12.2195 6.56261 11.8284 6.17158C11.4374 5.78055 10.8052 5.78055 10.4142 6.17158L6.17157 10.4142C5.78054 10.8052 5.78054 11.4374 6.17157 11.8284Z' fill='black'\/>\n            <\/svg> <\/a>\n<h2 class=\"wp-block-heading\">Ta vara p\u00e5 digitala l\u00e4rdomar<\/h2>\n\n\n\n<p><span data-contrast=\"auto\">Trots allt finns det n\u00e5gra positiva l\u00e4rdomar som kommit ur&nbsp;coronapandemin, och dem b\u00f6r vi ta fasta p\u00e5. Det g\u00e4ller till exempel <a href=\"https:\/\/www.kompetensforetagen.se\/2021\/01\/digital-kreativitet-nar-fler-arbetssokande\/\" target=\"_blank\" rel=\"noopener noreferrer\">anv\u00e4ndningen av digitala hj\u00e4lpmedel<\/a> i relationen mellan den arbetss\u00f6kande och den frist\u00e5ende leverant\u00f6ren. Det g\u00e4ller ocks\u00e5 reglerna f\u00f6r arbetsmarknadstj\u00e4nsterna p\u00e5 distans. Den <a href=\"https:\/\/www.kompetensforetagen.se\/2020\/12\/debattartikel-dagens-samhalle-obefogad-oro-for-bristande-arbetsformedling-i-hultsfred\/\" target=\"_blank\" rel=\"noopener noreferrer\">oro som finns kring vita fl\u00e4ckar \u00e4r obefogad<\/a>, d\u00e5 leverant\u00f6rerna i h\u00f6g grad har kunnat sk\u00f6ta sina uppdrag \u00e4ven utan fysiska m\u00f6ten under&nbsp;coronapandemin.<\/span><span data-ccp-props=\"{&quot;201341983&quot;:0,&quot;335559739&quot;:160,&quot;335559740&quot;:257}\">&nbsp;<\/span><\/p>\n","protected":false},"excerpt":{"rendered":"<p>Frist\u00e5ende leverant\u00f6rer, ofta v\u00e5ra auktoriserade medlemsf\u00f6retag, \u00e4r b\u00e4st l\u00e4mpade att rusta och matcha arbetss\u00f6kande p\u00e5 v\u00e4gen till jobb eller studier. Ju snabbare vi etablerar fungerande system f\u00f6r omst\u00e4llning p\u00e5 arbetsmarknaden, desto b\u00e4ttre klarar vi n\u00e4sta &hellip;<\/p>\n","protected":false},"author":6058,"featured_media":6890,"comment_status":"closed","ping_status":"closed","sticky":false,"template":"","format":"standard","meta":{"_acf_changed":false,"footnotes":""},"categories":[192,19],"tags":[],"article_type":[210],"agreement":[],"for-members":[],"class_list":["post-6889","post","type-post","status-publish","format-standard","has-post-thumbnail","hentry","category-arbetsformedlingen","category-omstallning","type-fakta"],"acf":[],"yoast_head":"<!-- This site is optimized with the Yoast SEO Premium plugin v26.8 (Yoast SEO v26.8) - https:\/\/yoast.com\/product\/yoast-seo-premium-wordpress\/ -->\n<title>D\u00e4rf\u00f6r ska frist\u00e5ende leverant\u00f6rer rusta och matcha arbetss\u00f6kande<\/title>\n<meta name=\"description\" content=\"Frist\u00e5ende leverant\u00f6rer \u00e4r experter p\u00e5 att se m\u00f6jligheterna hos dem de hj\u00e4lper och d\u00e4rf\u00f6r ska frist\u00e5ende leverant\u00f6rer rusta och matcha.\" \/>\n<meta name=\"robots\" content=\"index, follow, max-snippet:-1, max-image-preview:large, max-video-preview:-1\" \/>\n<link rel=\"canonical\" href=\"https:\/\/www.kompetensforetagen.se\/2021\/03\/darfor-ska-fristaende-leverantorer-rusta-och-matcha-arbetssokande\/\" \/>\n<meta property=\"og:locale\" content=\"sv_SE\" \/>\n<meta property=\"og:type\" content=\"article\" \/>\n<meta property=\"og:title\" content=\"D\u00e4rf\u00f6r ska frist\u00e5ende leverant\u00f6rer rusta och matcha arbetss\u00f6kande\" \/>\n<meta property=\"og:description\" content=\"Frist\u00e5ende leverant\u00f6rer \u00e4r experter p\u00e5 att se m\u00f6jligheterna hos dem de hj\u00e4lper och d\u00e4rf\u00f6r ska frist\u00e5ende leverant\u00f6rer rusta och matcha.\" \/>\n<meta property=\"og:url\" content=\"https:\/\/www.kompetensforetagen.se\/2021\/03\/darfor-ska-fristaende-leverantorer-rusta-och-matcha-arbetssokande\/\" \/>\n<meta property=\"og:site_name\" content=\"Kompetensf\u00f6retagen\" \/>\n<meta property=\"article:published_time\" content=\"2021-03-30T09:22:52+00:00\" \/>\n<meta property=\"article:modified_time\" content=\"2023-11-23T14:08:28+00:00\" \/>\n<meta property=\"og:image\" content=\"https:\/\/www.kompetensforetagen.se\/app\/uploads\/sites\/5\/2021\/03\/namnlos-design-8-e1622463799569.png\" \/>\n\t<meta property=\"og:image:width\" content=\"1920\" \/>\n\t<meta property=\"og:image:height\" content=\"648\" \/>\n\t<meta property=\"og:image:type\" content=\"image\/png\" \/>\n<meta name=\"author\" content=\"Shashika Sellgren\" \/>\n<meta name=\"twitter:card\" content=\"summary_large_image\" \/>\n<meta name=\"twitter:label1\" content=\"Skriven av\" \/>\n\t<meta name=\"twitter:data1\" content=\"Shashika Sellgren\" \/>\n\t<meta name=\"twitter:label2\" content=\"Ber\u00e4knad l\u00e4stid\" \/>\n\t<meta name=\"twitter:data2\" content=\"2 minuter\" \/>\n<!-- \/ Yoast SEO Premium plugin. -->","yoast_head_json":{"title":"D\u00e4rf\u00f6r ska frist\u00e5ende leverant\u00f6rer rusta och matcha arbetss\u00f6kande","description":"Frist\u00e5ende leverant\u00f6rer \u00e4r experter p\u00e5 att se m\u00f6jligheterna hos dem de hj\u00e4lper och d\u00e4rf\u00f6r ska frist\u00e5ende leverant\u00f6rer rusta och matcha.","robots":{"index":"index","follow":"follow","max-snippet":"max-snippet:-1","max-image-preview":"max-image-preview:large","max-video-preview":"max-video-preview:-1"},"canonical":"https:\/\/www.kompetensforetagen.se\/2021\/03\/darfor-ska-fristaende-leverantorer-rusta-och-matcha-arbetssokande\/","og_locale":"sv_SE","og_type":"article","og_title":"D\u00e4rf\u00f6r ska frist\u00e5ende leverant\u00f6rer rusta och matcha arbetss\u00f6kande","og_description":"Frist\u00e5ende leverant\u00f6rer \u00e4r experter p\u00e5 att se m\u00f6jligheterna hos dem de hj\u00e4lper och d\u00e4rf\u00f6r ska frist\u00e5ende leverant\u00f6rer rusta och matcha.","og_url":"https:\/\/www.kompetensforetagen.se\/2021\/03\/darfor-ska-fristaende-leverantorer-rusta-och-matcha-arbetssokande\/","og_site_name":"Kompetensf\u00f6retagen","article_published_time":"2021-03-30T09:22:52+00:00","article_modified_time":"2023-11-23T14:08:28+00:00","og_image":[{"width":1920,"height":648,"url":"https:\/\/www.kompetensforetagen.se\/app\/uploads\/sites\/5\/2021\/03\/namnlos-design-8-e1622463799569.png","type":"image\/png"}],"author":"Shashika Sellgren","twitter_card":"summary_large_image","twitter_misc":{"Skriven av":"Shashika Sellgren","Ber\u00e4knad l\u00e4stid":"2 minuter"},"schema":{"@context":"https:\/\/schema.org","@graph":[{"@type":"Article","@id":"https:\/\/www.kompetensforetagen.se\/2021\/03\/darfor-ska-fristaende-leverantorer-rusta-och-matcha-arbetssokande\/#article","isPartOf":{"@id":"https:\/\/www.kompetensforetagen.se\/2021\/03\/darfor-ska-fristaende-leverantorer-rusta-och-matcha-arbetssokande\/"},"author":{"name":"Shashika Sellgren","@id":"https:\/\/www.kompetensforetagen.se\/#\/schema\/person\/38c6b37b81c530c93246c3d1993d5662"},"headline":"D\u00e4rf\u00f6r ska frist\u00e5ende leverant\u00f6rer rusta och matcha arbetss\u00f6kande","datePublished":"2021-03-30T09:22:52+00:00","dateModified":"2023-11-23T14:08:28+00:00","mainEntityOfPage":{"@id":"https:\/\/www.kompetensforetagen.se\/2021\/03\/darfor-ska-fristaende-leverantorer-rusta-och-matcha-arbetssokande\/"},"wordCount":539,"publisher":{"@id":"https:\/\/www.kompetensforetagen.se\/#organization"},"image":{"@id":"https:\/\/www.kompetensforetagen.se\/2021\/03\/darfor-ska-fristaende-leverantorer-rusta-och-matcha-arbetssokande\/#primaryimage"},"thumbnailUrl":"https:\/\/www.kompetensforetagen.se\/app\/uploads\/sites\/5\/2021\/03\/namnlos-design-8-e1622463799569.png","articleSection":["Arbetsf\u00f6rmedlingen","Omst\u00e4llning"],"inLanguage":"sv-SE"},{"@type":"WebPage","@id":"https:\/\/www.kompetensforetagen.se\/2021\/03\/darfor-ska-fristaende-leverantorer-rusta-och-matcha-arbetssokande\/","url":"https:\/\/www.kompetensforetagen.se\/2021\/03\/darfor-ska-fristaende-leverantorer-rusta-och-matcha-arbetssokande\/","name":"D\u00e4rf\u00f6r ska frist\u00e5ende leverant\u00f6rer rusta och matcha arbetss\u00f6kande","isPartOf":{"@id":"https:\/\/www.kompetensforetagen.se\/#website"},"primaryImageOfPage":{"@id":"https:\/\/www.kompetensforetagen.se\/2021\/03\/darfor-ska-fristaende-leverantorer-rusta-och-matcha-arbetssokande\/#primaryimage"},"image":{"@id":"https:\/\/www.kompetensforetagen.se\/2021\/03\/darfor-ska-fristaende-leverantorer-rusta-och-matcha-arbetssokande\/#primaryimage"},"thumbnailUrl":"https:\/\/www.kompetensforetagen.se\/app\/uploads\/sites\/5\/2021\/03\/namnlos-design-8-e1622463799569.png","datePublished":"2021-03-30T09:22:52+00:00","dateModified":"2023-11-23T14:08:28+00:00","description":"Frist\u00e5ende leverant\u00f6rer \u00e4r experter p\u00e5 att se m\u00f6jligheterna hos dem de hj\u00e4lper och d\u00e4rf\u00f6r ska frist\u00e5ende leverant\u00f6rer rusta och matcha.","breadcrumb":{"@id":"https:\/\/www.kompetensforetagen.se\/2021\/03\/darfor-ska-fristaende-leverantorer-rusta-och-matcha-arbetssokande\/#breadcrumb"},"inLanguage":"sv-SE","potentialAction":[{"@type":"ReadAction","target":["https:\/\/www.kompetensforetagen.se\/2021\/03\/darfor-ska-fristaende-leverantorer-rusta-och-matcha-arbetssokande\/"]}]},{"@type":"ImageObject","inLanguage":"sv-SE","@id":"https:\/\/www.kompetensforetagen.se\/2021\/03\/darfor-ska-fristaende-leverantorer-rusta-och-matcha-arbetssokande\/#primaryimage","url":"https:\/\/www.kompetensforetagen.se\/app\/uploads\/sites\/5\/2021\/03\/namnlos-design-8-e1622463799569.png","contentUrl":"https:\/\/www.kompetensforetagen.se\/app\/uploads\/sites\/5\/2021\/03\/namnlos-design-8-e1622463799569.png","width":1920,"height":648,"caption":"Informationsgrafik med nyheter f\u00f6r medlemsf\u00f6retagen."},{"@type":"BreadcrumbList","@id":"https:\/\/www.kompetensforetagen.se\/2021\/03\/darfor-ska-fristaende-leverantorer-rusta-och-matcha-arbetssokande\/#breadcrumb","itemListElement":[{"@type":"ListItem","position":1,"name":"Home","item":"https:\/\/www.kompetensforetagen.se\/"},{"@type":"ListItem","position":2,"name":"D\u00e4rf\u00f6r ska frist\u00e5ende leverant\u00f6rer rusta och matcha arbetss\u00f6kande"}]},{"@type":"WebSite","@id":"https:\/\/www.kompetensforetagen.se\/#website","url":"https:\/\/www.kompetensforetagen.se\/","name":"Kompetensf\u00f6retagen","description":"R\u00e4tt person p\u00e5 r\u00e4tt plats kan f\u00f6r\u00e4ndra v\u00e4rlden","publisher":{"@id":"https:\/\/www.kompetensforetagen.se\/#organization"},"potentialAction":[{"@type":"SearchAction","target":{"@type":"EntryPoint","urlTemplate":"https:\/\/www.kompetensforetagen.se\/?s={search_term_string}"},"query-input":{"@type":"PropertyValueSpecification","valueRequired":true,"valueName":"search_term_string"}}],"inLanguage":"sv-SE"},{"@type":"Organization","@id":"https:\/\/www.kompetensforetagen.se\/#organization","name":"Kompetensf\u00f6retagen","url":"https:\/\/www.kompetensforetagen.se\/","logo":{"@type":"ImageObject","inLanguage":"sv-SE","@id":"https:\/\/www.kompetensforetagen.se\/#\/schema\/logo\/image\/","url":"https:\/\/www.kompetensforetagen.se\/app\/uploads\/sites\/5\/2022\/10\/logga_svart.png","contentUrl":"https:\/\/www.kompetensforetagen.se\/app\/uploads\/sites\/5\/2022\/10\/logga_svart.png","width":752,"height":64,"caption":"Kompetensf\u00f6retagen"},"image":{"@id":"https:\/\/www.kompetensforetagen.se\/#\/schema\/logo\/image\/"},"sameAs":["https:\/\/www.linkedin.com\/company\/10540032\/"]},{"@type":"Person","@id":"https:\/\/www.kompetensforetagen.se\/#\/schema\/person\/38c6b37b81c530c93246c3d1993d5662","name":"Shashika Sellgren","image":{"@type":"ImageObject","inLanguage":"sv-SE","@id":"https:\/\/www.kompetensforetagen.se\/#\/schema\/person\/image\/","url":"https:\/\/secure.gravatar.com\/avatar\/b225c479880df9eb82d1501dd105dd8040f27c8563f3d4bf5dd62ce0a1630abd?s=96&d=mm&r=g","contentUrl":"https:\/\/secure.gravatar.com\/avatar\/b225c479880df9eb82d1501dd105dd8040f27c8563f3d4bf5dd62ce0a1630abd?s=96&d=mm&r=g","caption":"Shashika Sellgren"},"url":"https:\/\/www.kompetensforetagen.se\/person\/shashikasellgren\/"}]}},"_links":{"self":[{"href":"https:\/\/www.kompetensforetagen.se\/api\/wp\/v2\/posts\/6889","targetHints":{"allow":["GET"]}}],"collection":[{"href":"https:\/\/www.kompetensforetagen.se\/api\/wp\/v2\/posts"}],"about":[{"href":"https:\/\/www.kompetensforetagen.se\/api\/wp\/v2\/types\/post"}],"author":[{"embeddable":true,"href":"https:\/\/www.kompetensforetagen.se\/api\/wp\/v2\/users\/6058"}],"replies":[{"embeddable":true,"href":"https:\/\/www.kompetensforetagen.se\/api\/wp\/v2\/comments?post=6889"}],"version-history":[{"count":3,"href":"https:\/\/www.kompetensforetagen.se\/api\/wp\/v2\/posts\/6889\/revisions"}],"predecessor-version":[{"id":15844,"href":"https:\/\/www.kompetensforetagen.se\/api\/wp\/v2\/posts\/6889\/revisions\/15844"}],"wp:featuredmedia":[{"embeddable":true,"href":"https:\/\/www.kompetensforetagen.se\/api\/wp\/v2\/media\/6890"}],"wp:attachment":[{"href":"https:\/\/www.kompetensforetagen.se\/api\/wp\/v2\/media?parent=6889"}],"wp:term":[{"taxonomy":"category","embeddable":true,"href":"https:\/\/www.kompetensforetagen.se\/api\/wp\/v2\/categories?post=6889"},{"taxonomy":"post_tag","embeddable":true,"href":"https:\/\/www.kompetensforetagen.se\/api\/wp\/v2\/tags?post=6889"},{"taxonomy":"type","embeddable":true,"href":"https:\/\/www.kompetensforetagen.se\/api\/wp\/v2\/article_type?post=6889"},{"taxonomy":"agreement","embeddable":true,"href":"https:\/\/www.kompetensforetagen.se\/api\/wp\/v2\/agreement?post=6889"},{"taxonomy":"for-members","embeddable":true,"href":"https:\/\/www.kompetensforetagen.se\/api\/wp\/v2\/for-members?post=6889"}],"curies":[{"name":"wp","href":"https:\/\/api.w.org\/{rel}","templated":true}]}}