{"id":6780,"date":"2021-03-24T15:05:16","date_gmt":"2021-03-24T14:05:16","guid":{"rendered":"https:\/\/www.kompetensforetagen.se\/?p=6780"},"modified":"2023-07-12T10:39:31","modified_gmt":"2023-07-12T08:39:31","slug":"de-fristaende-leverantorerna-krom","status":"publish","type":"post","link":"https:\/\/www.kompetensforetagen.se\/2021\/03\/de-fristaende-leverantorerna-krom\/","title":{"rendered":"De frist\u00e5ende leverant\u00f6rerna &#8211; rusta och matcha"},"content":{"rendered":"\n<p><span data-contrast=\"none\">I mars 2020&nbsp;ersattes&nbsp;<\/span><a href=\"https:\/\/www.kompetensforetagen.se\/stom-stod-och-matchning\/\" target=\"_blank\" rel=\"noreferrer noopener\"><span data-contrast=\"none\">STOM&nbsp;<\/span><\/a><span data-contrast=\"none\">av <a href=\"https:\/\/www.kompetensforetagen.se\/arbetsformedlingen\/krom-rusta-och-matcha\/\" target=\"_blank\" rel=\"noopener noreferrer\">KROM<\/a> i 32 kommuner inom sex leveransomr\u00e5den. KROM \u00e4r ocks\u00e5 ett valfrihetssystem och fungerar p\u00e5 samma s\u00e4tt som STOM g\u00f6r.<\/span><\/p>\n\n\n\n<h3 class=\"wp-block-heading\"><span data-contrast=\"none\">Vilka kan blir leverant\u00f6rer i KROM?<\/span><\/h3>\n\n\n\n<p><span data-contrast=\"none\">Arbetsf\u00f6rmedlingen har&nbsp;<\/span><span data-contrast=\"none\">ut<\/span><span data-contrast=\"none\">format<\/span><span data-contrast=\"none\">&nbsp;och publicerat<\/span><span data-contrast=\"none\">&nbsp;ett f\u00f6rfr\u00e5gningsunderlag<\/span><span data-contrast=\"none\">&nbsp;f\u00f6r KROM<\/span><span data-contrast=\"none\">. D\u00e4r kan frist\u00e5ende akt\u00f6rer ans\u00f6ka om att utf\u00f6ra tj\u00e4nsten i de nya&nbsp;<\/span><span data-contrast=\"none\">regioner eller&nbsp;<\/span><span data-contrast=\"none\">kommuner d\u00e4r KROM finns.&nbsp;<\/span><span data-contrast=\"none\">Leverant\u00f6rer&nbsp;<\/span><span data-contrast=\"none\">som uppfyller kriterierna kommer att kunna<\/span><span data-contrast=\"none\">&nbsp;<\/span><span data-contrast=\"none\">leverera<\/span><span data-contrast=\"none\">&nbsp;<\/span><span data-contrast=\"none\">tj\u00e4nster i KROM.<\/span><span data-ccp-props=\"{&quot;201341983&quot;:0,&quot;335559739&quot;:160,&quot;335559740&quot;:259}\"> M\u00e5nga av dessa leverant\u00f6rer \u00e4r <a href=\"https:\/\/www.kompetensforetagen.se\/auktorisation-2\/ansok-om-auktorisation\/steg-1-villkor-for-auktorisation-kan-foretaget-bli-auktoriserat\/\" target=\"_blank\" rel=\"noopener noreferrer\">auktoriserade medlemmar<\/a> i Kompetensf\u00f6retagen.<\/span><\/p>\n\n\n\n<p><span data-contrast=\"none\">&nbsp;Skillnaden&nbsp;<\/span><span data-contrast=\"none\">mellan KROM och STOM&nbsp;<\/span><span data-contrast=\"none\">\u00e4r<\/span><span data-contrast=\"none\">&nbsp;att kraven p\u00e5 leverant\u00f6rerna \u00e4r annorlunda, bland annat st\u00e4lls krav p\u00e5 tv\u00e5&nbsp;<\/span><span data-contrast=\"none\">tidigare&nbsp;<\/span><span data-contrast=\"none\">referensuppdrag. Ers\u00e4ttningsmodellen \u00e4r ocks\u00e5 f\u00f6r\u00e4ndrad och bygger p\u00e5 en l<\/span><span data-contrast=\"none\">\u00e4gre&nbsp;<\/span><span data-contrast=\"none\">grund<\/span><span data-contrast=\"none\">ers\u00e4ttning<\/span><span data-contrast=\"none\">&nbsp;och med h\u00f6g resultaters\u00e4ttning.<\/span><span data-contrast=\"none\">&nbsp;<\/span><span data-ccp-props=\"{&quot;201341983&quot;:0,&quot;335559739&quot;:160,&quot;335559740&quot;:259}\">&nbsp;<\/span><\/p>\n\n\n\n<h3 class=\"wp-block-heading\">Vad g\u00f6r de frist\u00e5ende leverant\u00f6rerna?<\/h3>\n\n\n\n<p>De frist\u00e5ende leverant\u00f6rerna ska ge den st\u00f6ttning som den arbetss\u00f6kande beh\u00f6ver. Det kan handla om motivationsh\u00f6jande insatser och v\u00e4gledning, eller helt enkelt hj\u00e4lpa personen till kunskap om hur man s\u00f6ker arbete. Finns det behov av spr\u00e5kst\u00f6d ska leverant\u00f6ren \u00e4ven st\u00f6tta med detta.<\/p>\n\n\n\n<h3 class=\"wp-block-heading\">Vilken ers\u00e4ttning f\u00e5r de frist\u00e5ende leverant\u00f6rerna?<\/h3>\n\n\n\n<p>Ers\u00e4ttningen till de frist\u00e5ende leverant\u00f6rerna \u00e4r uppdelad p\u00e5 grunders\u00e4ttning, resultaters\u00e4ttning och snabbhetspremie. Ers\u00e4ttningen \u00e4r \u201cbaktung\u201d, det vill s\u00e4ga att leverant\u00f6rerna f\u00e5r den st\u00f6rsta delen av den totala ers\u00e4ttningen om individerna kommer i varaktig jobb eller utbildning. Enbart grunders\u00e4ttningen \u00e4r l\u00e5g och inneb\u00e4r att det saknas incitament att bara l\u00e5ta personerna vara kvar i systemet. P\u00e5 detta s\u00e4tt ska ers\u00e4ttningssystemet bidra till att de arbetss\u00f6kande snabbt kommer ut i arbete eller studier. Leverant\u00f6rernas ers\u00e4ttningar f\u00f6r de arbetss\u00f6kande beror dessutom p\u00e5 vilken niv\u00e5 som individen placeras i av Arbetsf\u00f6rmedlingen. Hur mycket st\u00f6d den enskilde personen beh\u00f6ver spelar in i storleken p\u00e5 ers\u00e4ttningen till leverant\u00f6ren. Det finns tre olika niv\u00e5er i KROM: A, B och C. Personer som bed\u00f6ms ha ett kortare avst\u00e5nd till arbetsmarknaden placeras i niv\u00e5 A och de med l\u00e4ngre avst\u00e5nd i C. Dessutom \u00e4r ers\u00e4ttningsniv\u00e5erna olika i de olika regionerna.<\/p>\n\n\n\n<p>K\u00e4llor:<\/p>\n\n\n\n<p><a href=\"https:\/\/arbetsformedlingen.se\/for-arbetssokande\/extra-stod\/stod-a-o\/rusta-och-matcha\/fragor-och-svar-om-rusta-och-matcha\" target=\"_blank\" rel=\"noopener\">Arbetsf\u00f6rmedlingens fr\u00e5gor och svar om Rusta och matcha<\/a><\/p>\n\n\n\n<p><a href=\"https:\/\/www.opic.com\/org\/arbetsformedlingen\/kundval-rusta-och-matcha_7f0ff6f40a02fd43d16f614cb5748afd\/?sourceid=5a1e4483c8d0dadb43b41c23bb26001a7534b1a8f6846f8e7e1d4a186cdf55a155aadf4cad2796c3fef06978943e632899f2a2386a9d7cbfcf50fc917980c6e4c4c967fe28a7ff991ef23ae5ff03a8cc\" target=\"_blank\" rel=\"noopener\">Arbetsf\u00f6rmedlingens upphandlingsdokument Rusta och Matcha<\/a><\/p>\n","protected":false},"excerpt":{"rendered":"<p>I mars 2020&nbsp;ersattes&nbsp;STOM&nbsp;av KROM i 32 kommuner inom sex leveransomr\u00e5den. KROM \u00e4r ocks\u00e5 ett valfrihetssystem och fungerar p\u00e5 samma s\u00e4tt som STOM g\u00f6r. Vilka kan blir leverant\u00f6rer i KROM? Arbetsf\u00f6rmedlingen har&nbsp;utformat&nbsp;och publicerat&nbsp;ett f\u00f6rfr\u00e5gningsunderlag&nbsp;f\u00f6r KROM. D\u00e4r &hellip;<\/p>\n","protected":false},"author":6058,"featured_media":6416,"comment_status":"closed","ping_status":"closed","sticky":false,"template":"","format":"standard","meta":{"_acf_changed":false,"footnotes":""},"categories":[192,19],"tags":[],"article_type":[],"agreement":[],"for-members":[],"class_list":["post-6780","post","type-post","status-publish","format-standard","has-post-thumbnail","hentry","category-arbetsformedlingen","category-omstallning"],"acf":[],"yoast_head":"<!-- This site is optimized with the Yoast SEO Premium plugin v26.8 (Yoast SEO v26.8) - https:\/\/yoast.com\/product\/yoast-seo-premium-wordpress\/ -->\n<title>Frist\u00e5ende leverant\u00f6rer i KROM - s\u00e5 fungerar det<\/title>\n<meta name=\"description\" content=\"Vilka kan bli frist\u00e5ende leverant\u00f6rer i KROM? L\u00e4s mer om det h\u00e4r, tillsammans med vad leverant\u00f6rerna g\u00f6r och hur ers\u00e4ttningssystemet ser ut.\" \/>\n<meta name=\"robots\" content=\"index, follow, max-snippet:-1, max-image-preview:large, max-video-preview:-1\" \/>\n<link rel=\"canonical\" href=\"https:\/\/www.kompetensforetagen.se\/2021\/03\/de-fristaende-leverantorerna-krom\/\" \/>\n<meta property=\"og:locale\" content=\"sv_SE\" \/>\n<meta property=\"og:type\" content=\"article\" \/>\n<meta property=\"og:title\" content=\"De frist\u00e5ende leverant\u00f6rerna - rusta och matcha\" \/>\n<meta property=\"og:description\" content=\"Vilka kan bli frist\u00e5ende leverant\u00f6rer i KROM? L\u00e4s mer om det h\u00e4r, tillsammans med vad leverant\u00f6rerna g\u00f6r och hur ers\u00e4ttningssystemet ser ut.\" \/>\n<meta property=\"og:url\" content=\"https:\/\/www.kompetensforetagen.se\/2021\/03\/de-fristaende-leverantorerna-krom\/\" \/>\n<meta property=\"og:site_name\" content=\"Kompetensf\u00f6retagen\" \/>\n<meta property=\"article:published_time\" content=\"2021-03-24T14:05:16+00:00\" \/>\n<meta property=\"article:modified_time\" content=\"2023-07-12T08:39:31+00:00\" \/>\n<meta property=\"og:image\" content=\"https:\/\/www.kompetensforetagen.se\/app\/uploads\/sites\/5\/2021\/02\/radgivning-1180x787-1.jpg\" \/>\n\t<meta property=\"og:image:width\" content=\"1180\" \/>\n\t<meta property=\"og:image:height\" content=\"787\" \/>\n\t<meta property=\"og:image:type\" content=\"image\/jpeg\" \/>\n<meta name=\"author\" content=\"Shashika Sellgren\" \/>\n<meta name=\"twitter:card\" content=\"summary_large_image\" \/>\n<meta name=\"twitter:label1\" content=\"Skriven av\" \/>\n\t<meta name=\"twitter:data1\" content=\"Shashika Sellgren\" \/>\n\t<meta name=\"twitter:label2\" content=\"Ber\u00e4knad l\u00e4stid\" \/>\n\t<meta name=\"twitter:data2\" content=\"2 minuter\" \/>\n<!-- \/ Yoast SEO Premium plugin. -->","yoast_head_json":{"title":"Frist\u00e5ende leverant\u00f6rer i KROM - s\u00e5 fungerar det","description":"Vilka kan bli frist\u00e5ende leverant\u00f6rer i KROM? L\u00e4s mer om det h\u00e4r, tillsammans med vad leverant\u00f6rerna g\u00f6r och hur ers\u00e4ttningssystemet ser ut.","robots":{"index":"index","follow":"follow","max-snippet":"max-snippet:-1","max-image-preview":"max-image-preview:large","max-video-preview":"max-video-preview:-1"},"canonical":"https:\/\/www.kompetensforetagen.se\/2021\/03\/de-fristaende-leverantorerna-krom\/","og_locale":"sv_SE","og_type":"article","og_title":"De frist\u00e5ende leverant\u00f6rerna - rusta och matcha","og_description":"Vilka kan bli frist\u00e5ende leverant\u00f6rer i KROM? L\u00e4s mer om det h\u00e4r, tillsammans med vad leverant\u00f6rerna g\u00f6r och hur ers\u00e4ttningssystemet ser ut.","og_url":"https:\/\/www.kompetensforetagen.se\/2021\/03\/de-fristaende-leverantorerna-krom\/","og_site_name":"Kompetensf\u00f6retagen","article_published_time":"2021-03-24T14:05:16+00:00","article_modified_time":"2023-07-12T08:39:31+00:00","og_image":[{"width":1180,"height":787,"url":"https:\/\/www.kompetensforetagen.se\/app\/uploads\/sites\/5\/2021\/02\/radgivning-1180x787-1.jpg","type":"image\/jpeg"}],"author":"Shashika Sellgren","twitter_card":"summary_large_image","twitter_misc":{"Skriven av":"Shashika Sellgren","Ber\u00e4knad l\u00e4stid":"2 minuter"},"schema":{"@context":"https:\/\/schema.org","@graph":[{"@type":"Article","@id":"https:\/\/www.kompetensforetagen.se\/2021\/03\/de-fristaende-leverantorerna-krom\/#article","isPartOf":{"@id":"https:\/\/www.kompetensforetagen.se\/2021\/03\/de-fristaende-leverantorerna-krom\/"},"author":{"name":"Shashika Sellgren","@id":"https:\/\/www.kompetensforetagen.se\/#\/schema\/person\/38c6b37b81c530c93246c3d1993d5662"},"headline":"De frist\u00e5ende leverant\u00f6rerna &#8211; rusta och matcha","datePublished":"2021-03-24T14:05:16+00:00","dateModified":"2023-07-12T08:39:31+00:00","mainEntityOfPage":{"@id":"https:\/\/www.kompetensforetagen.se\/2021\/03\/de-fristaende-leverantorerna-krom\/"},"wordCount":440,"publisher":{"@id":"https:\/\/www.kompetensforetagen.se\/#organization"},"image":{"@id":"https:\/\/www.kompetensforetagen.se\/2021\/03\/de-fristaende-leverantorerna-krom\/#primaryimage"},"thumbnailUrl":"https:\/\/www.kompetensforetagen.se\/app\/uploads\/sites\/5\/2021\/02\/radgivning-1180x787-1.jpg","articleSection":["Arbetsf\u00f6rmedlingen","Omst\u00e4llning"],"inLanguage":"sv-SE"},{"@type":"WebPage","@id":"https:\/\/www.kompetensforetagen.se\/2021\/03\/de-fristaende-leverantorerna-krom\/","url":"https:\/\/www.kompetensforetagen.se\/2021\/03\/de-fristaende-leverantorerna-krom\/","name":"Frist\u00e5ende leverant\u00f6rer i KROM - s\u00e5 fungerar det","isPartOf":{"@id":"https:\/\/www.kompetensforetagen.se\/#website"},"primaryImageOfPage":{"@id":"https:\/\/www.kompetensforetagen.se\/2021\/03\/de-fristaende-leverantorerna-krom\/#primaryimage"},"image":{"@id":"https:\/\/www.kompetensforetagen.se\/2021\/03\/de-fristaende-leverantorerna-krom\/#primaryimage"},"thumbnailUrl":"https:\/\/www.kompetensforetagen.se\/app\/uploads\/sites\/5\/2021\/02\/radgivning-1180x787-1.jpg","datePublished":"2021-03-24T14:05:16+00:00","dateModified":"2023-07-12T08:39:31+00:00","description":"Vilka kan bli frist\u00e5ende leverant\u00f6rer i KROM? L\u00e4s mer om det h\u00e4r, tillsammans med vad leverant\u00f6rerna g\u00f6r och hur ers\u00e4ttningssystemet ser ut.","breadcrumb":{"@id":"https:\/\/www.kompetensforetagen.se\/2021\/03\/de-fristaende-leverantorerna-krom\/#breadcrumb"},"inLanguage":"sv-SE","potentialAction":[{"@type":"ReadAction","target":["https:\/\/www.kompetensforetagen.se\/2021\/03\/de-fristaende-leverantorerna-krom\/"]}]},{"@type":"ImageObject","inLanguage":"sv-SE","@id":"https:\/\/www.kompetensforetagen.se\/2021\/03\/de-fristaende-leverantorerna-krom\/#primaryimage","url":"https:\/\/www.kompetensforetagen.se\/app\/uploads\/sites\/5\/2021\/02\/radgivning-1180x787-1.jpg","contentUrl":"https:\/\/www.kompetensforetagen.se\/app\/uploads\/sites\/5\/2021\/02\/radgivning-1180x787-1.jpg","width":1180,"height":787,"caption":"Professionell r\u00e5dgivning g\u00e4llande anst\u00e4llningsvillkor och bemanning."},{"@type":"BreadcrumbList","@id":"https:\/\/www.kompetensforetagen.se\/2021\/03\/de-fristaende-leverantorerna-krom\/#breadcrumb","itemListElement":[{"@type":"ListItem","position":1,"name":"Home","item":"https:\/\/www.kompetensforetagen.se\/"},{"@type":"ListItem","position":2,"name":"De frist\u00e5ende leverant\u00f6rerna &#8211; rusta och matcha"}]},{"@type":"WebSite","@id":"https:\/\/www.kompetensforetagen.se\/#website","url":"https:\/\/www.kompetensforetagen.se\/","name":"Kompetensf\u00f6retagen","description":"R\u00e4tt person p\u00e5 r\u00e4tt plats kan f\u00f6r\u00e4ndra v\u00e4rlden","publisher":{"@id":"https:\/\/www.kompetensforetagen.se\/#organization"},"potentialAction":[{"@type":"SearchAction","target":{"@type":"EntryPoint","urlTemplate":"https:\/\/www.kompetensforetagen.se\/?s={search_term_string}"},"query-input":{"@type":"PropertyValueSpecification","valueRequired":true,"valueName":"search_term_string"}}],"inLanguage":"sv-SE"},{"@type":"Organization","@id":"https:\/\/www.kompetensforetagen.se\/#organization","name":"Kompetensf\u00f6retagen","url":"https:\/\/www.kompetensforetagen.se\/","logo":{"@type":"ImageObject","inLanguage":"sv-SE","@id":"https:\/\/www.kompetensforetagen.se\/#\/schema\/logo\/image\/","url":"https:\/\/www.kompetensforetagen.se\/app\/uploads\/sites\/5\/2022\/10\/logga_svart.png","contentUrl":"https:\/\/www.kompetensforetagen.se\/app\/uploads\/sites\/5\/2022\/10\/logga_svart.png","width":752,"height":64,"caption":"Kompetensf\u00f6retagen"},"image":{"@id":"https:\/\/www.kompetensforetagen.se\/#\/schema\/logo\/image\/"},"sameAs":["https:\/\/www.linkedin.com\/company\/10540032\/"]},{"@type":"Person","@id":"https:\/\/www.kompetensforetagen.se\/#\/schema\/person\/38c6b37b81c530c93246c3d1993d5662","name":"Shashika Sellgren","image":{"@type":"ImageObject","inLanguage":"sv-SE","@id":"https:\/\/www.kompetensforetagen.se\/#\/schema\/person\/image\/","url":"https:\/\/secure.gravatar.com\/avatar\/b225c479880df9eb82d1501dd105dd8040f27c8563f3d4bf5dd62ce0a1630abd?s=96&d=mm&r=g","contentUrl":"https:\/\/secure.gravatar.com\/avatar\/b225c479880df9eb82d1501dd105dd8040f27c8563f3d4bf5dd62ce0a1630abd?s=96&d=mm&r=g","caption":"Shashika Sellgren"},"url":"https:\/\/www.kompetensforetagen.se\/person\/shashikasellgren\/"}]}},"_links":{"self":[{"href":"https:\/\/www.kompetensforetagen.se\/api\/wp\/v2\/posts\/6780","targetHints":{"allow":["GET"]}}],"collection":[{"href":"https:\/\/www.kompetensforetagen.se\/api\/wp\/v2\/posts"}],"about":[{"href":"https:\/\/www.kompetensforetagen.se\/api\/wp\/v2\/types\/post"}],"author":[{"embeddable":true,"href":"https:\/\/www.kompetensforetagen.se\/api\/wp\/v2\/users\/6058"}],"replies":[{"embeddable":true,"href":"https:\/\/www.kompetensforetagen.se\/api\/wp\/v2\/comments?post=6780"}],"version-history":[{"count":3,"href":"https:\/\/www.kompetensforetagen.se\/api\/wp\/v2\/posts\/6780\/revisions"}],"predecessor-version":[{"id":14507,"href":"https:\/\/www.kompetensforetagen.se\/api\/wp\/v2\/posts\/6780\/revisions\/14507"}],"wp:featuredmedia":[{"embeddable":true,"href":"https:\/\/www.kompetensforetagen.se\/api\/wp\/v2\/media\/6416"}],"wp:attachment":[{"href":"https:\/\/www.kompetensforetagen.se\/api\/wp\/v2\/media?parent=6780"}],"wp:term":[{"taxonomy":"category","embeddable":true,"href":"https:\/\/www.kompetensforetagen.se\/api\/wp\/v2\/categories?post=6780"},{"taxonomy":"post_tag","embeddable":true,"href":"https:\/\/www.kompetensforetagen.se\/api\/wp\/v2\/tags?post=6780"},{"taxonomy":"type","embeddable":true,"href":"https:\/\/www.kompetensforetagen.se\/api\/wp\/v2\/article_type?post=6780"},{"taxonomy":"agreement","embeddable":true,"href":"https:\/\/www.kompetensforetagen.se\/api\/wp\/v2\/agreement?post=6780"},{"taxonomy":"for-members","embeddable":true,"href":"https:\/\/www.kompetensforetagen.se\/api\/wp\/v2\/for-members?post=6780"}],"curies":[{"name":"wp","href":"https:\/\/api.w.org\/{rel}","templated":true}]}}