{"id":6698,"date":"2021-03-17T15:34:25","date_gmt":"2021-03-17T14:34:25","guid":{"rendered":"https:\/\/www.kompetensforetagen.se\/?p=6698"},"modified":"2023-04-03T16:31:36","modified_gmt":"2023-04-03T14:31:36","slug":"ratt-att-arbetsformedlingen-avslar-karlshamns-ansokan","status":"publish","type":"post","link":"https:\/\/www.kompetensforetagen.se\/2021\/03\/ratt-att-arbetsformedlingen-avslar-karlshamns-ansokan\/","title":{"rendered":"R\u00e4tt att Arbetsf\u00f6rmedlingen avsl\u00e5r Karlshamns ans\u00f6kan"},"content":{"rendered":"\n<p>Karlshamns kommun har f\u00e5tt avslag p\u00e5 sin ans\u00f6kan om att bli leverant\u00f6r f\u00f6r Arbetsf\u00f6rmedlingen,<a href=\"https:\/\/www.svt.se\/nyheter\/lokalt\/blekinge\/beslutet-kommunen-far-inte-driva-en-egen-arbetsformedling\" target=\"_blank\" rel=\"noopener noreferrer\"> rapporterar SVT Blekinge<\/a>. Orsaken anges inte av AF, och de betonar att de inte avg\u00f6r huruvida en kommun kan bli leverant\u00f6r.<\/p>\n\n\n\n<p>&#8211; Oavsett anledning \u00e4r det bra att Arbetsf\u00f6rmedlingen avsl\u00e5r Karlshamns ans\u00f6kan. Kommuner ska inte konkurrera med de frist\u00e5ende leverant\u00f6rerna om dessa uppdrag, s\u00e4ger Patrik Eidfelt, f\u00f6rbundsdirekt\u00f6r Kompetensf\u00f6retagen.<\/p>\n\n\n\n<blockquote class=\"wp-block-quote is-layout-flow wp-block-quote-is-layout-flow\">\n<p>Kommunerna lyder under kommunallagen, som inte ger n\u00e5gra mandat \u00e5t kommunerna att b\u00f6rja s\u00e4lja matchningstj\u00e4nster \u00e5t Arbetsf\u00f6rmedlingen<\/p>\n<\/blockquote>\n\n\n\n<p>I Blekinge finns redan 13 matchningsakt\u00f6rer p\u00e5 plats, varav nio har kontor i Karlshamns kommun. Det \u00e4r b\u00e5de privata f\u00f6retag och folkbildningsakt\u00f6rer. N\u00e5gra tillh\u00f6r stora internationella koncerner, andra \u00e4r lokala f\u00f6retag specialiserade p\u00e5 s\u00f6dra Sverige. Under perioden april till och med december 2020 fick n\u00e4rmare 1 000 Blekingebor st\u00f6d av dessa f\u00f6r att komma i arbete. Att kommunen agerar f\u00f6r att sj\u00e4lv bli leverant\u00f6r \u00e5t Arbetsf\u00f6rmedlingen \u00e4r inte bara h\u00e4pnadsv\u00e4ckande, utan sannolikt olagligt. Att med kommunala skattemedel i ryggen b\u00f6rja erbjuda tj\u00e4nster, som det finns f\u00f6retag som kan utf\u00f6ra, vore d\u00e4rtill ett resurssl\u00f6seri.<\/p>\n\n\n\n<p>Kommunerna lyder under kommunallagen, som inte ger n\u00e5gra mandat \u00e5t kommunerna att b\u00f6rja s\u00e4lja matchningstj\u00e4nster \u00e5t Arbetsf\u00f6rmedlingen.<\/p>\n\n\n\n<p>&#8211; I st\u00e4llet f\u00f6r att anv\u00e4nda skattebetalarnas pengar till att bedriva aff\u00e4rsverksamhet borde kommunen f\u00f6rb\u00e4ttra samarbetet med de etablerade matchningsakt\u00f6rerna, s\u00e4ger Patrik Eidfelt. Att ge b\u00e4ttre st\u00f6d till arbetss\u00f6kande och f\u00f6rb\u00e4ttra matchningen i Karlshamn m\u00e5ste vara fokus. Inte p\u00e5 att bedriva kommunal konkurrerande verksamhet med privata f\u00f6retag. En kommun som vill konkurrera med frist\u00e5ende matchningsakt\u00f6rer om\u00f6jligg\u00f6r ett konstruktivt samarbetsklimat.<\/p>\n\n\n\n<p>Karlshamns kommun \u00e4r \u00e4ven anm\u00e4ld till F\u00f6rvaltningsr\u00e4tten i V\u00e4xj\u00f6. Anm\u00e4laren, en privatperson bosatt i kommunen, menar att kommunens planerade verksamhet kommer att konkurrera med de frist\u00e5ende jobbf\u00f6rmedlingsakt\u00f6rerna.<\/p>\n\n\n\n<p>L\u00e4s \u00e4ven Almegas kommentar <a href=\"https:\/\/via.tt.se\/pressmeddelande\/ratt-att-arbetsformedlingen-avslar-karlshamns-ansokan?publisherId=1965295&amp;releaseId=3295448\" target=\"_blank\" rel=\"noopener noreferrer\">h\u00e4r<\/a>.<\/p>\n","protected":false},"excerpt":{"rendered":"<p>Karlshamns kommun har f\u00e5tt avslag p\u00e5 sin ans\u00f6kan om att bli leverant\u00f6r f\u00f6r Arbetsf\u00f6rmedlingen, rapporterar SVT Blekinge. Orsaken anges inte av AF, och de betonar att de inte avg\u00f6r huruvida en kommun kan bli leverant\u00f6r. &hellip;<\/p>\n","protected":false},"author":6358,"featured_media":5615,"comment_status":"closed","ping_status":"closed","sticky":false,"template":"","format":"standard","meta":{"_acf_changed":false,"footnotes":""},"categories":[192],"tags":[],"article_type":[193],"agreement":[],"for-members":[],"class_list":["post-6698","post","type-post","status-publish","format-standard","has-post-thumbnail","hentry","category-arbetsformedlingen","type-kommentar"],"acf":[],"yoast_head":"<!-- This site is optimized with the Yoast SEO Premium plugin v26.8 (Yoast SEO v26.8) - https:\/\/yoast.com\/product\/yoast-seo-premium-wordpress\/ -->\n<title>R\u00e4tt att Arbetsf\u00f6rmedlingen avsl\u00e5r Karlshamns ans\u00f6kan<\/title>\n<meta name=\"description\" content=\"Kommuner ska inte konkurrera med de frist\u00e5ende leverant\u00f6rerna om dessa uppdrag, s\u00e4ger Patrik Eidfelt, f\u00f6rbundsdirekt\u00f6r Kompetensf\u00f6retagen.\" \/>\n<meta name=\"robots\" content=\"index, follow, max-snippet:-1, max-image-preview:large, max-video-preview:-1\" \/>\n<link rel=\"canonical\" href=\"https:\/\/www.kompetensforetagen.se\/2021\/03\/ratt-att-arbetsformedlingen-avslar-karlshamns-ansokan\/\" \/>\n<meta property=\"og:locale\" content=\"sv_SE\" \/>\n<meta property=\"og:type\" content=\"article\" \/>\n<meta property=\"og:title\" content=\"R\u00e4tt att Arbetsf\u00f6rmedlingen avsl\u00e5r Karlshamns ans\u00f6kan\" \/>\n<meta property=\"og:description\" content=\"Kommuner ska inte konkurrera med de frist\u00e5ende leverant\u00f6rerna om dessa uppdrag, s\u00e4ger Patrik Eidfelt, f\u00f6rbundsdirekt\u00f6r Kompetensf\u00f6retagen.\" \/>\n<meta property=\"og:url\" content=\"https:\/\/www.kompetensforetagen.se\/2021\/03\/ratt-att-arbetsformedlingen-avslar-karlshamns-ansokan\/\" \/>\n<meta property=\"og:site_name\" content=\"Kompetensf\u00f6retagen\" \/>\n<meta property=\"article:published_time\" content=\"2021-03-17T14:34:25+00:00\" \/>\n<meta property=\"article:modified_time\" content=\"2023-04-03T14:31:36+00:00\" \/>\n<meta property=\"og:image\" content=\"https:\/\/www.kompetensforetagen.se\/app\/uploads\/sites\/5\/2020\/12\/dsc0106-scaled.jpg\" \/>\n\t<meta property=\"og:image:width\" content=\"2560\" \/>\n\t<meta property=\"og:image:height\" content=\"1707\" \/>\n\t<meta property=\"og:image:type\" content=\"image\/jpeg\" \/>\n<meta name=\"twitter:card\" content=\"summary_large_image\" \/>\n<meta name=\"twitter:label1\" content=\"Skriven av\" \/>\n\t<meta name=\"twitter:data1\" content=\"\" \/>\n\t<meta name=\"twitter:label2\" content=\"Ber\u00e4knad l\u00e4stid\" \/>\n\t<meta name=\"twitter:data2\" content=\"2 minuter\" \/>\n<!-- \/ Yoast SEO Premium plugin. -->","yoast_head_json":{"title":"R\u00e4tt att Arbetsf\u00f6rmedlingen avsl\u00e5r Karlshamns ans\u00f6kan","description":"Kommuner ska inte konkurrera med de frist\u00e5ende leverant\u00f6rerna om dessa uppdrag, s\u00e4ger Patrik Eidfelt, f\u00f6rbundsdirekt\u00f6r Kompetensf\u00f6retagen.","robots":{"index":"index","follow":"follow","max-snippet":"max-snippet:-1","max-image-preview":"max-image-preview:large","max-video-preview":"max-video-preview:-1"},"canonical":"https:\/\/www.kompetensforetagen.se\/2021\/03\/ratt-att-arbetsformedlingen-avslar-karlshamns-ansokan\/","og_locale":"sv_SE","og_type":"article","og_title":"R\u00e4tt att Arbetsf\u00f6rmedlingen avsl\u00e5r Karlshamns ans\u00f6kan","og_description":"Kommuner ska inte konkurrera med de frist\u00e5ende leverant\u00f6rerna om dessa uppdrag, s\u00e4ger Patrik Eidfelt, f\u00f6rbundsdirekt\u00f6r Kompetensf\u00f6retagen.","og_url":"https:\/\/www.kompetensforetagen.se\/2021\/03\/ratt-att-arbetsformedlingen-avslar-karlshamns-ansokan\/","og_site_name":"Kompetensf\u00f6retagen","article_published_time":"2021-03-17T14:34:25+00:00","article_modified_time":"2023-04-03T14:31:36+00:00","og_image":[{"width":2560,"height":1707,"url":"https:\/\/www.kompetensforetagen.se\/app\/uploads\/sites\/5\/2020\/12\/dsc0106-scaled.jpg","type":"image\/jpeg"}],"twitter_card":"summary_large_image","twitter_misc":{"Skriven av":"","Ber\u00e4knad l\u00e4stid":"2 minuter"},"schema":{"@context":"https:\/\/schema.org","@graph":[{"@type":"Article","@id":"https:\/\/www.kompetensforetagen.se\/2021\/03\/ratt-att-arbetsformedlingen-avslar-karlshamns-ansokan\/#article","isPartOf":{"@id":"https:\/\/www.kompetensforetagen.se\/2021\/03\/ratt-att-arbetsformedlingen-avslar-karlshamns-ansokan\/"},"author":{"name":"","@id":""},"headline":"R\u00e4tt att Arbetsf\u00f6rmedlingen avsl\u00e5r Karlshamns ans\u00f6kan","datePublished":"2021-03-17T14:34:25+00:00","dateModified":"2023-04-03T14:31:36+00:00","mainEntityOfPage":{"@id":"https:\/\/www.kompetensforetagen.se\/2021\/03\/ratt-att-arbetsformedlingen-avslar-karlshamns-ansokan\/"},"wordCount":364,"publisher":{"@id":"https:\/\/www.kompetensforetagen.se\/#organization"},"image":{"@id":"https:\/\/www.kompetensforetagen.se\/2021\/03\/ratt-att-arbetsformedlingen-avslar-karlshamns-ansokan\/#primaryimage"},"thumbnailUrl":"https:\/\/www.kompetensforetagen.se\/app\/uploads\/sites\/5\/2020\/12\/dsc0106-scaled.jpg","articleSection":["Arbetsf\u00f6rmedlingen"],"inLanguage":"sv-SE"},{"@type":"WebPage","@id":"https:\/\/www.kompetensforetagen.se\/2021\/03\/ratt-att-arbetsformedlingen-avslar-karlshamns-ansokan\/","url":"https:\/\/www.kompetensforetagen.se\/2021\/03\/ratt-att-arbetsformedlingen-avslar-karlshamns-ansokan\/","name":"R\u00e4tt att Arbetsf\u00f6rmedlingen avsl\u00e5r Karlshamns ans\u00f6kan","isPartOf":{"@id":"https:\/\/www.kompetensforetagen.se\/#website"},"primaryImageOfPage":{"@id":"https:\/\/www.kompetensforetagen.se\/2021\/03\/ratt-att-arbetsformedlingen-avslar-karlshamns-ansokan\/#primaryimage"},"image":{"@id":"https:\/\/www.kompetensforetagen.se\/2021\/03\/ratt-att-arbetsformedlingen-avslar-karlshamns-ansokan\/#primaryimage"},"thumbnailUrl":"https:\/\/www.kompetensforetagen.se\/app\/uploads\/sites\/5\/2020\/12\/dsc0106-scaled.jpg","datePublished":"2021-03-17T14:34:25+00:00","dateModified":"2023-04-03T14:31:36+00:00","description":"Kommuner ska inte konkurrera med de frist\u00e5ende leverant\u00f6rerna om dessa uppdrag, s\u00e4ger Patrik Eidfelt, f\u00f6rbundsdirekt\u00f6r Kompetensf\u00f6retagen.","breadcrumb":{"@id":"https:\/\/www.kompetensforetagen.se\/2021\/03\/ratt-att-arbetsformedlingen-avslar-karlshamns-ansokan\/#breadcrumb"},"inLanguage":"sv-SE","potentialAction":[{"@type":"ReadAction","target":["https:\/\/www.kompetensforetagen.se\/2021\/03\/ratt-att-arbetsformedlingen-avslar-karlshamns-ansokan\/"]}]},{"@type":"ImageObject","inLanguage":"sv-SE","@id":"https:\/\/www.kompetensforetagen.se\/2021\/03\/ratt-att-arbetsformedlingen-avslar-karlshamns-ansokan\/#primaryimage","url":"https:\/\/www.kompetensforetagen.se\/app\/uploads\/sites\/5\/2020\/12\/dsc0106-scaled.jpg","contentUrl":"https:\/\/www.kompetensforetagen.se\/app\/uploads\/sites\/5\/2020\/12\/dsc0106-scaled.jpg","width":2560,"height":1707,"caption":"Kompetensf\u00f6retagens f\u00f6rbundsdirekt\u00f6r Patrik Eidfelt"},{"@type":"BreadcrumbList","@id":"https:\/\/www.kompetensforetagen.se\/2021\/03\/ratt-att-arbetsformedlingen-avslar-karlshamns-ansokan\/#breadcrumb","itemListElement":[{"@type":"ListItem","position":1,"name":"Home","item":"https:\/\/www.kompetensforetagen.se\/"},{"@type":"ListItem","position":2,"name":"R\u00e4tt att Arbetsf\u00f6rmedlingen avsl\u00e5r Karlshamns ans\u00f6kan"}]},{"@type":"WebSite","@id":"https:\/\/www.kompetensforetagen.se\/#website","url":"https:\/\/www.kompetensforetagen.se\/","name":"Kompetensf\u00f6retagen","description":"R\u00e4tt person p\u00e5 r\u00e4tt plats kan f\u00f6r\u00e4ndra v\u00e4rlden","publisher":{"@id":"https:\/\/www.kompetensforetagen.se\/#organization"},"potentialAction":[{"@type":"SearchAction","target":{"@type":"EntryPoint","urlTemplate":"https:\/\/www.kompetensforetagen.se\/?s={search_term_string}"},"query-input":{"@type":"PropertyValueSpecification","valueRequired":true,"valueName":"search_term_string"}}],"inLanguage":"sv-SE"},{"@type":"Organization","@id":"https:\/\/www.kompetensforetagen.se\/#organization","name":"Kompetensf\u00f6retagen","url":"https:\/\/www.kompetensforetagen.se\/","logo":{"@type":"ImageObject","inLanguage":"sv-SE","@id":"https:\/\/www.kompetensforetagen.se\/#\/schema\/logo\/image\/","url":"https:\/\/www.kompetensforetagen.se\/app\/uploads\/sites\/5\/2022\/10\/logga_svart.png","contentUrl":"https:\/\/www.kompetensforetagen.se\/app\/uploads\/sites\/5\/2022\/10\/logga_svart.png","width":752,"height":64,"caption":"Kompetensf\u00f6retagen"},"image":{"@id":"https:\/\/www.kompetensforetagen.se\/#\/schema\/logo\/image\/"},"sameAs":["https:\/\/www.linkedin.com\/company\/10540032\/"]},{"@type":"Person","@id":"","url":"https:\/\/www.kompetensforetagen.se\/person\/"}]}},"_links":{"self":[{"href":"https:\/\/www.kompetensforetagen.se\/api\/wp\/v2\/posts\/6698","targetHints":{"allow":["GET"]}}],"collection":[{"href":"https:\/\/www.kompetensforetagen.se\/api\/wp\/v2\/posts"}],"about":[{"href":"https:\/\/www.kompetensforetagen.se\/api\/wp\/v2\/types\/post"}],"author":[{"embeddable":true,"href":"https:\/\/www.kompetensforetagen.se\/api\/wp\/v2\/users\/6358"}],"replies":[{"embeddable":true,"href":"https:\/\/www.kompetensforetagen.se\/api\/wp\/v2\/comments?post=6698"}],"version-history":[{"count":1,"href":"https:\/\/www.kompetensforetagen.se\/api\/wp\/v2\/posts\/6698\/revisions"}],"predecessor-version":[{"id":12308,"href":"https:\/\/www.kompetensforetagen.se\/api\/wp\/v2\/posts\/6698\/revisions\/12308"}],"wp:featuredmedia":[{"embeddable":true,"href":"https:\/\/www.kompetensforetagen.se\/api\/wp\/v2\/media\/5615"}],"wp:attachment":[{"href":"https:\/\/www.kompetensforetagen.se\/api\/wp\/v2\/media?parent=6698"}],"wp:term":[{"taxonomy":"category","embeddable":true,"href":"https:\/\/www.kompetensforetagen.se\/api\/wp\/v2\/categories?post=6698"},{"taxonomy":"post_tag","embeddable":true,"href":"https:\/\/www.kompetensforetagen.se\/api\/wp\/v2\/tags?post=6698"},{"taxonomy":"type","embeddable":true,"href":"https:\/\/www.kompetensforetagen.se\/api\/wp\/v2\/article_type?post=6698"},{"taxonomy":"agreement","embeddable":true,"href":"https:\/\/www.kompetensforetagen.se\/api\/wp\/v2\/agreement?post=6698"},{"taxonomy":"for-members","embeddable":true,"href":"https:\/\/www.kompetensforetagen.se\/api\/wp\/v2\/for-members?post=6698"}],"curies":[{"name":"wp","href":"https:\/\/api.w.org\/{rel}","templated":true}]}}