{"id":6606,"date":"2020-03-05T15:35:08","date_gmt":"2020-03-05T14:35:08","guid":{"rendered":"https:\/\/www.kompetensforetagen.se\/?p=6606"},"modified":"2023-03-29T10:47:34","modified_gmt":"2023-03-29T08:47:34","slug":"inhyrda-medarbetare-i-varden-kreicbergsrapporten","status":"publish","type":"post","link":"https:\/\/www.kompetensforetagen.se\/2020\/03\/inhyrda-medarbetare-i-varden-kreicbergsrapporten\/","title":{"rendered":"Inhyrda medarbetare i v\u00e5rden \u2013 Kreicbergs\u00adrapporten"},"content":{"rendered":"\n<p>Under senare \u00e5r har landstingens anv\u00e4ndning av inhyrda medarbetare i v\u00e5rden diskuterats intensivt. Kritikerna menar att anlitandet av bemanningsanst\u00e4llda f\u00f6rs\u00e4mrar patients\u00e4kerheten och f\u00f6rdyrar v\u00e5rden. <a href=\"https:\/\/www.almega.se\/app\/uploads\/sites\/5\/imported\/Inhyrda-medarbetare-i-varden---En-rapport-om-kostnader-av-Kreicbergs-Utredning---Opinion---2017-09-15.pdf\">Denna rapport visar att detta antagande kan ifr\u00e5gas\u00e4ttas.<\/a> Den sammanst\u00e4ller kostnadsutvecklingen inom h\u00e4lso- och sjukv\u00e5rd i landsting och regioner och j\u00e4mf\u00f6rt med utvecklingen av hyreskostnaderna. Slutsatsen \u00e4r att det inte finns n\u00e5got entydigt samband mellan dessa kostnadsposter. I vissa l\u00e4n d\u00e4r hyreskostnaderna \u00f6kat kraftigt har ocks\u00e5 de totala kostnaderna \u00f6kat i snabb takt medan andra haft en total kostnadsutveckling som ligger under riksgenomsnittet.<\/p>\n","protected":false},"excerpt":{"rendered":"<p>Under senare \u00e5r har landstingens anv\u00e4ndning av inhyrda medarbetare i v\u00e5rden diskuterats intensivt. Kritikerna menar att anlitandet av bemanningsanst\u00e4llda f\u00f6rs\u00e4mrar patients\u00e4kerheten och f\u00f6rdyrar v\u00e5rden. Denna rapport visar att detta antagande kan ifr\u00e5gas\u00e4ttas. Den sammanst\u00e4ller kostnadsutvecklingen &hellip;<\/p>\n","protected":false},"author":6058,"featured_media":2883,"comment_status":"closed","ping_status":"closed","sticky":false,"template":"","format":"standard","meta":{"_acf_changed":false,"footnotes":""},"categories":[5],"tags":[],"article_type":[16],"agreement":[],"for-members":[],"class_list":["post-6606","post","type-post","status-publish","format-standard","has-post-thumbnail","hentry","category-vard","type-rapporter"],"acf":[],"yoast_head":"<!-- This site is optimized with the Yoast SEO Premium plugin v26.8 (Yoast SEO v26.8) - https:\/\/yoast.com\/product\/yoast-seo-premium-wordpress\/ -->\n<title>Inhyrda medarbetare i v\u00e5rden \u2013 Kreicbergs\u00adrapporten - Kompetensf\u00f6retagen<\/title>\n<meta name=\"description\" content=\"Inhyrda medarbetare i v\u00e5rden f\u00f6rs\u00e4mrar inte patients\u00e4kerheten och \u00e4r inte dyrare visar Kompetensf\u00f6retagens rapport.\" \/>\n<meta name=\"robots\" content=\"index, follow, max-snippet:-1, max-image-preview:large, max-video-preview:-1\" \/>\n<link rel=\"canonical\" href=\"https:\/\/www.kompetensforetagen.se\/2020\/03\/inhyrda-medarbetare-i-varden-kreicbergsrapporten\/\" \/>\n<meta property=\"og:locale\" content=\"sv_SE\" \/>\n<meta property=\"og:type\" content=\"article\" \/>\n<meta property=\"og:title\" content=\"Inhyrda medarbetare i v\u00e5rden \u2013 Kreicbergs\u00adrapporten\" \/>\n<meta property=\"og:description\" content=\"Inhyrda medarbetare i v\u00e5rden f\u00f6rs\u00e4mrar inte patients\u00e4kerheten och \u00e4r inte dyrare visar Kompetensf\u00f6retagens rapport.\" \/>\n<meta property=\"og:url\" content=\"https:\/\/www.kompetensforetagen.se\/2020\/03\/inhyrda-medarbetare-i-varden-kreicbergsrapporten\/\" \/>\n<meta property=\"og:site_name\" content=\"Kompetensf\u00f6retagen\" \/>\n<meta property=\"article:published_time\" content=\"2020-03-05T14:35:08+00:00\" \/>\n<meta property=\"article:modified_time\" content=\"2023-03-29T08:47:34+00:00\" \/>\n<meta property=\"og:image\" content=\"https:\/\/www.kompetensforetagen.se\/app\/uploads\/sites\/5\/2019\/01\/inhyrda-medarbetare-i-varden-presentation-framsida.jpg\" \/>\n\t<meta property=\"og:image:width\" content=\"980\" \/>\n\t<meta property=\"og:image:height\" content=\"740\" \/>\n\t<meta property=\"og:image:type\" content=\"image\/jpeg\" \/>\n<meta name=\"author\" content=\"Shashika Sellgren\" \/>\n<meta name=\"twitter:card\" content=\"summary_large_image\" \/>\n<meta name=\"twitter:label1\" content=\"Skriven av\" \/>\n\t<meta name=\"twitter:data1\" content=\"Shashika Sellgren\" \/>\n\t<meta name=\"twitter:label2\" content=\"Ber\u00e4knad l\u00e4stid\" \/>\n\t<meta name=\"twitter:data2\" content=\"1 minut\" \/>\n<!-- \/ Yoast SEO Premium plugin. -->","yoast_head_json":{"title":"Inhyrda medarbetare i v\u00e5rden \u2013 Kreicbergs\u00adrapporten - Kompetensf\u00f6retagen","description":"Inhyrda medarbetare i v\u00e5rden f\u00f6rs\u00e4mrar inte patients\u00e4kerheten och \u00e4r inte dyrare visar Kompetensf\u00f6retagens rapport.","robots":{"index":"index","follow":"follow","max-snippet":"max-snippet:-1","max-image-preview":"max-image-preview:large","max-video-preview":"max-video-preview:-1"},"canonical":"https:\/\/www.kompetensforetagen.se\/2020\/03\/inhyrda-medarbetare-i-varden-kreicbergsrapporten\/","og_locale":"sv_SE","og_type":"article","og_title":"Inhyrda medarbetare i v\u00e5rden \u2013 Kreicbergs\u00adrapporten","og_description":"Inhyrda medarbetare i v\u00e5rden f\u00f6rs\u00e4mrar inte patients\u00e4kerheten och \u00e4r inte dyrare visar Kompetensf\u00f6retagens rapport.","og_url":"https:\/\/www.kompetensforetagen.se\/2020\/03\/inhyrda-medarbetare-i-varden-kreicbergsrapporten\/","og_site_name":"Kompetensf\u00f6retagen","article_published_time":"2020-03-05T14:35:08+00:00","article_modified_time":"2023-03-29T08:47:34+00:00","og_image":[{"width":980,"height":740,"url":"https:\/\/www.kompetensforetagen.se\/app\/uploads\/sites\/5\/2019\/01\/inhyrda-medarbetare-i-varden-presentation-framsida.jpg","type":"image\/jpeg"}],"author":"Shashika Sellgren","twitter_card":"summary_large_image","twitter_misc":{"Skriven av":"Shashika Sellgren","Ber\u00e4knad l\u00e4stid":"1 minut"},"schema":{"@context":"https:\/\/schema.org","@graph":[{"@type":"Article","@id":"https:\/\/www.kompetensforetagen.se\/2020\/03\/inhyrda-medarbetare-i-varden-kreicbergsrapporten\/#article","isPartOf":{"@id":"https:\/\/www.kompetensforetagen.se\/2020\/03\/inhyrda-medarbetare-i-varden-kreicbergsrapporten\/"},"author":{"name":"Shashika Sellgren","@id":"https:\/\/www.kompetensforetagen.se\/#\/schema\/person\/38c6b37b81c530c93246c3d1993d5662"},"headline":"Inhyrda medarbetare i v\u00e5rden \u2013 Kreicbergs\u00adrapporten","datePublished":"2020-03-05T14:35:08+00:00","dateModified":"2023-03-29T08:47:34+00:00","mainEntityOfPage":{"@id":"https:\/\/www.kompetensforetagen.se\/2020\/03\/inhyrda-medarbetare-i-varden-kreicbergsrapporten\/"},"wordCount":112,"publisher":{"@id":"https:\/\/www.kompetensforetagen.se\/#organization"},"image":{"@id":"https:\/\/www.kompetensforetagen.se\/2020\/03\/inhyrda-medarbetare-i-varden-kreicbergsrapporten\/#primaryimage"},"thumbnailUrl":"https:\/\/www.kompetensforetagen.se\/app\/uploads\/sites\/5\/2019\/01\/inhyrda-medarbetare-i-varden-presentation-framsida.jpg","articleSection":["V\u00e5rdbemanning"],"inLanguage":"sv-SE"},{"@type":"WebPage","@id":"https:\/\/www.kompetensforetagen.se\/2020\/03\/inhyrda-medarbetare-i-varden-kreicbergsrapporten\/","url":"https:\/\/www.kompetensforetagen.se\/2020\/03\/inhyrda-medarbetare-i-varden-kreicbergsrapporten\/","name":"Inhyrda medarbetare i v\u00e5rden \u2013 Kreicbergs\u00adrapporten - Kompetensf\u00f6retagen","isPartOf":{"@id":"https:\/\/www.kompetensforetagen.se\/#website"},"primaryImageOfPage":{"@id":"https:\/\/www.kompetensforetagen.se\/2020\/03\/inhyrda-medarbetare-i-varden-kreicbergsrapporten\/#primaryimage"},"image":{"@id":"https:\/\/www.kompetensforetagen.se\/2020\/03\/inhyrda-medarbetare-i-varden-kreicbergsrapporten\/#primaryimage"},"thumbnailUrl":"https:\/\/www.kompetensforetagen.se\/app\/uploads\/sites\/5\/2019\/01\/inhyrda-medarbetare-i-varden-presentation-framsida.jpg","datePublished":"2020-03-05T14:35:08+00:00","dateModified":"2023-03-29T08:47:34+00:00","description":"Inhyrda medarbetare i v\u00e5rden f\u00f6rs\u00e4mrar inte patients\u00e4kerheten och \u00e4r inte dyrare visar Kompetensf\u00f6retagens rapport.","breadcrumb":{"@id":"https:\/\/www.kompetensforetagen.se\/2020\/03\/inhyrda-medarbetare-i-varden-kreicbergsrapporten\/#breadcrumb"},"inLanguage":"sv-SE","potentialAction":[{"@type":"ReadAction","target":["https:\/\/www.kompetensforetagen.se\/2020\/03\/inhyrda-medarbetare-i-varden-kreicbergsrapporten\/"]}]},{"@type":"ImageObject","inLanguage":"sv-SE","@id":"https:\/\/www.kompetensforetagen.se\/2020\/03\/inhyrda-medarbetare-i-varden-kreicbergsrapporten\/#primaryimage","url":"https:\/\/www.kompetensforetagen.se\/app\/uploads\/sites\/5\/2019\/01\/inhyrda-medarbetare-i-varden-presentation-framsida.jpg","contentUrl":"https:\/\/www.kompetensforetagen.se\/app\/uploads\/sites\/5\/2019\/01\/inhyrda-medarbetare-i-varden-presentation-framsida.jpg","width":980,"height":740,"caption":"Framsida till presentationen om inhyrda medarbetare i v\u00e5rden"},{"@type":"BreadcrumbList","@id":"https:\/\/www.kompetensforetagen.se\/2020\/03\/inhyrda-medarbetare-i-varden-kreicbergsrapporten\/#breadcrumb","itemListElement":[{"@type":"ListItem","position":1,"name":"Home","item":"https:\/\/www.kompetensforetagen.se\/"},{"@type":"ListItem","position":2,"name":"Inhyrda medarbetare i v\u00e5rden \u2013 Kreicbergs\u00adrapporten"}]},{"@type":"WebSite","@id":"https:\/\/www.kompetensforetagen.se\/#website","url":"https:\/\/www.kompetensforetagen.se\/","name":"Kompetensf\u00f6retagen","description":"R\u00e4tt person p\u00e5 r\u00e4tt plats kan f\u00f6r\u00e4ndra v\u00e4rlden","publisher":{"@id":"https:\/\/www.kompetensforetagen.se\/#organization"},"potentialAction":[{"@type":"SearchAction","target":{"@type":"EntryPoint","urlTemplate":"https:\/\/www.kompetensforetagen.se\/?s={search_term_string}"},"query-input":{"@type":"PropertyValueSpecification","valueRequired":true,"valueName":"search_term_string"}}],"inLanguage":"sv-SE"},{"@type":"Organization","@id":"https:\/\/www.kompetensforetagen.se\/#organization","name":"Kompetensf\u00f6retagen","url":"https:\/\/www.kompetensforetagen.se\/","logo":{"@type":"ImageObject","inLanguage":"sv-SE","@id":"https:\/\/www.kompetensforetagen.se\/#\/schema\/logo\/image\/","url":"https:\/\/www.kompetensforetagen.se\/app\/uploads\/sites\/5\/2022\/10\/logga_svart.png","contentUrl":"https:\/\/www.kompetensforetagen.se\/app\/uploads\/sites\/5\/2022\/10\/logga_svart.png","width":752,"height":64,"caption":"Kompetensf\u00f6retagen"},"image":{"@id":"https:\/\/www.kompetensforetagen.se\/#\/schema\/logo\/image\/"},"sameAs":["https:\/\/www.linkedin.com\/company\/10540032\/"]},{"@type":"Person","@id":"https:\/\/www.kompetensforetagen.se\/#\/schema\/person\/38c6b37b81c530c93246c3d1993d5662","name":"Shashika Sellgren","image":{"@type":"ImageObject","inLanguage":"sv-SE","@id":"https:\/\/www.kompetensforetagen.se\/#\/schema\/person\/image\/","url":"https:\/\/secure.gravatar.com\/avatar\/b225c479880df9eb82d1501dd105dd8040f27c8563f3d4bf5dd62ce0a1630abd?s=96&d=mm&r=g","contentUrl":"https:\/\/secure.gravatar.com\/avatar\/b225c479880df9eb82d1501dd105dd8040f27c8563f3d4bf5dd62ce0a1630abd?s=96&d=mm&r=g","caption":"Shashika Sellgren"},"url":"https:\/\/www.kompetensforetagen.se\/person\/shashikasellgren\/"}]}},"_links":{"self":[{"href":"https:\/\/www.kompetensforetagen.se\/api\/wp\/v2\/posts\/6606","targetHints":{"allow":["GET"]}}],"collection":[{"href":"https:\/\/www.kompetensforetagen.se\/api\/wp\/v2\/posts"}],"about":[{"href":"https:\/\/www.kompetensforetagen.se\/api\/wp\/v2\/types\/post"}],"author":[{"embeddable":true,"href":"https:\/\/www.kompetensforetagen.se\/api\/wp\/v2\/users\/6058"}],"replies":[{"embeddable":true,"href":"https:\/\/www.kompetensforetagen.se\/api\/wp\/v2\/comments?post=6606"}],"version-history":[{"count":2,"href":"https:\/\/www.kompetensforetagen.se\/api\/wp\/v2\/posts\/6606\/revisions"}],"predecessor-version":[{"id":15819,"href":"https:\/\/www.kompetensforetagen.se\/api\/wp\/v2\/posts\/6606\/revisions\/15819"}],"wp:featuredmedia":[{"embeddable":true,"href":"https:\/\/www.kompetensforetagen.se\/api\/wp\/v2\/media\/2883"}],"wp:attachment":[{"href":"https:\/\/www.kompetensforetagen.se\/api\/wp\/v2\/media?parent=6606"}],"wp:term":[{"taxonomy":"category","embeddable":true,"href":"https:\/\/www.kompetensforetagen.se\/api\/wp\/v2\/categories?post=6606"},{"taxonomy":"post_tag","embeddable":true,"href":"https:\/\/www.kompetensforetagen.se\/api\/wp\/v2\/tags?post=6606"},{"taxonomy":"type","embeddable":true,"href":"https:\/\/www.kompetensforetagen.se\/api\/wp\/v2\/article_type?post=6606"},{"taxonomy":"agreement","embeddable":true,"href":"https:\/\/www.kompetensforetagen.se\/api\/wp\/v2\/agreement?post=6606"},{"taxonomy":"for-members","embeddable":true,"href":"https:\/\/www.kompetensforetagen.se\/api\/wp\/v2\/for-members?post=6606"}],"curies":[{"name":"wp","href":"https:\/\/api.w.org\/{rel}","templated":true}]}}