{"id":6594,"date":"2022-09-05T15:00:06","date_gmt":"2022-09-05T13:00:06","guid":{"rendered":"https:\/\/www.kompetensforetagen.se\/?p=6594"},"modified":"2023-10-31T14:44:34","modified_gmt":"2023-10-31T13:44:34","slug":"tio-saker-du-inte-visste-om-inhyrning-i-varden-fakta-om-vardbemanning","status":"publish","type":"post","link":"https:\/\/www.kompetensforetagen.se\/2022\/09\/tio-saker-du-inte-visste-om-inhyrning-i-varden-fakta-om-vardbemanning\/","title":{"rendered":"Tio saker du inte visste om inhyrning i v\u00e5rden &#8211; fakta om v\u00e5rdbemanning"},"content":{"rendered":"\n<p>Det \u00e4r f\u00e5 verksamheter inom v\u00e5rdsektorn som klarar sig endast med egna anst\u00e4llda. Oavsett om v\u00e5rdgivaren \u00e4r privat eller offentlig beh\u00f6ver de i n\u00e5gon m\u00e5n anlita inhyrd kompetens f\u00f6r att f\u00e5 verksamheten att fungera: p\u00e5 sommaren, julen, vid sjukdom eller n\u00e4r kompetensbristen g\u00f6r att det saknas s\u00f6kande till vakanser .Kompetensf\u00f6retag i v\u00e5rden \u00e4r en v\u00e4rdefull resurs f\u00f6r att hantera dessa behov. <a href=\"https:\/\/www.almega.se\/app\/uploads\/sites\/5\/2022\/09\/broschyr-tio-fakta-om-varden.pdf\" target=\"_blank\" rel=\"noopener\">I den h\u00e4r broschyren kan du l\u00e4sa tio fakta du kanske inte k\u00e4nde till\u00a0 om inhyrning i v\u00e5rden.<\/a><\/p>\n","protected":false},"excerpt":{"rendered":"<p>Det \u00e4r f\u00e5 verksamheter inom v\u00e5rdsektorn som klarar sig endast med egna anst\u00e4llda. Oavsett om v\u00e5rdgivaren \u00e4r privat eller offentlig beh\u00f6ver de i n\u00e5gon m\u00e5n anlita inhyrd kompetens f\u00f6r att f\u00e5 verksamheten att fungera: p\u00e5 &hellip;<\/p>\n","protected":false},"author":6058,"featured_media":10528,"comment_status":"closed","ping_status":"closed","sticky":false,"template":"","format":"standard","meta":{"_acf_changed":false,"footnotes":""},"categories":[5],"tags":[],"article_type":[16],"agreement":[],"for-members":[],"class_list":["post-6594","post","type-post","status-publish","format-standard","has-post-thumbnail","hentry","category-vard","type-rapporter"],"acf":[],"yoast_head":"<!-- This site is optimized with the Yoast SEO Premium plugin v26.8 (Yoast SEO v26.8) - https:\/\/yoast.com\/product\/yoast-seo-premium-wordpress\/ -->\n<title>Tio saker du inte visste om inhyrning i v\u00e5rden - fakta om v\u00e5rdbemanning - Kompetensf\u00f6retagen<\/title>\n<meta name=\"description\" content=\"Denna rapport om v\u00e5rdbemanning visar fakta om inhyrning i v\u00e5rden och hur v\u00e5rdbemanning f\u00f6rb\u00e4ttrar den svenska v\u00e5rden.\" \/>\n<meta name=\"robots\" content=\"index, follow, max-snippet:-1, max-image-preview:large, max-video-preview:-1\" \/>\n<link rel=\"canonical\" href=\"https:\/\/www.kompetensforetagen.se\/2022\/09\/tio-saker-du-inte-visste-om-inhyrning-i-varden-fakta-om-vardbemanning\/\" \/>\n<meta property=\"og:locale\" content=\"sv_SE\" \/>\n<meta property=\"og:type\" content=\"article\" \/>\n<meta property=\"og:title\" content=\"Tio saker du inte visste om inhyrning i v\u00e5rden - fakta om v\u00e5rdbemanning\" \/>\n<meta property=\"og:description\" content=\"Denna rapport om v\u00e5rdbemanning visar fakta om inhyrning i v\u00e5rden och hur v\u00e5rdbemanning f\u00f6rb\u00e4ttrar den svenska v\u00e5rden.\" \/>\n<meta property=\"og:url\" content=\"https:\/\/www.kompetensforetagen.se\/2022\/09\/tio-saker-du-inte-visste-om-inhyrning-i-varden-fakta-om-vardbemanning\/\" \/>\n<meta property=\"og:site_name\" content=\"Kompetensf\u00f6retagen\" \/>\n<meta property=\"article:published_time\" content=\"2022-09-05T13:00:06+00:00\" \/>\n<meta property=\"article:modified_time\" content=\"2023-10-31T13:44:34+00:00\" \/>\n<meta property=\"og:image\" content=\"https:\/\/www.kompetensforetagen.se\/app\/uploads\/sites\/5\/2020\/03\/skarmbild-2022-12-19-095135.png\" \/>\n\t<meta property=\"og:image:width\" content=\"787\" \/>\n\t<meta property=\"og:image:height\" content=\"1115\" \/>\n\t<meta property=\"og:image:type\" content=\"image\/png\" \/>\n<meta name=\"author\" content=\"Shashika Sellgren\" \/>\n<meta name=\"twitter:card\" content=\"summary_large_image\" \/>\n<meta name=\"twitter:label1\" content=\"Skriven av\" \/>\n\t<meta name=\"twitter:data1\" content=\"Shashika Sellgren\" \/>\n\t<meta name=\"twitter:label2\" content=\"Ber\u00e4knad l\u00e4stid\" \/>\n\t<meta name=\"twitter:data2\" content=\"1 minut\" \/>\n<!-- \/ Yoast SEO Premium plugin. -->","yoast_head_json":{"title":"Tio saker du inte visste om inhyrning i v\u00e5rden - fakta om v\u00e5rdbemanning - Kompetensf\u00f6retagen","description":"Denna rapport om v\u00e5rdbemanning visar fakta om inhyrning i v\u00e5rden och hur v\u00e5rdbemanning f\u00f6rb\u00e4ttrar den svenska v\u00e5rden.","robots":{"index":"index","follow":"follow","max-snippet":"max-snippet:-1","max-image-preview":"max-image-preview:large","max-video-preview":"max-video-preview:-1"},"canonical":"https:\/\/www.kompetensforetagen.se\/2022\/09\/tio-saker-du-inte-visste-om-inhyrning-i-varden-fakta-om-vardbemanning\/","og_locale":"sv_SE","og_type":"article","og_title":"Tio saker du inte visste om inhyrning i v\u00e5rden - fakta om v\u00e5rdbemanning","og_description":"Denna rapport om v\u00e5rdbemanning visar fakta om inhyrning i v\u00e5rden och hur v\u00e5rdbemanning f\u00f6rb\u00e4ttrar den svenska v\u00e5rden.","og_url":"https:\/\/www.kompetensforetagen.se\/2022\/09\/tio-saker-du-inte-visste-om-inhyrning-i-varden-fakta-om-vardbemanning\/","og_site_name":"Kompetensf\u00f6retagen","article_published_time":"2022-09-05T13:00:06+00:00","article_modified_time":"2023-10-31T13:44:34+00:00","og_image":[{"width":787,"height":1115,"url":"https:\/\/www.kompetensforetagen.se\/app\/uploads\/sites\/5\/2020\/03\/skarmbild-2022-12-19-095135.png","type":"image\/png"}],"author":"Shashika Sellgren","twitter_card":"summary_large_image","twitter_misc":{"Skriven av":"Shashika Sellgren","Ber\u00e4knad l\u00e4stid":"1 minut"},"schema":{"@context":"https:\/\/schema.org","@graph":[{"@type":"Article","@id":"https:\/\/www.kompetensforetagen.se\/2022\/09\/tio-saker-du-inte-visste-om-inhyrning-i-varden-fakta-om-vardbemanning\/#article","isPartOf":{"@id":"https:\/\/www.kompetensforetagen.se\/2022\/09\/tio-saker-du-inte-visste-om-inhyrning-i-varden-fakta-om-vardbemanning\/"},"author":{"name":"Shashika Sellgren","@id":"https:\/\/www.kompetensforetagen.se\/#\/schema\/person\/38c6b37b81c530c93246c3d1993d5662"},"headline":"Tio saker du inte visste om inhyrning i v\u00e5rden &#8211; fakta om v\u00e5rdbemanning","datePublished":"2022-09-05T13:00:06+00:00","dateModified":"2023-10-31T13:44:34+00:00","mainEntityOfPage":{"@id":"https:\/\/www.kompetensforetagen.se\/2022\/09\/tio-saker-du-inte-visste-om-inhyrning-i-varden-fakta-om-vardbemanning\/"},"wordCount":112,"publisher":{"@id":"https:\/\/www.kompetensforetagen.se\/#organization"},"image":{"@id":"https:\/\/www.kompetensforetagen.se\/2022\/09\/tio-saker-du-inte-visste-om-inhyrning-i-varden-fakta-om-vardbemanning\/#primaryimage"},"thumbnailUrl":"https:\/\/www.kompetensforetagen.se\/app\/uploads\/sites\/5\/2020\/03\/skarmbild-2022-12-19-095135.png","articleSection":["V\u00e5rdbemanning"],"inLanguage":"sv-SE"},{"@type":"WebPage","@id":"https:\/\/www.kompetensforetagen.se\/2022\/09\/tio-saker-du-inte-visste-om-inhyrning-i-varden-fakta-om-vardbemanning\/","url":"https:\/\/www.kompetensforetagen.se\/2022\/09\/tio-saker-du-inte-visste-om-inhyrning-i-varden-fakta-om-vardbemanning\/","name":"Tio saker du inte visste om inhyrning i v\u00e5rden - fakta om v\u00e5rdbemanning - Kompetensf\u00f6retagen","isPartOf":{"@id":"https:\/\/www.kompetensforetagen.se\/#website"},"primaryImageOfPage":{"@id":"https:\/\/www.kompetensforetagen.se\/2022\/09\/tio-saker-du-inte-visste-om-inhyrning-i-varden-fakta-om-vardbemanning\/#primaryimage"},"image":{"@id":"https:\/\/www.kompetensforetagen.se\/2022\/09\/tio-saker-du-inte-visste-om-inhyrning-i-varden-fakta-om-vardbemanning\/#primaryimage"},"thumbnailUrl":"https:\/\/www.kompetensforetagen.se\/app\/uploads\/sites\/5\/2020\/03\/skarmbild-2022-12-19-095135.png","datePublished":"2022-09-05T13:00:06+00:00","dateModified":"2023-10-31T13:44:34+00:00","description":"Denna rapport om v\u00e5rdbemanning visar fakta om inhyrning i v\u00e5rden och hur v\u00e5rdbemanning f\u00f6rb\u00e4ttrar den svenska v\u00e5rden.","breadcrumb":{"@id":"https:\/\/www.kompetensforetagen.se\/2022\/09\/tio-saker-du-inte-visste-om-inhyrning-i-varden-fakta-om-vardbemanning\/#breadcrumb"},"inLanguage":"sv-SE","potentialAction":[{"@type":"ReadAction","target":["https:\/\/www.kompetensforetagen.se\/2022\/09\/tio-saker-du-inte-visste-om-inhyrning-i-varden-fakta-om-vardbemanning\/"]}]},{"@type":"ImageObject","inLanguage":"sv-SE","@id":"https:\/\/www.kompetensforetagen.se\/2022\/09\/tio-saker-du-inte-visste-om-inhyrning-i-varden-fakta-om-vardbemanning\/#primaryimage","url":"https:\/\/www.kompetensforetagen.se\/app\/uploads\/sites\/5\/2020\/03\/skarmbild-2022-12-19-095135.png","contentUrl":"https:\/\/www.kompetensforetagen.se\/app\/uploads\/sites\/5\/2020\/03\/skarmbild-2022-12-19-095135.png","width":787,"height":1115,"caption":"rapportframsida 10 fakta om v\u00e5rdbemanning"},{"@type":"BreadcrumbList","@id":"https:\/\/www.kompetensforetagen.se\/2022\/09\/tio-saker-du-inte-visste-om-inhyrning-i-varden-fakta-om-vardbemanning\/#breadcrumb","itemListElement":[{"@type":"ListItem","position":1,"name":"Home","item":"https:\/\/www.kompetensforetagen.se\/"},{"@type":"ListItem","position":2,"name":"Tio saker du inte visste om inhyrning i v\u00e5rden &#8211; fakta om v\u00e5rdbemanning"}]},{"@type":"WebSite","@id":"https:\/\/www.kompetensforetagen.se\/#website","url":"https:\/\/www.kompetensforetagen.se\/","name":"Kompetensf\u00f6retagen","description":"R\u00e4tt person p\u00e5 r\u00e4tt plats kan f\u00f6r\u00e4ndra v\u00e4rlden","publisher":{"@id":"https:\/\/www.kompetensforetagen.se\/#organization"},"potentialAction":[{"@type":"SearchAction","target":{"@type":"EntryPoint","urlTemplate":"https:\/\/www.kompetensforetagen.se\/?s={search_term_string}"},"query-input":{"@type":"PropertyValueSpecification","valueRequired":true,"valueName":"search_term_string"}}],"inLanguage":"sv-SE"},{"@type":"Organization","@id":"https:\/\/www.kompetensforetagen.se\/#organization","name":"Kompetensf\u00f6retagen","url":"https:\/\/www.kompetensforetagen.se\/","logo":{"@type":"ImageObject","inLanguage":"sv-SE","@id":"https:\/\/www.kompetensforetagen.se\/#\/schema\/logo\/image\/","url":"https:\/\/www.kompetensforetagen.se\/app\/uploads\/sites\/5\/2022\/10\/logga_svart.png","contentUrl":"https:\/\/www.kompetensforetagen.se\/app\/uploads\/sites\/5\/2022\/10\/logga_svart.png","width":752,"height":64,"caption":"Kompetensf\u00f6retagen"},"image":{"@id":"https:\/\/www.kompetensforetagen.se\/#\/schema\/logo\/image\/"},"sameAs":["https:\/\/www.linkedin.com\/company\/10540032\/"]},{"@type":"Person","@id":"https:\/\/www.kompetensforetagen.se\/#\/schema\/person\/38c6b37b81c530c93246c3d1993d5662","name":"Shashika Sellgren","image":{"@type":"ImageObject","inLanguage":"sv-SE","@id":"https:\/\/www.kompetensforetagen.se\/#\/schema\/person\/image\/","url":"https:\/\/secure.gravatar.com\/avatar\/b225c479880df9eb82d1501dd105dd8040f27c8563f3d4bf5dd62ce0a1630abd?s=96&d=mm&r=g","contentUrl":"https:\/\/secure.gravatar.com\/avatar\/b225c479880df9eb82d1501dd105dd8040f27c8563f3d4bf5dd62ce0a1630abd?s=96&d=mm&r=g","caption":"Shashika Sellgren"},"url":"https:\/\/www.kompetensforetagen.se\/person\/shashikasellgren\/"}]}},"_links":{"self":[{"href":"https:\/\/www.kompetensforetagen.se\/api\/wp\/v2\/posts\/6594","targetHints":{"allow":["GET"]}}],"collection":[{"href":"https:\/\/www.kompetensforetagen.se\/api\/wp\/v2\/posts"}],"about":[{"href":"https:\/\/www.kompetensforetagen.se\/api\/wp\/v2\/types\/post"}],"author":[{"embeddable":true,"href":"https:\/\/www.kompetensforetagen.se\/api\/wp\/v2\/users\/6058"}],"replies":[{"embeddable":true,"href":"https:\/\/www.kompetensforetagen.se\/api\/wp\/v2\/comments?post=6594"}],"version-history":[{"count":3,"href":"https:\/\/www.kompetensforetagen.se\/api\/wp\/v2\/posts\/6594\/revisions"}],"predecessor-version":[{"id":15545,"href":"https:\/\/www.kompetensforetagen.se\/api\/wp\/v2\/posts\/6594\/revisions\/15545"}],"wp:featuredmedia":[{"embeddable":true,"href":"https:\/\/www.kompetensforetagen.se\/api\/wp\/v2\/media\/10528"}],"wp:attachment":[{"href":"https:\/\/www.kompetensforetagen.se\/api\/wp\/v2\/media?parent=6594"}],"wp:term":[{"taxonomy":"category","embeddable":true,"href":"https:\/\/www.kompetensforetagen.se\/api\/wp\/v2\/categories?post=6594"},{"taxonomy":"post_tag","embeddable":true,"href":"https:\/\/www.kompetensforetagen.se\/api\/wp\/v2\/tags?post=6594"},{"taxonomy":"type","embeddable":true,"href":"https:\/\/www.kompetensforetagen.se\/api\/wp\/v2\/article_type?post=6594"},{"taxonomy":"agreement","embeddable":true,"href":"https:\/\/www.kompetensforetagen.se\/api\/wp\/v2\/agreement?post=6594"},{"taxonomy":"for-members","embeddable":true,"href":"https:\/\/www.kompetensforetagen.se\/api\/wp\/v2\/for-members?post=6594"}],"curies":[{"name":"wp","href":"https:\/\/api.w.org\/{rel}","templated":true}]}}