{"id":6583,"date":"2021-03-05T13:45:44","date_gmt":"2021-03-05T12:45:44","guid":{"rendered":"https:\/\/www.kompetensforetagen.se\/?p=6583"},"modified":"2023-04-03T16:26:13","modified_gmt":"2023-04-03T14:26:13","slug":"internationellt-samarbete-for-saker-atergang-till-arbetet-safely-back-to-work","status":"publish","type":"post","link":"https:\/\/www.kompetensforetagen.se\/2021\/03\/internationellt-samarbete-for-saker-atergang-till-arbetet-safely-back-to-work\/","title":{"rendered":"Internationellt samarbete f\u00f6r s\u00e4ker \u00e5terg\u00e5ng till arbetet"},"content":{"rendered":"\n<p><span data-contrast=\"auto\">Internationellt\u00a0jobbar kompetensbranschen\u00a0ocks\u00e5\u00a0ansvarfullt f\u00f6r\u00a0s\u00e4ker \u00e5terg\u00e5ng till arbetet.\u00a0V\u00e4rldens tre st\u00f6rsta kompetensf\u00f6retag,\u00a0The\u00a0Adecco\u00a0Group, ManpowerGroup och Randstad, skapade redan i mars 2020 en allians,\u00a0Safely\u00a0back to\u00a0work\u00a0in the new normal.\u00a0Med\u00a0detta\u00a0samarbete\u00a0vill man\u00a0m\u00f6jligg\u00f6ra\u00a0trygga arbetsplatser,\u00a0f\u00f6r b\u00e5de f\u00f6retag och anst\u00e4llda. I\u00a0f\u00f6rl\u00e4ngningen utg\u00f6r\u00a0detta ett\u00a0betydelsefullt\u00a0bidrag till att st\u00e4rka \u00e5terh\u00e4mtningen av\u00a0v\u00e4rldsekonomin.\u00a0\u00a0<\/span><\/p>\n\n\n\n<blockquote class=\"wp-block-quote is-layout-flow wp-block-quote-is-layout-flow\">\n<p><span data-contrast=\"auto\">Den\u00a0inneh\u00e5ller mer \u00e4n 100 m\u00f6jliga \u00e5tg\u00e4rder som kan fungera som komplement till lands- och branschspecifika rekommendationer och r\u00e5d<\/span><\/p>\n<\/blockquote>\n\n\n\n<p><span data-contrast=\"auto\">&#8211; Vi hoppas kunna hj\u00e4lpa f\u00f6retag och organisationer att erbjuda en s\u00e4krare arbetsmilj\u00f6 f\u00f6r sina anst\u00e4llda genom att samla, strukturera och sprida v\u00e4rdefulla l\u00e4rdomar och f\u00f6rslag p\u00e5 konkreta \u00e5tg\u00e4rder, ber\u00e4ttar Randstads,&nbsp;<\/span><span data-contrast=\"auto\">ManpowerGroups<\/span><span data-contrast=\"auto\">&nbsp;och&nbsp;<\/span><span data-contrast=\"auto\">The&nbsp;<\/span><span data-contrast=\"auto\">Adecco Groups Sverigechefer i ett gemensamt uttalande.<\/span><span data-ccp-props=\"{&quot;201341983&quot;:0,&quot;335559739&quot;:160,&quot;335559740&quot;:259}\">&nbsp;<\/span><\/p>\n\n\n\n<h3 class=\"wp-block-heading\">Komplement till&nbsp;landspecifika r\u00e5d<\/h3>\n\n\n\n<p><span data-contrast=\"auto\">Alliansen&nbsp;<\/span><span data-contrast=\"auto\">har utformat den utf\u00f6rliga s<\/span><span data-contrast=\"auto\">kriften \u201cBest&nbsp;<\/span><span data-contrast=\"auto\">Practice<\/span><span data-contrast=\"auto\">&nbsp;Health and&nbsp;<\/span><span data-contrast=\"auto\">Safety<\/span><span data-contrast=\"auto\">&nbsp;<\/span><span data-contrast=\"auto\">Protocols<\/span><span data-contrast=\"auto\">\u201d<\/span><span data-contrast=\"auto\">. Den<\/span><span data-contrast=\"auto\">&nbsp;inneh\u00e5ller mer \u00e4n 100 m\u00f6jliga \u00e5tg\u00e4rder som kan fungera som komplement till lands- och branschspecifika rekommendationer och r\u00e5d.&nbsp;<\/span><span data-contrast=\"auto\">I l\u00e4nder som inte har starka myndigheter som<\/span><span data-contrast=\"auto\">&nbsp;Sverige kan b<\/span><span data-contrast=\"auto\">ranschorganisationer, fackf\u00f6reningar, arbetsgivare, regeringar, myndigheter och andra akt\u00f6rer bidra till att utforma dessa&nbsp;<\/span><span data-contrast=\"auto\">\u00e5tg\u00e4rder&nbsp;<\/span><span data-contrast=\"auto\">efter<\/span><span data-contrast=\"auto\">&nbsp;de egna f\u00f6ruts\u00e4ttningarna.<\/span><span data-ccp-props=\"{&quot;201341983&quot;:0,&quot;335559739&quot;:160,&quot;335559740&quot;:259}\">&nbsp;<\/span><\/p>\n\n\n\n<h3 class=\"wp-block-heading\">Ut\u00f6kat internationellt samarbete&nbsp;f\u00f6r s\u00e4ker \u00e5terg\u00e5ng&nbsp; till arbetet<\/h3>\n\n\n\n<p><span data-contrast=\"auto\">Alliansen&nbsp;<\/span><span data-contrast=\"auto\">har ut\u00f6kats&nbsp;<\/span><span data-contrast=\"auto\">och leds nu av den globala branschorganisationen<a href=\"https:\/\/www.kompetensforetagen.se\/internationellt\/\" target=\"_blank\" rel=\"noopener noreferrer\"> World Employment Confederation <\/a><\/span><span data-contrast=\"auto\">(WEC)<\/span><span data-contrast=\"auto\">&nbsp;f\u00f6r att n\u00e5 ut globalt med st\u00f6ttningen.&nbsp;<\/span><span data-contrast=\"auto\">&nbsp;<\/span><span data-contrast=\"auto\">WEC:s insats kallas Alliance&nbsp;<\/span><span data-contrast=\"auto\">Taskforce<\/span><span data-contrast=\"auto\">. AT<\/span><span data-contrast=\"auto\">&nbsp;<\/span><span data-contrast=\"auto\">jobbar \u00e4ven med att titta fram\u00e5t p\u00e5 hur&nbsp;<\/span><span data-contrast=\"auto\">vi i breda&nbsp;<\/span><span data-contrast=\"auto\">samh\u00e4lls<\/span><span data-contrast=\"auto\">samarbeten ska kunna vara mer f\u00f6rberedda f\u00f6r att hantera&nbsp;<\/span><span data-contrast=\"auto\">framtida<\/span><span data-contrast=\"auto\">&nbsp;kriser.&nbsp;<\/span><span data-contrast=\"auto\">&nbsp;<\/span><span data-contrast=\"auto\">Som hj\u00e4lp har de den v\u00e4rldsomsp\u00e4nnande kompetensbranschen,&nbsp;<\/span><span data-contrast=\"auto\">vars erfarenheter fr\u00e5n corona<\/span><span data-contrast=\"auto\">pandemin<\/span><span data-contrast=\"auto\">&nbsp;<\/span><span data-contrast=\"auto\">kan bidra med slutsatser och l\u00f6sningar f\u00f6r en h\u00e5llbar arbetsmarknad i det nya normal<\/span><span data-contrast=\"auto\">.<\/span><span data-ccp-props=\"{&quot;201341983&quot;:0,&quot;335559739&quot;:160,&quot;335559740&quot;:259}\">&nbsp;<\/span><\/p>\n\n\n\n<p><span data-contrast=\"auto\"><a href=\"https:\/\/weceurope.org\/private-employment-industry\/safely-back-to-work-in-the-new-normal-alliance\/\">L\u00e4s mer om samarbetet.<\/a>&nbsp;<\/span><\/p>\n","protected":false},"excerpt":{"rendered":"<p>Internationellt\u00a0jobbar kompetensbranschen\u00a0ocks\u00e5\u00a0ansvarfullt f\u00f6r\u00a0s\u00e4ker \u00e5terg\u00e5ng till arbetet.\u00a0V\u00e4rldens tre st\u00f6rsta kompetensf\u00f6retag,\u00a0The\u00a0Adecco\u00a0Group, ManpowerGroup och Randstad, skapade redan i mars 2020 en allians,\u00a0Safely\u00a0back to\u00a0work\u00a0in the new normal.\u00a0Med\u00a0detta\u00a0samarbete\u00a0vill man\u00a0m\u00f6jligg\u00f6ra\u00a0trygga arbetsplatser,\u00a0f\u00f6r b\u00e5de f\u00f6retag och anst\u00e4llda. I\u00a0f\u00f6rl\u00e4ngningen utg\u00f6r\u00a0detta ett\u00a0betydelsefullt\u00a0bidrag till att st\u00e4rka &hellip;<\/p>\n","protected":false},"author":6058,"featured_media":6416,"comment_status":"closed","ping_status":"closed","sticky":false,"template":"","format":"standard","meta":{"_acf_changed":false,"footnotes":""},"categories":[185],"tags":[],"article_type":[16],"agreement":[],"for-members":[],"class_list":["post-6583","post","type-post","status-publish","format-standard","has-post-thumbnail","hentry","category-corona","type-rapporter"],"acf":[],"yoast_head":"<!-- This site is optimized with the Yoast SEO Premium plugin v26.8 (Yoast SEO v26.8) - https:\/\/yoast.com\/product\/yoast-seo-premium-wordpress\/ -->\n<title>Internationellt samarbete f\u00f6r s\u00e4ker \u00e5terg\u00e5ng till arbetet<\/title>\n<meta name=\"description\" content=\"I ett Internationellt samarbete f\u00f6r s\u00e4ker \u00e5terg\u00e5ng till arbete samarbetade The\u00a0Adecco\u00a0Group, Manpower och Randstad; Safely\u00a0back to\u00a0work.\" \/>\n<meta name=\"robots\" content=\"index, follow, max-snippet:-1, max-image-preview:large, max-video-preview:-1\" \/>\n<link rel=\"canonical\" href=\"https:\/\/www.kompetensforetagen.se\/2021\/03\/internationellt-samarbete-for-saker-atergang-till-arbetet-safely-back-to-work\/\" \/>\n<meta property=\"og:locale\" content=\"sv_SE\" \/>\n<meta property=\"og:type\" content=\"article\" \/>\n<meta property=\"og:title\" content=\"Internationellt samarbete f\u00f6r s\u00e4ker \u00e5terg\u00e5ng till arbetet\" \/>\n<meta property=\"og:description\" content=\"I ett Internationellt samarbete f\u00f6r s\u00e4ker \u00e5terg\u00e5ng till arbete samarbetade The\u00a0Adecco\u00a0Group, Manpower och Randstad; Safely\u00a0back to\u00a0work.\" \/>\n<meta property=\"og:url\" content=\"https:\/\/www.kompetensforetagen.se\/2021\/03\/internationellt-samarbete-for-saker-atergang-till-arbetet-safely-back-to-work\/\" \/>\n<meta property=\"og:site_name\" content=\"Kompetensf\u00f6retagen\" \/>\n<meta property=\"article:published_time\" content=\"2021-03-05T12:45:44+00:00\" \/>\n<meta property=\"article:modified_time\" content=\"2023-04-03T14:26:13+00:00\" \/>\n<meta property=\"og:image\" content=\"https:\/\/www.kompetensforetagen.se\/app\/uploads\/sites\/5\/2021\/02\/radgivning-1180x787-1.jpg\" \/>\n\t<meta property=\"og:image:width\" content=\"1180\" \/>\n\t<meta property=\"og:image:height\" content=\"787\" \/>\n\t<meta property=\"og:image:type\" content=\"image\/jpeg\" \/>\n<meta name=\"author\" content=\"Shashika Sellgren\" \/>\n<meta name=\"twitter:card\" content=\"summary_large_image\" \/>\n<meta name=\"twitter:label1\" content=\"Skriven av\" \/>\n\t<meta name=\"twitter:data1\" content=\"Shashika Sellgren\" \/>\n\t<meta name=\"twitter:label2\" content=\"Ber\u00e4knad l\u00e4stid\" \/>\n\t<meta name=\"twitter:data2\" content=\"2 minuter\" \/>\n<!-- \/ Yoast SEO Premium plugin. -->","yoast_head_json":{"title":"Internationellt samarbete f\u00f6r s\u00e4ker \u00e5terg\u00e5ng till arbetet","description":"I ett Internationellt samarbete f\u00f6r s\u00e4ker \u00e5terg\u00e5ng till arbete samarbetade The\u00a0Adecco\u00a0Group, Manpower och Randstad; Safely\u00a0back to\u00a0work.","robots":{"index":"index","follow":"follow","max-snippet":"max-snippet:-1","max-image-preview":"max-image-preview:large","max-video-preview":"max-video-preview:-1"},"canonical":"https:\/\/www.kompetensforetagen.se\/2021\/03\/internationellt-samarbete-for-saker-atergang-till-arbetet-safely-back-to-work\/","og_locale":"sv_SE","og_type":"article","og_title":"Internationellt samarbete f\u00f6r s\u00e4ker \u00e5terg\u00e5ng till arbetet","og_description":"I ett Internationellt samarbete f\u00f6r s\u00e4ker \u00e5terg\u00e5ng till arbete samarbetade The\u00a0Adecco\u00a0Group, Manpower och Randstad; Safely\u00a0back to\u00a0work.","og_url":"https:\/\/www.kompetensforetagen.se\/2021\/03\/internationellt-samarbete-for-saker-atergang-till-arbetet-safely-back-to-work\/","og_site_name":"Kompetensf\u00f6retagen","article_published_time":"2021-03-05T12:45:44+00:00","article_modified_time":"2023-04-03T14:26:13+00:00","og_image":[{"width":1180,"height":787,"url":"https:\/\/www.kompetensforetagen.se\/app\/uploads\/sites\/5\/2021\/02\/radgivning-1180x787-1.jpg","type":"image\/jpeg"}],"author":"Shashika Sellgren","twitter_card":"summary_large_image","twitter_misc":{"Skriven av":"Shashika Sellgren","Ber\u00e4knad l\u00e4stid":"2 minuter"},"schema":{"@context":"https:\/\/schema.org","@graph":[{"@type":"Article","@id":"https:\/\/www.kompetensforetagen.se\/2021\/03\/internationellt-samarbete-for-saker-atergang-till-arbetet-safely-back-to-work\/#article","isPartOf":{"@id":"https:\/\/www.kompetensforetagen.se\/2021\/03\/internationellt-samarbete-for-saker-atergang-till-arbetet-safely-back-to-work\/"},"author":{"name":"Shashika Sellgren","@id":"https:\/\/www.kompetensforetagen.se\/#\/schema\/person\/38c6b37b81c530c93246c3d1993d5662"},"headline":"Internationellt samarbete f\u00f6r s\u00e4ker \u00e5terg\u00e5ng till arbetet","datePublished":"2021-03-05T12:45:44+00:00","dateModified":"2023-04-03T14:26:13+00:00","mainEntityOfPage":{"@id":"https:\/\/www.kompetensforetagen.se\/2021\/03\/internationellt-samarbete-for-saker-atergang-till-arbetet-safely-back-to-work\/"},"wordCount":382,"publisher":{"@id":"https:\/\/www.kompetensforetagen.se\/#organization"},"image":{"@id":"https:\/\/www.kompetensforetagen.se\/2021\/03\/internationellt-samarbete-for-saker-atergang-till-arbetet-safely-back-to-work\/#primaryimage"},"thumbnailUrl":"https:\/\/www.kompetensforetagen.se\/app\/uploads\/sites\/5\/2021\/02\/radgivning-1180x787-1.jpg","articleSection":["Corona"],"inLanguage":"sv-SE"},{"@type":"WebPage","@id":"https:\/\/www.kompetensforetagen.se\/2021\/03\/internationellt-samarbete-for-saker-atergang-till-arbetet-safely-back-to-work\/","url":"https:\/\/www.kompetensforetagen.se\/2021\/03\/internationellt-samarbete-for-saker-atergang-till-arbetet-safely-back-to-work\/","name":"Internationellt samarbete f\u00f6r s\u00e4ker \u00e5terg\u00e5ng till arbetet","isPartOf":{"@id":"https:\/\/www.kompetensforetagen.se\/#website"},"primaryImageOfPage":{"@id":"https:\/\/www.kompetensforetagen.se\/2021\/03\/internationellt-samarbete-for-saker-atergang-till-arbetet-safely-back-to-work\/#primaryimage"},"image":{"@id":"https:\/\/www.kompetensforetagen.se\/2021\/03\/internationellt-samarbete-for-saker-atergang-till-arbetet-safely-back-to-work\/#primaryimage"},"thumbnailUrl":"https:\/\/www.kompetensforetagen.se\/app\/uploads\/sites\/5\/2021\/02\/radgivning-1180x787-1.jpg","datePublished":"2021-03-05T12:45:44+00:00","dateModified":"2023-04-03T14:26:13+00:00","description":"I ett Internationellt samarbete f\u00f6r s\u00e4ker \u00e5terg\u00e5ng till arbete samarbetade The\u00a0Adecco\u00a0Group, Manpower och Randstad; Safely\u00a0back to\u00a0work.","breadcrumb":{"@id":"https:\/\/www.kompetensforetagen.se\/2021\/03\/internationellt-samarbete-for-saker-atergang-till-arbetet-safely-back-to-work\/#breadcrumb"},"inLanguage":"sv-SE","potentialAction":[{"@type":"ReadAction","target":["https:\/\/www.kompetensforetagen.se\/2021\/03\/internationellt-samarbete-for-saker-atergang-till-arbetet-safely-back-to-work\/"]}]},{"@type":"ImageObject","inLanguage":"sv-SE","@id":"https:\/\/www.kompetensforetagen.se\/2021\/03\/internationellt-samarbete-for-saker-atergang-till-arbetet-safely-back-to-work\/#primaryimage","url":"https:\/\/www.kompetensforetagen.se\/app\/uploads\/sites\/5\/2021\/02\/radgivning-1180x787-1.jpg","contentUrl":"https:\/\/www.kompetensforetagen.se\/app\/uploads\/sites\/5\/2021\/02\/radgivning-1180x787-1.jpg","width":1180,"height":787,"caption":"Professionell r\u00e5dgivning g\u00e4llande anst\u00e4llningsvillkor och bemanning."},{"@type":"BreadcrumbList","@id":"https:\/\/www.kompetensforetagen.se\/2021\/03\/internationellt-samarbete-for-saker-atergang-till-arbetet-safely-back-to-work\/#breadcrumb","itemListElement":[{"@type":"ListItem","position":1,"name":"Home","item":"https:\/\/www.kompetensforetagen.se\/"},{"@type":"ListItem","position":2,"name":"Internationellt samarbete f\u00f6r s\u00e4ker \u00e5terg\u00e5ng till arbetet"}]},{"@type":"WebSite","@id":"https:\/\/www.kompetensforetagen.se\/#website","url":"https:\/\/www.kompetensforetagen.se\/","name":"Kompetensf\u00f6retagen","description":"R\u00e4tt person p\u00e5 r\u00e4tt plats kan f\u00f6r\u00e4ndra v\u00e4rlden","publisher":{"@id":"https:\/\/www.kompetensforetagen.se\/#organization"},"potentialAction":[{"@type":"SearchAction","target":{"@type":"EntryPoint","urlTemplate":"https:\/\/www.kompetensforetagen.se\/?s={search_term_string}"},"query-input":{"@type":"PropertyValueSpecification","valueRequired":true,"valueName":"search_term_string"}}],"inLanguage":"sv-SE"},{"@type":"Organization","@id":"https:\/\/www.kompetensforetagen.se\/#organization","name":"Kompetensf\u00f6retagen","url":"https:\/\/www.kompetensforetagen.se\/","logo":{"@type":"ImageObject","inLanguage":"sv-SE","@id":"https:\/\/www.kompetensforetagen.se\/#\/schema\/logo\/image\/","url":"https:\/\/www.kompetensforetagen.se\/app\/uploads\/sites\/5\/2022\/10\/logga_svart.png","contentUrl":"https:\/\/www.kompetensforetagen.se\/app\/uploads\/sites\/5\/2022\/10\/logga_svart.png","width":752,"height":64,"caption":"Kompetensf\u00f6retagen"},"image":{"@id":"https:\/\/www.kompetensforetagen.se\/#\/schema\/logo\/image\/"},"sameAs":["https:\/\/www.linkedin.com\/company\/10540032\/"]},{"@type":"Person","@id":"https:\/\/www.kompetensforetagen.se\/#\/schema\/person\/38c6b37b81c530c93246c3d1993d5662","name":"Shashika Sellgren","image":{"@type":"ImageObject","inLanguage":"sv-SE","@id":"https:\/\/www.kompetensforetagen.se\/#\/schema\/person\/image\/","url":"https:\/\/secure.gravatar.com\/avatar\/b225c479880df9eb82d1501dd105dd8040f27c8563f3d4bf5dd62ce0a1630abd?s=96&d=mm&r=g","contentUrl":"https:\/\/secure.gravatar.com\/avatar\/b225c479880df9eb82d1501dd105dd8040f27c8563f3d4bf5dd62ce0a1630abd?s=96&d=mm&r=g","caption":"Shashika Sellgren"},"url":"https:\/\/www.kompetensforetagen.se\/person\/shashikasellgren\/"}]}},"_links":{"self":[{"href":"https:\/\/www.kompetensforetagen.se\/api\/wp\/v2\/posts\/6583","targetHints":{"allow":["GET"]}}],"collection":[{"href":"https:\/\/www.kompetensforetagen.se\/api\/wp\/v2\/posts"}],"about":[{"href":"https:\/\/www.kompetensforetagen.se\/api\/wp\/v2\/types\/post"}],"author":[{"embeddable":true,"href":"https:\/\/www.kompetensforetagen.se\/api\/wp\/v2\/users\/6058"}],"replies":[{"embeddable":true,"href":"https:\/\/www.kompetensforetagen.se\/api\/wp\/v2\/comments?post=6583"}],"version-history":[{"count":1,"href":"https:\/\/www.kompetensforetagen.se\/api\/wp\/v2\/posts\/6583\/revisions"}],"predecessor-version":[{"id":12305,"href":"https:\/\/www.kompetensforetagen.se\/api\/wp\/v2\/posts\/6583\/revisions\/12305"}],"wp:featuredmedia":[{"embeddable":true,"href":"https:\/\/www.kompetensforetagen.se\/api\/wp\/v2\/media\/6416"}],"wp:attachment":[{"href":"https:\/\/www.kompetensforetagen.se\/api\/wp\/v2\/media?parent=6583"}],"wp:term":[{"taxonomy":"category","embeddable":true,"href":"https:\/\/www.kompetensforetagen.se\/api\/wp\/v2\/categories?post=6583"},{"taxonomy":"post_tag","embeddable":true,"href":"https:\/\/www.kompetensforetagen.se\/api\/wp\/v2\/tags?post=6583"},{"taxonomy":"type","embeddable":true,"href":"https:\/\/www.kompetensforetagen.se\/api\/wp\/v2\/article_type?post=6583"},{"taxonomy":"agreement","embeddable":true,"href":"https:\/\/www.kompetensforetagen.se\/api\/wp\/v2\/agreement?post=6583"},{"taxonomy":"for-members","embeddable":true,"href":"https:\/\/www.kompetensforetagen.se\/api\/wp\/v2\/for-members?post=6583"}],"curies":[{"name":"wp","href":"https:\/\/api.w.org\/{rel}","templated":true}]}}