{"id":6572,"date":"2021-03-05T12:06:59","date_gmt":"2021-03-05T11:06:59","guid":{"rendered":"https:\/\/www.kompetensforetagen.se\/?p=6572"},"modified":"2025-10-16T12:28:23","modified_gmt":"2025-10-16T10:28:23","slug":"rekryteringslosningar-med-kvalitet-i-fokus-hjalper-myndigheter-under-pandemin","status":"publish","type":"post","link":"https:\/\/www.kompetensforetagen.se\/2021\/03\/rekryteringslosningar-med-kvalitet-i-fokus-hjalper-myndigheter-under-pandemin\/","title":{"rendered":"Rekryterings&shy;l\u00f6sningar med kvalitet i fokus hj\u00e4lper myndigheter under pandemin"},"content":{"rendered":"\n<p>Under coronapandemin har m\u00e5nga myndigheter f\u00e5tt ett kraftigt \u00f6kat rekryteringsbehov. ManpowerGroups&nbsp;h\u00e5llbara&nbsp;rekryteringsl\u00f6sningar&nbsp;med kvalitet i fokus&nbsp;hj\u00e4lper myndigheter&nbsp;&#8211; och&nbsp;Sverige&nbsp;&#8211;&nbsp;att snabbt st\u00e4lla om under pandemin. <\/p>\n\n\n\n<p><span data-contrast=\"auto\">Myndigheters&nbsp;utvidgade&nbsp;uppdrag under coronapandemin&nbsp;har i&nbsp;vissa fall inneburit ett&nbsp;\u00f6kat&nbsp;behov av&nbsp;anst\u00e4llningar.&nbsp;ManpowerGroup&nbsp;har under pandemin kunnat st\u00f6tta Arbetsf\u00f6rmedlingen, Tillv\u00e4xtverket och&nbsp;L\u00e4nsstyrelsen&nbsp;i Stockholms l\u00e4n med rekrytering och&nbsp;st\u00f6d i&nbsp;validering.&nbsp;Eveline&nbsp;Thunell, Solutions Manager Perm Business,&nbsp;<\/span><span data-contrast=\"auto\" style=\"background-color: transparent;font-size: 1rem\">p\u00e5&nbsp;ManpowerGroup, ber\u00e4ttar&nbsp;om&nbsp;bakgrunden&nbsp;till rekryteringarna.&nbsp;&nbsp;<\/span><\/p>\n\n\n\n<blockquote class=\"wp-block-quote is-layout-flow wp-block-quote-is-layout-flow\">\n<p><span data-contrast=\"auto\">Det var br\u00e5ttom att f\u00e5 fram bra kandidater som uppfyllde alla krav<\/span><\/p>\n<\/blockquote>\n\n\n\n<p><span data-ccp-props=\"{}\">&nbsp;<\/span><span data-contrast=\"auto\">\u2013 Vi har jobbat med tre myndigheter som beh\u00f6vt rekrytera nya medarbetare under pandemin.&nbsp;<\/span><span data-contrast=\"auto\">Samtliga av dessa myndigheter har befunnit sig i en akut situation, d\u00e4r&nbsp;<\/span><span data-contrast=\"auto\">m\u00e5nga personer ska rekryteras p\u00e5 en v\u00e4ldigt kort tid<\/span><span data-contrast=\"auto\">, ber\u00e4ttar&nbsp;<\/span><span data-contrast=\"auto\">Eveline<\/span><span data-contrast=\"auto\">&nbsp;Thunell.&nbsp;<\/span><span data-ccp-props=\"{}\">&nbsp;<\/span><\/p>\n\n\n\n<h3 class=\"wp-block-heading\" id=\"h-nbsp-manga-sokande-och-kort-om-tid-nbsp\"><span data-ccp-props=\"{}\">&nbsp;<\/span><b><span data-contrast=\"auto\">M\u00e5nga s\u00f6kande och kort om tid<\/span><\/b><span data-ccp-props=\"{}\">&nbsp;<\/span><\/h3>\n\n\n\n<p><span data-contrast=\"auto\">P\u00e5\u00a0Arbetsf\u00f6rmedlingen\u00a0har det funnits ett\u00a0\u00f6kat behov av\u00a0arbetsf\u00f6rmedlare\u00a0och p\u00e5\u00a0Tillv\u00e4xtverket\u00a0och L\u00e4nsstyrelsen i Stockholms l\u00e4n har det funnits ett \u00f6kat behov av handl\u00e4ggare. I de senare fallen beror det p\u00e5 ut\u00f6kade uppdrag fr\u00e5n regeringen g\u00e4llande handl\u00e4ggning av korttidspermitteringen och det investeringsst\u00f6d till\u00a0f\u00f6retag som inf\u00f6rts under \u00e5ret.\u00a0\u00a0\u00a0<\/span><\/p>\n\n\n\n<p><span data-contrast=\"auto\">\u2013 Vi hade&nbsp;<\/span><span data-contrast=\"auto\">v\u00e4ldigt&nbsp;<\/span><span data-contrast=\"auto\">m\u00e5nga s\u00f6kande till de h\u00e4r tj\u00e4nsterna<\/span><span data-contrast=\"auto\">. Det var br\u00e5ttom att f\u00e5 fram bra kandidater som uppfyllde alla krav<\/span><span data-contrast=\"auto\">. S<\/span><span data-contrast=\"auto\">amtidigt&nbsp;<\/span><span data-contrast=\"auto\">var<\/span><span data-contrast=\"auto\"> det oerh\u00f6rt viktigt att t\u00e4nka p\u00e5&nbsp;<\/span><span data-contrast=\"auto\">kandidatupplevelsen<\/span><span data-contrast=\"auto\">&nbsp;n\u00e4r det \u00e4r s\u00e5 stora volymrekryteringar<\/span><span data-contrast=\"auto\">, f\u00f6rklarar&nbsp;<\/span><span data-contrast=\"auto\">Eveline<\/span><span data-contrast=\"auto\">&nbsp;Thunell.<\/span><span data-ccp-props=\"{}\">&nbsp;<\/span><\/p>\n\n\n\n<h3 class=\"wp-block-heading\" id=\"h-nbsp-rekryteringslosningar-med-kvalitet-i-fokus-nbsp\"><span data-ccp-props=\"{}\">&nbsp;<\/span><b><span data-contrast=\"auto\">Rekryteringsl\u00f6sningar med kvalitet i fokus<\/span><\/b><span data-ccp-props=\"{}\">&nbsp;<\/span><\/h3>\n\n\n\n<p><span data-ccp-props=\"{}\">&nbsp;<\/span><span data-contrast=\"auto\">Effektivitet, snabbhet och lyh\u00f6rdhet f\u00f6r f\u00f6r\u00e4ndringar som dyker upp under rekryteringspr<\/span><span data-contrast=\"auto\">o<\/span><span data-contrast=\"auto\">cessen var avg\u00f6rande f\u00f6r&nbsp;<\/span><span data-contrast=\"auto\">ManpowerGroup<\/span><span data-contrast=\"auto\">.&nbsp;<\/span><span data-ccp-props=\"{}\">&nbsp;<\/span><\/p>\n\n\n\n<p><span data-ccp-props=\"{}\">&nbsp;\u2013&nbsp;Effektiviteten&nbsp;var&nbsp;s\u00e4rskilt viktig p\u00e5 grund av att det var v\u00e4ldigt br\u00e5ttom&nbsp;att f\u00e5 rekryteringarna p\u00e5 plats. Men kvaliteten&nbsp;p\u00e5 rekryteringarna&nbsp;har alltid varit i fokus,&nbsp;s\u00e5 att r\u00e4tt personer anst\u00e4lls utifr\u00e5n de krav som&nbsp;st\u00e4lls,&nbsp;kompetenser som efterfr\u00e5gas&nbsp;och de regler som g\u00e4ller vid statlig rekrytering, ber\u00e4ttar&nbsp;Eveline&nbsp;Thunell.&nbsp;<\/span><\/p>\n\n\n\n<blockquote class=\"wp-block-quote is-layout-flow wp-block-quote-is-layout-flow\">\n<p><span data-contrast=\"auto\">Men kvaliteten&nbsp;p\u00e5 rekryteringarna&nbsp;har alltid varit i fokus<\/span><\/p>\n<\/blockquote>\n\n\n\n<h3 class=\"wp-block-heading\" id=\"h-nbsp-hundratals-medarbetare-bidrog-nbsp\"><span data-ccp-props=\"{}\">&nbsp;<\/span><b><span data-contrast=\"auto\">Hundratals medarbetare bidrog<\/span><\/b><span data-ccp-props=\"{}\">&nbsp;<\/span><\/h3>\n\n\n\n<p><span data-ccp-props=\"{}\">&nbsp;<\/span><span data-contrast=\"auto\">De stora rekryteringarna involverade&nbsp;<\/span><span data-contrast=\"auto\">de flesta rekryteringskonsulterna<\/span><span data-contrast=\"auto\">&nbsp;<\/span><span data-contrast=\"auto\">p\u00e5&nbsp;<\/span><span data-contrast=\"auto\">ManpowerGroup<\/span><span data-contrast=\"auto\">,<\/span><span data-contrast=\"auto\">&nbsp;<\/span><span data-contrast=\"auto\">som<\/span><span data-contrast=\"auto\">&nbsp;alla fick rycka in och leverera i de h\u00e4r projekten.&nbsp;<\/span><span data-ccp-props=\"{}\">&nbsp;<\/span><\/p>\n\n\n\n<p><span data-ccp-props=\"{}\">&nbsp;<\/span><span data-contrast=\"auto\">\u2013&nbsp;<\/span><span data-contrast=\"auto\">I allt det onda s\u00e5 k\u00e4nns det v\u00e4ldigt roligt att vi f\u00e5r vara med och bidra<\/span><span data-contrast=\"auto\">&nbsp;genom v\u00e5ra rekryteringar. B<\/span><span data-contrast=\"auto\">\u00e5de f\u00f6r oss&nbsp;<\/span><span data-contrast=\"auto\">och v\u00e5ra medarbetare, men ocks\u00e5 f\u00f6r<\/span><span data-contrast=\"auto\">&nbsp;<\/span><span data-contrast=\"auto\">de som<\/span><span data-contrast=\"auto\">&nbsp;kommer i arbete&nbsp;<\/span><span data-contrast=\"auto\">p\u00e5 myndigheterna och s\u00e5klart f\u00f6r myndigheterna<\/span><span data-contrast=\"auto\">&nbsp;sj\u00e4lva<\/span><span data-contrast=\"auto\">, som f\u00e5r det&nbsp;<\/span><span data-contrast=\"auto\">akuta&nbsp;<\/span><span data-contrast=\"auto\">behov som de beh\u00f6v<\/span><span data-contrast=\"auto\">de&nbsp;<\/span><span data-contrast=\"auto\">f\u00f6r att betala ut korttidspermitteringar och f\u00f6retagsst\u00f6d, avslutar&nbsp;<\/span><span data-contrast=\"auto\">Eveline<\/span><span data-contrast=\"auto\">&nbsp;Thunell.&nbsp;<\/span><br><span data-ccp-props=\"{}\">&nbsp;<\/span><\/p>\n\n\n\n<figure class=\"wp-block-table\"><table class=\"has-secondary-background-color has-background\"><tbody><tr><td><strong>Faktaruta<\/strong><br><strong>F\u00f6retagsnamn<\/strong>: ManpowerGroup.<br><strong>Verksamhet<\/strong>: Konsult, rekrytering, HR-tj\u00e4nster.<br><strong>Vision<\/strong>: ManpowerGroup g\u00f6r v\u00e5ra kunder till vinnare p\u00e5 en f\u00f6r\u00e4nderlig arbetsmarknad med hj\u00e4lp av innovativa kompetensl\u00f6sningar.<br><strong>N\u00e4rvaro<\/strong>: 50 orter i Sverige samt ytterligare drygt 80 l\u00e4nder i v\u00e4rlden.<br><strong>Antal anst\u00e4llda<\/strong>: Cirka 7\u202f000 i Sverige.<br><strong>Webbplats<\/strong>: <a href=\"https:\/\/www.manpowergroup.se\/\" target=\"_blank\" rel=\"noreferrer noopener\">ManpowerGroup <\/a><\/td><\/tr><\/tbody><\/table><\/figure>\n\n\n\n<p><span data-ccp-props=\"{}\">&nbsp;<\/span><\/p>\n","protected":false},"excerpt":{"rendered":"<p>Under coronapandemin har m\u00e5nga myndigheter f\u00e5tt ett kraftigt \u00f6kat rekryteringsbehov. ManpowerGroups&nbsp;h\u00e5llbara&nbsp;rekryteringsl\u00f6sningar&nbsp;med kvalitet i fokus&nbsp;hj\u00e4lper myndigheter&nbsp;&#8211; och&nbsp;Sverige&nbsp;&#8211;&nbsp;att snabbt st\u00e4lla om under pandemin. Myndigheters&nbsp;utvidgade&nbsp;uppdrag under coronapandemin&nbsp;har i&nbsp;vissa fall inneburit ett&nbsp;\u00f6kat&nbsp;behov av&nbsp;anst\u00e4llningar.&nbsp;ManpowerGroup&nbsp;har under pandemin kunnat st\u00f6tta Arbetsf\u00f6rmedlingen, Tillv\u00e4xtverket &hellip;<\/p>\n","protected":false},"author":6058,"featured_media":6573,"comment_status":"closed","ping_status":"closed","sticky":false,"template":"","format":"standard","meta":{"_acf_changed":false,"footnotes":""},"categories":[185,204],"tags":[],"article_type":[],"agreement":[],"for-members":[],"class_list":["post-6572","post","type-post","status-publish","format-standard","has-post-thumbnail","hentry","category-corona","category-konsult"],"acf":[],"yoast_head":"<!-- This site is optimized with the Yoast SEO Premium plugin v26.8 (Yoast SEO v26.8) - https:\/\/yoast.com\/product\/yoast-seo-premium-wordpress\/ -->\n<title>Rekryteringsl\u00f6sningar\u00a0med kvalitet i fokus\u00a0hj\u00e4lper myndigheter<\/title>\n<meta name=\"description\" content=\"ManpowerGroups\u00a0h\u00e5llbara\u00a0rekryteringsl\u00f6sningar\u00a0med kvalitet i fokus\u00a0hj\u00e4lper myndigheteatt snabbt st\u00e4lla om under coronapandemin.\" \/>\n<meta name=\"robots\" content=\"index, follow, max-snippet:-1, max-image-preview:large, max-video-preview:-1\" \/>\n<link rel=\"canonical\" href=\"https:\/\/www.kompetensforetagen.se\/2021\/03\/rekryteringslosningar-med-kvalitet-i-fokus-hjalper-myndigheter-under-pandemin\/\" \/>\n<meta property=\"og:locale\" content=\"sv_SE\" \/>\n<meta property=\"og:type\" content=\"article\" \/>\n<meta property=\"og:title\" content=\"Rekryteringsl\u00f6sningar med kvalitet i fokus hj\u00e4lper myndigheter under pandemin\" \/>\n<meta property=\"og:description\" content=\"ManpowerGroups\u00a0h\u00e5llbara\u00a0rekryteringsl\u00f6sningar\u00a0med kvalitet i fokus\u00a0hj\u00e4lper myndigheteatt snabbt st\u00e4lla om under coronapandemin.\" \/>\n<meta property=\"og:url\" content=\"https:\/\/www.kompetensforetagen.se\/2021\/03\/rekryteringslosningar-med-kvalitet-i-fokus-hjalper-myndigheter-under-pandemin\/\" \/>\n<meta property=\"og:site_name\" content=\"Kompetensf\u00f6retagen\" \/>\n<meta property=\"article:published_time\" content=\"2021-03-05T11:06:59+00:00\" \/>\n<meta property=\"article:modified_time\" content=\"2025-10-16T10:28:23+00:00\" \/>\n<meta property=\"og:image\" content=\"https:\/\/www.kompetensforetagen.se\/app\/uploads\/sites\/5\/2021\/03\/manpower-eveline-e1614941710777.jpg\" \/>\n\t<meta property=\"og:image:width\" content=\"801\" \/>\n\t<meta property=\"og:image:height\" content=\"993\" \/>\n\t<meta property=\"og:image:type\" content=\"image\/jpeg\" \/>\n<meta name=\"author\" content=\"Shashika Sellgren\" \/>\n<meta name=\"twitter:card\" content=\"summary_large_image\" \/>\n<meta name=\"twitter:label1\" content=\"Skriven av\" \/>\n\t<meta name=\"twitter:data1\" content=\"Shashika Sellgren\" \/>\n\t<meta name=\"twitter:label2\" content=\"Ber\u00e4knad l\u00e4stid\" \/>\n\t<meta name=\"twitter:data2\" content=\"3 minuter\" \/>\n<!-- \/ Yoast SEO Premium plugin. -->","yoast_head_json":{"title":"Rekryteringsl\u00f6sningar\u00a0med kvalitet i fokus\u00a0hj\u00e4lper myndigheter","description":"ManpowerGroups\u00a0h\u00e5llbara\u00a0rekryteringsl\u00f6sningar\u00a0med kvalitet i fokus\u00a0hj\u00e4lper myndigheteatt snabbt st\u00e4lla om under coronapandemin.","robots":{"index":"index","follow":"follow","max-snippet":"max-snippet:-1","max-image-preview":"max-image-preview:large","max-video-preview":"max-video-preview:-1"},"canonical":"https:\/\/www.kompetensforetagen.se\/2021\/03\/rekryteringslosningar-med-kvalitet-i-fokus-hjalper-myndigheter-under-pandemin\/","og_locale":"sv_SE","og_type":"article","og_title":"Rekryteringsl\u00f6sningar med kvalitet i fokus hj\u00e4lper myndigheter under pandemin","og_description":"ManpowerGroups\u00a0h\u00e5llbara\u00a0rekryteringsl\u00f6sningar\u00a0med kvalitet i fokus\u00a0hj\u00e4lper myndigheteatt snabbt st\u00e4lla om under coronapandemin.","og_url":"https:\/\/www.kompetensforetagen.se\/2021\/03\/rekryteringslosningar-med-kvalitet-i-fokus-hjalper-myndigheter-under-pandemin\/","og_site_name":"Kompetensf\u00f6retagen","article_published_time":"2021-03-05T11:06:59+00:00","article_modified_time":"2025-10-16T10:28:23+00:00","og_image":[{"width":801,"height":993,"url":"https:\/\/www.kompetensforetagen.se\/app\/uploads\/sites\/5\/2021\/03\/manpower-eveline-e1614941710777.jpg","type":"image\/jpeg"}],"author":"Shashika Sellgren","twitter_card":"summary_large_image","twitter_misc":{"Skriven av":"Shashika Sellgren","Ber\u00e4knad l\u00e4stid":"3 minuter"},"schema":{"@context":"https:\/\/schema.org","@graph":[{"@type":"Article","@id":"https:\/\/www.kompetensforetagen.se\/2021\/03\/rekryteringslosningar-med-kvalitet-i-fokus-hjalper-myndigheter-under-pandemin\/#article","isPartOf":{"@id":"https:\/\/www.kompetensforetagen.se\/2021\/03\/rekryteringslosningar-med-kvalitet-i-fokus-hjalper-myndigheter-under-pandemin\/"},"author":{"name":"Shashika Sellgren","@id":"https:\/\/www.kompetensforetagen.se\/#\/schema\/person\/38c6b37b81c530c93246c3d1993d5662"},"headline":"Rekryterings&shy;l\u00f6sningar med kvalitet i fokus hj\u00e4lper myndigheter under pandemin","datePublished":"2021-03-05T11:06:59+00:00","dateModified":"2025-10-16T10:28:23+00:00","mainEntityOfPage":{"@id":"https:\/\/www.kompetensforetagen.se\/2021\/03\/rekryteringslosningar-med-kvalitet-i-fokus-hjalper-myndigheter-under-pandemin\/"},"wordCount":621,"publisher":{"@id":"https:\/\/www.kompetensforetagen.se\/#organization"},"image":{"@id":"https:\/\/www.kompetensforetagen.se\/2021\/03\/rekryteringslosningar-med-kvalitet-i-fokus-hjalper-myndigheter-under-pandemin\/#primaryimage"},"thumbnailUrl":"https:\/\/www.kompetensforetagen.se\/app\/uploads\/sites\/5\/2021\/03\/manpower-eveline-e1614941710777.jpg","articleSection":["Corona","Konsult"],"inLanguage":"sv-SE"},{"@type":"WebPage","@id":"https:\/\/www.kompetensforetagen.se\/2021\/03\/rekryteringslosningar-med-kvalitet-i-fokus-hjalper-myndigheter-under-pandemin\/","url":"https:\/\/www.kompetensforetagen.se\/2021\/03\/rekryteringslosningar-med-kvalitet-i-fokus-hjalper-myndigheter-under-pandemin\/","name":"Rekryteringsl\u00f6sningar\u00a0med kvalitet i fokus\u00a0hj\u00e4lper myndigheter","isPartOf":{"@id":"https:\/\/www.kompetensforetagen.se\/#website"},"primaryImageOfPage":{"@id":"https:\/\/www.kompetensforetagen.se\/2021\/03\/rekryteringslosningar-med-kvalitet-i-fokus-hjalper-myndigheter-under-pandemin\/#primaryimage"},"image":{"@id":"https:\/\/www.kompetensforetagen.se\/2021\/03\/rekryteringslosningar-med-kvalitet-i-fokus-hjalper-myndigheter-under-pandemin\/#primaryimage"},"thumbnailUrl":"https:\/\/www.kompetensforetagen.se\/app\/uploads\/sites\/5\/2021\/03\/manpower-eveline-e1614941710777.jpg","datePublished":"2021-03-05T11:06:59+00:00","dateModified":"2025-10-16T10:28:23+00:00","description":"ManpowerGroups\u00a0h\u00e5llbara\u00a0rekryteringsl\u00f6sningar\u00a0med kvalitet i fokus\u00a0hj\u00e4lper myndigheteatt snabbt st\u00e4lla om under coronapandemin.","breadcrumb":{"@id":"https:\/\/www.kompetensforetagen.se\/2021\/03\/rekryteringslosningar-med-kvalitet-i-fokus-hjalper-myndigheter-under-pandemin\/#breadcrumb"},"inLanguage":"sv-SE","potentialAction":[{"@type":"ReadAction","target":["https:\/\/www.kompetensforetagen.se\/2021\/03\/rekryteringslosningar-med-kvalitet-i-fokus-hjalper-myndigheter-under-pandemin\/"]}]},{"@type":"ImageObject","inLanguage":"sv-SE","@id":"https:\/\/www.kompetensforetagen.se\/2021\/03\/rekryteringslosningar-med-kvalitet-i-fokus-hjalper-myndigheter-under-pandemin\/#primaryimage","url":"https:\/\/www.kompetensforetagen.se\/app\/uploads\/sites\/5\/2021\/03\/manpower-eveline-e1614941710777.jpg","contentUrl":"https:\/\/www.kompetensforetagen.se\/app\/uploads\/sites\/5\/2021\/03\/manpower-eveline-e1614941710777.jpg","width":801,"height":993,"caption":"Eveline fr\u00e5n Manpower, ett av Sveriges st\u00f6rsta bemanningsf\u00f6retag."},{"@type":"BreadcrumbList","@id":"https:\/\/www.kompetensforetagen.se\/2021\/03\/rekryteringslosningar-med-kvalitet-i-fokus-hjalper-myndigheter-under-pandemin\/#breadcrumb","itemListElement":[{"@type":"ListItem","position":1,"name":"Home","item":"https:\/\/www.kompetensforetagen.se\/"},{"@type":"ListItem","position":2,"name":"Rekryterings&shy;l\u00f6sningar med kvalitet i fokus hj\u00e4lper myndigheter under pandemin"}]},{"@type":"WebSite","@id":"https:\/\/www.kompetensforetagen.se\/#website","url":"https:\/\/www.kompetensforetagen.se\/","name":"Kompetensf\u00f6retagen","description":"R\u00e4tt person p\u00e5 r\u00e4tt plats kan f\u00f6r\u00e4ndra v\u00e4rlden","publisher":{"@id":"https:\/\/www.kompetensforetagen.se\/#organization"},"potentialAction":[{"@type":"SearchAction","target":{"@type":"EntryPoint","urlTemplate":"https:\/\/www.kompetensforetagen.se\/?s={search_term_string}"},"query-input":{"@type":"PropertyValueSpecification","valueRequired":true,"valueName":"search_term_string"}}],"inLanguage":"sv-SE"},{"@type":"Organization","@id":"https:\/\/www.kompetensforetagen.se\/#organization","name":"Kompetensf\u00f6retagen","url":"https:\/\/www.kompetensforetagen.se\/","logo":{"@type":"ImageObject","inLanguage":"sv-SE","@id":"https:\/\/www.kompetensforetagen.se\/#\/schema\/logo\/image\/","url":"https:\/\/www.kompetensforetagen.se\/app\/uploads\/sites\/5\/2022\/10\/logga_svart.png","contentUrl":"https:\/\/www.kompetensforetagen.se\/app\/uploads\/sites\/5\/2022\/10\/logga_svart.png","width":752,"height":64,"caption":"Kompetensf\u00f6retagen"},"image":{"@id":"https:\/\/www.kompetensforetagen.se\/#\/schema\/logo\/image\/"},"sameAs":["https:\/\/www.linkedin.com\/company\/10540032\/"]},{"@type":"Person","@id":"https:\/\/www.kompetensforetagen.se\/#\/schema\/person\/38c6b37b81c530c93246c3d1993d5662","name":"Shashika Sellgren","image":{"@type":"ImageObject","inLanguage":"sv-SE","@id":"https:\/\/www.kompetensforetagen.se\/#\/schema\/person\/image\/","url":"https:\/\/secure.gravatar.com\/avatar\/b225c479880df9eb82d1501dd105dd8040f27c8563f3d4bf5dd62ce0a1630abd?s=96&d=mm&r=g","contentUrl":"https:\/\/secure.gravatar.com\/avatar\/b225c479880df9eb82d1501dd105dd8040f27c8563f3d4bf5dd62ce0a1630abd?s=96&d=mm&r=g","caption":"Shashika Sellgren"},"url":"https:\/\/www.kompetensforetagen.se\/person\/shashikasellgren\/"}]}},"_links":{"self":[{"href":"https:\/\/www.kompetensforetagen.se\/api\/wp\/v2\/posts\/6572","targetHints":{"allow":["GET"]}}],"collection":[{"href":"https:\/\/www.kompetensforetagen.se\/api\/wp\/v2\/posts"}],"about":[{"href":"https:\/\/www.kompetensforetagen.se\/api\/wp\/v2\/types\/post"}],"author":[{"embeddable":true,"href":"https:\/\/www.kompetensforetagen.se\/api\/wp\/v2\/users\/6058"}],"replies":[{"embeddable":true,"href":"https:\/\/www.kompetensforetagen.se\/api\/wp\/v2\/comments?post=6572"}],"version-history":[{"count":2,"href":"https:\/\/www.kompetensforetagen.se\/api\/wp\/v2\/posts\/6572\/revisions"}],"predecessor-version":[{"id":20999,"href":"https:\/\/www.kompetensforetagen.se\/api\/wp\/v2\/posts\/6572\/revisions\/20999"}],"wp:featuredmedia":[{"embeddable":true,"href":"https:\/\/www.kompetensforetagen.se\/api\/wp\/v2\/media\/6573"}],"wp:attachment":[{"href":"https:\/\/www.kompetensforetagen.se\/api\/wp\/v2\/media?parent=6572"}],"wp:term":[{"taxonomy":"category","embeddable":true,"href":"https:\/\/www.kompetensforetagen.se\/api\/wp\/v2\/categories?post=6572"},{"taxonomy":"post_tag","embeddable":true,"href":"https:\/\/www.kompetensforetagen.se\/api\/wp\/v2\/tags?post=6572"},{"taxonomy":"type","embeddable":true,"href":"https:\/\/www.kompetensforetagen.se\/api\/wp\/v2\/article_type?post=6572"},{"taxonomy":"agreement","embeddable":true,"href":"https:\/\/www.kompetensforetagen.se\/api\/wp\/v2\/agreement?post=6572"},{"taxonomy":"for-members","embeddable":true,"href":"https:\/\/www.kompetensforetagen.se\/api\/wp\/v2\/for-members?post=6572"}],"curies":[{"name":"wp","href":"https:\/\/api.w.org\/{rel}","templated":true}]}}