{"id":6566,"date":"2021-03-05T11:40:52","date_gmt":"2021-03-05T10:40:52","guid":{"rendered":"https:\/\/www.kompetensforetagen.se\/?p=6566"},"modified":"2023-07-12T10:01:35","modified_gmt":"2023-07-12T08:01:35","slug":"fran-kanslan-av-maktloshet-till-viktiga-insatser","status":"publish","type":"post","link":"https:\/\/www.kompetensforetagen.se\/2021\/03\/fran-kanslan-av-maktloshet-till-viktiga-insatser\/","title":{"rendered":"Fr\u00e5n k\u00e4nslan av maktl\u00f6shet till viktiga insatser"},"content":{"rendered":"\n<p>Som m\u00e5nga inom v\u00e5rden upplevde&nbsp;ocks\u00e5&nbsp;Sara G\u00f6thlin&nbsp;stora f\u00f6r\u00e4ndringar i jobbet p\u00e5 grund av coronapandemin. Saras medarbetare, konsulterna, \u00e4r&nbsp;vana vid att varje dag bidra till b\u00e5de kunders och patienters v\u00e4lm\u00e5ende. Nu skapade pandemin k\u00e4nslor av stress och&nbsp;maktl\u00f6shet.&nbsp;Med&nbsp;snabb omst\u00e4llning till digitala utbildningar&nbsp;och stort engagemang kunde&nbsp;konsulterna&nbsp;p\u00e5 Klara g\u00e5 fr\u00e5n k\u00e4nslan av maktl\u00f6shet till viktiga insatser f\u00f6r patienternas h\u00e4lsa &#8211; och sj\u00e4l.<\/p>\n\n\n\n<p><span data-contrast=\"none\">Sara G\u00f6thlin \u00e4r verksamhetschef och legitimerad sjukgymnast inom&nbsp;<\/span><span data-contrast=\"none\">rehabgruppen<\/span><span data-contrast=\"none\">&nbsp;p\u00e5 Klara,<\/span><span data-contrast=\"none\">&nbsp;och ber\u00e4ttar om situationen.<\/span><span data-ccp-props=\"{&quot;201341983&quot;:0,&quot;335559739&quot;:100,&quot;335559740&quot;:360}\">&nbsp;<\/span><\/p>\n\n\n\n<p><span data-contrast=\"none\">&#8211; V\u00e5ra utbildningar \u00e4r avg\u00f6rande f\u00f6r v\u00e5ra kunder och deras patienter. N\u00e4r vi inte kunde komma till kunderna fick vi st\u00e4lla om, och det snabbt. Vi arbetade fokuserat och p\u00e5 tv\u00e5 veckor lyckades vi ta fram en digital utbildning inom ergonomi och f\u00f6rflyttningsteknik. <\/span><span data-ccp-props=\"{&quot;134233279&quot;:true,&quot;201341983&quot;:0,&quot;335559739&quot;:100,&quot;335559740&quot;:360}\">&nbsp;<\/span><\/p>\n\n\n\n<p><span data-contrast=\"none\">Trots att ingen i gruppen hade gjort digitala utbildningar f\u00f6rut lyckades de med gemensamma krafter s\u00e4tta ihop en pedagogisk och inspirerande utbildning. Alla fick anledning att utnyttja ov\u00e4ntade kompetenser, till och med arbetsuppgifter som att klippa filmen lyckades gruppen l\u00f6sa sj\u00e4lva.&nbsp;<\/span><span data-ccp-props=\"{&quot;201341983&quot;:0,&quot;335559739&quot;:100,&quot;335559740&quot;:360}\">&nbsp;<\/span><\/p>\n\n\n\n<h3 class=\"wp-block-heading\">Fr\u00e5n k\u00e4nslan av maktl\u00f6shet till viktiga insatser<\/h3>\n\n\n\n<p><span data-contrast=\"none\">&#8211; Maktl\u00f6sheten som m\u00e5nga av oss k\u00e4nde gjorde att vi ville bidra p\u00e5 alla s\u00e4tt vi kunde. Till exempel utvecklade vi tydliga instruktioner s\u00e5 sjuksk\u00f6terskorna kunde g\u00f6ra delar av det jobb som vi p\u00e5 grund av pandemin inte kunde g\u00f6ra, s\u00e4ger Sara. <\/span><span data-ccp-props=\"{&quot;134233279&quot;:true,&quot;201341983&quot;:0,&quot;335559739&quot;:100,&quot;335559740&quot;:360}\">&nbsp;<\/span><\/p>\n\n\n\n<p><span data-contrast=\"none\">Ganska snabbt blev det \u00e4ven tydligt att de som insjuknat i&nbsp;<\/span><span data-contrast=\"none\">corona<\/span><span data-contrast=\"none\">&nbsp;beh\u00f6vde andra typer av l\u00e4ges\u00e4ndringar \u00e4n de vanliga.&nbsp;<\/span><span data-contrast=\"none\">Rehab-teamet tog d\u00e4rf\u00f6r fram en instruktion med bilder och text som visade hur en person med sv\u00e5ra andningsproblem och hj\u00e4rtklappning beh\u00f6vde hj\u00e4lpas. Instruktionen skickades gratis till alla kunder f\u00f6r att de skulle f\u00e5 s\u00e5 mycket st\u00f6d som m\u00f6jligt.<\/span><span data-contrast=\"none\">&nbsp;<\/span><span data-ccp-props=\"{&quot;201341983&quot;:0,&quot;335559739&quot;:100,&quot;335559740&quot;:360}\">&nbsp;<\/span><\/p>\n\n\n\n<h3 class=\"wp-block-heading\">\u00c4ven hj\u00e4lp till sj\u00e4len<\/h3>\n\n\n\n<p><span data-contrast=\"none\">Men medarbetarnas insatser stannade inte d\u00e4r. Eftersom situationen var s\u00e5 speciell gick medarbetarna l\u00e5ngt utan f\u00f6r sina \u201dvanliga\u201d roller. Bland annat hj\u00e4lpte de till med att g\u00f6ra visir d\u00e5 behovet var s\u00e5 stort. N\u00e4r boendet ordnat ett band som spelade utomhus hj\u00e4lpte konsulterna brukarna att komma ut p\u00e5 balkongerna f\u00f6r att uppleva musiken n\u00e4rmare. Allt f\u00f6r att hj\u00e4lpa d\u00e4r det beh\u00f6vdes f\u00f6r stunden.&nbsp;<\/span><span data-ccp-props=\"{&quot;201341983&quot;:0,&quot;335559739&quot;:100,&quot;335559740&quot;:360}\">&nbsp;<\/span><\/p>\n\n\n\n<figure class=\"wp-block-table\"><table class=\"has-secondary-background-color has-background\"><tbody><tr><td><strong>Faktaruta<\/strong><br><strong>F\u00f6retag<\/strong>: Klara<br><strong>Verksamhet<\/strong>: \u202fKlara f\u00f6rser kunder med r\u00e4tt kompetens &#8211; l\u00e4kare, sjuksk\u00f6terskor, socionomer, psykologer, fysioterapeuter, arbetsterapeuter och personal inom elevh\u00e4lsa samt logopeder.\u202f<br><strong>Vanligaste tj\u00e4nsterna<\/strong>:\u202f Kompetensf\u00f6rs\u00f6rjning inom h\u00e4lso- och sjukv\u00e5rd.<br><strong>N\u00e4rvaro<\/strong>: \u202fHuvudkontor i Stockholm men lokalkontor finns p\u00e5 olika delar i landet<br><strong>Antal anst\u00e4llda<\/strong>:\u202f 350.<br><strong>Webbplats <\/strong><a href=\"https:\/\/klarakompetens.se\/om-klara\/\" target=\"_blank\" rel=\"noreferrer noopener\">Klara <\/a><\/td><\/tr><\/tbody><\/table><\/figure>\n","protected":false},"excerpt":{"rendered":"<p>Som m\u00e5nga inom v\u00e5rden upplevde&nbsp;ocks\u00e5&nbsp;Sara G\u00f6thlin&nbsp;stora f\u00f6r\u00e4ndringar i jobbet p\u00e5 grund av coronapandemin. Saras medarbetare, konsulterna, \u00e4r&nbsp;vana vid att varje dag bidra till b\u00e5de kunders och patienters v\u00e4lm\u00e5ende. Nu skapade pandemin k\u00e4nslor av stress och&nbsp;maktl\u00f6shet.&nbsp;Med&nbsp;snabb &hellip;<\/p>\n","protected":false},"author":6058,"featured_media":6568,"comment_status":"closed","ping_status":"closed","sticky":false,"template":"","format":"standard","meta":{"_acf_changed":false,"footnotes":""},"categories":[185,204,5],"tags":[],"article_type":[8],"agreement":[],"for-members":[],"class_list":["post-6566","post","type-post","status-publish","format-standard","has-post-thumbnail","hentry","category-corona","category-konsult","category-vard","type-aktuellt"],"acf":[],"yoast_head":"<!-- This site is optimized with the Yoast SEO Premium plugin v26.8 (Yoast SEO v26.8) - https:\/\/yoast.com\/product\/yoast-seo-premium-wordpress\/ -->\n<title>Fr\u00e5n k\u00e4nslan av maktl\u00f6shet till viktiga insatser - Kompetensf\u00f6retagen<\/title>\n<meta name=\"description\" content=\"Snabb omst\u00e4llning till digitala utbildningar\u00a0gjorde s\u00e5 att konsulter i coronapandemin gick fr\u00e5n k\u00e4nslan av maktl\u00f6shet till viktiga insatser.\" \/>\n<meta name=\"robots\" content=\"index, follow, max-snippet:-1, max-image-preview:large, max-video-preview:-1\" \/>\n<link rel=\"canonical\" href=\"https:\/\/www.kompetensforetagen.se\/2021\/03\/fran-kanslan-av-maktloshet-till-viktiga-insatser\/\" \/>\n<meta property=\"og:locale\" content=\"sv_SE\" \/>\n<meta property=\"og:type\" content=\"article\" \/>\n<meta property=\"og:title\" content=\"Fr\u00e5n k\u00e4nslan av maktl\u00f6shet till viktiga insatser\" \/>\n<meta property=\"og:description\" content=\"Snabb omst\u00e4llning till digitala utbildningar\u00a0gjorde s\u00e5 att konsulter i coronapandemin gick fr\u00e5n k\u00e4nslan av maktl\u00f6shet till viktiga insatser.\" \/>\n<meta property=\"og:url\" content=\"https:\/\/www.kompetensforetagen.se\/2021\/03\/fran-kanslan-av-maktloshet-till-viktiga-insatser\/\" \/>\n<meta property=\"og:site_name\" content=\"Kompetensf\u00f6retagen\" \/>\n<meta property=\"article:published_time\" content=\"2021-03-05T10:40:52+00:00\" \/>\n<meta property=\"article:modified_time\" content=\"2023-07-12T08:01:35+00:00\" \/>\n<meta property=\"og:image\" content=\"https:\/\/www.kompetensforetagen.se\/app\/uploads\/sites\/5\/2021\/03\/gothlin-klara-kompetens-scaled.jpg\" \/>\n\t<meta property=\"og:image:width\" content=\"1920\" \/>\n\t<meta property=\"og:image:height\" content=\"2560\" \/>\n\t<meta property=\"og:image:type\" content=\"image\/jpeg\" \/>\n<meta name=\"author\" content=\"Shashika Sellgren\" \/>\n<meta name=\"twitter:card\" content=\"summary_large_image\" \/>\n<meta name=\"twitter:label1\" content=\"Skriven av\" \/>\n\t<meta name=\"twitter:data1\" content=\"Shashika Sellgren\" \/>\n\t<meta name=\"twitter:label2\" content=\"Ber\u00e4knad l\u00e4stid\" \/>\n\t<meta name=\"twitter:data2\" content=\"2 minuter\" \/>\n<!-- \/ Yoast SEO Premium plugin. -->","yoast_head_json":{"title":"Fr\u00e5n k\u00e4nslan av maktl\u00f6shet till viktiga insatser - Kompetensf\u00f6retagen","description":"Snabb omst\u00e4llning till digitala utbildningar\u00a0gjorde s\u00e5 att konsulter i coronapandemin gick fr\u00e5n k\u00e4nslan av maktl\u00f6shet till viktiga insatser.","robots":{"index":"index","follow":"follow","max-snippet":"max-snippet:-1","max-image-preview":"max-image-preview:large","max-video-preview":"max-video-preview:-1"},"canonical":"https:\/\/www.kompetensforetagen.se\/2021\/03\/fran-kanslan-av-maktloshet-till-viktiga-insatser\/","og_locale":"sv_SE","og_type":"article","og_title":"Fr\u00e5n k\u00e4nslan av maktl\u00f6shet till viktiga insatser","og_description":"Snabb omst\u00e4llning till digitala utbildningar\u00a0gjorde s\u00e5 att konsulter i coronapandemin gick fr\u00e5n k\u00e4nslan av maktl\u00f6shet till viktiga insatser.","og_url":"https:\/\/www.kompetensforetagen.se\/2021\/03\/fran-kanslan-av-maktloshet-till-viktiga-insatser\/","og_site_name":"Kompetensf\u00f6retagen","article_published_time":"2021-03-05T10:40:52+00:00","article_modified_time":"2023-07-12T08:01:35+00:00","og_image":[{"width":1920,"height":2560,"url":"https:\/\/www.kompetensforetagen.se\/app\/uploads\/sites\/5\/2021\/03\/gothlin-klara-kompetens-scaled.jpg","type":"image\/jpeg"}],"author":"Shashika Sellgren","twitter_card":"summary_large_image","twitter_misc":{"Skriven av":"Shashika Sellgren","Ber\u00e4knad l\u00e4stid":"2 minuter"},"schema":{"@context":"https:\/\/schema.org","@graph":[{"@type":"Article","@id":"https:\/\/www.kompetensforetagen.se\/2021\/03\/fran-kanslan-av-maktloshet-till-viktiga-insatser\/#article","isPartOf":{"@id":"https:\/\/www.kompetensforetagen.se\/2021\/03\/fran-kanslan-av-maktloshet-till-viktiga-insatser\/"},"author":{"name":"Shashika Sellgren","@id":"https:\/\/www.kompetensforetagen.se\/#\/schema\/person\/38c6b37b81c530c93246c3d1993d5662"},"headline":"Fr\u00e5n k\u00e4nslan av maktl\u00f6shet till viktiga insatser","datePublished":"2021-03-05T10:40:52+00:00","dateModified":"2023-07-12T08:01:35+00:00","mainEntityOfPage":{"@id":"https:\/\/www.kompetensforetagen.se\/2021\/03\/fran-kanslan-av-maktloshet-till-viktiga-insatser\/"},"wordCount":504,"publisher":{"@id":"https:\/\/www.kompetensforetagen.se\/#organization"},"image":{"@id":"https:\/\/www.kompetensforetagen.se\/2021\/03\/fran-kanslan-av-maktloshet-till-viktiga-insatser\/#primaryimage"},"thumbnailUrl":"https:\/\/www.kompetensforetagen.se\/app\/uploads\/sites\/5\/2021\/03\/gothlin-klara-kompetens-scaled.jpg","articleSection":["Corona","Konsult","V\u00e5rdbemanning"],"inLanguage":"sv-SE"},{"@type":"WebPage","@id":"https:\/\/www.kompetensforetagen.se\/2021\/03\/fran-kanslan-av-maktloshet-till-viktiga-insatser\/","url":"https:\/\/www.kompetensforetagen.se\/2021\/03\/fran-kanslan-av-maktloshet-till-viktiga-insatser\/","name":"Fr\u00e5n k\u00e4nslan av maktl\u00f6shet till viktiga insatser - Kompetensf\u00f6retagen","isPartOf":{"@id":"https:\/\/www.kompetensforetagen.se\/#website"},"primaryImageOfPage":{"@id":"https:\/\/www.kompetensforetagen.se\/2021\/03\/fran-kanslan-av-maktloshet-till-viktiga-insatser\/#primaryimage"},"image":{"@id":"https:\/\/www.kompetensforetagen.se\/2021\/03\/fran-kanslan-av-maktloshet-till-viktiga-insatser\/#primaryimage"},"thumbnailUrl":"https:\/\/www.kompetensforetagen.se\/app\/uploads\/sites\/5\/2021\/03\/gothlin-klara-kompetens-scaled.jpg","datePublished":"2021-03-05T10:40:52+00:00","dateModified":"2023-07-12T08:01:35+00:00","description":"Snabb omst\u00e4llning till digitala utbildningar\u00a0gjorde s\u00e5 att konsulter i coronapandemin gick fr\u00e5n k\u00e4nslan av maktl\u00f6shet till viktiga insatser.","breadcrumb":{"@id":"https:\/\/www.kompetensforetagen.se\/2021\/03\/fran-kanslan-av-maktloshet-till-viktiga-insatser\/#breadcrumb"},"inLanguage":"sv-SE","potentialAction":[{"@type":"ReadAction","target":["https:\/\/www.kompetensforetagen.se\/2021\/03\/fran-kanslan-av-maktloshet-till-viktiga-insatser\/"]}]},{"@type":"ImageObject","inLanguage":"sv-SE","@id":"https:\/\/www.kompetensforetagen.se\/2021\/03\/fran-kanslan-av-maktloshet-till-viktiga-insatser\/#primaryimage","url":"https:\/\/www.kompetensforetagen.se\/app\/uploads\/sites\/5\/2021\/03\/gothlin-klara-kompetens-scaled.jpg","contentUrl":"https:\/\/www.kompetensforetagen.se\/app\/uploads\/sites\/5\/2021\/03\/gothlin-klara-kompetens-scaled.jpg","width":1920,"height":2560,"caption":"G\u00f6thlin fr\u00e5n Klara Kompetens, om kvalitetss\u00e4kring i branschen."},{"@type":"BreadcrumbList","@id":"https:\/\/www.kompetensforetagen.se\/2021\/03\/fran-kanslan-av-maktloshet-till-viktiga-insatser\/#breadcrumb","itemListElement":[{"@type":"ListItem","position":1,"name":"Home","item":"https:\/\/www.kompetensforetagen.se\/"},{"@type":"ListItem","position":2,"name":"Fr\u00e5n k\u00e4nslan av maktl\u00f6shet till viktiga insatser"}]},{"@type":"WebSite","@id":"https:\/\/www.kompetensforetagen.se\/#website","url":"https:\/\/www.kompetensforetagen.se\/","name":"Kompetensf\u00f6retagen","description":"R\u00e4tt person p\u00e5 r\u00e4tt plats kan f\u00f6r\u00e4ndra v\u00e4rlden","publisher":{"@id":"https:\/\/www.kompetensforetagen.se\/#organization"},"potentialAction":[{"@type":"SearchAction","target":{"@type":"EntryPoint","urlTemplate":"https:\/\/www.kompetensforetagen.se\/?s={search_term_string}"},"query-input":{"@type":"PropertyValueSpecification","valueRequired":true,"valueName":"search_term_string"}}],"inLanguage":"sv-SE"},{"@type":"Organization","@id":"https:\/\/www.kompetensforetagen.se\/#organization","name":"Kompetensf\u00f6retagen","url":"https:\/\/www.kompetensforetagen.se\/","logo":{"@type":"ImageObject","inLanguage":"sv-SE","@id":"https:\/\/www.kompetensforetagen.se\/#\/schema\/logo\/image\/","url":"https:\/\/www.kompetensforetagen.se\/app\/uploads\/sites\/5\/2022\/10\/logga_svart.png","contentUrl":"https:\/\/www.kompetensforetagen.se\/app\/uploads\/sites\/5\/2022\/10\/logga_svart.png","width":752,"height":64,"caption":"Kompetensf\u00f6retagen"},"image":{"@id":"https:\/\/www.kompetensforetagen.se\/#\/schema\/logo\/image\/"},"sameAs":["https:\/\/www.linkedin.com\/company\/10540032\/"]},{"@type":"Person","@id":"https:\/\/www.kompetensforetagen.se\/#\/schema\/person\/38c6b37b81c530c93246c3d1993d5662","name":"Shashika Sellgren","image":{"@type":"ImageObject","inLanguage":"sv-SE","@id":"https:\/\/www.kompetensforetagen.se\/#\/schema\/person\/image\/","url":"https:\/\/secure.gravatar.com\/avatar\/b225c479880df9eb82d1501dd105dd8040f27c8563f3d4bf5dd62ce0a1630abd?s=96&d=mm&r=g","contentUrl":"https:\/\/secure.gravatar.com\/avatar\/b225c479880df9eb82d1501dd105dd8040f27c8563f3d4bf5dd62ce0a1630abd?s=96&d=mm&r=g","caption":"Shashika Sellgren"},"url":"https:\/\/www.kompetensforetagen.se\/person\/shashikasellgren\/"}]}},"_links":{"self":[{"href":"https:\/\/www.kompetensforetagen.se\/api\/wp\/v2\/posts\/6566","targetHints":{"allow":["GET"]}}],"collection":[{"href":"https:\/\/www.kompetensforetagen.se\/api\/wp\/v2\/posts"}],"about":[{"href":"https:\/\/www.kompetensforetagen.se\/api\/wp\/v2\/types\/post"}],"author":[{"embeddable":true,"href":"https:\/\/www.kompetensforetagen.se\/api\/wp\/v2\/users\/6058"}],"replies":[{"embeddable":true,"href":"https:\/\/www.kompetensforetagen.se\/api\/wp\/v2\/comments?post=6566"}],"version-history":[{"count":2,"href":"https:\/\/www.kompetensforetagen.se\/api\/wp\/v2\/posts\/6566\/revisions"}],"predecessor-version":[{"id":14495,"href":"https:\/\/www.kompetensforetagen.se\/api\/wp\/v2\/posts\/6566\/revisions\/14495"}],"wp:featuredmedia":[{"embeddable":true,"href":"https:\/\/www.kompetensforetagen.se\/api\/wp\/v2\/media\/6568"}],"wp:attachment":[{"href":"https:\/\/www.kompetensforetagen.se\/api\/wp\/v2\/media?parent=6566"}],"wp:term":[{"taxonomy":"category","embeddable":true,"href":"https:\/\/www.kompetensforetagen.se\/api\/wp\/v2\/categories?post=6566"},{"taxonomy":"post_tag","embeddable":true,"href":"https:\/\/www.kompetensforetagen.se\/api\/wp\/v2\/tags?post=6566"},{"taxonomy":"type","embeddable":true,"href":"https:\/\/www.kompetensforetagen.se\/api\/wp\/v2\/article_type?post=6566"},{"taxonomy":"agreement","embeddable":true,"href":"https:\/\/www.kompetensforetagen.se\/api\/wp\/v2\/agreement?post=6566"},{"taxonomy":"for-members","embeddable":true,"href":"https:\/\/www.kompetensforetagen.se\/api\/wp\/v2\/for-members?post=6566"}],"curies":[{"name":"wp","href":"https:\/\/api.w.org\/{rel}","templated":true}]}}