{"id":6469,"date":"2021-02-19T12:04:44","date_gmt":"2021-02-19T11:04:44","guid":{"rendered":"https:\/\/www.kompetensforetagen.se\/?p=6469"},"modified":"2025-12-16T09:25:26","modified_gmt":"2025-12-16T08:25:26","slug":"kompetensforetag-i-lagkonjunktur","status":"publish","type":"post","link":"https:\/\/www.kompetensforetagen.se\/2021\/02\/kompetensforetag-i-lagkonjunktur\/","title":{"rendered":"Kompetens&shy;f\u00f6retag i l\u00e5gkonjunktur"},"content":{"rendered":"\n<p>Kompetensbranschen i Sverige har haft fler \u00e5r av tillv\u00e4xt eftersom branschen v\u00e4xer i takt med arbetsmarknaden. Det har inneburit att mycket stora grupper kommit i arbete tack vare branschen.<\/p>\n\n\n\n<p>Ingen h\u00f6gkonjunktur varar dock f\u00f6r evigt. D\u00e4rf\u00f6r har vi fr\u00e5gat v\u00e5ra medlemsf\u00f6retag hur en l\u00e5gkonjunktur skulle p\u00e5verka dem och deras medarbetare. Vi har pratat med n\u00e5gra av v\u00e5ra ledande f\u00f6retr\u00e4dare f\u00f6r ett antal st\u00f6rre medlemsf\u00f6retag om deras erfarenheter fr\u00e5n tidigare l\u00e5gkonjunkturer och om vilka tankar de har kring en m\u00f6jlig kommande l\u00e5gkonjunktur.<\/p>\n\n\n\n<p><a href=\"https:\/\/www.almega.se\/app\/uploads\/sites\/5\/2019\/10\/kompetensforetagen-i-lagkonjunktur-slutversion.pdf\">Den h\u00e4r rapporten <\/a>redovisar deras erfarenheter. Synpunkterna \u00e4r ett underlag f\u00f6r att diskutera hur s\u00e5v\u00e4l arbetsmarknaden i sin helhet som kompetensbranschen specifikt, kan rusta sig inf\u00f6r den nedg\u00e5ng som f\u00f6rr eller senare kommer.<\/p>\n","protected":false},"excerpt":{"rendered":"<p>Kompetensbranschen i Sverige har haft fler \u00e5r av tillv\u00e4xt eftersom branschen v\u00e4xer i takt med arbetsmarknaden. Det har inneburit att mycket stora grupper kommit i arbete tack vare branschen. Ingen h\u00f6gkonjunktur varar dock f\u00f6r evigt. &hellip;<\/p>\n","protected":false},"author":6058,"featured_media":4242,"comment_status":"closed","ping_status":"closed","sticky":false,"template":"","format":"standard","meta":{"_acf_changed":false,"footnotes":""},"categories":[1],"tags":[],"article_type":[],"agreement":[],"for-members":[],"class_list":["post-6469","post","type-post","status-publish","format-standard","has-post-thumbnail","hentry","category-okategoriserade"],"acf":[],"yoast_head":"<!-- This site is optimized with the Yoast SEO Premium plugin v26.8 (Yoast SEO v26.8) - https:\/\/yoast.com\/product\/yoast-seo-premium-wordpress\/ -->\n<title>Kompetensf\u00f6retag i l\u00e5gkonjunktur - Kompetensf\u00f6retagen<\/title>\n<meta name=\"description\" content=\"Kompetensf\u00f6retag i l\u00e5gkonjunktur. Hur p\u00e5verkas branschen n\u00e4r ekonomin bromsar in? L\u00e4s v\u00e5r analys av utmaningar och m\u00f6jligheter.\" \/>\n<meta name=\"robots\" content=\"index, follow, max-snippet:-1, max-image-preview:large, max-video-preview:-1\" \/>\n<link rel=\"canonical\" href=\"https:\/\/www.kompetensforetagen.se\/2021\/02\/kompetensforetag-i-lagkonjunktur\/\" \/>\n<meta property=\"og:locale\" content=\"sv_SE\" \/>\n<meta property=\"og:type\" content=\"article\" \/>\n<meta property=\"og:title\" content=\"Kompetensf\u00f6retag i l\u00e5gkonjunktur\" \/>\n<meta property=\"og:description\" content=\"Kompetensf\u00f6retag i l\u00e5gkonjunktur. Hur p\u00e5verkas branschen n\u00e4r ekonomin bromsar in? L\u00e4s v\u00e5r analys av utmaningar och m\u00f6jligheter.\" \/>\n<meta property=\"og:url\" content=\"https:\/\/www.kompetensforetagen.se\/2021\/02\/kompetensforetag-i-lagkonjunktur\/\" \/>\n<meta property=\"og:site_name\" content=\"Kompetensf\u00f6retagen\" \/>\n<meta property=\"article:published_time\" content=\"2021-02-19T11:04:44+00:00\" \/>\n<meta property=\"article:modified_time\" content=\"2025-12-16T08:25:26+00:00\" \/>\n<meta property=\"og:image\" content=\"https:\/\/www.kompetensforetagen.se\/app\/uploads\/sites\/5\/2019\/10\/kompftg-i-lagkonjuktur-framsida.jpg\" \/>\n\t<meta property=\"og:image:width\" content=\"824\" \/>\n\t<meta property=\"og:image:height\" content=\"1185\" \/>\n\t<meta property=\"og:image:type\" content=\"image\/jpeg\" \/>\n<meta name=\"author\" content=\"Shashika Sellgren\" \/>\n<meta name=\"twitter:card\" content=\"summary_large_image\" \/>\n<meta name=\"twitter:label1\" content=\"Skriven av\" \/>\n\t<meta name=\"twitter:data1\" content=\"Shashika Sellgren\" \/>\n\t<meta name=\"twitter:label2\" content=\"Ber\u00e4knad l\u00e4stid\" \/>\n\t<meta name=\"twitter:data2\" content=\"1 minut\" \/>\n<!-- \/ Yoast SEO Premium plugin. -->","yoast_head_json":{"title":"Kompetensf\u00f6retag i l\u00e5gkonjunktur - Kompetensf\u00f6retagen","description":"Kompetensf\u00f6retag i l\u00e5gkonjunktur. Hur p\u00e5verkas branschen n\u00e4r ekonomin bromsar in? L\u00e4s v\u00e5r analys av utmaningar och m\u00f6jligheter.","robots":{"index":"index","follow":"follow","max-snippet":"max-snippet:-1","max-image-preview":"max-image-preview:large","max-video-preview":"max-video-preview:-1"},"canonical":"https:\/\/www.kompetensforetagen.se\/2021\/02\/kompetensforetag-i-lagkonjunktur\/","og_locale":"sv_SE","og_type":"article","og_title":"Kompetensf\u00f6retag i l\u00e5gkonjunktur","og_description":"Kompetensf\u00f6retag i l\u00e5gkonjunktur. Hur p\u00e5verkas branschen n\u00e4r ekonomin bromsar in? L\u00e4s v\u00e5r analys av utmaningar och m\u00f6jligheter.","og_url":"https:\/\/www.kompetensforetagen.se\/2021\/02\/kompetensforetag-i-lagkonjunktur\/","og_site_name":"Kompetensf\u00f6retagen","article_published_time":"2021-02-19T11:04:44+00:00","article_modified_time":"2025-12-16T08:25:26+00:00","og_image":[{"width":824,"height":1185,"url":"https:\/\/www.kompetensforetagen.se\/app\/uploads\/sites\/5\/2019\/10\/kompftg-i-lagkonjuktur-framsida.jpg","type":"image\/jpeg"}],"author":"Shashika Sellgren","twitter_card":"summary_large_image","twitter_misc":{"Skriven av":"Shashika Sellgren","Ber\u00e4knad l\u00e4stid":"1 minut"},"schema":{"@context":"https:\/\/schema.org","@graph":[{"@type":"Article","@id":"https:\/\/www.kompetensforetagen.se\/2021\/02\/kompetensforetag-i-lagkonjunktur\/#article","isPartOf":{"@id":"https:\/\/www.kompetensforetagen.se\/2021\/02\/kompetensforetag-i-lagkonjunktur\/"},"author":{"name":"Shashika Sellgren","@id":"https:\/\/www.kompetensforetagen.se\/#\/schema\/person\/38c6b37b81c530c93246c3d1993d5662"},"headline":"Kompetens&shy;f\u00f6retag i l\u00e5gkonjunktur","datePublished":"2021-02-19T11:04:44+00:00","dateModified":"2025-12-16T08:25:26+00:00","mainEntityOfPage":{"@id":"https:\/\/www.kompetensforetagen.se\/2021\/02\/kompetensforetag-i-lagkonjunktur\/"},"wordCount":148,"publisher":{"@id":"https:\/\/www.kompetensforetagen.se\/#organization"},"image":{"@id":"https:\/\/www.kompetensforetagen.se\/2021\/02\/kompetensforetag-i-lagkonjunktur\/#primaryimage"},"thumbnailUrl":"https:\/\/www.kompetensforetagen.se\/app\/uploads\/sites\/5\/2019\/10\/kompftg-i-lagkonjuktur-framsida.jpg","inLanguage":"sv-SE"},{"@type":"WebPage","@id":"https:\/\/www.kompetensforetagen.se\/2021\/02\/kompetensforetag-i-lagkonjunktur\/","url":"https:\/\/www.kompetensforetagen.se\/2021\/02\/kompetensforetag-i-lagkonjunktur\/","name":"Kompetensf\u00f6retag i l\u00e5gkonjunktur - Kompetensf\u00f6retagen","isPartOf":{"@id":"https:\/\/www.kompetensforetagen.se\/#website"},"primaryImageOfPage":{"@id":"https:\/\/www.kompetensforetagen.se\/2021\/02\/kompetensforetag-i-lagkonjunktur\/#primaryimage"},"image":{"@id":"https:\/\/www.kompetensforetagen.se\/2021\/02\/kompetensforetag-i-lagkonjunktur\/#primaryimage"},"thumbnailUrl":"https:\/\/www.kompetensforetagen.se\/app\/uploads\/sites\/5\/2019\/10\/kompftg-i-lagkonjuktur-framsida.jpg","datePublished":"2021-02-19T11:04:44+00:00","dateModified":"2025-12-16T08:25:26+00:00","description":"Kompetensf\u00f6retag i l\u00e5gkonjunktur. Hur p\u00e5verkas branschen n\u00e4r ekonomin bromsar in? L\u00e4s v\u00e5r analys av utmaningar och m\u00f6jligheter.","breadcrumb":{"@id":"https:\/\/www.kompetensforetagen.se\/2021\/02\/kompetensforetag-i-lagkonjunktur\/#breadcrumb"},"inLanguage":"sv-SE","potentialAction":[{"@type":"ReadAction","target":["https:\/\/www.kompetensforetagen.se\/2021\/02\/kompetensforetag-i-lagkonjunktur\/"]}]},{"@type":"ImageObject","inLanguage":"sv-SE","@id":"https:\/\/www.kompetensforetagen.se\/2021\/02\/kompetensforetag-i-lagkonjunktur\/#primaryimage","url":"https:\/\/www.kompetensforetagen.se\/app\/uploads\/sites\/5\/2019\/10\/kompftg-i-lagkonjuktur-framsida.jpg","contentUrl":"https:\/\/www.kompetensforetagen.se\/app\/uploads\/sites\/5\/2019\/10\/kompftg-i-lagkonjuktur-framsida.jpg","width":824,"height":1185,"caption":"Rapportomslag: Kompetensf\u00f6retagen och branschens roll i l\u00e5gkonjunktur."},{"@type":"BreadcrumbList","@id":"https:\/\/www.kompetensforetagen.se\/2021\/02\/kompetensforetag-i-lagkonjunktur\/#breadcrumb","itemListElement":[{"@type":"ListItem","position":1,"name":"Home","item":"https:\/\/www.kompetensforetagen.se\/"},{"@type":"ListItem","position":2,"name":"Kompetens&shy;f\u00f6retag i l\u00e5gkonjunktur"}]},{"@type":"WebSite","@id":"https:\/\/www.kompetensforetagen.se\/#website","url":"https:\/\/www.kompetensforetagen.se\/","name":"Kompetensf\u00f6retagen","description":"R\u00e4tt person p\u00e5 r\u00e4tt plats kan f\u00f6r\u00e4ndra v\u00e4rlden","publisher":{"@id":"https:\/\/www.kompetensforetagen.se\/#organization"},"potentialAction":[{"@type":"SearchAction","target":{"@type":"EntryPoint","urlTemplate":"https:\/\/www.kompetensforetagen.se\/?s={search_term_string}"},"query-input":{"@type":"PropertyValueSpecification","valueRequired":true,"valueName":"search_term_string"}}],"inLanguage":"sv-SE"},{"@type":"Organization","@id":"https:\/\/www.kompetensforetagen.se\/#organization","name":"Kompetensf\u00f6retagen","url":"https:\/\/www.kompetensforetagen.se\/","logo":{"@type":"ImageObject","inLanguage":"sv-SE","@id":"https:\/\/www.kompetensforetagen.se\/#\/schema\/logo\/image\/","url":"https:\/\/www.kompetensforetagen.se\/app\/uploads\/sites\/5\/2022\/10\/logga_svart.png","contentUrl":"https:\/\/www.kompetensforetagen.se\/app\/uploads\/sites\/5\/2022\/10\/logga_svart.png","width":752,"height":64,"caption":"Kompetensf\u00f6retagen"},"image":{"@id":"https:\/\/www.kompetensforetagen.se\/#\/schema\/logo\/image\/"},"sameAs":["https:\/\/www.linkedin.com\/company\/10540032\/"]},{"@type":"Person","@id":"https:\/\/www.kompetensforetagen.se\/#\/schema\/person\/38c6b37b81c530c93246c3d1993d5662","name":"Shashika Sellgren","image":{"@type":"ImageObject","inLanguage":"sv-SE","@id":"https:\/\/www.kompetensforetagen.se\/#\/schema\/person\/image\/","url":"https:\/\/secure.gravatar.com\/avatar\/b225c479880df9eb82d1501dd105dd8040f27c8563f3d4bf5dd62ce0a1630abd?s=96&d=mm&r=g","contentUrl":"https:\/\/secure.gravatar.com\/avatar\/b225c479880df9eb82d1501dd105dd8040f27c8563f3d4bf5dd62ce0a1630abd?s=96&d=mm&r=g","caption":"Shashika Sellgren"},"url":"https:\/\/www.kompetensforetagen.se\/person\/shashikasellgren\/"}]}},"_links":{"self":[{"href":"https:\/\/www.kompetensforetagen.se\/api\/wp\/v2\/posts\/6469","targetHints":{"allow":["GET"]}}],"collection":[{"href":"https:\/\/www.kompetensforetagen.se\/api\/wp\/v2\/posts"}],"about":[{"href":"https:\/\/www.kompetensforetagen.se\/api\/wp\/v2\/types\/post"}],"author":[{"embeddable":true,"href":"https:\/\/www.kompetensforetagen.se\/api\/wp\/v2\/users\/6058"}],"replies":[{"embeddable":true,"href":"https:\/\/www.kompetensforetagen.se\/api\/wp\/v2\/comments?post=6469"}],"version-history":[{"count":2,"href":"https:\/\/www.kompetensforetagen.se\/api\/wp\/v2\/posts\/6469\/revisions"}],"predecessor-version":[{"id":15846,"href":"https:\/\/www.kompetensforetagen.se\/api\/wp\/v2\/posts\/6469\/revisions\/15846"}],"wp:featuredmedia":[{"embeddable":true,"href":"https:\/\/www.kompetensforetagen.se\/api\/wp\/v2\/media\/4242"}],"wp:attachment":[{"href":"https:\/\/www.kompetensforetagen.se\/api\/wp\/v2\/media?parent=6469"}],"wp:term":[{"taxonomy":"category","embeddable":true,"href":"https:\/\/www.kompetensforetagen.se\/api\/wp\/v2\/categories?post=6469"},{"taxonomy":"post_tag","embeddable":true,"href":"https:\/\/www.kompetensforetagen.se\/api\/wp\/v2\/tags?post=6469"},{"taxonomy":"type","embeddable":true,"href":"https:\/\/www.kompetensforetagen.se\/api\/wp\/v2\/article_type?post=6469"},{"taxonomy":"agreement","embeddable":true,"href":"https:\/\/www.kompetensforetagen.se\/api\/wp\/v2\/agreement?post=6469"},{"taxonomy":"for-members","embeddable":true,"href":"https:\/\/www.kompetensforetagen.se\/api\/wp\/v2\/for-members?post=6469"}],"curies":[{"name":"wp","href":"https:\/\/api.w.org\/{rel}","templated":true}]}}