{"id":6466,"date":"2021-02-19T11:58:21","date_gmt":"2021-02-19T10:58:21","guid":{"rendered":"https:\/\/www.kompetensforetagen.se\/?p=6466"},"modified":"2023-11-28T13:21:59","modified_gmt":"2023-11-28T12:21:59","slug":"samverkan-for-sakrare-arbetsplatser","status":"publish","type":"post","link":"https:\/\/www.kompetensforetagen.se\/2021\/02\/samverkan-for-sakrare-arbetsplatser\/","title":{"rendered":"Samverkan f\u00f6r s\u00e4krare arbetsplatser 2015 till 2016"},"content":{"rendered":"\n<p>Kompetensf\u00f6retagen har en viktig roll i f\u00f6rb\u00e4ttringsarbetet med arbetsmilj\u00f6. I yrkesgrupper som alltid pr\u00e4glats av h\u00f6ga skadetal jobbar numera en stor andel konsulter, och inom kompetensbranschen finns numera betydande erfarenhet av att <a href=\"https:\/\/www.kompetensforetagen.se\/2022\/03\/systematiskt-arbetsmiljoarbete-for-sakrare-arbetsmiljo\/\" target=\"_blank\" rel=\"noopener\">systematiskt f\u00f6rebygga olyckor<\/a> p\u00e5 dessa f\u00f6rh\u00e5llandevis riskfyllda arbetsplatser. Ett led i att minska skadorna \u00e4r att b\u00e4ttre f\u00f6rst\u00e5 de skadem\u00f6nster som f\u00f6religger.<\/p>\n\n\n\n<p>Denna <a href=\"https:\/\/www.almega.se\/app\/uploads\/sites\/5\/2019\/10\/samverkan-for-sakrare-arbetsplatser.pdf\">rapport \u00e4r en insats i den riktningen<\/a>. F\u00f6rhoppningen \u00e4r att resultaten<br>\u00f6ppnar upp f\u00f6r dialog och effektivare arbetsmilj\u00f6arbete.<\/p>\n","protected":false},"excerpt":{"rendered":"<p>Kompetensf\u00f6retagen har en viktig roll i f\u00f6rb\u00e4ttringsarbetet med arbetsmilj\u00f6. I yrkesgrupper som alltid pr\u00e4glats av h\u00f6ga skadetal jobbar numera en stor andel konsulter, och inom kompetensbranschen finns numera betydande erfarenhet av att systematiskt f\u00f6rebygga olyckor &hellip;<\/p>\n","protected":false},"author":6058,"featured_media":15947,"comment_status":"closed","ping_status":"closed","sticky":false,"template":"","format":"standard","meta":{"_acf_changed":false,"footnotes":""},"categories":[1],"tags":[],"article_type":[16],"agreement":[],"for-members":[],"class_list":["post-6466","post","type-post","status-publish","format-standard","has-post-thumbnail","hentry","category-okategoriserade","type-rapporter"],"acf":[],"yoast_head":"<!-- This site is optimized with the Yoast SEO Premium plugin v26.8 (Yoast SEO v26.8) - https:\/\/yoast.com\/product\/yoast-seo-premium-wordpress\/ -->\n<title>Samverkan f\u00f6r s\u00e4krare arbetsplatser 2015 till 2016 - Kompetensf\u00f6retagen<\/title>\n<meta name=\"description\" content=\"En rapport vid namn Samverkan f\u00f6r s\u00e4krare arbetsplatser som \u00e4r skriven 2015 till 2016.\" \/>\n<meta name=\"robots\" content=\"index, follow, max-snippet:-1, max-image-preview:large, max-video-preview:-1\" \/>\n<link rel=\"canonical\" href=\"https:\/\/www.kompetensforetagen.se\/2021\/02\/samverkan-for-sakrare-arbetsplatser\/\" \/>\n<meta property=\"og:locale\" content=\"sv_SE\" \/>\n<meta property=\"og:type\" content=\"article\" \/>\n<meta property=\"og:title\" content=\"Samverkan f\u00f6r s\u00e4krare arbetsplatser 2015 till 2016\" \/>\n<meta property=\"og:description\" content=\"En rapport vid namn Samverkan f\u00f6r s\u00e4krare arbetsplatser som \u00e4r skriven 2015 till 2016.\" \/>\n<meta property=\"og:url\" content=\"https:\/\/www.kompetensforetagen.se\/2021\/02\/samverkan-for-sakrare-arbetsplatser\/\" \/>\n<meta property=\"og:site_name\" content=\"Kompetensf\u00f6retagen\" \/>\n<meta property=\"article:published_time\" content=\"2021-02-19T10:58:21+00:00\" \/>\n<meta property=\"article:modified_time\" content=\"2023-11-28T12:21:59+00:00\" \/>\n<meta property=\"og:image\" content=\"https:\/\/www.kompetensforetagen.se\/app\/uploads\/sites\/5\/2021\/02\/Samverkan-for-sakrare-arbetsplatser.png\" \/>\n\t<meta property=\"og:image:width\" content=\"781\" \/>\n\t<meta property=\"og:image:height\" content=\"402\" \/>\n\t<meta property=\"og:image:type\" content=\"image\/png\" \/>\n<meta name=\"author\" content=\"Shashika Sellgren\" \/>\n<meta name=\"twitter:card\" content=\"summary_large_image\" \/>\n<meta name=\"twitter:label1\" content=\"Skriven av\" \/>\n\t<meta name=\"twitter:data1\" content=\"Shashika Sellgren\" \/>\n\t<meta name=\"twitter:label2\" content=\"Ber\u00e4knad l\u00e4stid\" \/>\n\t<meta name=\"twitter:data2\" content=\"1 minut\" \/>\n<!-- \/ Yoast SEO Premium plugin. -->","yoast_head_json":{"title":"Samverkan f\u00f6r s\u00e4krare arbetsplatser 2015 till 2016 - Kompetensf\u00f6retagen","description":"En rapport vid namn Samverkan f\u00f6r s\u00e4krare arbetsplatser som \u00e4r skriven 2015 till 2016.","robots":{"index":"index","follow":"follow","max-snippet":"max-snippet:-1","max-image-preview":"max-image-preview:large","max-video-preview":"max-video-preview:-1"},"canonical":"https:\/\/www.kompetensforetagen.se\/2021\/02\/samverkan-for-sakrare-arbetsplatser\/","og_locale":"sv_SE","og_type":"article","og_title":"Samverkan f\u00f6r s\u00e4krare arbetsplatser 2015 till 2016","og_description":"En rapport vid namn Samverkan f\u00f6r s\u00e4krare arbetsplatser som \u00e4r skriven 2015 till 2016.","og_url":"https:\/\/www.kompetensforetagen.se\/2021\/02\/samverkan-for-sakrare-arbetsplatser\/","og_site_name":"Kompetensf\u00f6retagen","article_published_time":"2021-02-19T10:58:21+00:00","article_modified_time":"2023-11-28T12:21:59+00:00","og_image":[{"width":781,"height":402,"url":"https:\/\/www.kompetensforetagen.se\/app\/uploads\/sites\/5\/2021\/02\/Samverkan-for-sakrare-arbetsplatser.png","type":"image\/png"}],"author":"Shashika Sellgren","twitter_card":"summary_large_image","twitter_misc":{"Skriven av":"Shashika Sellgren","Ber\u00e4knad l\u00e4stid":"1 minut"},"schema":{"@context":"https:\/\/schema.org","@graph":[{"@type":"Article","@id":"https:\/\/www.kompetensforetagen.se\/2021\/02\/samverkan-for-sakrare-arbetsplatser\/#article","isPartOf":{"@id":"https:\/\/www.kompetensforetagen.se\/2021\/02\/samverkan-for-sakrare-arbetsplatser\/"},"author":{"name":"Shashika Sellgren","@id":"https:\/\/www.kompetensforetagen.se\/#\/schema\/person\/38c6b37b81c530c93246c3d1993d5662"},"headline":"Samverkan f\u00f6r s\u00e4krare arbetsplatser 2015 till 2016","datePublished":"2021-02-19T10:58:21+00:00","dateModified":"2023-11-28T12:21:59+00:00","mainEntityOfPage":{"@id":"https:\/\/www.kompetensforetagen.se\/2021\/02\/samverkan-for-sakrare-arbetsplatser\/"},"wordCount":95,"publisher":{"@id":"https:\/\/www.kompetensforetagen.se\/#organization"},"image":{"@id":"https:\/\/www.kompetensforetagen.se\/2021\/02\/samverkan-for-sakrare-arbetsplatser\/#primaryimage"},"thumbnailUrl":"https:\/\/www.kompetensforetagen.se\/app\/uploads\/sites\/5\/2021\/02\/Samverkan-for-sakrare-arbetsplatser.png","inLanguage":"sv-SE"},{"@type":"WebPage","@id":"https:\/\/www.kompetensforetagen.se\/2021\/02\/samverkan-for-sakrare-arbetsplatser\/","url":"https:\/\/www.kompetensforetagen.se\/2021\/02\/samverkan-for-sakrare-arbetsplatser\/","name":"Samverkan f\u00f6r s\u00e4krare arbetsplatser 2015 till 2016 - Kompetensf\u00f6retagen","isPartOf":{"@id":"https:\/\/www.kompetensforetagen.se\/#website"},"primaryImageOfPage":{"@id":"https:\/\/www.kompetensforetagen.se\/2021\/02\/samverkan-for-sakrare-arbetsplatser\/#primaryimage"},"image":{"@id":"https:\/\/www.kompetensforetagen.se\/2021\/02\/samverkan-for-sakrare-arbetsplatser\/#primaryimage"},"thumbnailUrl":"https:\/\/www.kompetensforetagen.se\/app\/uploads\/sites\/5\/2021\/02\/Samverkan-for-sakrare-arbetsplatser.png","datePublished":"2021-02-19T10:58:21+00:00","dateModified":"2023-11-28T12:21:59+00:00","description":"En rapport vid namn Samverkan f\u00f6r s\u00e4krare arbetsplatser som \u00e4r skriven 2015 till 2016.","breadcrumb":{"@id":"https:\/\/www.kompetensforetagen.se\/2021\/02\/samverkan-for-sakrare-arbetsplatser\/#breadcrumb"},"inLanguage":"sv-SE","potentialAction":[{"@type":"ReadAction","target":["https:\/\/www.kompetensforetagen.se\/2021\/02\/samverkan-for-sakrare-arbetsplatser\/"]}]},{"@type":"ImageObject","inLanguage":"sv-SE","@id":"https:\/\/www.kompetensforetagen.se\/2021\/02\/samverkan-for-sakrare-arbetsplatser\/#primaryimage","url":"https:\/\/www.kompetensforetagen.se\/app\/uploads\/sites\/5\/2021\/02\/Samverkan-for-sakrare-arbetsplatser.png","contentUrl":"https:\/\/www.kompetensforetagen.se\/app\/uploads\/sites\/5\/2021\/02\/Samverkan-for-sakrare-arbetsplatser.png","width":781,"height":402},{"@type":"BreadcrumbList","@id":"https:\/\/www.kompetensforetagen.se\/2021\/02\/samverkan-for-sakrare-arbetsplatser\/#breadcrumb","itemListElement":[{"@type":"ListItem","position":1,"name":"Home","item":"https:\/\/www.kompetensforetagen.se\/"},{"@type":"ListItem","position":2,"name":"Samverkan f\u00f6r s\u00e4krare arbetsplatser 2015 till 2016"}]},{"@type":"WebSite","@id":"https:\/\/www.kompetensforetagen.se\/#website","url":"https:\/\/www.kompetensforetagen.se\/","name":"Kompetensf\u00f6retagen","description":"R\u00e4tt person p\u00e5 r\u00e4tt plats kan f\u00f6r\u00e4ndra v\u00e4rlden","publisher":{"@id":"https:\/\/www.kompetensforetagen.se\/#organization"},"potentialAction":[{"@type":"SearchAction","target":{"@type":"EntryPoint","urlTemplate":"https:\/\/www.kompetensforetagen.se\/?s={search_term_string}"},"query-input":{"@type":"PropertyValueSpecification","valueRequired":true,"valueName":"search_term_string"}}],"inLanguage":"sv-SE"},{"@type":"Organization","@id":"https:\/\/www.kompetensforetagen.se\/#organization","name":"Kompetensf\u00f6retagen","url":"https:\/\/www.kompetensforetagen.se\/","logo":{"@type":"ImageObject","inLanguage":"sv-SE","@id":"https:\/\/www.kompetensforetagen.se\/#\/schema\/logo\/image\/","url":"https:\/\/www.kompetensforetagen.se\/app\/uploads\/sites\/5\/2022\/10\/logga_svart.png","contentUrl":"https:\/\/www.kompetensforetagen.se\/app\/uploads\/sites\/5\/2022\/10\/logga_svart.png","width":752,"height":64,"caption":"Kompetensf\u00f6retagen"},"image":{"@id":"https:\/\/www.kompetensforetagen.se\/#\/schema\/logo\/image\/"},"sameAs":["https:\/\/www.linkedin.com\/company\/10540032\/"]},{"@type":"Person","@id":"https:\/\/www.kompetensforetagen.se\/#\/schema\/person\/38c6b37b81c530c93246c3d1993d5662","name":"Shashika Sellgren","image":{"@type":"ImageObject","inLanguage":"sv-SE","@id":"https:\/\/www.kompetensforetagen.se\/#\/schema\/person\/image\/","url":"https:\/\/secure.gravatar.com\/avatar\/b225c479880df9eb82d1501dd105dd8040f27c8563f3d4bf5dd62ce0a1630abd?s=96&d=mm&r=g","contentUrl":"https:\/\/secure.gravatar.com\/avatar\/b225c479880df9eb82d1501dd105dd8040f27c8563f3d4bf5dd62ce0a1630abd?s=96&d=mm&r=g","caption":"Shashika Sellgren"},"url":"https:\/\/www.kompetensforetagen.se\/person\/shashikasellgren\/"}]}},"_links":{"self":[{"href":"https:\/\/www.kompetensforetagen.se\/api\/wp\/v2\/posts\/6466","targetHints":{"allow":["GET"]}}],"collection":[{"href":"https:\/\/www.kompetensforetagen.se\/api\/wp\/v2\/posts"}],"about":[{"href":"https:\/\/www.kompetensforetagen.se\/api\/wp\/v2\/types\/post"}],"author":[{"embeddable":true,"href":"https:\/\/www.kompetensforetagen.se\/api\/wp\/v2\/users\/6058"}],"replies":[{"embeddable":true,"href":"https:\/\/www.kompetensforetagen.se\/api\/wp\/v2\/comments?post=6466"}],"version-history":[{"count":2,"href":"https:\/\/www.kompetensforetagen.se\/api\/wp\/v2\/posts\/6466\/revisions"}],"predecessor-version":[{"id":15948,"href":"https:\/\/www.kompetensforetagen.se\/api\/wp\/v2\/posts\/6466\/revisions\/15948"}],"wp:featuredmedia":[{"embeddable":true,"href":"https:\/\/www.kompetensforetagen.se\/api\/wp\/v2\/media\/15947"}],"wp:attachment":[{"href":"https:\/\/www.kompetensforetagen.se\/api\/wp\/v2\/media?parent=6466"}],"wp:term":[{"taxonomy":"category","embeddable":true,"href":"https:\/\/www.kompetensforetagen.se\/api\/wp\/v2\/categories?post=6466"},{"taxonomy":"post_tag","embeddable":true,"href":"https:\/\/www.kompetensforetagen.se\/api\/wp\/v2\/tags?post=6466"},{"taxonomy":"type","embeddable":true,"href":"https:\/\/www.kompetensforetagen.se\/api\/wp\/v2\/article_type?post=6466"},{"taxonomy":"agreement","embeddable":true,"href":"https:\/\/www.kompetensforetagen.se\/api\/wp\/v2\/agreement?post=6466"},{"taxonomy":"for-members","embeddable":true,"href":"https:\/\/www.kompetensforetagen.se\/api\/wp\/v2\/for-members?post=6466"}],"curies":[{"name":"wp","href":"https:\/\/api.w.org\/{rel}","templated":true}]}}