{"id":6292,"date":"2021-02-02T08:33:15","date_gmt":"2021-02-02T07:33:15","guid":{"rendered":"https:\/\/www.kompetensforetagen.se\/?p=6292"},"modified":"2023-07-12T09:55:14","modified_gmt":"2023-07-12T07:55:14","slug":"debatt-feltankt-nar-karlshamn-vill-driva-egen-arbetsformedling","status":"publish","type":"post","link":"https:\/\/www.kompetensforetagen.se\/2021\/02\/debatt-feltankt-nar-karlshamn-vill-driva-egen-arbetsformedling\/","title":{"rendered":"Debatt: Felt\u00e4nkt n\u00e4r Karlshamn vill driva egen arbetsf\u00f6rmedling"},"content":{"rendered":"\n<p>Politikerna i Karlshamn bryter sannolikt mot lagen n\u00e4r de f\u00f6rs\u00f6ker g\u00f6ra kommunen till leverant\u00f6r av arbetsmarknadstj\u00e4nster \u00e5t staten. I st\u00e4llet f\u00f6r att anv\u00e4nda skattebetalarnas pengar till att bedriva aff\u00e4rsverksamhet borde kommunen f\u00f6rb\u00e4ttra samarbetet med de etablerade matchningsakt\u00f6rerna, skriver f\u00f6retr\u00e4dare f\u00f6r&nbsp;Almega,&nbsp;Kompetensf\u00f6retagen och Almega Utbildningsf\u00f6retagen.<\/p>\n\n\n\n<p>Just nu p\u00e5g\u00e5r en <a href=\"https:\/\/www.kompetensforetagen.se\/arbetsformedlingen\/om-arbetsformedlingens-reform\/\" target=\"_blank\" rel=\"noreferrer noopener\">reformering av Arbetsf\u00f6rmedlingen<\/a> f\u00f6r att skapa en b\u00e4ttre fungerande matchning p\u00e5 arbetsmarknaden. Detta \u00e4r en mycket viktig reform, i synnerhet som vi ser v\u00e4xande arbetsl\u00f6shetssiffror till f\u00f6ljd av pandemin. Navet i arbetsf\u00f6rmedlingssystemet \u00e4r <a href=\"https:\/\/www.kompetensforetagen.se\/2021\/03\/de-fristaende-leverantorerna-krom\/\" target=\"_blank\" rel=\"noreferrer noopener\">frist\u00e5ende matchningsakt\u00f6rer,<\/a> som p\u00e5 Arbetsf\u00f6rmedlingens uppdrag<a href=\"https:\/\/www.kompetensforetagen.se\/arbetsformedlingen\/krom-rusta-och-matcha\/\" target=\"_blank\" rel=\"noreferrer noopener\"> rustar och matchar<\/a> de arbetsl\u00f6sa till jobb.<\/p>\n\n\n\n<p>I Blekinge finns&nbsp;redan 13 matchningsakt\u00f6rer p\u00e5 plats, varav nio har kontor i Karlshamns kommun. Det \u00e4r b\u00e5de privata f\u00f6retag och folkbildningsakt\u00f6rer. N\u00e5gra tillh\u00f6r stora internationella koncerner, andra \u00e4r lokala f\u00f6retag specialiserade p\u00e5 s\u00f6dra Sverige. Under perioden april till och med december 2020 fick n\u00e4rmare 1&nbsp;000 Blekingebor st\u00f6d av dessa f\u00f6r att komma i arbete.<\/p>\n\n\n\n<h3 class=\"wp-block-heading\">Karlshamn bryter sannolikt mot lagen<\/h3>\n\n\n\n<p>Att kommunen i ett s\u00e5dant l\u00e4ge agerar f\u00f6r att sj\u00e4lv bli leverant\u00f6r \u00e5t Arbetsf\u00f6rmedlingen \u00e4r inte bara h\u00e4pnadsv\u00e4ckande, utan sannolikt olagligt.<\/p>\n\n\n\n<blockquote class=\"wp-block-quote is-layout-flow wp-block-quote-is-layout-flow\">\n<p>I Blekinge finns&nbsp;redan 13 matchningsakt\u00f6rer p\u00e5 plats, varav nio har kontor i Karlshamns kommun<\/p>\n<\/blockquote>\n\n\n\n<p>Kommunerna lyder underkommunallagen, som&nbsp;inte ger n\u00e5gra mandat \u00e5t kommunerna att b\u00f6rja s\u00e4lja matchningstj\u00e4nster \u00e5t Arbetsf\u00f6rmedlingen. Utredningen om kommuners medverkan i den statliga arbetsmarknadspolitiken analyserade denna fr\u00e5ga f\u00f6rra \u00e5ret. Utredningen fann att kommunerna har vissa befogenheter inom arbetsmarknadsomr\u00e5det, men konstaterade att det inte g\u00e5r att vara r\u00e4ttsligt s\u00e4ker p\u00e5 om en enskild uppgift ryms inom de kommunala befogenheterna f\u00f6rr\u00e4n detta antingen st\u00f6ds genom ett utl\u00e5tande fr\u00e5n H\u00f6gsta f\u00f6rvaltningsdomstolen eller genom ett uttryckligt lagst\u00f6d.<\/p>\n\n\n\n<p>Olle Lundin, professor i f\u00f6rvaltningsr\u00e4tt vid Uppsala universitet, har gjort en analys av det<br>r\u00e4ttsliga l\u00e4get. Den utmynnar i bed\u00f6mningen att kommunerna inte har befogenhet att utf\u00f6ra&nbsp;matchningstj\u00e4nster i Arbetsf\u00f6rmedlingens valfrihetssystem. Allt talar allts\u00e5 f\u00f6r att det&nbsp;Karlshamns kommun nu g\u00f6r faktiskt \u00e4r olagligt och b\u00f6r upph\u00f6ra.<\/p>\n\n\n\n<p>Det kan aldrig&nbsp;bli konkurrens p\u00e5 lika villkor mellan en kommun och ett privat f\u00f6retag. Kommuner \u00e4r skattefinansierade och kan inte g\u00e5 i konkurs. De har \u00e4ven myndighetsfunktioner som g\u00f6r att de kan f\u00e5 konkurrensf\u00f6rdelar i f\u00f6rh\u00e5llande till de privata akt\u00f6rerna i situationer d\u00e4r den enskilde individen ska v\u00e4lja akt\u00f6r. Detta riskerar skapa betydande konkurrensproblem f\u00f6r de frist\u00e5ende matchningsf\u00f6retagen och h\u00e4mma effektiviteten i hela systemet, vilket drabbar de arbetss\u00f6kande.<\/p>\n\n\n\n<blockquote class=\"wp-block-quote is-layout-flow wp-block-quote-is-layout-flow\">\n<p>Allt talar allts\u00e5 f\u00f6r att det&nbsp;Karlshamns kommun nu g\u00f6r faktiskt \u00e4r olagligt och b\u00f6r upph\u00f6ra<\/p>\n<\/blockquote>\n\n\n\n<p>Att med kommunala&nbsp;skattemedel i ryggen b\u00f6rja erbjuda tj\u00e4nster, som det finns f\u00f6retag som kan utf\u00f6ra, vore d\u00e4rtill ett resurssl\u00f6seri.<\/p>\n\n\n\n<p>Av dessa sk\u00e4l \u00e4r Karlshamns kommuns agerande otroligt orov\u00e4ckande. I st\u00e4llet f\u00f6r att b\u00f6rja s\u00e4lja matchningstj\u00e4nster b\u00f6r kommunen i sin befintliga myndighetsroll f\u00f6rs\u00f6ka bidra till en fungerande samverkan med Arbetsf\u00f6rmedlingen och de frist\u00e5ende matchningsf\u00f6retagen f\u00f6r att s\u00e4kerst\u00e4lla att deras medborgare f\u00e5r hj\u00e4lp till arbete. Att ge b\u00e4ttre st\u00f6d till arbetss\u00f6kande och f\u00f6rb\u00e4ttra matchningen i Karlshamn m\u00e5ste vara fokus. Inte p\u00e5 att bedriva kommunal konkurrerande verksamhet med privata f\u00f6retag.<\/p>\n\n\n\n<p>En kommun som&nbsp;vill konkurrera med frist\u00e5ende matchningsakt\u00f6rer om\u00f6jligg\u00f6r ett konstruktivt samarbetsklimat. S\u00e5, t\u00e4nk om, t\u00e4nk r\u00e4tt&nbsp;Karlshamns kommun.<\/p>\n\n\n\n<p>Patrik Eidfelt, f\u00f6rbundsdirekt\u00f6r Kompetensf\u00f6retagen<\/p>\n\n\n\n<p>Fredric Sk\u00e4lstad, branschchef Almega Utbildningsf\u00f6retagen<\/p>\n\n\n\n<p>Andreas \u00c5str\u00f6m, n\u00e4ringspolitisk chef Almega<\/p>\n\n\n\n<p>L\u00e4s debattartikeln p\u00e5 <a href=\"https:\/\/www.dagenssamhalle.se\/debatt\/feltankt-nar-karlshamn-vill-driva-egen-arbetsformedling-35205\" target=\"_blank\" rel=\"noreferrer noopener\">dagenssamh\u00e4lle.se<\/a><\/p>\n\n\n\n<p>Debattartikeln \u00e5terfinns ocks\u00e5 p\u00e5 Blekinge L\u00e4ns Tidnings webbplats, bakom betalv\u00e4gg. <\/p>\n","protected":false},"excerpt":{"rendered":"<p>Politikerna i Karlshamn bryter sannolikt mot lagen n\u00e4r de f\u00f6rs\u00f6ker g\u00f6ra kommunen till leverant\u00f6r av arbetsmarknadstj\u00e4nster \u00e5t staten. I st\u00e4llet f\u00f6r att anv\u00e4nda skattebetalarnas pengar till att bedriva aff\u00e4rsverksamhet borde kommunen f\u00f6rb\u00e4ttra samarbetet med de &hellip;<\/p>\n","protected":false},"author":6358,"featured_media":5559,"comment_status":"closed","ping_status":"closed","sticky":false,"template":"","format":"standard","meta":{"_acf_changed":false,"footnotes":""},"categories":[192],"tags":[],"article_type":[32],"agreement":[],"for-members":[],"class_list":["post-6292","post","type-post","status-publish","format-standard","has-post-thumbnail","hentry","category-arbetsformedlingen","type-debattartiklar"],"acf":[],"yoast_head":"<!-- This site is optimized with the Yoast SEO Premium plugin v26.8 (Yoast SEO v26.8) - https:\/\/yoast.com\/product\/yoast-seo-premium-wordpress\/ -->\n<title>Politikerna i Karlshamn bryter sannolikt mot lagen<\/title>\n<meta name=\"description\" content=\"Politikerna i Karlshamn bryter sannolikt mot lagen n\u00e4r de f\u00f6rs\u00f6ker g\u00f6ra kommunen till leverant\u00f6r av arbetsmarknadstj\u00e4nster \u00e5t staten.\" \/>\n<meta name=\"robots\" content=\"index, follow, max-snippet:-1, max-image-preview:large, max-video-preview:-1\" \/>\n<link rel=\"canonical\" href=\"https:\/\/www.kompetensforetagen.se\/2021\/02\/debatt-feltankt-nar-karlshamn-vill-driva-egen-arbetsformedling\/\" \/>\n<meta property=\"og:locale\" content=\"sv_SE\" \/>\n<meta property=\"og:type\" content=\"article\" \/>\n<meta property=\"og:title\" content=\"Debatt: Felt\u00e4nkt n\u00e4r Karlshamn vill driva egen arbetsf\u00f6rmedling\" \/>\n<meta property=\"og:description\" content=\"Politikerna i Karlshamn bryter sannolikt mot lagen n\u00e4r de f\u00f6rs\u00f6ker g\u00f6ra kommunen till leverant\u00f6r av arbetsmarknadstj\u00e4nster \u00e5t staten.\" \/>\n<meta property=\"og:url\" content=\"https:\/\/www.kompetensforetagen.se\/2021\/02\/debatt-feltankt-nar-karlshamn-vill-driva-egen-arbetsformedling\/\" \/>\n<meta property=\"og:site_name\" content=\"Kompetensf\u00f6retagen\" \/>\n<meta property=\"article:published_time\" content=\"2021-02-02T07:33:15+00:00\" \/>\n<meta property=\"article:modified_time\" content=\"2023-07-12T07:55:14+00:00\" \/>\n<meta property=\"og:image\" content=\"https:\/\/www.kompetensforetagen.se\/app\/uploads\/sites\/5\/2020\/11\/dsc0089-scaled.jpg\" \/>\n\t<meta property=\"og:image:width\" content=\"2560\" \/>\n\t<meta property=\"og:image:height\" content=\"1707\" \/>\n\t<meta property=\"og:image:type\" content=\"image\/jpeg\" \/>\n<meta name=\"twitter:card\" content=\"summary_large_image\" \/>\n<meta name=\"twitter:label1\" content=\"Skriven av\" \/>\n\t<meta name=\"twitter:data1\" content=\"\" \/>\n\t<meta name=\"twitter:label2\" content=\"Ber\u00e4knad l\u00e4stid\" \/>\n\t<meta name=\"twitter:data2\" content=\"3 minuter\" \/>\n<!-- \/ Yoast SEO Premium plugin. -->","yoast_head_json":{"title":"Politikerna i Karlshamn bryter sannolikt mot lagen","description":"Politikerna i Karlshamn bryter sannolikt mot lagen n\u00e4r de f\u00f6rs\u00f6ker g\u00f6ra kommunen till leverant\u00f6r av arbetsmarknadstj\u00e4nster \u00e5t staten.","robots":{"index":"index","follow":"follow","max-snippet":"max-snippet:-1","max-image-preview":"max-image-preview:large","max-video-preview":"max-video-preview:-1"},"canonical":"https:\/\/www.kompetensforetagen.se\/2021\/02\/debatt-feltankt-nar-karlshamn-vill-driva-egen-arbetsformedling\/","og_locale":"sv_SE","og_type":"article","og_title":"Debatt: Felt\u00e4nkt n\u00e4r Karlshamn vill driva egen arbetsf\u00f6rmedling","og_description":"Politikerna i Karlshamn bryter sannolikt mot lagen n\u00e4r de f\u00f6rs\u00f6ker g\u00f6ra kommunen till leverant\u00f6r av arbetsmarknadstj\u00e4nster \u00e5t staten.","og_url":"https:\/\/www.kompetensforetagen.se\/2021\/02\/debatt-feltankt-nar-karlshamn-vill-driva-egen-arbetsformedling\/","og_site_name":"Kompetensf\u00f6retagen","article_published_time":"2021-02-02T07:33:15+00:00","article_modified_time":"2023-07-12T07:55:14+00:00","og_image":[{"width":2560,"height":1707,"url":"https:\/\/www.kompetensforetagen.se\/app\/uploads\/sites\/5\/2020\/11\/dsc0089-scaled.jpg","type":"image\/jpeg"}],"twitter_card":"summary_large_image","twitter_misc":{"Skriven av":"","Ber\u00e4knad l\u00e4stid":"3 minuter"},"schema":{"@context":"https:\/\/schema.org","@graph":[{"@type":"Article","@id":"https:\/\/www.kompetensforetagen.se\/2021\/02\/debatt-feltankt-nar-karlshamn-vill-driva-egen-arbetsformedling\/#article","isPartOf":{"@id":"https:\/\/www.kompetensforetagen.se\/2021\/02\/debatt-feltankt-nar-karlshamn-vill-driva-egen-arbetsformedling\/"},"author":{"name":"","@id":""},"headline":"Debatt: Felt\u00e4nkt n\u00e4r Karlshamn vill driva egen arbetsf\u00f6rmedling","datePublished":"2021-02-02T07:33:15+00:00","dateModified":"2023-07-12T07:55:14+00:00","mainEntityOfPage":{"@id":"https:\/\/www.kompetensforetagen.se\/2021\/02\/debatt-feltankt-nar-karlshamn-vill-driva-egen-arbetsformedling\/"},"wordCount":700,"publisher":{"@id":"https:\/\/www.kompetensforetagen.se\/#organization"},"image":{"@id":"https:\/\/www.kompetensforetagen.se\/2021\/02\/debatt-feltankt-nar-karlshamn-vill-driva-egen-arbetsformedling\/#primaryimage"},"thumbnailUrl":"https:\/\/www.kompetensforetagen.se\/app\/uploads\/sites\/5\/2020\/11\/dsc0089-scaled.jpg","articleSection":["Arbetsf\u00f6rmedlingen"],"inLanguage":"sv-SE"},{"@type":"WebPage","@id":"https:\/\/www.kompetensforetagen.se\/2021\/02\/debatt-feltankt-nar-karlshamn-vill-driva-egen-arbetsformedling\/","url":"https:\/\/www.kompetensforetagen.se\/2021\/02\/debatt-feltankt-nar-karlshamn-vill-driva-egen-arbetsformedling\/","name":"Politikerna i Karlshamn bryter sannolikt mot lagen","isPartOf":{"@id":"https:\/\/www.kompetensforetagen.se\/#website"},"primaryImageOfPage":{"@id":"https:\/\/www.kompetensforetagen.se\/2021\/02\/debatt-feltankt-nar-karlshamn-vill-driva-egen-arbetsformedling\/#primaryimage"},"image":{"@id":"https:\/\/www.kompetensforetagen.se\/2021\/02\/debatt-feltankt-nar-karlshamn-vill-driva-egen-arbetsformedling\/#primaryimage"},"thumbnailUrl":"https:\/\/www.kompetensforetagen.se\/app\/uploads\/sites\/5\/2020\/11\/dsc0089-scaled.jpg","datePublished":"2021-02-02T07:33:15+00:00","dateModified":"2023-07-12T07:55:14+00:00","description":"Politikerna i Karlshamn bryter sannolikt mot lagen n\u00e4r de f\u00f6rs\u00f6ker g\u00f6ra kommunen till leverant\u00f6r av arbetsmarknadstj\u00e4nster \u00e5t staten.","breadcrumb":{"@id":"https:\/\/www.kompetensforetagen.se\/2021\/02\/debatt-feltankt-nar-karlshamn-vill-driva-egen-arbetsformedling\/#breadcrumb"},"inLanguage":"sv-SE","potentialAction":[{"@type":"ReadAction","target":["https:\/\/www.kompetensforetagen.se\/2021\/02\/debatt-feltankt-nar-karlshamn-vill-driva-egen-arbetsformedling\/"]}]},{"@type":"ImageObject","inLanguage":"sv-SE","@id":"https:\/\/www.kompetensforetagen.se\/2021\/02\/debatt-feltankt-nar-karlshamn-vill-driva-egen-arbetsformedling\/#primaryimage","url":"https:\/\/www.kompetensforetagen.se\/app\/uploads\/sites\/5\/2020\/11\/dsc0089-scaled.jpg","contentUrl":"https:\/\/www.kompetensforetagen.se\/app\/uploads\/sites\/5\/2020\/11\/dsc0089-scaled.jpg","width":2560,"height":1707,"caption":"F\u00f6rbundsdirekt\u00f6r Patrik Eidfelt."},{"@type":"BreadcrumbList","@id":"https:\/\/www.kompetensforetagen.se\/2021\/02\/debatt-feltankt-nar-karlshamn-vill-driva-egen-arbetsformedling\/#breadcrumb","itemListElement":[{"@type":"ListItem","position":1,"name":"Home","item":"https:\/\/www.kompetensforetagen.se\/"},{"@type":"ListItem","position":2,"name":"Debatt: Felt\u00e4nkt n\u00e4r Karlshamn vill driva egen arbetsf\u00f6rmedling"}]},{"@type":"WebSite","@id":"https:\/\/www.kompetensforetagen.se\/#website","url":"https:\/\/www.kompetensforetagen.se\/","name":"Kompetensf\u00f6retagen","description":"R\u00e4tt person p\u00e5 r\u00e4tt plats kan f\u00f6r\u00e4ndra v\u00e4rlden","publisher":{"@id":"https:\/\/www.kompetensforetagen.se\/#organization"},"potentialAction":[{"@type":"SearchAction","target":{"@type":"EntryPoint","urlTemplate":"https:\/\/www.kompetensforetagen.se\/?s={search_term_string}"},"query-input":{"@type":"PropertyValueSpecification","valueRequired":true,"valueName":"search_term_string"}}],"inLanguage":"sv-SE"},{"@type":"Organization","@id":"https:\/\/www.kompetensforetagen.se\/#organization","name":"Kompetensf\u00f6retagen","url":"https:\/\/www.kompetensforetagen.se\/","logo":{"@type":"ImageObject","inLanguage":"sv-SE","@id":"https:\/\/www.kompetensforetagen.se\/#\/schema\/logo\/image\/","url":"https:\/\/www.kompetensforetagen.se\/app\/uploads\/sites\/5\/2022\/10\/logga_svart.png","contentUrl":"https:\/\/www.kompetensforetagen.se\/app\/uploads\/sites\/5\/2022\/10\/logga_svart.png","width":752,"height":64,"caption":"Kompetensf\u00f6retagen"},"image":{"@id":"https:\/\/www.kompetensforetagen.se\/#\/schema\/logo\/image\/"},"sameAs":["https:\/\/www.linkedin.com\/company\/10540032\/"]},{"@type":"Person","@id":"","url":"https:\/\/www.kompetensforetagen.se\/person\/"}]}},"_links":{"self":[{"href":"https:\/\/www.kompetensforetagen.se\/api\/wp\/v2\/posts\/6292","targetHints":{"allow":["GET"]}}],"collection":[{"href":"https:\/\/www.kompetensforetagen.se\/api\/wp\/v2\/posts"}],"about":[{"href":"https:\/\/www.kompetensforetagen.se\/api\/wp\/v2\/types\/post"}],"author":[{"embeddable":true,"href":"https:\/\/www.kompetensforetagen.se\/api\/wp\/v2\/users\/6358"}],"replies":[{"embeddable":true,"href":"https:\/\/www.kompetensforetagen.se\/api\/wp\/v2\/comments?post=6292"}],"version-history":[{"count":5,"href":"https:\/\/www.kompetensforetagen.se\/api\/wp\/v2\/posts\/6292\/revisions"}],"predecessor-version":[{"id":14493,"href":"https:\/\/www.kompetensforetagen.se\/api\/wp\/v2\/posts\/6292\/revisions\/14493"}],"wp:featuredmedia":[{"embeddable":true,"href":"https:\/\/www.kompetensforetagen.se\/api\/wp\/v2\/media\/5559"}],"wp:attachment":[{"href":"https:\/\/www.kompetensforetagen.se\/api\/wp\/v2\/media?parent=6292"}],"wp:term":[{"taxonomy":"category","embeddable":true,"href":"https:\/\/www.kompetensforetagen.se\/api\/wp\/v2\/categories?post=6292"},{"taxonomy":"post_tag","embeddable":true,"href":"https:\/\/www.kompetensforetagen.se\/api\/wp\/v2\/tags?post=6292"},{"taxonomy":"type","embeddable":true,"href":"https:\/\/www.kompetensforetagen.se\/api\/wp\/v2\/article_type?post=6292"},{"taxonomy":"agreement","embeddable":true,"href":"https:\/\/www.kompetensforetagen.se\/api\/wp\/v2\/agreement?post=6292"},{"taxonomy":"for-members","embeddable":true,"href":"https:\/\/www.kompetensforetagen.se\/api\/wp\/v2\/for-members?post=6292"}],"curies":[{"name":"wp","href":"https:\/\/api.w.org\/{rel}","templated":true}]}}