{"id":6232,"date":"2021-01-28T15:14:40","date_gmt":"2021-01-28T14:14:40","guid":{"rendered":"https:\/\/www.kompetensforetagen.se\/?p=6232"},"modified":"2023-04-03T11:13:04","modified_gmt":"2023-04-03T09:13:04","slug":"debattreplik-problemet-med-arbetsmarknadspolitiken-ar-inte-servicen-utan-resultaten","status":"publish","type":"post","link":"https:\/\/www.kompetensforetagen.se\/2021\/01\/debattreplik-problemet-med-arbetsmarknadspolitiken-ar-inte-servicen-utan-resultaten\/","title":{"rendered":"Debattreplik: Problemet med arbetsmarknadspolitiken \u00e4r inte servicen utan resultaten"},"content":{"rendered":"\n<p>I en <a href=\"https:\/\/www.publikt.se\/debatt\/nu-kravs-handlingskraft-i-arbetsmarknadspolitiken-23054\" target=\"_blank\" rel=\"noopener noreferrer\"><u>debattartikel<\/u> <\/a>skriver ST inom Arbetsf\u00f6rmedlingen att <a href=\"https:\/\/arbetsformedlingen.se\/\" target=\"_blank\" rel=\"noopener noreferrer\">Arbetsf\u00f6rmedlingen<\/a> beh\u00f6ver mer resurser f\u00f6r att \u00f6ppna fler kontor runt om i landet. Vi menar att det \u00e4r att l\u00e4gga fokus p\u00e5 fel fr\u00e5gor. Varken direktiv eller mer resurser hj\u00e4lper om resultaten uteblir.<\/p>\n\n\n\n<p>M\u00e5nga av Arbetsf\u00f6rmedlingens kontor p\u00e5 mindre orter har l\u00e4nge varit l\u00e5gt bemannade, en del till och med delvis obemannade. Antalet m\u00f6ten med de arbetss\u00f6kande har varit f\u00e5 och resultaten i arbetsmarknadspolitiken l\u00e5ga. Det g\u00e4ller s\u00e4rskilt f\u00f6r de l\u00e5ngtidsarbetsl\u00f6sa d\u00e4r endast n\u00e5gra f\u00e5 procent har g\u00e5tt \u00f6ver till osubventionerat arbete efter insatser.<\/p>\n\n\n\n<blockquote class=\"wp-block-quote is-layout-flow wp-block-quote-is-layout-flow\">\n<p>Varken direktiv eller mer resurser hj\u00e4lper om resultaten uteblir<\/p>\n<\/blockquote>\n\n\n\n<p>Genom reformeringen av Arbetsf\u00f6rmedlingen kommer frist\u00e5ende akt\u00f6rer att utf\u00f6ra de<a href=\"https:\/\/www.kompetensforetagen.se\/arbetsformedlingen\/krom-rusta-och-matcha\/\" target=\"_blank\" rel=\"noopener noreferrer\"> matchande och rustande insatserna<\/a>, och ers\u00e4ttningen utg\u00e5 i f\u00f6rh\u00e5llande till deras resultat. Endast akt\u00f6rer som lyckas hj\u00e4lpa de arbetsl\u00f6sa till jobb eller utbildning kommer att finnas kvar p\u00e5 sikt. Akt\u00f6rerna kommer att konkurrera med varandra med resultat, kvalitet, tillg\u00e4nglighet och service.<\/p>\n\n\n\n<p>F\u00f6r att s\u00e4kerst\u00e4lla att de frist\u00e5ende akt\u00f6rerna finns i hela landet, utan att det uppst\u00e5r vita fl\u00e4ckar, f\u00f6resl\u00e5r vi f\u00f6ljande \u00e5tg\u00e4rder:<\/p>\n\n\n\n<ul class=\"wp-block-list\">\n<li>Kraven p\u00e5 vilka tj\u00e4nster leverant\u00f6rerna ska erbjuda m\u00e5ste anpassas, till exempel genom att de ges m\u00f6jlighet att erbjuda sina tj\u00e4nster p\u00e5 distans n\u00e4r det fungerar<\/li>\n\n\n\n<li>Man b\u00f6r s\u00e4kerst\u00e4lla att det finns tillr\u00e4ckligt m\u00e5nga deltagare i de tj\u00e4nster som utf\u00f6rs av frist\u00e5ende akt\u00f6rer. Otillr\u00e4ckliga volymer skapar merkostnader<\/li>\n\n\n\n<li>Det b\u00f6r finnas en geografiskt styrd ers\u00e4ttningskomponent som g\u00f6r det mer ekonomiskt l\u00f6nsamt att ge st\u00f6d till arbetss\u00f6kande i glesbygden<\/li>\n\n\n\n<li>Man kan arbeta med leveransomr\u00e5dena s\u00e5 att akt\u00f6rer som etablerar sig i storst\u00e4der \u00e4ven m\u00e5ste etablera sig i glesbygden<\/li>\n<\/ul>\n\n\n\n<h3 class=\"wp-block-heading\">Varken direktiv eller mer resurser hj\u00e4lper om resultaten uteblir<\/h3>\n\n\n\n<p>Vi h\u00e5ller med ST om att det beh\u00f6vs mer resurser till arbetsmarknadspolitiken, och att fokus b\u00f6r vara att ge b\u00e4ttre hj\u00e4lp till l\u00e5ngtidsarbetsl\u00f6sa. Men det m\u00e5ste vara resurser som anv\u00e4nds effektivt och som verkligen minskar arbetsl\u00f6sheten. Fler kontor eller fler anst\u00e4llningsst\u00f6d \u00e4r inte l\u00f6sningen. V\u00e5rt f\u00f6rslag \u00e4r att de matchande och rustande tj\u00e4nsterna som utf\u00f6rs av frist\u00e5ende akt\u00f6rer breddas och att det inf\u00f6rs en strategi mot vita fl\u00e4ckar.<\/p>\n\n\n\n<p>Andreas \u00c5str\u00f6m, n\u00e4ringspolitisk chef Almega<\/p>\n\n\n\n<p>Patrik Eidfelt, f\u00f6rbundsdirekt\u00f6r Kompetensf\u00f6retagen<\/p>\n\n\n\n<p>Fredric Sk\u00e4lstad, branschchef Utbildningsf\u00f6retagen<\/p>\n\n\n\n<p>L\u00e4s debatten p\u00e5<a href=\"https:\/\/www.publikt.se\/debatt\/problemet-med-arbetsmarknadspolitiken-ar-inte-servicen-utan-resultaten-23098\" target=\"_blank\" rel=\"noopener noreferrer\"> publikt.se<\/a><\/p>\n","protected":false},"excerpt":{"rendered":"<p>I en debattartikel skriver ST inom Arbetsf\u00f6rmedlingen att Arbetsf\u00f6rmedlingen beh\u00f6ver mer resurser f\u00f6r att \u00f6ppna fler kontor runt om i landet. Vi menar att det \u00e4r att l\u00e4gga fokus p\u00e5 fel fr\u00e5gor. Varken direktiv eller &hellip;<\/p>\n","protected":false},"author":6358,"featured_media":5616,"comment_status":"closed","ping_status":"closed","sticky":false,"template":"","format":"standard","meta":{"_acf_changed":false,"footnotes":""},"categories":[192],"tags":[],"article_type":[32],"agreement":[],"for-members":[],"class_list":["post-6232","post","type-post","status-publish","format-standard","has-post-thumbnail","hentry","category-arbetsformedlingen","type-debattartiklar"],"acf":[],"yoast_head":"<!-- This site is optimized with the Yoast SEO Premium plugin v26.8 (Yoast SEO v26.8) - https:\/\/yoast.com\/product\/yoast-seo-premium-wordpress\/ -->\n<title>Varken direktiv eller mer resurser hj\u00e4lper om resultaten uteblir<\/title>\n<meta name=\"description\" content=\"ST anser att Arbetsf\u00f6rmedlingen beh\u00f6ver mer resurser och fler kontor. Vi menar att mer resurser inte hj\u00e4lper om resultaten uteblir.\" \/>\n<meta name=\"robots\" content=\"index, follow, max-snippet:-1, max-image-preview:large, max-video-preview:-1\" \/>\n<link rel=\"canonical\" href=\"https:\/\/www.kompetensforetagen.se\/2021\/01\/debattreplik-problemet-med-arbetsmarknadspolitiken-ar-inte-servicen-utan-resultaten\/\" \/>\n<meta property=\"og:locale\" content=\"sv_SE\" \/>\n<meta property=\"og:type\" content=\"article\" \/>\n<meta property=\"og:title\" content=\"Debattreplik: Problemet med arbetsmarknadspolitiken \u00e4r inte servicen utan resultaten\" \/>\n<meta property=\"og:description\" content=\"ST anser att Arbetsf\u00f6rmedlingen beh\u00f6ver mer resurser och fler kontor. Vi menar att mer resurser inte hj\u00e4lper om resultaten uteblir.\" \/>\n<meta property=\"og:url\" content=\"https:\/\/www.kompetensforetagen.se\/2021\/01\/debattreplik-problemet-med-arbetsmarknadspolitiken-ar-inte-servicen-utan-resultaten\/\" \/>\n<meta property=\"og:site_name\" content=\"Kompetensf\u00f6retagen\" \/>\n<meta property=\"article:published_time\" content=\"2021-01-28T14:14:40+00:00\" \/>\n<meta property=\"article:modified_time\" content=\"2023-04-03T09:13:04+00:00\" \/>\n<meta property=\"og:image\" content=\"https:\/\/www.kompetensforetagen.se\/app\/uploads\/sites\/5\/2020\/12\/dsc0118-scaled.jpg\" \/>\n\t<meta property=\"og:image:width\" content=\"2560\" \/>\n\t<meta property=\"og:image:height\" content=\"1707\" \/>\n\t<meta property=\"og:image:type\" content=\"image\/jpeg\" \/>\n<meta name=\"twitter:card\" content=\"summary_large_image\" \/>\n<meta name=\"twitter:label1\" content=\"Skriven av\" \/>\n\t<meta name=\"twitter:data1\" content=\"\" \/>\n\t<meta name=\"twitter:label2\" content=\"Ber\u00e4knad l\u00e4stid\" \/>\n\t<meta name=\"twitter:data2\" content=\"2 minuter\" \/>\n<!-- \/ Yoast SEO Premium plugin. -->","yoast_head_json":{"title":"Varken direktiv eller mer resurser hj\u00e4lper om resultaten uteblir","description":"ST anser att Arbetsf\u00f6rmedlingen beh\u00f6ver mer resurser och fler kontor. Vi menar att mer resurser inte hj\u00e4lper om resultaten uteblir.","robots":{"index":"index","follow":"follow","max-snippet":"max-snippet:-1","max-image-preview":"max-image-preview:large","max-video-preview":"max-video-preview:-1"},"canonical":"https:\/\/www.kompetensforetagen.se\/2021\/01\/debattreplik-problemet-med-arbetsmarknadspolitiken-ar-inte-servicen-utan-resultaten\/","og_locale":"sv_SE","og_type":"article","og_title":"Debattreplik: Problemet med arbetsmarknadspolitiken \u00e4r inte servicen utan resultaten","og_description":"ST anser att Arbetsf\u00f6rmedlingen beh\u00f6ver mer resurser och fler kontor. Vi menar att mer resurser inte hj\u00e4lper om resultaten uteblir.","og_url":"https:\/\/www.kompetensforetagen.se\/2021\/01\/debattreplik-problemet-med-arbetsmarknadspolitiken-ar-inte-servicen-utan-resultaten\/","og_site_name":"Kompetensf\u00f6retagen","article_published_time":"2021-01-28T14:14:40+00:00","article_modified_time":"2023-04-03T09:13:04+00:00","og_image":[{"width":2560,"height":1707,"url":"https:\/\/www.kompetensforetagen.se\/app\/uploads\/sites\/5\/2020\/12\/dsc0118-scaled.jpg","type":"image\/jpeg"}],"twitter_card":"summary_large_image","twitter_misc":{"Skriven av":"","Ber\u00e4knad l\u00e4stid":"2 minuter"},"schema":{"@context":"https:\/\/schema.org","@graph":[{"@type":"Article","@id":"https:\/\/www.kompetensforetagen.se\/2021\/01\/debattreplik-problemet-med-arbetsmarknadspolitiken-ar-inte-servicen-utan-resultaten\/#article","isPartOf":{"@id":"https:\/\/www.kompetensforetagen.se\/2021\/01\/debattreplik-problemet-med-arbetsmarknadspolitiken-ar-inte-servicen-utan-resultaten\/"},"author":{"name":"","@id":""},"headline":"Debattreplik: Problemet med arbetsmarknadspolitiken \u00e4r inte servicen utan resultaten","datePublished":"2021-01-28T14:14:40+00:00","dateModified":"2023-04-03T09:13:04+00:00","mainEntityOfPage":{"@id":"https:\/\/www.kompetensforetagen.se\/2021\/01\/debattreplik-problemet-med-arbetsmarknadspolitiken-ar-inte-servicen-utan-resultaten\/"},"wordCount":464,"publisher":{"@id":"https:\/\/www.kompetensforetagen.se\/#organization"},"image":{"@id":"https:\/\/www.kompetensforetagen.se\/2021\/01\/debattreplik-problemet-med-arbetsmarknadspolitiken-ar-inte-servicen-utan-resultaten\/#primaryimage"},"thumbnailUrl":"https:\/\/www.kompetensforetagen.se\/app\/uploads\/sites\/5\/2020\/12\/dsc0118-scaled.jpg","articleSection":["Arbetsf\u00f6rmedlingen"],"inLanguage":"sv-SE"},{"@type":"WebPage","@id":"https:\/\/www.kompetensforetagen.se\/2021\/01\/debattreplik-problemet-med-arbetsmarknadspolitiken-ar-inte-servicen-utan-resultaten\/","url":"https:\/\/www.kompetensforetagen.se\/2021\/01\/debattreplik-problemet-med-arbetsmarknadspolitiken-ar-inte-servicen-utan-resultaten\/","name":"Varken direktiv eller mer resurser hj\u00e4lper om resultaten uteblir","isPartOf":{"@id":"https:\/\/www.kompetensforetagen.se\/#website"},"primaryImageOfPage":{"@id":"https:\/\/www.kompetensforetagen.se\/2021\/01\/debattreplik-problemet-med-arbetsmarknadspolitiken-ar-inte-servicen-utan-resultaten\/#primaryimage"},"image":{"@id":"https:\/\/www.kompetensforetagen.se\/2021\/01\/debattreplik-problemet-med-arbetsmarknadspolitiken-ar-inte-servicen-utan-resultaten\/#primaryimage"},"thumbnailUrl":"https:\/\/www.kompetensforetagen.se\/app\/uploads\/sites\/5\/2020\/12\/dsc0118-scaled.jpg","datePublished":"2021-01-28T14:14:40+00:00","dateModified":"2023-04-03T09:13:04+00:00","description":"ST anser att Arbetsf\u00f6rmedlingen beh\u00f6ver mer resurser och fler kontor. Vi menar att mer resurser inte hj\u00e4lper om resultaten uteblir.","breadcrumb":{"@id":"https:\/\/www.kompetensforetagen.se\/2021\/01\/debattreplik-problemet-med-arbetsmarknadspolitiken-ar-inte-servicen-utan-resultaten\/#breadcrumb"},"inLanguage":"sv-SE","potentialAction":[{"@type":"ReadAction","target":["https:\/\/www.kompetensforetagen.se\/2021\/01\/debattreplik-problemet-med-arbetsmarknadspolitiken-ar-inte-servicen-utan-resultaten\/"]}]},{"@type":"ImageObject","inLanguage":"sv-SE","@id":"https:\/\/www.kompetensforetagen.se\/2021\/01\/debattreplik-problemet-med-arbetsmarknadspolitiken-ar-inte-servicen-utan-resultaten\/#primaryimage","url":"https:\/\/www.kompetensforetagen.se\/app\/uploads\/sites\/5\/2020\/12\/dsc0118-scaled.jpg","contentUrl":"https:\/\/www.kompetensforetagen.se\/app\/uploads\/sites\/5\/2020\/12\/dsc0118-scaled.jpg","width":2560,"height":1707,"caption":"Debatt\u00f6r Patrik Eidfelt, f\u00f6rbundsdirekt\u00f6r Kompetensf\u00f6retagen"},{"@type":"BreadcrumbList","@id":"https:\/\/www.kompetensforetagen.se\/2021\/01\/debattreplik-problemet-med-arbetsmarknadspolitiken-ar-inte-servicen-utan-resultaten\/#breadcrumb","itemListElement":[{"@type":"ListItem","position":1,"name":"Home","item":"https:\/\/www.kompetensforetagen.se\/"},{"@type":"ListItem","position":2,"name":"Debattreplik: Problemet med arbetsmarknadspolitiken \u00e4r inte servicen utan resultaten"}]},{"@type":"WebSite","@id":"https:\/\/www.kompetensforetagen.se\/#website","url":"https:\/\/www.kompetensforetagen.se\/","name":"Kompetensf\u00f6retagen","description":"R\u00e4tt person p\u00e5 r\u00e4tt plats kan f\u00f6r\u00e4ndra v\u00e4rlden","publisher":{"@id":"https:\/\/www.kompetensforetagen.se\/#organization"},"potentialAction":[{"@type":"SearchAction","target":{"@type":"EntryPoint","urlTemplate":"https:\/\/www.kompetensforetagen.se\/?s={search_term_string}"},"query-input":{"@type":"PropertyValueSpecification","valueRequired":true,"valueName":"search_term_string"}}],"inLanguage":"sv-SE"},{"@type":"Organization","@id":"https:\/\/www.kompetensforetagen.se\/#organization","name":"Kompetensf\u00f6retagen","url":"https:\/\/www.kompetensforetagen.se\/","logo":{"@type":"ImageObject","inLanguage":"sv-SE","@id":"https:\/\/www.kompetensforetagen.se\/#\/schema\/logo\/image\/","url":"https:\/\/www.kompetensforetagen.se\/app\/uploads\/sites\/5\/2022\/10\/logga_svart.png","contentUrl":"https:\/\/www.kompetensforetagen.se\/app\/uploads\/sites\/5\/2022\/10\/logga_svart.png","width":752,"height":64,"caption":"Kompetensf\u00f6retagen"},"image":{"@id":"https:\/\/www.kompetensforetagen.se\/#\/schema\/logo\/image\/"},"sameAs":["https:\/\/www.linkedin.com\/company\/10540032\/"]},{"@type":"Person","@id":"","url":"https:\/\/www.kompetensforetagen.se\/person\/"}]}},"_links":{"self":[{"href":"https:\/\/www.kompetensforetagen.se\/api\/wp\/v2\/posts\/6232","targetHints":{"allow":["GET"]}}],"collection":[{"href":"https:\/\/www.kompetensforetagen.se\/api\/wp\/v2\/posts"}],"about":[{"href":"https:\/\/www.kompetensforetagen.se\/api\/wp\/v2\/types\/post"}],"author":[{"embeddable":true,"href":"https:\/\/www.kompetensforetagen.se\/api\/wp\/v2\/users\/6358"}],"replies":[{"embeddable":true,"href":"https:\/\/www.kompetensforetagen.se\/api\/wp\/v2\/comments?post=6232"}],"version-history":[{"count":3,"href":"https:\/\/www.kompetensforetagen.se\/api\/wp\/v2\/posts\/6232\/revisions"}],"predecessor-version":[{"id":12292,"href":"https:\/\/www.kompetensforetagen.se\/api\/wp\/v2\/posts\/6232\/revisions\/12292"}],"wp:featuredmedia":[{"embeddable":true,"href":"https:\/\/www.kompetensforetagen.se\/api\/wp\/v2\/media\/5616"}],"wp:attachment":[{"href":"https:\/\/www.kompetensforetagen.se\/api\/wp\/v2\/media?parent=6232"}],"wp:term":[{"taxonomy":"category","embeddable":true,"href":"https:\/\/www.kompetensforetagen.se\/api\/wp\/v2\/categories?post=6232"},{"taxonomy":"post_tag","embeddable":true,"href":"https:\/\/www.kompetensforetagen.se\/api\/wp\/v2\/tags?post=6232"},{"taxonomy":"type","embeddable":true,"href":"https:\/\/www.kompetensforetagen.se\/api\/wp\/v2\/article_type?post=6232"},{"taxonomy":"agreement","embeddable":true,"href":"https:\/\/www.kompetensforetagen.se\/api\/wp\/v2\/agreement?post=6232"},{"taxonomy":"for-members","embeddable":true,"href":"https:\/\/www.kompetensforetagen.se\/api\/wp\/v2\/for-members?post=6232"}],"curies":[{"name":"wp","href":"https:\/\/api.w.org\/{rel}","templated":true}]}}