{"id":6185,"date":"2021-03-15T11:00:01","date_gmt":"2021-03-15T10:00:01","guid":{"rendered":"https:\/\/www.kompetensforetagen.se\/?p=6185"},"modified":"2023-07-12T10:08:33","modified_gmt":"2023-07-12T08:08:33","slug":"utomhusjobb-for-trygg-veterankraft-till-riskgrupper","status":"publish","type":"post","link":"https:\/\/www.kompetensforetagen.se\/2021\/03\/utomhusjobb-for-trygg-veterankraft-till-riskgrupper\/","title":{"rendered":"Utomhusjobb f\u00f6r trygg Veterankraft till riskgrupper"},"content":{"rendered":"\n<p>P\u00e5 Veterankraft jobbar m\u00e5nga m\u00e4nniskor som tillh\u00f6r en riskgrupp vid covid-19 och man fattade d\u00e4rf\u00f6r tidigt beslut om att anpassa verksamheten. Peter Nisser som driver Veterankrafts verksamhet i J\u00f6nk\u00f6ping ber\u00e4ttar mer om hur de gjort f\u00f6r att kunna bidra med trygg Veterankraft till riskgrupper.<\/p>\n\n\n\n<p><span data-contrast=\"none\">Veterankraft \u00e4r ett bemanningsf\u00f6retag som hj\u00e4lper b\u00e5de privatkunder och f\u00f6retag. Under krisen har antalet f\u00f6retagskunder g\u00e5tt ner och ist\u00e4llet har fler privatkunder tillkommit. Det medf\u00f6rde att Peter och de andra p\u00e5 Veterankraft i J\u00f6nk\u00f6ping var tvungna att t\u00e4nka till: Hur kan vi hj\u00e4lpa m\u00e4nniskor p\u00e5 ett s\u00e4kert s\u00e4tt?\u00a0<\/span><\/p>\n\n\n\n<blockquote class=\"wp-block-quote is-layout-flow wp-block-quote-is-layout-flow\">\n<p><span data-contrast=\"auto\">Vi har full f\u00f6rst\u00e5else f\u00f6r att vissa av v\u00e5ra veteraner inte vill jobba just nu<\/span><\/p>\n<\/blockquote>\n\n\n\n<p><span data-contrast=\"auto\">&#8211; Vi best\u00e4mde oss tidigt f\u00f6r att vi inte l\u00e4ngre skulle g\u00e5 in i v\u00e5ra kunders hem. Ist\u00e4llet har vi fokuserat p\u00e5 arbete utomhus, i kundernas tr\u00e4dg\u00e5rdar. Veteranerna som arbetar i tr\u00e4dg\u00e5rdarna jobbar i regel ensamma och \u00e5ker i sina egna bilar till uppdragen, ber\u00e4ttar Peter Nisser. <\/span><span data-ccp-props=\"{&quot;134233279&quot;:true,&quot;201341983&quot;:0,&quot;335559739&quot;:160,&quot;335559740&quot;:259}\">&nbsp;<\/span><\/p>\n\n\n\n<p><span data-contrast=\"none\">N\u00e4r man valde att st\u00e4lla om verksamheten till enbart utomhusarbete innebar det en f\u00f6r\u00e4ndring f\u00f6r dem som bara jobbat med st\u00e4dning tidigare. Peter ber\u00e4ttar att man gjort det s\u00e5 enkelt som m\u00f6jligt f\u00f6r de personerna. I vissa fall har de blivit instruerade av andra veteraner med mer erfarenhet av utomhusarbete. Man f\u00f6rs\u00f6ker ocks\u00e5 ha daglig kontakt med de som jobbar mycket och st\u00e4mmer av hur arbetet funkar och att det k\u00e4nns s\u00e4kert.<\/span><span data-ccp-props=\"{&quot;201341983&quot;:0,&quot;335559739&quot;:160,&quot;335559740&quot;:276}\">&nbsp;<\/span><\/p>\n\n\n\n<h3 class=\"wp-block-heading\"><span data-contrast=\"none\">Trygg Veterankraft till riskgrupper<\/span><\/h3>\n\n\n\n<p><span data-contrast=\"none\">Medarbetarna \u00e4r positiva till omst\u00e4llningen \u00e4ven om vissa veteraner dock valt att inte jobba alls. Peter ber\u00e4ttar att precis som p\u00e5 m\u00e5nga andra konsultf\u00f6retag s\u00e5 kan man som konsult sj\u00e4lv best\u00e4mma hur mycket man vill jobba.&nbsp;&nbsp;<\/span><\/p>\n\n\n\n<p><span data-contrast=\"auto\">&#8211; Vi har full f\u00f6rst\u00e5else f\u00f6r att vissa av v\u00e5ra veteraner inte vill jobba just nu. Vi har sagt till dem att de \u00e4r v\u00e4lkomna tillbaka s\u00e5 snart de k\u00e4nner sig tillr\u00e4ckligt s\u00e4kra. <\/span><span data-ccp-props=\"{&quot;134233279&quot;:true,&quot;201341983&quot;:0,&quot;335559739&quot;:160,&quot;335559740&quot;:259}\">&nbsp;<\/span><\/p>\n\n\n\n<p><span data-contrast=\"none\">Peter ber\u00e4ttar ocks\u00e5 att m\u00e5nga av Veterankrafts kunder \u00e4r \u00e4ldre och att de uppskattar s\u00e4kerhets\u00e5tg\u00e4rderna man vidtagit.<\/span><span data-ccp-props=\"{&quot;201341983&quot;:0,&quot;335559739&quot;:160,&quot;335559740&quot;:276}\">&nbsp;<\/span><\/p>\n\n\n\n<p><span data-contrast=\"auto\">&#8211; Det har verkligen inte varit n\u00e5gra problem, utan tv\u00e4rtom. De \u00e4r glada f\u00f6r att vi har gjort de \u00e4ndringarna vi gjort och k\u00e4nner sig s\u00e4kra. Jag upplever att kunderna \u00f6verlag \u00e4r positivt \u00f6verraskade.<\/span><span data-ccp-props=\"{&quot;134233279&quot;:true,&quot;201341983&quot;:0,&quot;335559739&quot;:160,&quot;335559740&quot;:259}\">&nbsp;<\/span><\/p>\n\n\n\n<p><span data-contrast=\"none\">Snart kommer det dock bli f\u00f6r kallt f\u00f6r att jobba ute, menar Peter. D\u00e4rf\u00f6r har man nu b\u00f6rjat titta p\u00e5 m\u00f6jligheterna att kunna jobba inomhus p\u00e5 ett s\u00e4kert s\u00e4tt. I samband med att man g\u00e5r tillbaka till inomhusarbetet kommer alla f\u00e5 en utbildning i hur man jobbar&nbsp;corona-s\u00e4kert.<\/span><span data-ccp-props=\"{&quot;201341983&quot;:0,&quot;335559739&quot;:160,&quot;335559740&quot;:276}\">&nbsp;<\/span><\/p>\n\n\n\n<p><span data-contrast=\"auto\">&#8211; Vi har b\u00f6rjat skissa p\u00e5 en plan, men det viktigaste f\u00f6r oss \u00e4r s\u00e5klart att det kan ske p\u00e5 ett s\u00e4kert s\u00e4tt och att b\u00e5de v\u00e5ra kunder och medarbetare ska k\u00e4nna sig trygga.<\/span><span data-ccp-props=\"{&quot;134233279&quot;:true,&quot;201341983&quot;:0,&quot;335559739&quot;:160,&quot;335559740&quot;:259}\">&nbsp;<\/span><\/p>\n\n\n\n<figure class=\"wp-block-table\"><table class=\"has-secondary-background-color has-background\"><tbody><tr><td><strong>Faktaruta<\/strong><br><strong>F\u00f6retagsnamn:<\/strong> Veterankraft\u00a0<br><strong>Verksamhet:<\/strong> Tj\u00e4nste- och bemanningsf\u00f6retag\u00a0<br><strong>Vanligaste tj\u00e4nsterna:<\/strong> Hj\u00e4lp i tr\u00e4dg\u00e5rden\u00a0\u00a0<br><strong>N\u00e4rvaro:<\/strong> Hela landet\u00a0<br><strong>Antal anst\u00e4llda:<\/strong> 60<br><strong>Webbplats<\/strong>: <a href=\"https:\/\/veterankraft.se\/?type=private\" target=\"_blank\" rel=\"noreferrer noopener\">Veterankraft\u00a0<\/a><br><\/td><\/tr><\/tbody><\/table><\/figure>\n\n\n\n<p><span data-ccp-props=\"{&quot;201341983&quot;:0,&quot;335559739&quot;:160,&quot;335559740&quot;:276}\">&nbsp;<\/span><\/p>\n","protected":false},"excerpt":{"rendered":"<p>P\u00e5 Veterankraft jobbar m\u00e5nga m\u00e4nniskor som tillh\u00f6r en riskgrupp vid covid-19 och man fattade d\u00e4rf\u00f6r tidigt beslut om att anpassa verksamheten. Peter Nisser som driver Veterankrafts verksamhet i J\u00f6nk\u00f6ping ber\u00e4ttar mer om hur de gjort &hellip;<\/p>\n","protected":false},"author":6058,"featured_media":6190,"comment_status":"closed","ping_status":"closed","sticky":false,"template":"","format":"standard","meta":{"_acf_changed":false,"footnotes":""},"categories":[185,204],"tags":[],"article_type":[8],"agreement":[],"for-members":[],"class_list":["post-6185","post","type-post","status-publish","format-standard","has-post-thumbnail","hentry","category-corona","category-konsult","type-aktuellt"],"acf":[],"yoast_head":"<!-- This site is optimized with the Yoast SEO Premium plugin v26.8 (Yoast SEO v26.8) - https:\/\/yoast.com\/product\/yoast-seo-premium-wordpress\/ -->\n<title>Trygg Veterankraft till riskgrupper - Kompetensf\u00f6retagen<\/title>\n<meta name=\"description\" content=\"Genom att anpassa verksamheten kunde Peter Nissers tj\u00e4nste- och bemanningsf\u00f6retag bidra med trygg Veterankraft till riskgrupper.\" \/>\n<meta name=\"robots\" content=\"index, follow, max-snippet:-1, max-image-preview:large, max-video-preview:-1\" \/>\n<link rel=\"canonical\" href=\"https:\/\/www.kompetensforetagen.se\/2021\/03\/utomhusjobb-for-trygg-veterankraft-till-riskgrupper\/\" \/>\n<meta property=\"og:locale\" content=\"sv_SE\" \/>\n<meta property=\"og:type\" content=\"article\" \/>\n<meta property=\"og:title\" content=\"Utomhusjobb f\u00f6r trygg Veterankraft till riskgrupper\" \/>\n<meta property=\"og:description\" content=\"Genom att anpassa verksamheten kunde Peter Nissers tj\u00e4nste- och bemanningsf\u00f6retag bidra med trygg Veterankraft till riskgrupper.\" \/>\n<meta property=\"og:url\" content=\"https:\/\/www.kompetensforetagen.se\/2021\/03\/utomhusjobb-for-trygg-veterankraft-till-riskgrupper\/\" \/>\n<meta property=\"og:site_name\" content=\"Kompetensf\u00f6retagen\" \/>\n<meta property=\"article:published_time\" content=\"2021-03-15T10:00:01+00:00\" \/>\n<meta property=\"article:modified_time\" content=\"2023-07-12T08:08:33+00:00\" \/>\n<meta property=\"og:image\" content=\"https:\/\/www.kompetensforetagen.se\/app\/uploads\/sites\/5\/2021\/01\/veterankraft-peter-nisser-scaled-e1611748371968.jpg\" \/>\n\t<meta property=\"og:image:width\" content=\"1369\" \/>\n\t<meta property=\"og:image:height\" content=\"787\" \/>\n\t<meta property=\"og:image:type\" content=\"image\/jpeg\" \/>\n<meta name=\"author\" content=\"Shashika Sellgren\" \/>\n<meta name=\"twitter:card\" content=\"summary_large_image\" \/>\n<meta name=\"twitter:label1\" content=\"Skriven av\" \/>\n\t<meta name=\"twitter:data1\" content=\"Shashika Sellgren\" \/>\n\t<meta name=\"twitter:label2\" content=\"Ber\u00e4knad l\u00e4stid\" \/>\n\t<meta name=\"twitter:data2\" content=\"3 minuter\" \/>\n<!-- \/ Yoast SEO Premium plugin. -->","yoast_head_json":{"title":"Trygg Veterankraft till riskgrupper - Kompetensf\u00f6retagen","description":"Genom att anpassa verksamheten kunde Peter Nissers tj\u00e4nste- och bemanningsf\u00f6retag bidra med trygg Veterankraft till riskgrupper.","robots":{"index":"index","follow":"follow","max-snippet":"max-snippet:-1","max-image-preview":"max-image-preview:large","max-video-preview":"max-video-preview:-1"},"canonical":"https:\/\/www.kompetensforetagen.se\/2021\/03\/utomhusjobb-for-trygg-veterankraft-till-riskgrupper\/","og_locale":"sv_SE","og_type":"article","og_title":"Utomhusjobb f\u00f6r trygg Veterankraft till riskgrupper","og_description":"Genom att anpassa verksamheten kunde Peter Nissers tj\u00e4nste- och bemanningsf\u00f6retag bidra med trygg Veterankraft till riskgrupper.","og_url":"https:\/\/www.kompetensforetagen.se\/2021\/03\/utomhusjobb-for-trygg-veterankraft-till-riskgrupper\/","og_site_name":"Kompetensf\u00f6retagen","article_published_time":"2021-03-15T10:00:01+00:00","article_modified_time":"2023-07-12T08:08:33+00:00","og_image":[{"width":1369,"height":787,"url":"https:\/\/www.kompetensforetagen.se\/app\/uploads\/sites\/5\/2021\/01\/veterankraft-peter-nisser-scaled-e1611748371968.jpg","type":"image\/jpeg"}],"author":"Shashika Sellgren","twitter_card":"summary_large_image","twitter_misc":{"Skriven av":"Shashika Sellgren","Ber\u00e4knad l\u00e4stid":"3 minuter"},"schema":{"@context":"https:\/\/schema.org","@graph":[{"@type":"Article","@id":"https:\/\/www.kompetensforetagen.se\/2021\/03\/utomhusjobb-for-trygg-veterankraft-till-riskgrupper\/#article","isPartOf":{"@id":"https:\/\/www.kompetensforetagen.se\/2021\/03\/utomhusjobb-for-trygg-veterankraft-till-riskgrupper\/"},"author":{"name":"Shashika Sellgren","@id":"https:\/\/www.kompetensforetagen.se\/#\/schema\/person\/38c6b37b81c530c93246c3d1993d5662"},"headline":"Utomhusjobb f\u00f6r trygg Veterankraft till riskgrupper","datePublished":"2021-03-15T10:00:01+00:00","dateModified":"2023-07-12T08:08:33+00:00","mainEntityOfPage":{"@id":"https:\/\/www.kompetensforetagen.se\/2021\/03\/utomhusjobb-for-trygg-veterankraft-till-riskgrupper\/"},"wordCount":572,"publisher":{"@id":"https:\/\/www.kompetensforetagen.se\/#organization"},"image":{"@id":"https:\/\/www.kompetensforetagen.se\/2021\/03\/utomhusjobb-for-trygg-veterankraft-till-riskgrupper\/#primaryimage"},"thumbnailUrl":"https:\/\/www.kompetensforetagen.se\/app\/uploads\/sites\/5\/2021\/01\/veterankraft-peter-nisser-scaled-e1611748371968.jpg","articleSection":["Corona","Konsult"],"inLanguage":"sv-SE"},{"@type":"WebPage","@id":"https:\/\/www.kompetensforetagen.se\/2021\/03\/utomhusjobb-for-trygg-veterankraft-till-riskgrupper\/","url":"https:\/\/www.kompetensforetagen.se\/2021\/03\/utomhusjobb-for-trygg-veterankraft-till-riskgrupper\/","name":"Trygg Veterankraft till riskgrupper - Kompetensf\u00f6retagen","isPartOf":{"@id":"https:\/\/www.kompetensforetagen.se\/#website"},"primaryImageOfPage":{"@id":"https:\/\/www.kompetensforetagen.se\/2021\/03\/utomhusjobb-for-trygg-veterankraft-till-riskgrupper\/#primaryimage"},"image":{"@id":"https:\/\/www.kompetensforetagen.se\/2021\/03\/utomhusjobb-for-trygg-veterankraft-till-riskgrupper\/#primaryimage"},"thumbnailUrl":"https:\/\/www.kompetensforetagen.se\/app\/uploads\/sites\/5\/2021\/01\/veterankraft-peter-nisser-scaled-e1611748371968.jpg","datePublished":"2021-03-15T10:00:01+00:00","dateModified":"2023-07-12T08:08:33+00:00","description":"Genom att anpassa verksamheten kunde Peter Nissers tj\u00e4nste- och bemanningsf\u00f6retag bidra med trygg Veterankraft till riskgrupper.","breadcrumb":{"@id":"https:\/\/www.kompetensforetagen.se\/2021\/03\/utomhusjobb-for-trygg-veterankraft-till-riskgrupper\/#breadcrumb"},"inLanguage":"sv-SE","potentialAction":[{"@type":"ReadAction","target":["https:\/\/www.kompetensforetagen.se\/2021\/03\/utomhusjobb-for-trygg-veterankraft-till-riskgrupper\/"]}]},{"@type":"ImageObject","inLanguage":"sv-SE","@id":"https:\/\/www.kompetensforetagen.se\/2021\/03\/utomhusjobb-for-trygg-veterankraft-till-riskgrupper\/#primaryimage","url":"https:\/\/www.kompetensforetagen.se\/app\/uploads\/sites\/5\/2021\/01\/veterankraft-peter-nisser-scaled-e1611748371968.jpg","contentUrl":"https:\/\/www.kompetensforetagen.se\/app\/uploads\/sites\/5\/2021\/01\/veterankraft-peter-nisser-scaled-e1611748371968.jpg","width":1369,"height":787,"caption":"Peter Nisser fr\u00e5n Veterankraft, om betydelsen av erfaren arbetskraft."},{"@type":"BreadcrumbList","@id":"https:\/\/www.kompetensforetagen.se\/2021\/03\/utomhusjobb-for-trygg-veterankraft-till-riskgrupper\/#breadcrumb","itemListElement":[{"@type":"ListItem","position":1,"name":"Home","item":"https:\/\/www.kompetensforetagen.se\/"},{"@type":"ListItem","position":2,"name":"Utomhusjobb f\u00f6r trygg Veterankraft till riskgrupper"}]},{"@type":"WebSite","@id":"https:\/\/www.kompetensforetagen.se\/#website","url":"https:\/\/www.kompetensforetagen.se\/","name":"Kompetensf\u00f6retagen","description":"R\u00e4tt person p\u00e5 r\u00e4tt plats kan f\u00f6r\u00e4ndra v\u00e4rlden","publisher":{"@id":"https:\/\/www.kompetensforetagen.se\/#organization"},"potentialAction":[{"@type":"SearchAction","target":{"@type":"EntryPoint","urlTemplate":"https:\/\/www.kompetensforetagen.se\/?s={search_term_string}"},"query-input":{"@type":"PropertyValueSpecification","valueRequired":true,"valueName":"search_term_string"}}],"inLanguage":"sv-SE"},{"@type":"Organization","@id":"https:\/\/www.kompetensforetagen.se\/#organization","name":"Kompetensf\u00f6retagen","url":"https:\/\/www.kompetensforetagen.se\/","logo":{"@type":"ImageObject","inLanguage":"sv-SE","@id":"https:\/\/www.kompetensforetagen.se\/#\/schema\/logo\/image\/","url":"https:\/\/www.kompetensforetagen.se\/app\/uploads\/sites\/5\/2022\/10\/logga_svart.png","contentUrl":"https:\/\/www.kompetensforetagen.se\/app\/uploads\/sites\/5\/2022\/10\/logga_svart.png","width":752,"height":64,"caption":"Kompetensf\u00f6retagen"},"image":{"@id":"https:\/\/www.kompetensforetagen.se\/#\/schema\/logo\/image\/"},"sameAs":["https:\/\/www.linkedin.com\/company\/10540032\/"]},{"@type":"Person","@id":"https:\/\/www.kompetensforetagen.se\/#\/schema\/person\/38c6b37b81c530c93246c3d1993d5662","name":"Shashika Sellgren","image":{"@type":"ImageObject","inLanguage":"sv-SE","@id":"https:\/\/www.kompetensforetagen.se\/#\/schema\/person\/image\/","url":"https:\/\/secure.gravatar.com\/avatar\/b225c479880df9eb82d1501dd105dd8040f27c8563f3d4bf5dd62ce0a1630abd?s=96&d=mm&r=g","contentUrl":"https:\/\/secure.gravatar.com\/avatar\/b225c479880df9eb82d1501dd105dd8040f27c8563f3d4bf5dd62ce0a1630abd?s=96&d=mm&r=g","caption":"Shashika Sellgren"},"url":"https:\/\/www.kompetensforetagen.se\/person\/shashikasellgren\/"}]}},"_links":{"self":[{"href":"https:\/\/www.kompetensforetagen.se\/api\/wp\/v2\/posts\/6185","targetHints":{"allow":["GET"]}}],"collection":[{"href":"https:\/\/www.kompetensforetagen.se\/api\/wp\/v2\/posts"}],"about":[{"href":"https:\/\/www.kompetensforetagen.se\/api\/wp\/v2\/types\/post"}],"author":[{"embeddable":true,"href":"https:\/\/www.kompetensforetagen.se\/api\/wp\/v2\/users\/6058"}],"replies":[{"embeddable":true,"href":"https:\/\/www.kompetensforetagen.se\/api\/wp\/v2\/comments?post=6185"}],"version-history":[{"count":2,"href":"https:\/\/www.kompetensforetagen.se\/api\/wp\/v2\/posts\/6185\/revisions"}],"predecessor-version":[{"id":14499,"href":"https:\/\/www.kompetensforetagen.se\/api\/wp\/v2\/posts\/6185\/revisions\/14499"}],"wp:featuredmedia":[{"embeddable":true,"href":"https:\/\/www.kompetensforetagen.se\/api\/wp\/v2\/media\/6190"}],"wp:attachment":[{"href":"https:\/\/www.kompetensforetagen.se\/api\/wp\/v2\/media?parent=6185"}],"wp:term":[{"taxonomy":"category","embeddable":true,"href":"https:\/\/www.kompetensforetagen.se\/api\/wp\/v2\/categories?post=6185"},{"taxonomy":"post_tag","embeddable":true,"href":"https:\/\/www.kompetensforetagen.se\/api\/wp\/v2\/tags?post=6185"},{"taxonomy":"type","embeddable":true,"href":"https:\/\/www.kompetensforetagen.se\/api\/wp\/v2\/article_type?post=6185"},{"taxonomy":"agreement","embeddable":true,"href":"https:\/\/www.kompetensforetagen.se\/api\/wp\/v2\/agreement?post=6185"},{"taxonomy":"for-members","embeddable":true,"href":"https:\/\/www.kompetensforetagen.se\/api\/wp\/v2\/for-members?post=6185"}],"curies":[{"name":"wp","href":"https:\/\/api.w.org\/{rel}","templated":true}]}}