{"id":6183,"date":"2021-03-22T13:00:18","date_gmt":"2021-03-22T12:00:18","guid":{"rendered":"https:\/\/www.kompetensforetagen.se\/?p=6183"},"modified":"2023-07-12T10:13:38","modified_gmt":"2023-07-12T08:13:38","slug":"academic-work-skapade-e-learningprogram-for-utbildning-om-trygg-arbetsmiljo","status":"publish","type":"post","link":"https:\/\/www.kompetensforetagen.se\/2021\/03\/academic-work-skapade-e-learningprogram-for-utbildning-om-trygg-arbetsmiljo\/","title":{"rendered":"Academic Work skapade e-learningprogram f\u00f6r utbildning om trygg arbetsmilj\u00f6"},"content":{"rendered":"\n<p>N\u00e4r Academic Work i v\u00e5ras st\u00e4ngde ner kontoren och de flesta medarbetare gick \u00f6ver till att jobba hemifr\u00e5n f\u00f6rstod de snabbt att man skulle beh\u00f6va f\u00f6rbereda f\u00f6r en s\u00e4ker arbetsmilj\u00f6 den dagen n\u00e4r medarbetarna skulle kunna g\u00e5 tillbaka igen. Caroline Nikander, Head of Management Development &amp; Succession, ber\u00e4ttar mer om Academic Works stora satsning f\u00f6r att s\u00e4kerst\u00e4lla en tryggheten. Ett e-learningprogram om arbetsmilj\u00f6 och en arbetsmilj\u00f6guide med stora anv\u00e4ndningsm\u00f6jligheter \u00e4r resultatet.<\/p>\n\n\n\n<p><span data-contrast=\"auto\">&#8211; Vi k\u00e4nde att det var viktigt att vi tog ansvar <\/span><span data-contrast=\"auto\">f\u00f6r att inte medverka till smittspridning i samh\u00e4llet. Vi ville <\/span><span data-contrast=\"auto\">minimera risken att n\u00e5gon av v\u00e5ra kollegor blev sjuka och samtidigt ge medarbetarna m\u00f6jlighet att g\u00e5 tillbaka till kontoren p\u00e5 ett ansvarsfullt s\u00e4tt. Allt f\u00f6r att det ska k\u00e4nnas tryggt f\u00f6r alla v\u00e5ra medarbetare, s\u00e4ger Caroline. <\/span><span data-ccp-props=\"{&quot;134233279&quot;:true,&quot;201341983&quot;:0,&quot;335559739&quot;:160,&quot;335559740&quot;:276}\">&nbsp;<\/span><\/p>\n\n\n\n<p><span data-contrast=\"none\">Academic Work tog inspiration fr\u00e5n andra akt\u00f6rer f\u00f6r att komma p\u00e5 hur de skulle l\u00e4gga upp arbetet. De identifierade och definierade \u00e5tta omr\u00e5den. F\u00f6r varje omr\u00e5de lades en plan som alla kontor har m\u00f6jlighet att jobba med. Arbetet har man valt att kalla Safe Back to Work.<\/span><span data-ccp-props=\"{&quot;201341983&quot;:0,&quot;335559739&quot;:160,&quot;335559740&quot;:276}\">&nbsp;<\/span><\/p>\n\n\n\n<p><span data-contrast=\"auto\">&nbsp;&#8211; Vi genomf\u00f6rde en riskanalys. Till exempel identifierade vi att m\u00e5nga medarbetare reste mycket. Vi har i stor utstr\u00e4ckning face-to-face-m\u00f6ten och Academic Work genomsyras av en kultur med mycket socialt umg\u00e4nge.<\/span><span data-ccp-props=\"{&quot;134233279&quot;:true,&quot;201341983&quot;:0,&quot;335559739&quot;:160,&quot;335559740&quot;:276}\">&nbsp;<\/span><\/p>\n\n\n<a class='Share__link Share__link--url copy-text' href='#' rel='nofollow' data-text='e-learningprogram&nbsp;for-utbildning-om-trygg-arbetsmiljo' title='Dela url' data-confirmation='L\u00e4nken kopierades till urklipp'><svg class='icon icon--link'  width='18' height='18' viewBox='0 0 18 18' fill='none' xmlns='http:\/\/www.w3.org\/2000\/svg'>\n            <path d='M10.4142 0.514721L6.87868 4.05025L8.29289 5.46447L11.1213 2.63604L15.364 6.87868L12.5355 9.70711L13.9497 11.1213L17.4853 7.58579C17.8763 7.19476 17.8763 6.5626 17.4853 6.17158L11.8284 0.514721C11.4374 0.123691 10.8052 0.123691 10.4142 0.514721Z' fill='black'\/>\n            <path d='M9.7071 12.5355L6.87868 15.364L2.63604 11.1213L5.46446 8.2929L4.05025 6.87868L0.514716 10.4142C0.123686 10.8052 0.123686 11.4374 0.514716 11.8284L6.17157 17.4853C6.5626 17.8763 7.19475 17.8763 7.58578 17.4853L11.1213 13.9497L9.7071 12.5355Z' fill='black'\/>\n            <path d='M6.17157 11.8284C6.5626 12.2195 7.19475 12.2195 7.58578 11.8284L11.8284 7.58579C12.2195 7.19476 12.2195 6.56261 11.8284 6.17158C11.4374 5.78055 10.8052 5.78055 10.4142 6.17158L6.17157 10.4142C5.78054 10.8052 5.78054 11.4374 6.17157 11.8284Z' fill='black'\/>\n            <\/svg> <\/a>\n<h2 class=\"wp-block-heading\">E-learningprogram&nbsp;f\u00f6r utbildning om trygg arbetsmilj\u00f6<\/h2>\n\n\n\n<p><span data-contrast=\"none\">Utifr\u00e5n analysen skapade de sedan riktlinjer om allt fr\u00e5n hur man beter sig p\u00e5 kontoren till hygien och st\u00e4dning men ocks\u00e5 kommunikation. D\u00e4refter satte man ihop ett e-learningprogram\u00a0f\u00f6r medarbetarna s\u00e5 att alla kunde ta del av de nya riktlinjerna.\u00a0\u00a0<\/span><\/p>\n\n\n\n<blockquote class=\"wp-block-quote is-layout-flow wp-block-quote-is-layout-flow\">\n<p>Feeling\u00a0distant?\u00a0Digital hugs and high fives are available\u00a0att\u00a0all times<\/p>\n<\/blockquote>\n\n\n\n<p><span data-contrast=\"none\">P\u00e5&nbsp;Academic&nbsp;Work&nbsp;ville man dela med sig av sina insikter och utformade ocks\u00e5 guiden&nbsp;Safe&nbsp;Back to&nbsp;Work. Med guiden kan andra f\u00f6retag ta del av&nbsp;Academic&nbsp;Works arbete och s\u00e4kerst\u00e4lla en god arbetsmilj\u00f6.&nbsp;<\/span><span data-ccp-props=\"{&quot;201341983&quot;:0,&quot;335559739&quot;:160,&quot;335559740&quot;:276}\">&nbsp;<\/span><\/p>\n\n\n\n<p><span data-contrast=\"none\">Caroline ber\u00e4ttar att de utg\u00e5tt fr\u00e5n guiden \u00e4ven p\u00e5 de egna kontoren men att de satt&nbsp;Academic&nbsp;Works personliga spin p\u00e5 det.<\/span><span data-ccp-props=\"{&quot;201341983&quot;:0,&quot;335559739&quot;:160,&quot;335559740&quot;:276}\">&nbsp;<\/span><\/p>\n\n\n\n<p><span data-contrast=\"auto\">&#8211; Det kan till exempel vara en sticker d\u00e4r det st\u00e5r \u201dShow heart &amp; Keep Distance\u201d eller <\/span><span data-contrast=\"auto\">\u201dFeeling&nbsp;distant?&nbsp;<\/span><span data-contrast=\"auto\">Digital hugs and high fives are available&nbsp;att&nbsp;all times\u201d<\/span><span data-contrast=\"auto\">.&nbsp;<\/span><span data-ccp-props=\"{&quot;134233279&quot;:true,&quot;201341983&quot;:0,&quot;335559739&quot;:160,&quot;335559740&quot;:276}\">&nbsp;<\/span><\/p>\n\n\n\n<p><span data-contrast=\"none\">Caroline ber\u00e4ttar att reaktionerna fr\u00e5n medarbetare generellt varit v\u00e4ldigt positiva, \u00e4ven om det funnits de som k\u00e4nt sig mer oroliga.<\/span><span data-ccp-props=\"{&quot;201341983&quot;:0,&quot;335559739&quot;:160,&quot;335559740&quot;:276}\">&nbsp;<\/span><\/p>\n\n\n\n<p><span data-contrast=\"auto\">&#8211; F\u00f6r oss \u00e4r det viktigt att ta v\u00e5rt arbetsmilj\u00f6ansvar och d\u00e4r ing\u00e5r ocks\u00e5 ett psykosocialt ansvar f\u00f6r v\u00e5ra medarbetare. Alla m\u00e5r helt enkelt inte bra av att jobba hemma.<\/span><span data-contrast=\"auto\"> Vi f\u00f6ljer givetvis de sk\u00e4rpta restriktionerna . D\u00e4r s\u00e4ger vi att vi vill att alla jobbar hemma. Men de som inte har en fungerande arbetsmilj\u00f6 hemma ska jobba fr\u00e5n kontoret d\u00e5 v\u00e5ra anpassningar g\u00f6r kontoren s\u00e4kra. <\/span><span data-ccp-props=\"{&quot;134233279&quot;:true,&quot;201341983&quot;:0,&quot;335559739&quot;:160,&quot;335559740&quot;:259}\">&nbsp;<\/span><\/p>\n\n\n\n<figure class=\"wp-block-table\"><table class=\"has-secondary-background-color has-background\"><tbody><tr><td><strong>Faktaruta<\/strong><br><strong>F\u00f6retagsnamn<\/strong>: Academic Work.<br><strong>Verksamhet<\/strong>: Bemannings- och rekryteringsf\u00f6retag.<br><strong>Vanligaste tj\u00e4nsterna<\/strong>: Hj\u00e4lper studenter och akademiker ta n\u00e4sta steg i karri\u00e4ren.<br><strong>N\u00e4rvaro<\/strong>: Verksamma i sex l\u00e4nder och har 13 kontor runtom i Sverige.<br><strong>Antal anst\u00e4llda<\/strong>: Cirka 900.<br><strong>Webbplats<\/strong>: <a href=\"https:\/\/www.academicwork.se\/\" target=\"_blank\" rel=\"noreferrer noopener\">Academic Work<\/a>. <\/td><\/tr><\/tbody><\/table><\/figure>\n\n\n\n<p><span data-ccp-props=\"{&quot;201341983&quot;:0,&quot;335559739&quot;:160,&quot;335559740&quot;:276}\">&nbsp;<\/span><\/p>\n","protected":false},"excerpt":{"rendered":"<p>N\u00e4r Academic Work i v\u00e5ras st\u00e4ngde ner kontoren och de flesta medarbetare gick \u00f6ver till att jobba hemifr\u00e5n f\u00f6rstod de snabbt att man skulle beh\u00f6va f\u00f6rbereda f\u00f6r en s\u00e4ker arbetsmilj\u00f6 den dagen n\u00e4r medarbetarna skulle &hellip;<\/p>\n","protected":false},"author":6058,"featured_media":6189,"comment_status":"closed","ping_status":"closed","sticky":false,"template":"","format":"standard","meta":{"_acf_changed":false,"footnotes":""},"categories":[20,185,204],"tags":[],"article_type":[8],"agreement":[],"for-members":[],"class_list":["post-6183","post","type-post","status-publish","format-standard","has-post-thumbnail","hentry","category-arbetsmiljo","category-corona","category-konsult","type-aktuellt"],"acf":[],"yoast_head":"<!-- This site is optimized with the Yoast SEO Premium plugin v26.8 (Yoast SEO v26.8) - https:\/\/yoast.com\/product\/yoast-seo-premium-wordpress\/ -->\n<title>E-learningprogram\u00a0f\u00f6r utbildning om trygg arbetsmilj\u00f6\u00a0<\/title>\n<meta name=\"description\" content=\"Med ett e-learningprogram f\u00f6r utbildning om trygg arbetsmilj\u00f6 s\u00e4krade Academic\u00a0Work medarbetarnas s\u00e4kerhet.\" \/>\n<meta name=\"robots\" content=\"index, follow, max-snippet:-1, max-image-preview:large, max-video-preview:-1\" \/>\n<link rel=\"canonical\" href=\"https:\/\/www.kompetensforetagen.se\/2021\/03\/academic-work-skapade-e-learningprogram-for-utbildning-om-trygg-arbetsmiljo\/\" \/>\n<meta property=\"og:locale\" content=\"sv_SE\" \/>\n<meta property=\"og:type\" content=\"article\" \/>\n<meta property=\"og:title\" content=\"Academic Work skapade e-learningprogram f\u00f6r utbildning om trygg arbetsmilj\u00f6\" \/>\n<meta property=\"og:description\" content=\"Med ett e-learningprogram f\u00f6r utbildning om trygg arbetsmilj\u00f6 s\u00e4krade Academic\u00a0Work medarbetarnas s\u00e4kerhet.\" \/>\n<meta property=\"og:url\" content=\"https:\/\/www.kompetensforetagen.se\/2021\/03\/academic-work-skapade-e-learningprogram-for-utbildning-om-trygg-arbetsmiljo\/\" \/>\n<meta property=\"og:site_name\" content=\"Kompetensf\u00f6retagen\" \/>\n<meta property=\"article:published_time\" content=\"2021-03-22T12:00:18+00:00\" \/>\n<meta property=\"article:modified_time\" content=\"2023-07-12T08:13:38+00:00\" \/>\n<meta property=\"og:image\" content=\"https:\/\/www.kompetensforetagen.se\/app\/uploads\/sites\/5\/2021\/01\/caroline_nikander432x432.jpg\" \/>\n\t<meta property=\"og:image:width\" content=\"432\" \/>\n\t<meta property=\"og:image:height\" content=\"432\" \/>\n\t<meta property=\"og:image:type\" content=\"image\/jpeg\" \/>\n<meta name=\"author\" content=\"Shashika Sellgren\" \/>\n<meta name=\"twitter:card\" content=\"summary_large_image\" \/>\n<meta name=\"twitter:label1\" content=\"Skriven av\" \/>\n\t<meta name=\"twitter:data1\" content=\"Shashika Sellgren\" \/>\n\t<meta name=\"twitter:label2\" content=\"Ber\u00e4knad l\u00e4stid\" \/>\n\t<meta name=\"twitter:data2\" content=\"3 minuter\" \/>\n<!-- \/ Yoast SEO Premium plugin. -->","yoast_head_json":{"title":"E-learningprogram\u00a0f\u00f6r utbildning om trygg arbetsmilj\u00f6\u00a0","description":"Med ett e-learningprogram f\u00f6r utbildning om trygg arbetsmilj\u00f6 s\u00e4krade Academic\u00a0Work medarbetarnas s\u00e4kerhet.","robots":{"index":"index","follow":"follow","max-snippet":"max-snippet:-1","max-image-preview":"max-image-preview:large","max-video-preview":"max-video-preview:-1"},"canonical":"https:\/\/www.kompetensforetagen.se\/2021\/03\/academic-work-skapade-e-learningprogram-for-utbildning-om-trygg-arbetsmiljo\/","og_locale":"sv_SE","og_type":"article","og_title":"Academic Work skapade e-learningprogram f\u00f6r utbildning om trygg arbetsmilj\u00f6","og_description":"Med ett e-learningprogram f\u00f6r utbildning om trygg arbetsmilj\u00f6 s\u00e4krade Academic\u00a0Work medarbetarnas s\u00e4kerhet.","og_url":"https:\/\/www.kompetensforetagen.se\/2021\/03\/academic-work-skapade-e-learningprogram-for-utbildning-om-trygg-arbetsmiljo\/","og_site_name":"Kompetensf\u00f6retagen","article_published_time":"2021-03-22T12:00:18+00:00","article_modified_time":"2023-07-12T08:13:38+00:00","og_image":[{"width":432,"height":432,"url":"https:\/\/www.kompetensforetagen.se\/app\/uploads\/sites\/5\/2021\/01\/caroline_nikander432x432.jpg","type":"image\/jpeg"}],"author":"Shashika Sellgren","twitter_card":"summary_large_image","twitter_misc":{"Skriven av":"Shashika Sellgren","Ber\u00e4knad l\u00e4stid":"3 minuter"},"schema":{"@context":"https:\/\/schema.org","@graph":[{"@type":"Article","@id":"https:\/\/www.kompetensforetagen.se\/2021\/03\/academic-work-skapade-e-learningprogram-for-utbildning-om-trygg-arbetsmiljo\/#article","isPartOf":{"@id":"https:\/\/www.kompetensforetagen.se\/2021\/03\/academic-work-skapade-e-learningprogram-for-utbildning-om-trygg-arbetsmiljo\/"},"author":{"name":"Shashika Sellgren","@id":"https:\/\/www.kompetensforetagen.se\/#\/schema\/person\/38c6b37b81c530c93246c3d1993d5662"},"headline":"Academic Work skapade e-learningprogram f\u00f6r utbildning om trygg arbetsmilj\u00f6","datePublished":"2021-03-22T12:00:18+00:00","dateModified":"2023-07-12T08:13:38+00:00","mainEntityOfPage":{"@id":"https:\/\/www.kompetensforetagen.se\/2021\/03\/academic-work-skapade-e-learningprogram-for-utbildning-om-trygg-arbetsmiljo\/"},"wordCount":593,"publisher":{"@id":"https:\/\/www.kompetensforetagen.se\/#organization"},"image":{"@id":"https:\/\/www.kompetensforetagen.se\/2021\/03\/academic-work-skapade-e-learningprogram-for-utbildning-om-trygg-arbetsmiljo\/#primaryimage"},"thumbnailUrl":"https:\/\/www.kompetensforetagen.se\/app\/uploads\/sites\/5\/2021\/01\/caroline_nikander432x432.jpg","articleSection":["Arbetsmilj\u00f6","Corona","Konsult"],"inLanguage":"sv-SE"},{"@type":"WebPage","@id":"https:\/\/www.kompetensforetagen.se\/2021\/03\/academic-work-skapade-e-learningprogram-for-utbildning-om-trygg-arbetsmiljo\/","url":"https:\/\/www.kompetensforetagen.se\/2021\/03\/academic-work-skapade-e-learningprogram-for-utbildning-om-trygg-arbetsmiljo\/","name":"E-learningprogram\u00a0f\u00f6r utbildning om trygg arbetsmilj\u00f6\u00a0","isPartOf":{"@id":"https:\/\/www.kompetensforetagen.se\/#website"},"primaryImageOfPage":{"@id":"https:\/\/www.kompetensforetagen.se\/2021\/03\/academic-work-skapade-e-learningprogram-for-utbildning-om-trygg-arbetsmiljo\/#primaryimage"},"image":{"@id":"https:\/\/www.kompetensforetagen.se\/2021\/03\/academic-work-skapade-e-learningprogram-for-utbildning-om-trygg-arbetsmiljo\/#primaryimage"},"thumbnailUrl":"https:\/\/www.kompetensforetagen.se\/app\/uploads\/sites\/5\/2021\/01\/caroline_nikander432x432.jpg","datePublished":"2021-03-22T12:00:18+00:00","dateModified":"2023-07-12T08:13:38+00:00","description":"Med ett e-learningprogram f\u00f6r utbildning om trygg arbetsmilj\u00f6 s\u00e4krade Academic\u00a0Work medarbetarnas s\u00e4kerhet.","breadcrumb":{"@id":"https:\/\/www.kompetensforetagen.se\/2021\/03\/academic-work-skapade-e-learningprogram-for-utbildning-om-trygg-arbetsmiljo\/#breadcrumb"},"inLanguage":"sv-SE","potentialAction":[{"@type":"ReadAction","target":["https:\/\/www.kompetensforetagen.se\/2021\/03\/academic-work-skapade-e-learningprogram-for-utbildning-om-trygg-arbetsmiljo\/"]}]},{"@type":"ImageObject","inLanguage":"sv-SE","@id":"https:\/\/www.kompetensforetagen.se\/2021\/03\/academic-work-skapade-e-learningprogram-for-utbildning-om-trygg-arbetsmiljo\/#primaryimage","url":"https:\/\/www.kompetensforetagen.se\/app\/uploads\/sites\/5\/2021\/01\/caroline_nikander432x432.jpg","contentUrl":"https:\/\/www.kompetensforetagen.se\/app\/uploads\/sites\/5\/2021\/01\/caroline_nikander432x432.jpg","width":432,"height":432,"caption":"Caroline Nikander, medarbetare inom rekrytering och bemanning."},{"@type":"BreadcrumbList","@id":"https:\/\/www.kompetensforetagen.se\/2021\/03\/academic-work-skapade-e-learningprogram-for-utbildning-om-trygg-arbetsmiljo\/#breadcrumb","itemListElement":[{"@type":"ListItem","position":1,"name":"Home","item":"https:\/\/www.kompetensforetagen.se\/"},{"@type":"ListItem","position":2,"name":"Academic Work skapade e-learningprogram f\u00f6r utbildning om trygg arbetsmilj\u00f6"}]},{"@type":"WebSite","@id":"https:\/\/www.kompetensforetagen.se\/#website","url":"https:\/\/www.kompetensforetagen.se\/","name":"Kompetensf\u00f6retagen","description":"R\u00e4tt person p\u00e5 r\u00e4tt plats kan f\u00f6r\u00e4ndra v\u00e4rlden","publisher":{"@id":"https:\/\/www.kompetensforetagen.se\/#organization"},"potentialAction":[{"@type":"SearchAction","target":{"@type":"EntryPoint","urlTemplate":"https:\/\/www.kompetensforetagen.se\/?s={search_term_string}"},"query-input":{"@type":"PropertyValueSpecification","valueRequired":true,"valueName":"search_term_string"}}],"inLanguage":"sv-SE"},{"@type":"Organization","@id":"https:\/\/www.kompetensforetagen.se\/#organization","name":"Kompetensf\u00f6retagen","url":"https:\/\/www.kompetensforetagen.se\/","logo":{"@type":"ImageObject","inLanguage":"sv-SE","@id":"https:\/\/www.kompetensforetagen.se\/#\/schema\/logo\/image\/","url":"https:\/\/www.kompetensforetagen.se\/app\/uploads\/sites\/5\/2022\/10\/logga_svart.png","contentUrl":"https:\/\/www.kompetensforetagen.se\/app\/uploads\/sites\/5\/2022\/10\/logga_svart.png","width":752,"height":64,"caption":"Kompetensf\u00f6retagen"},"image":{"@id":"https:\/\/www.kompetensforetagen.se\/#\/schema\/logo\/image\/"},"sameAs":["https:\/\/www.linkedin.com\/company\/10540032\/"]},{"@type":"Person","@id":"https:\/\/www.kompetensforetagen.se\/#\/schema\/person\/38c6b37b81c530c93246c3d1993d5662","name":"Shashika Sellgren","image":{"@type":"ImageObject","inLanguage":"sv-SE","@id":"https:\/\/www.kompetensforetagen.se\/#\/schema\/person\/image\/","url":"https:\/\/secure.gravatar.com\/avatar\/b225c479880df9eb82d1501dd105dd8040f27c8563f3d4bf5dd62ce0a1630abd?s=96&d=mm&r=g","contentUrl":"https:\/\/secure.gravatar.com\/avatar\/b225c479880df9eb82d1501dd105dd8040f27c8563f3d4bf5dd62ce0a1630abd?s=96&d=mm&r=g","caption":"Shashika Sellgren"},"url":"https:\/\/www.kompetensforetagen.se\/person\/shashikasellgren\/"}]}},"_links":{"self":[{"href":"https:\/\/www.kompetensforetagen.se\/api\/wp\/v2\/posts\/6183","targetHints":{"allow":["GET"]}}],"collection":[{"href":"https:\/\/www.kompetensforetagen.se\/api\/wp\/v2\/posts"}],"about":[{"href":"https:\/\/www.kompetensforetagen.se\/api\/wp\/v2\/types\/post"}],"author":[{"embeddable":true,"href":"https:\/\/www.kompetensforetagen.se\/api\/wp\/v2\/users\/6058"}],"replies":[{"embeddable":true,"href":"https:\/\/www.kompetensforetagen.se\/api\/wp\/v2\/comments?post=6183"}],"version-history":[{"count":2,"href":"https:\/\/www.kompetensforetagen.se\/api\/wp\/v2\/posts\/6183\/revisions"}],"predecessor-version":[{"id":14502,"href":"https:\/\/www.kompetensforetagen.se\/api\/wp\/v2\/posts\/6183\/revisions\/14502"}],"wp:featuredmedia":[{"embeddable":true,"href":"https:\/\/www.kompetensforetagen.se\/api\/wp\/v2\/media\/6189"}],"wp:attachment":[{"href":"https:\/\/www.kompetensforetagen.se\/api\/wp\/v2\/media?parent=6183"}],"wp:term":[{"taxonomy":"category","embeddable":true,"href":"https:\/\/www.kompetensforetagen.se\/api\/wp\/v2\/categories?post=6183"},{"taxonomy":"post_tag","embeddable":true,"href":"https:\/\/www.kompetensforetagen.se\/api\/wp\/v2\/tags?post=6183"},{"taxonomy":"type","embeddable":true,"href":"https:\/\/www.kompetensforetagen.se\/api\/wp\/v2\/article_type?post=6183"},{"taxonomy":"agreement","embeddable":true,"href":"https:\/\/www.kompetensforetagen.se\/api\/wp\/v2\/agreement?post=6183"},{"taxonomy":"for-members","embeddable":true,"href":"https:\/\/www.kompetensforetagen.se\/api\/wp\/v2\/for-members?post=6183"}],"curies":[{"name":"wp","href":"https:\/\/api.w.org\/{rel}","templated":true}]}}