{"id":6178,"date":"2021-04-04T11:00:34","date_gmt":"2021-04-04T09:00:34","guid":{"rendered":"https:\/\/www.kompetensforetagen.se\/?p=6178"},"modified":"2023-11-23T15:20:49","modified_gmt":"2023-11-23T14:20:49","slug":"digital-kreativitet-nar-fler-arbetssokande","status":"publish","type":"post","link":"https:\/\/www.kompetensforetagen.se\/2021\/04\/digital-kreativitet-nar-fler-arbetssokande\/","title":{"rendered":"Digital kreativitet n\u00e5r fler arbetss\u00f6kande"},"content":{"rendered":"\n<p>N\u00e4r&nbsp;coronapandemin&nbsp;slog till b\u00f6rjade m\u00e5nga av&nbsp;EnRivals&nbsp;samarbetspartners permittera och varsla. Situationen blev snabbt oroande, men med digital kreativitet och nyt\u00e4nkande kring arbetss\u00e4tt har&nbsp;EnRival&nbsp;kunnat n\u00e5 fler arbetss\u00f6kande och forts\u00e4tta hj\u00e4lpa m\u00e4nniskor till syssels\u00e4ttning.<\/p>\n\n\n\n<p><span data-contrast=\"none\">EnRival&nbsp;hj\u00e4lper m\u00e4nniskor till syssels\u00e4ttning och s\u00e4tter verksamheter i rullning, bland annat genom att vara en <a href=\"https:\/\/www.kompetensforetagen.se\/2021\/03\/de-fristaende-leverantorerna-krom\/\" target=\"_blank\" rel=\"noopener noreferrer\">kompletterande akt\u00f6r till Arbetsf\u00f6rmedlingen<\/a>.&nbsp;Menaida&nbsp;Hasanovic&nbsp;\u00e4r operativ verksamhetschef p\u00e5&nbsp;EnRival&nbsp;och ansvarar f\u00f6r f\u00f6retagets operativa verksamhet p\u00e5 nationell niv\u00e5. Hon ber\u00e4ttar hur vissa branscher drabbades mycket h\u00e5rt medan andra \u00f6kade kraftigt.&nbsp;<\/span><span data-ccp-props=\"{&quot;201341983&quot;:0,&quot;335559739&quot;:160,&quot;335559740&quot;:276}\">&nbsp;<\/span><\/p>\n\n\n\n<p><span data-contrast=\"none\">\u2013 Vi fick t\u00e4nka om helt. B\u00e5de att b\u00f6rja jobba mot branscher som var nya f\u00f6r oss, men ocks\u00e5 att arbeta p\u00e5 distans med arbetss\u00f6kande.&nbsp;&nbsp;<\/span><\/p>\n\n\n\n<blockquote class=\"wp-block-quote is-layout-flow wp-block-quote-is-layout-flow\">\n<p><span data-contrast=\"none\">Det nya, digitala arbetss\u00e4ttet har passat m\u00e5nga av dem som beh\u00f6vt st\u00f6ttning i sin omst\u00e4llning till nya jobb<\/span><\/p>\n<\/blockquote>\n\n\n\n<p><span data-contrast=\"none\">Den st\u00f6rsta utmaningen med distansarbetet var att hitta ett kvalitativt s\u00e4tt att jobba med arbetss\u00f6kande som man inte tr\u00e4ffar fysiskt.<\/span><span data-ccp-props=\"{&quot;201341983&quot;:0,&quot;335559739&quot;:160,&quot;335559740&quot;:276}\">&nbsp;<\/span><\/p>\n\n\n<a class='Share__link Share__link--url copy-text' href='#' rel='nofollow' data-text='stottat-langtidsarbetslosa-i-isolering' title='Dela url' data-confirmation='L\u00e4nken kopierades till urklipp'><svg class='icon icon--link'  width='18' height='18' viewBox='0 0 18 18' fill='none' xmlns='http:\/\/www.w3.org\/2000\/svg'>\n            <path d='M10.4142 0.514721L6.87868 4.05025L8.29289 5.46447L11.1213 2.63604L15.364 6.87868L12.5355 9.70711L13.9497 11.1213L17.4853 7.58579C17.8763 7.19476 17.8763 6.5626 17.4853 6.17158L11.8284 0.514721C11.4374 0.123691 10.8052 0.123691 10.4142 0.514721Z' fill='black'\/>\n            <path d='M9.7071 12.5355L6.87868 15.364L2.63604 11.1213L5.46446 8.2929L4.05025 6.87868L0.514716 10.4142C0.123686 10.8052 0.123686 11.4374 0.514716 11.8284L6.17157 17.4853C6.5626 17.8763 7.19475 17.8763 7.58578 17.4853L11.1213 13.9497L9.7071 12.5355Z' fill='black'\/>\n            <path d='M6.17157 11.8284C6.5626 12.2195 7.19475 12.2195 7.58578 11.8284L11.8284 7.58579C12.2195 7.19476 12.2195 6.56261 11.8284 6.17158C11.4374 5.78055 10.8052 5.78055 10.4142 6.17158L6.17157 10.4142C5.78054 10.8052 5.78054 11.4374 6.17157 11.8284Z' fill='black'\/>\n            <\/svg> <\/a>\n<h2 class=\"wp-block-heading\">St\u00f6ttat l\u00e5ngtidsarbetsl\u00f6sa i isolering<\/h2>\n\n\n\n<p><span data-contrast=\"none\">\u2013 Ofta har vi deltagare som st\u00e5r l\u00e5ngt fr\u00e5n arbetsmarknaden och som inte heller beh\u00e4rskar det digitala s\u00e5 bra. Vi har beh\u00f6vt jobba mycket med mjuka v\u00e4rden p\u00e5 ett helt nytt s\u00e4tt.&nbsp;<\/span><span data-contrast=\"none\">Till exempel genom att jobba mer motivationsh\u00f6jande f\u00f6r personer som varit arbetsl\u00f6sa i flera \u00e5r och som nu isolerar sig \u00e4nnu mer p\u00e5 grund av pandemin<\/span><span data-contrast=\"none\">, s\u00e4ger&nbsp;<\/span><span data-contrast=\"none\">Menaida<\/span><span data-contrast=\"none\">&nbsp;<\/span><span data-contrast=\"none\">Hasanovic<\/span><span data-contrast=\"none\">.<\/span><span data-ccp-props=\"{&quot;201341983&quot;:0,&quot;335559739&quot;:160,&quot;335559740&quot;:276}\">&nbsp;<\/span><\/p>\n\n\n\n<p><span data-contrast=\"none\">Omst\u00e4llningen har varit en m\u00f6jlighet f\u00f6r&nbsp;EnRival&nbsp;att utveckla sin verksamhet, framf\u00f6rallt vad det g\u00e4ller att arbeta mer digitalt. Det nya, digitala arbetss\u00e4ttet har passat m\u00e5nga av dem som beh\u00f6vt st\u00f6ttning i sin omst\u00e4llning till nya jobb.&nbsp;<\/span><\/p>\n\n\n\n<p><span data-contrast=\"none\">\u2013 Distansarbetet mot v\u00e5ra arbetss\u00f6kande har gjort att vi kunnat jobba mycket mer individanpassat. Vi jobbar efter Arbetsf\u00f6rmedlingens riktlinjer, men att kunna kombinera fysiska tr\u00e4ffar med digitala aktiviteter \u00e4r ett arbetss\u00e4tt som vi g\u00e4rna skulle vilja forts\u00e4tta med n\u00e4r pandemin \u00e4r \u00f6ver, f\u00f6rklarar Menaida Hasanovic.<\/span><span data-ccp-props=\"{&quot;201341983&quot;:0,&quot;335559739&quot;:160,&quot;335559740&quot;:276}\">&nbsp;<\/span><\/p>\n\n\n<a class='Share__link Share__link--url copy-text' href='#' rel='nofollow' data-text='digital-kreativitet-nar-fler-arbetssokande-&nbsp;&nbsp;' title='Dela url' data-confirmation='L\u00e4nken kopierades till urklipp'><svg class='icon icon--link'  width='18' height='18' viewBox='0 0 18 18' fill='none' xmlns='http:\/\/www.w3.org\/2000\/svg'>\n            <path d='M10.4142 0.514721L6.87868 4.05025L8.29289 5.46447L11.1213 2.63604L15.364 6.87868L12.5355 9.70711L13.9497 11.1213L17.4853 7.58579C17.8763 7.19476 17.8763 6.5626 17.4853 6.17158L11.8284 0.514721C11.4374 0.123691 10.8052 0.123691 10.4142 0.514721Z' fill='black'\/>\n            <path d='M9.7071 12.5355L6.87868 15.364L2.63604 11.1213L5.46446 8.2929L4.05025 6.87868L0.514716 10.4142C0.123686 10.8052 0.123686 11.4374 0.514716 11.8284L6.17157 17.4853C6.5626 17.8763 7.19475 17.8763 7.58578 17.4853L11.1213 13.9497L9.7071 12.5355Z' fill='black'\/>\n            <path d='M6.17157 11.8284C6.5626 12.2195 7.19475 12.2195 7.58578 11.8284L11.8284 7.58579C12.2195 7.19476 12.2195 6.56261 11.8284 6.17158C11.4374 5.78055 10.8052 5.78055 10.4142 6.17158L6.17157 10.4142C5.78054 10.8052 5.78054 11.4374 6.17157 11.8284Z' fill='black'\/>\n            <\/svg> <\/a>\n<h2 class=\"wp-block-heading\"><b><span data-contrast=\"none\">Digital kreativitet n\u00e5r fler arbetss\u00f6kande <\/span><\/b><span data-contrast=\"none\">&nbsp;<\/span><span data-ccp-props=\"{&quot;201341983&quot;:0,&quot;335559739&quot;:160,&quot;335559740&quot;:259}\">&nbsp;<\/span><\/h2>\n\n\n\n<p><span data-contrast=\"none\">Det digitala arbetss\u00e4ttet har inneburit en st\u00f6rre flexibilitet, som har gjort det m\u00f6jligt att \u00f6ppna nya kontor och p\u00e5 s\u00e5 s\u00e4tt kunnat n\u00e5 fler arbetss\u00f6kande.&nbsp;<\/span><span data-contrast=\"none\">&nbsp;<\/span><span data-ccp-props=\"{&quot;201341983&quot;:0,&quot;335559739&quot;:160,&quot;335559740&quot;:259}\">&nbsp;<\/span><\/p>\n\n\n\n<p><span data-contrast=\"none\">\u2013 Eftersom arbetet i huvudsak skett p\u00e5 distans s\u00e5 har vi kunnat vara lite mer flexibla med bokade tr\u00e4ffar med de s\u00f6kande och d\u00e5 \u00e4ven \u00f6ppettider. D\u00e4rf\u00f6r har vi kunnat testa att jobba p\u00e5 fler orter rent geografiskt,&nbsp;ber\u00e4ttar&nbsp;Menaida&nbsp;Hasanovic. Med digital kreativitet n\u00e5r vi fler arbetss\u00f6kande!&nbsp;&nbsp;<\/span><b><span data-contrast=\"none\">&nbsp;<\/span><\/b><span data-ccp-props=\"{&quot;201341983&quot;:0,&quot;335559739&quot;:160,&quot;335559740&quot;:276}\">&nbsp;<\/span><b><span data-contrast=\"none\">&nbsp;<\/span><\/b><\/p>\n\n\n\n<figure class=\"wp-block-table\"><table class=\"has-secondary-background-color has-background\"><tbody><tr><td><strong>Faktaruta<\/strong><br><strong>F\u00f6retagsnamn<\/strong>: EnRival.<br><strong>Verksamhet<\/strong>: Jobbar framf\u00f6rallt mot Arbetsf\u00f6rmedlingen med programmen St\u00f6d och matchning och Kundval Rusta och matcha.<br><strong>Vision<\/strong>: Att vara Sveriges mest kvalitativa och h\u00e5llbara privata arbetsf\u00f6rmedling, och d\u00e4rmed det sj\u00e4lvklara valet f\u00f6r s\u00e5v\u00e4l arbetss\u00f6kande som arbetsgivare!<br><strong>N\u00e4rvaro<\/strong>: EnRival har cirka 100 kontor med spridning \u00f6ver hela landet.<br><strong>Antal anst\u00e4llda<\/strong>: Cirka 150.<br><strong>Webbplats<\/strong>: <a href=\"https:\/\/www.enrival.se\/\" target=\"_blank\" rel=\"noreferrer noopener\">EnRival<\/a>. <\/td><\/tr><\/tbody><\/table><\/figure>\n\n\n\n<p><b><span data-contrast=\"none\">&nbsp;<\/span><\/b><span data-ccp-props=\"{&quot;201341983&quot;:0,&quot;335559739&quot;:160,&quot;335559740&quot;:276}\">&nbsp;<\/span><\/p>\n\n\n\n<p><b><span data-contrast=\"none\">&nbsp;<\/span><\/b><span data-ccp-props=\"{&quot;201341983&quot;:0,&quot;335559739&quot;:160,&quot;335559740&quot;:276}\">&nbsp;<\/span><\/p>\n\n\n\n<p><span data-ccp-props=\"{&quot;201341983&quot;:0,&quot;335559739&quot;:160,&quot;335559740&quot;:360}\">&nbsp;<\/span><\/p>\n","protected":false},"excerpt":{"rendered":"<p>N\u00e4r&nbsp;coronapandemin&nbsp;slog till b\u00f6rjade m\u00e5nga av&nbsp;EnRivals&nbsp;samarbetspartners permittera och varsla. Situationen blev snabbt oroande, men med digital kreativitet och nyt\u00e4nkande kring arbetss\u00e4tt har&nbsp;EnRival&nbsp;kunnat n\u00e5 fler arbetss\u00f6kande och forts\u00e4tta hj\u00e4lpa m\u00e4nniskor till syssels\u00e4ttning. EnRival&nbsp;hj\u00e4lper m\u00e4nniskor till syssels\u00e4ttning och &hellip;<\/p>\n","protected":false},"author":6058,"featured_media":6179,"comment_status":"closed","ping_status":"closed","sticky":false,"template":"","format":"standard","meta":{"_acf_changed":false,"footnotes":""},"categories":[192,185,19],"tags":[],"article_type":[8],"agreement":[],"for-members":[],"class_list":["post-6178","post","type-post","status-publish","format-standard","has-post-thumbnail","hentry","category-arbetsformedlingen","category-corona","category-omstallning","type-aktuellt"],"acf":[],"yoast_head":"<!-- This site is optimized with the Yoast SEO Premium plugin v26.8 (Yoast SEO v26.8) - https:\/\/yoast.com\/product\/yoast-seo-premium-wordpress\/ -->\n<title>Digital kreativitet n\u00e5r fler arbetss\u00f6kande - Menaida ber\u00e4ttar<\/title>\n<meta name=\"description\" content=\"En utmaning med coronapandemin var att EnRival inte kunde tr\u00e4ffa arbetss\u00f6kande fysiskt. Men med digital kreativitet n\u00e5r de fler arbetss\u00f6kande\" \/>\n<meta name=\"robots\" content=\"index, follow, max-snippet:-1, max-image-preview:large, max-video-preview:-1\" \/>\n<link rel=\"canonical\" href=\"https:\/\/www.kompetensforetagen.se\/2021\/04\/digital-kreativitet-nar-fler-arbetssokande\/\" \/>\n<meta property=\"og:locale\" content=\"sv_SE\" \/>\n<meta property=\"og:type\" content=\"article\" \/>\n<meta property=\"og:title\" content=\"Digital kreativitet n\u00e5r fler arbetss\u00f6kande\" \/>\n<meta property=\"og:description\" content=\"En utmaning med coronapandemin var att EnRival inte kunde tr\u00e4ffa arbetss\u00f6kande fysiskt. Men med digital kreativitet n\u00e5r de fler arbetss\u00f6kande\" \/>\n<meta property=\"og:url\" content=\"https:\/\/www.kompetensforetagen.se\/2021\/04\/digital-kreativitet-nar-fler-arbetssokande\/\" \/>\n<meta property=\"og:site_name\" content=\"Kompetensf\u00f6retagen\" \/>\n<meta property=\"article:published_time\" content=\"2021-04-04T09:00:34+00:00\" \/>\n<meta property=\"article:modified_time\" content=\"2023-11-23T14:20:49+00:00\" \/>\n<meta property=\"og:image\" content=\"https:\/\/www.kompetensforetagen.se\/app\/uploads\/sites\/5\/2021\/01\/enrivalbild.jpg\" \/>\n\t<meta property=\"og:image:width\" content=\"512\" \/>\n\t<meta property=\"og:image:height\" content=\"512\" \/>\n\t<meta property=\"og:image:type\" content=\"image\/jpeg\" \/>\n<meta name=\"author\" content=\"Shashika Sellgren\" \/>\n<meta name=\"twitter:card\" content=\"summary_large_image\" \/>\n<meta name=\"twitter:label1\" content=\"Skriven av\" \/>\n\t<meta name=\"twitter:data1\" content=\"Shashika Sellgren\" \/>\n\t<meta name=\"twitter:label2\" content=\"Ber\u00e4knad l\u00e4stid\" \/>\n\t<meta name=\"twitter:data2\" content=\"3 minuter\" \/>\n<!-- \/ Yoast SEO Premium plugin. -->","yoast_head_json":{"title":"Digital kreativitet n\u00e5r fler arbetss\u00f6kande - Menaida ber\u00e4ttar","description":"En utmaning med coronapandemin var att EnRival inte kunde tr\u00e4ffa arbetss\u00f6kande fysiskt. Men med digital kreativitet n\u00e5r de fler arbetss\u00f6kande","robots":{"index":"index","follow":"follow","max-snippet":"max-snippet:-1","max-image-preview":"max-image-preview:large","max-video-preview":"max-video-preview:-1"},"canonical":"https:\/\/www.kompetensforetagen.se\/2021\/04\/digital-kreativitet-nar-fler-arbetssokande\/","og_locale":"sv_SE","og_type":"article","og_title":"Digital kreativitet n\u00e5r fler arbetss\u00f6kande","og_description":"En utmaning med coronapandemin var att EnRival inte kunde tr\u00e4ffa arbetss\u00f6kande fysiskt. Men med digital kreativitet n\u00e5r de fler arbetss\u00f6kande","og_url":"https:\/\/www.kompetensforetagen.se\/2021\/04\/digital-kreativitet-nar-fler-arbetssokande\/","og_site_name":"Kompetensf\u00f6retagen","article_published_time":"2021-04-04T09:00:34+00:00","article_modified_time":"2023-11-23T14:20:49+00:00","og_image":[{"width":512,"height":512,"url":"https:\/\/www.kompetensforetagen.se\/app\/uploads\/sites\/5\/2021\/01\/enrivalbild.jpg","type":"image\/jpeg"}],"author":"Shashika Sellgren","twitter_card":"summary_large_image","twitter_misc":{"Skriven av":"Shashika Sellgren","Ber\u00e4knad l\u00e4stid":"3 minuter"},"schema":{"@context":"https:\/\/schema.org","@graph":[{"@type":"Article","@id":"https:\/\/www.kompetensforetagen.se\/2021\/04\/digital-kreativitet-nar-fler-arbetssokande\/#article","isPartOf":{"@id":"https:\/\/www.kompetensforetagen.se\/2021\/04\/digital-kreativitet-nar-fler-arbetssokande\/"},"author":{"name":"Shashika Sellgren","@id":"https:\/\/www.kompetensforetagen.se\/#\/schema\/person\/38c6b37b81c530c93246c3d1993d5662"},"headline":"Digital kreativitet n\u00e5r fler arbetss\u00f6kande","datePublished":"2021-04-04T09:00:34+00:00","dateModified":"2023-11-23T14:20:49+00:00","mainEntityOfPage":{"@id":"https:\/\/www.kompetensforetagen.se\/2021\/04\/digital-kreativitet-nar-fler-arbetssokande\/"},"wordCount":566,"publisher":{"@id":"https:\/\/www.kompetensforetagen.se\/#organization"},"image":{"@id":"https:\/\/www.kompetensforetagen.se\/2021\/04\/digital-kreativitet-nar-fler-arbetssokande\/#primaryimage"},"thumbnailUrl":"https:\/\/www.kompetensforetagen.se\/app\/uploads\/sites\/5\/2021\/01\/enrivalbild.jpg","articleSection":["Arbetsf\u00f6rmedlingen","Corona","Omst\u00e4llning"],"inLanguage":"sv-SE"},{"@type":"WebPage","@id":"https:\/\/www.kompetensforetagen.se\/2021\/04\/digital-kreativitet-nar-fler-arbetssokande\/","url":"https:\/\/www.kompetensforetagen.se\/2021\/04\/digital-kreativitet-nar-fler-arbetssokande\/","name":"Digital kreativitet n\u00e5r fler arbetss\u00f6kande - Menaida ber\u00e4ttar","isPartOf":{"@id":"https:\/\/www.kompetensforetagen.se\/#website"},"primaryImageOfPage":{"@id":"https:\/\/www.kompetensforetagen.se\/2021\/04\/digital-kreativitet-nar-fler-arbetssokande\/#primaryimage"},"image":{"@id":"https:\/\/www.kompetensforetagen.se\/2021\/04\/digital-kreativitet-nar-fler-arbetssokande\/#primaryimage"},"thumbnailUrl":"https:\/\/www.kompetensforetagen.se\/app\/uploads\/sites\/5\/2021\/01\/enrivalbild.jpg","datePublished":"2021-04-04T09:00:34+00:00","dateModified":"2023-11-23T14:20:49+00:00","description":"En utmaning med coronapandemin var att EnRival inte kunde tr\u00e4ffa arbetss\u00f6kande fysiskt. Men med digital kreativitet n\u00e5r de fler arbetss\u00f6kande","breadcrumb":{"@id":"https:\/\/www.kompetensforetagen.se\/2021\/04\/digital-kreativitet-nar-fler-arbetssokande\/#breadcrumb"},"inLanguage":"sv-SE","potentialAction":[{"@type":"ReadAction","target":["https:\/\/www.kompetensforetagen.se\/2021\/04\/digital-kreativitet-nar-fler-arbetssokande\/"]}]},{"@type":"ImageObject","inLanguage":"sv-SE","@id":"https:\/\/www.kompetensforetagen.se\/2021\/04\/digital-kreativitet-nar-fler-arbetssokande\/#primaryimage","url":"https:\/\/www.kompetensforetagen.se\/app\/uploads\/sites\/5\/2021\/01\/enrivalbild.jpg","contentUrl":"https:\/\/www.kompetensforetagen.se\/app\/uploads\/sites\/5\/2021\/01\/enrivalbild.jpg","width":512,"height":512,"caption":"EnRival, ett av medlemsf\u00f6retagen inom omst\u00e4llning och matchning."},{"@type":"BreadcrumbList","@id":"https:\/\/www.kompetensforetagen.se\/2021\/04\/digital-kreativitet-nar-fler-arbetssokande\/#breadcrumb","itemListElement":[{"@type":"ListItem","position":1,"name":"Home","item":"https:\/\/www.kompetensforetagen.se\/"},{"@type":"ListItem","position":2,"name":"Digital kreativitet n\u00e5r fler arbetss\u00f6kande"}]},{"@type":"WebSite","@id":"https:\/\/www.kompetensforetagen.se\/#website","url":"https:\/\/www.kompetensforetagen.se\/","name":"Kompetensf\u00f6retagen","description":"R\u00e4tt person p\u00e5 r\u00e4tt plats kan f\u00f6r\u00e4ndra v\u00e4rlden","publisher":{"@id":"https:\/\/www.kompetensforetagen.se\/#organization"},"potentialAction":[{"@type":"SearchAction","target":{"@type":"EntryPoint","urlTemplate":"https:\/\/www.kompetensforetagen.se\/?s={search_term_string}"},"query-input":{"@type":"PropertyValueSpecification","valueRequired":true,"valueName":"search_term_string"}}],"inLanguage":"sv-SE"},{"@type":"Organization","@id":"https:\/\/www.kompetensforetagen.se\/#organization","name":"Kompetensf\u00f6retagen","url":"https:\/\/www.kompetensforetagen.se\/","logo":{"@type":"ImageObject","inLanguage":"sv-SE","@id":"https:\/\/www.kompetensforetagen.se\/#\/schema\/logo\/image\/","url":"https:\/\/www.kompetensforetagen.se\/app\/uploads\/sites\/5\/2022\/10\/logga_svart.png","contentUrl":"https:\/\/www.kompetensforetagen.se\/app\/uploads\/sites\/5\/2022\/10\/logga_svart.png","width":752,"height":64,"caption":"Kompetensf\u00f6retagen"},"image":{"@id":"https:\/\/www.kompetensforetagen.se\/#\/schema\/logo\/image\/"},"sameAs":["https:\/\/www.linkedin.com\/company\/10540032\/"]},{"@type":"Person","@id":"https:\/\/www.kompetensforetagen.se\/#\/schema\/person\/38c6b37b81c530c93246c3d1993d5662","name":"Shashika Sellgren","image":{"@type":"ImageObject","inLanguage":"sv-SE","@id":"https:\/\/www.kompetensforetagen.se\/#\/schema\/person\/image\/","url":"https:\/\/secure.gravatar.com\/avatar\/b225c479880df9eb82d1501dd105dd8040f27c8563f3d4bf5dd62ce0a1630abd?s=96&d=mm&r=g","contentUrl":"https:\/\/secure.gravatar.com\/avatar\/b225c479880df9eb82d1501dd105dd8040f27c8563f3d4bf5dd62ce0a1630abd?s=96&d=mm&r=g","caption":"Shashika Sellgren"},"url":"https:\/\/www.kompetensforetagen.se\/person\/shashikasellgren\/"}]}},"_links":{"self":[{"href":"https:\/\/www.kompetensforetagen.se\/api\/wp\/v2\/posts\/6178","targetHints":{"allow":["GET"]}}],"collection":[{"href":"https:\/\/www.kompetensforetagen.se\/api\/wp\/v2\/posts"}],"about":[{"href":"https:\/\/www.kompetensforetagen.se\/api\/wp\/v2\/types\/post"}],"author":[{"embeddable":true,"href":"https:\/\/www.kompetensforetagen.se\/api\/wp\/v2\/users\/6058"}],"replies":[{"embeddable":true,"href":"https:\/\/www.kompetensforetagen.se\/api\/wp\/v2\/comments?post=6178"}],"version-history":[{"count":2,"href":"https:\/\/www.kompetensforetagen.se\/api\/wp\/v2\/posts\/6178\/revisions"}],"predecessor-version":[{"id":15852,"href":"https:\/\/www.kompetensforetagen.se\/api\/wp\/v2\/posts\/6178\/revisions\/15852"}],"wp:featuredmedia":[{"embeddable":true,"href":"https:\/\/www.kompetensforetagen.se\/api\/wp\/v2\/media\/6179"}],"wp:attachment":[{"href":"https:\/\/www.kompetensforetagen.se\/api\/wp\/v2\/media?parent=6178"}],"wp:term":[{"taxonomy":"category","embeddable":true,"href":"https:\/\/www.kompetensforetagen.se\/api\/wp\/v2\/categories?post=6178"},{"taxonomy":"post_tag","embeddable":true,"href":"https:\/\/www.kompetensforetagen.se\/api\/wp\/v2\/tags?post=6178"},{"taxonomy":"type","embeddable":true,"href":"https:\/\/www.kompetensforetagen.se\/api\/wp\/v2\/article_type?post=6178"},{"taxonomy":"agreement","embeddable":true,"href":"https:\/\/www.kompetensforetagen.se\/api\/wp\/v2\/agreement?post=6178"},{"taxonomy":"for-members","embeddable":true,"href":"https:\/\/www.kompetensforetagen.se\/api\/wp\/v2\/for-members?post=6178"}],"curies":[{"name":"wp","href":"https:\/\/api.w.org\/{rel}","templated":true}]}}