{"id":6009,"date":"2021-03-30T09:55:22","date_gmt":"2021-03-30T07:55:22","guid":{"rendered":"https:\/\/www.kompetensforetagen.se\/?p=6009"},"modified":"2023-07-12T10:52:39","modified_gmt":"2023-07-12T08:52:39","slug":"digitalt-skutt-sakrade-stottning-av-samhallskritisk-verksamhet","status":"publish","type":"post","link":"https:\/\/www.kompetensforetagen.se\/2021\/03\/digitalt-skutt-sakrade-stottning-av-samhallskritisk-verksamhet\/","title":{"rendered":"Digitalt skutt s\u00e4krade st\u00f6ttning av samh\u00e4llskritisk verksamhet"},"content":{"rendered":"\n<p>N\u00e4r&nbsp;samh\u00e4llskritisk verksamhet inom&nbsp;Skellefte\u00e5 Kraft&nbsp;begr\u00e4nsades&nbsp;till att bara till\u00e5ta aff\u00e4rskritiska m\u00f6ten i samband med coronakrisen st\u00e4lldes&nbsp;Wikan&nbsp;Personal&nbsp;inf\u00f6r nya utmaningar,&nbsp;d\u00e5 de var vana&nbsp;att bes\u00f6ka kund och konsulter regelbundet.&nbsp;&nbsp; Med ett digitalt skutt s\u00e4krade de st\u00f6ttningen av b\u00e5de kund och konsulter.<\/p>\n\n\n\n<p><span data-ccp-props=\"{&quot;134233279&quot;:true,&quot;201341983&quot;:0,&quot;335559685&quot;:720,&quot;335559739&quot;:100,&quot;335559740&quot;:276}\">&nbsp;<\/span><span data-contrast=\"auto\">Nu n\u00e4r pandemin har tagit fart igen s\u00e5 st\u00e4lls det h\u00f6ga krav p\u00e5 ett elbolag som <a href=\"https:\/\/www.skekraft.se\/?gclid=Cj0KCQiA34OBBhCcARIsAG32uvM7DDyG-asKl_UgrVTOL4EoxK8HW0u_pJi8deTiZv1KLum1cYCh8aEaAjXcEALw_wcB\" target=\"_blank\" rel=\"noopener noreferrer\">Skellefte\u00e5 Kraft<\/a><\/span><span data-contrast=\"auto\">, ber\u00e4ttar&nbsp;<\/span><a href=\"https:\/\/wikan.se\/\" target=\"_blank\" rel=\"noopener noreferrer\"><span data-contrast=\"none\">Wikans<\/span><\/a><span data-contrast=\"none\">&nbsp;konsultchef&nbsp;<\/span><span data-contrast=\"auto\">Wilma<\/span><span data-contrast=\"auto\">&nbsp;Nyman<\/span><span data-contrast=\"auto\">.<\/span><span data-ccp-props=\"{&quot;134233279&quot;:true,&quot;201341983&quot;:0,&quot;335559685&quot;:720,&quot;335559739&quot;:100,&quot;335559740&quot;:276}\">&nbsp;<\/span><\/p>\n\n\n\n<p><span data-ccp-props=\"{&quot;134233279&quot;:true,&quot;201341983&quot;:0,&quot;335559685&quot;:720,&quot;335559739&quot;:100,&quot;335559740&quot;:276}\">&#8211; <\/span><span data-contrast=\"auto\" style=\"background-color: transparent; font-size: 1rem;\">D\u00e5 de har en samh\u00e4llskritisk funktion f\u00e5r inte verksamheten stanna av,\u00a0vilket\u00a0leder till st\u00f6rre krav p\u00e5 hemarbete. F\u00f6r vissa av v\u00e5ra konsulter fungerar det v\u00e4ldigt bra, f\u00f6r andra \u00e4r det sv\u00e5rare. Vi har d\u00e4rf\u00f6r med kort varsel fixat fram en annan lokal i huset d\u00e4r v\u00e5rt kontor finns, d\u00e4r kommer numera ett tiotal av v\u00e5ra uthyrda konsulter husera fram tills dess att pandemin lugnat ner sig och Skellefte\u00e5 kraft kan \u00f6ppna upp arbetsplatsen igen.\u00a0\u00a0<\/span><\/p>\n\n\n\n<blockquote class=\"wp-block-quote is-layout-flow wp-block-quote-is-layout-flow\">\n<p><span data-contrast=\"none\">F\u00f6r oss \u00e4r det\u00a0viktigt\u00a0att konsulterna k\u00e4nner sig inkluderande och att de f\u00e5r r\u00e4tt f\u00f6ruts\u00e4ttningar f\u00f6r att lyckas<\/span><\/p>\n<\/blockquote>\n\n\n\n<p><span data-contrast=\"none\">Skellefte\u00e5 Kraft<\/span><span data-contrast=\"none\">&nbsp;har ocks\u00e5 haft m\u00f6jlighet att nyttja&nbsp;<\/span><span data-contrast=\"none\">Wikan<\/span><span data-contrast=\"none\">&nbsp;Personals lokaler<\/span><span data-contrast=\"none\">&nbsp;f\u00f6r bland annat<\/span><span data-contrast=\"none\">&nbsp;medarbetarsamtal, avst\u00e4mningsm\u00f6ten och intervjuer<\/span><span data-contrast=\"none\">, vilket uppskattats av kunden.&nbsp;<\/span><span data-ccp-props=\"{&quot;201341983&quot;:0,&quot;335559739&quot;:100,&quot;335559740&quot;:276}\">&nbsp;<\/span><\/p>\n\n\n<a class='Share__link Share__link--url copy-text' href='#' rel='nofollow' data-text='digitalt-skutt-sakrade-stottning' title='Dela url' data-confirmation='L\u00e4nken kopierades till urklipp'><svg class='icon icon--link'  width='18' height='18' viewBox='0 0 18 18' fill='none' xmlns='http:\/\/www.w3.org\/2000\/svg'>\n            <path d='M10.4142 0.514721L6.87868 4.05025L8.29289 5.46447L11.1213 2.63604L15.364 6.87868L12.5355 9.70711L13.9497 11.1213L17.4853 7.58579C17.8763 7.19476 17.8763 6.5626 17.4853 6.17158L11.8284 0.514721C11.4374 0.123691 10.8052 0.123691 10.4142 0.514721Z' fill='black'\/>\n            <path d='M9.7071 12.5355L6.87868 15.364L2.63604 11.1213L5.46446 8.2929L4.05025 6.87868L0.514716 10.4142C0.123686 10.8052 0.123686 11.4374 0.514716 11.8284L6.17157 17.4853C6.5626 17.8763 7.19475 17.8763 7.58578 17.4853L11.1213 13.9497L9.7071 12.5355Z' fill='black'\/>\n            <path d='M6.17157 11.8284C6.5626 12.2195 7.19475 12.2195 7.58578 11.8284L11.8284 7.58579C12.2195 7.19476 12.2195 6.56261 11.8284 6.17158C11.4374 5.78055 10.8052 5.78055 10.4142 6.17158L6.17157 10.4142C5.78054 10.8052 5.78054 11.4374 6.17157 11.8284Z' fill='black'\/>\n            <\/svg> <\/a>\n<h2 class=\"wp-block-heading\"><span data-contrast=\"none\">Digitalt skutt s\u00e4krade st\u00f6ttning<\/span><\/h2>\n\n\n\n<p><span data-contrast=\"none\">Wilma Nyman ber\u00e4ttar om den digitala resa de gjort f\u00f6r att fortsatt kunna hj\u00e4lpa kunden och<\/span><span data-contrast=\"none\">&nbsp;<\/span><span data-contrast=\"none\">samtidigt finnas d\u00e4r f\u00f6r sina konsulter.&nbsp;<\/span><span data-ccp-props=\"{&quot;201341983&quot;:0,&quot;335559739&quot;:100,&quot;335559740&quot;:276}\">&nbsp;<\/span><\/p>\n\n\n\n<p><span data-contrast=\"none\">&#8211; F\u00f6r oss \u00e4r det\u00a0viktigt\u00a0att konsulterna k\u00e4nner sig inkluderande och att de f\u00e5r r\u00e4tt f\u00f6ruts\u00e4ttningar f\u00f6r att lyckas i sin\u00a0konsultroll\u00a0s\u00e4ger Wilma Nyman.\u00a0D\u00e5 blir den personliga kontakten v\u00e4ldigt viktig. Vi\u00a0ville\u00a0d\u00e4rf\u00f6r\u00a0hitta ett s\u00e4tt\u00a0d\u00e4r vi\u00a0fortfarande kunde tr\u00e4ffa\u00a0b\u00e5de\u00a0kunder\u00a0och konsulter fysiskt.\u00a0\u00a0<\/span><\/p>\n\n\n\n<p><span data-contrast=\"none\">Wikan<\/span><span data-contrast=\"none\">&nbsp;<\/span><span data-contrast=\"none\">har&nbsp;<\/span><span data-contrast=\"none\">numer betydligt fler Teamsm\u00f6ten och Wilma tycker att det funkat j\u00e4ttebra.&nbsp;<\/span><span data-ccp-props=\"{&quot;201341983&quot;:0,&quot;335559739&quot;:100,&quot;335559740&quot;:276}\">&nbsp;<\/span><\/p>\n\n\n\n<p><span data-contrast=\"none\">&#8211; Det har varit ovant att beh\u00f6va jobba s\u00e5 mycket digitalt, men omst\u00e4llningen <\/span><span data-contrast=\"none\">har&nbsp;<\/span><span data-contrast=\"none\">gjort att vi blivit mycket mer effektiva. Sen \u00e4r jag en person som alltid kommer v\u00e4lja<\/span><span data-contrast=\"none\">&nbsp;det personliga m\u00f6tet<\/span><span data-contrast=\"none\">&nbsp;f\u00f6re det digitala, men&nbsp;<\/span><span data-contrast=\"none\">jag tror att det<\/span><span data-contrast=\"none\">&nbsp;digitala&nbsp;<\/span><span data-contrast=\"none\">arbetss\u00e4ttet&nbsp;<\/span><span data-contrast=\"none\">\u00e4r h\u00e4r f\u00f6r att stanna<\/span><span data-contrast=\"none\">.<\/span><span data-ccp-props=\"{&quot;134233279&quot;:true,&quot;201341983&quot;:0,&quot;335559739&quot;:100,&quot;335559740&quot;:276}\">&nbsp;<\/span><\/p>\n\n\n\n<p><span data-contrast=\"none\">\u00c4ven konsulterna har uppskattat<\/span><span data-contrast=\"none\">&nbsp;<\/span><span data-contrast=\"none\">Wikans<\/span><span data-contrast=\"none\">&nbsp;anstr\u00e4ngninga<\/span><span data-contrast=\"none\">r<\/span><span data-contrast=\"none\">&nbsp;att anpassa&nbsp;<\/span><span data-contrast=\"none\">arbetet och att forts\u00e4tta fokusera p\u00e5 att ha samma n\u00e4rvar<\/span><span data-contrast=\"none\">o. \u00c4<\/span><span data-contrast=\"none\">ven om den <\/span><span data-contrast=\"none\">i h\u00f6gre utstr\u00e4ckning blivit digital,&nbsp;<\/span><span data-contrast=\"none\">menar<\/span><span data-contrast=\"none\">&nbsp;Wilma.&nbsp;<\/span><span data-ccp-props=\"{&quot;201341983&quot;:0,&quot;335559739&quot;:100,&quot;335559740&quot;:276}\">&nbsp;<\/span><\/p>\n\n\n\n<p><span data-contrast=\"none\">&#8211; Jag k\u00e4nner mig stolt \u00f6ver att vi lyckats\u00a0s\u00e5 bra\u00a0trots p\u00e5g\u00e5ende pandemi.\u00a0\u00a0\u00a0<\/span><\/p>\n\n\n\n<figure class=\"wp-block-table\"><table class=\"has-secondary-background-color has-background\"><tbody><tr><td><strong>Faktaruta<\/strong><br><strong>F\u00f6retagsnamn<\/strong>:\u202fWikan Personal.<br><strong>Verksamhet<\/strong>: Bemannings- och rekryteringsf\u00f6retag.<br><strong>Vanligaste tj\u00e4nsterna<\/strong>: Tj\u00e4nster som kr\u00e4ver specialkompetens.\u202f<br><strong>N\u00e4rvaro<\/strong>:\u202f P\u00e5 16 orter i runt om landet.<br><strong>Antal anst\u00e4llda<\/strong>:\u00a0700.<br><strong>Webbplats<\/strong>: <a href=\"https:\/\/wikan.se\/\" target=\"_blank\" rel=\"noreferrer noopener\">Wikan Personal<\/a>. <\/td><\/tr><\/tbody><\/table><\/figure>\n","protected":false},"excerpt":{"rendered":"<p>N\u00e4r&nbsp;samh\u00e4llskritisk verksamhet inom&nbsp;Skellefte\u00e5 Kraft&nbsp;begr\u00e4nsades&nbsp;till att bara till\u00e5ta aff\u00e4rskritiska m\u00f6ten i samband med coronakrisen st\u00e4lldes&nbsp;Wikan&nbsp;Personal&nbsp;inf\u00f6r nya utmaningar,&nbsp;d\u00e5 de var vana&nbsp;att bes\u00f6ka kund och konsulter regelbundet.&nbsp;&nbsp; Med ett digitalt skutt s\u00e4krade de st\u00f6ttningen av b\u00e5de kund och &hellip;<\/p>\n","protected":false},"author":6058,"featured_media":5521,"comment_status":"closed","ping_status":"closed","sticky":false,"template":"","format":"standard","meta":{"_acf_changed":false,"footnotes":""},"categories":[185,204,1],"tags":[],"article_type":[8],"agreement":[],"for-members":[],"class_list":["post-6009","post","type-post","status-publish","format-standard","has-post-thumbnail","hentry","category-corona","category-konsult","category-okategoriserade","type-aktuellt"],"acf":[],"yoast_head":"<!-- This site is optimized with the Yoast SEO Premium plugin v26.8 (Yoast SEO v26.8) - https:\/\/yoast.com\/product\/yoast-seo-premium-wordpress\/ -->\n<title>Digitalt skutt s\u00e4krade st\u00f6ttning av samh\u00e4llskritisk verksamhet<\/title>\n<meta name=\"description\" content=\"N\u00e4r kritisk verksamhet inom\u00a0Skellefte\u00e5 Kraft\u00a0begr\u00e4nsades gjorde Wikan ett digitalt skutt och s\u00e4krade st\u00f6ttning till b\u00e5de kund och konsulter.\" \/>\n<meta name=\"robots\" content=\"index, follow, max-snippet:-1, max-image-preview:large, max-video-preview:-1\" \/>\n<link rel=\"canonical\" href=\"https:\/\/www.kompetensforetagen.se\/2021\/03\/digitalt-skutt-sakrade-stottning-av-samhallskritisk-verksamhet\/\" \/>\n<meta property=\"og:locale\" content=\"sv_SE\" \/>\n<meta property=\"og:type\" content=\"article\" \/>\n<meta property=\"og:title\" content=\"Digitalt skutt s\u00e4krade st\u00f6ttning av samh\u00e4llskritisk verksamhet\" \/>\n<meta property=\"og:description\" content=\"N\u00e4r kritisk verksamhet inom\u00a0Skellefte\u00e5 Kraft\u00a0begr\u00e4nsades gjorde Wikan ett digitalt skutt och s\u00e4krade st\u00f6ttning till b\u00e5de kund och konsulter.\" \/>\n<meta property=\"og:url\" content=\"https:\/\/www.kompetensforetagen.se\/2021\/03\/digitalt-skutt-sakrade-stottning-av-samhallskritisk-verksamhet\/\" \/>\n<meta property=\"og:site_name\" content=\"Kompetensf\u00f6retagen\" \/>\n<meta property=\"article:published_time\" content=\"2021-03-30T07:55:22+00:00\" \/>\n<meta property=\"article:modified_time\" content=\"2023-07-12T08:52:39+00:00\" \/>\n<meta property=\"og:image\" content=\"https:\/\/www.kompetensforetagen.se\/app\/uploads\/sites\/5\/2020\/11\/wikan-wilma-nyman-e1611222688820.jpeg\" \/>\n\t<meta property=\"og:image:width\" content=\"1367\" \/>\n\t<meta property=\"og:image:height\" content=\"1285\" \/>\n\t<meta property=\"og:image:type\" content=\"image\/jpeg\" \/>\n<meta name=\"author\" content=\"Shashika Sellgren\" \/>\n<meta name=\"twitter:card\" content=\"summary_large_image\" \/>\n<meta name=\"twitter:label1\" content=\"Skriven av\" \/>\n\t<meta name=\"twitter:data1\" content=\"Shashika Sellgren\" \/>\n\t<meta name=\"twitter:label2\" content=\"Ber\u00e4knad l\u00e4stid\" \/>\n\t<meta name=\"twitter:data2\" content=\"2 minuter\" \/>\n<!-- \/ Yoast SEO Premium plugin. -->","yoast_head_json":{"title":"Digitalt skutt s\u00e4krade st\u00f6ttning av samh\u00e4llskritisk verksamhet","description":"N\u00e4r kritisk verksamhet inom\u00a0Skellefte\u00e5 Kraft\u00a0begr\u00e4nsades gjorde Wikan ett digitalt skutt och s\u00e4krade st\u00f6ttning till b\u00e5de kund och konsulter.","robots":{"index":"index","follow":"follow","max-snippet":"max-snippet:-1","max-image-preview":"max-image-preview:large","max-video-preview":"max-video-preview:-1"},"canonical":"https:\/\/www.kompetensforetagen.se\/2021\/03\/digitalt-skutt-sakrade-stottning-av-samhallskritisk-verksamhet\/","og_locale":"sv_SE","og_type":"article","og_title":"Digitalt skutt s\u00e4krade st\u00f6ttning av samh\u00e4llskritisk verksamhet","og_description":"N\u00e4r kritisk verksamhet inom\u00a0Skellefte\u00e5 Kraft\u00a0begr\u00e4nsades gjorde Wikan ett digitalt skutt och s\u00e4krade st\u00f6ttning till b\u00e5de kund och konsulter.","og_url":"https:\/\/www.kompetensforetagen.se\/2021\/03\/digitalt-skutt-sakrade-stottning-av-samhallskritisk-verksamhet\/","og_site_name":"Kompetensf\u00f6retagen","article_published_time":"2021-03-30T07:55:22+00:00","article_modified_time":"2023-07-12T08:52:39+00:00","og_image":[{"width":1367,"height":1285,"url":"https:\/\/www.kompetensforetagen.se\/app\/uploads\/sites\/5\/2020\/11\/wikan-wilma-nyman-e1611222688820.jpeg","type":"image\/jpeg"}],"author":"Shashika Sellgren","twitter_card":"summary_large_image","twitter_misc":{"Skriven av":"Shashika Sellgren","Ber\u00e4knad l\u00e4stid":"2 minuter"},"schema":{"@context":"https:\/\/schema.org","@graph":[{"@type":"Article","@id":"https:\/\/www.kompetensforetagen.se\/2021\/03\/digitalt-skutt-sakrade-stottning-av-samhallskritisk-verksamhet\/#article","isPartOf":{"@id":"https:\/\/www.kompetensforetagen.se\/2021\/03\/digitalt-skutt-sakrade-stottning-av-samhallskritisk-verksamhet\/"},"author":{"name":"Shashika Sellgren","@id":"https:\/\/www.kompetensforetagen.se\/#\/schema\/person\/38c6b37b81c530c93246c3d1993d5662"},"headline":"Digitalt skutt s\u00e4krade st\u00f6ttning av samh\u00e4llskritisk verksamhet","datePublished":"2021-03-30T07:55:22+00:00","dateModified":"2023-07-12T08:52:39+00:00","mainEntityOfPage":{"@id":"https:\/\/www.kompetensforetagen.se\/2021\/03\/digitalt-skutt-sakrade-stottning-av-samhallskritisk-verksamhet\/"},"wordCount":536,"publisher":{"@id":"https:\/\/www.kompetensforetagen.se\/#organization"},"image":{"@id":"https:\/\/www.kompetensforetagen.se\/2021\/03\/digitalt-skutt-sakrade-stottning-av-samhallskritisk-verksamhet\/#primaryimage"},"thumbnailUrl":"https:\/\/www.kompetensforetagen.se\/app\/uploads\/sites\/5\/2020\/11\/wikan-wilma-nyman-e1611222688820.jpeg","articleSection":["Corona","Konsult"],"inLanguage":"sv-SE"},{"@type":"WebPage","@id":"https:\/\/www.kompetensforetagen.se\/2021\/03\/digitalt-skutt-sakrade-stottning-av-samhallskritisk-verksamhet\/","url":"https:\/\/www.kompetensforetagen.se\/2021\/03\/digitalt-skutt-sakrade-stottning-av-samhallskritisk-verksamhet\/","name":"Digitalt skutt s\u00e4krade st\u00f6ttning av samh\u00e4llskritisk verksamhet","isPartOf":{"@id":"https:\/\/www.kompetensforetagen.se\/#website"},"primaryImageOfPage":{"@id":"https:\/\/www.kompetensforetagen.se\/2021\/03\/digitalt-skutt-sakrade-stottning-av-samhallskritisk-verksamhet\/#primaryimage"},"image":{"@id":"https:\/\/www.kompetensforetagen.se\/2021\/03\/digitalt-skutt-sakrade-stottning-av-samhallskritisk-verksamhet\/#primaryimage"},"thumbnailUrl":"https:\/\/www.kompetensforetagen.se\/app\/uploads\/sites\/5\/2020\/11\/wikan-wilma-nyman-e1611222688820.jpeg","datePublished":"2021-03-30T07:55:22+00:00","dateModified":"2023-07-12T08:52:39+00:00","description":"N\u00e4r kritisk verksamhet inom\u00a0Skellefte\u00e5 Kraft\u00a0begr\u00e4nsades gjorde Wikan ett digitalt skutt och s\u00e4krade st\u00f6ttning till b\u00e5de kund och konsulter.","breadcrumb":{"@id":"https:\/\/www.kompetensforetagen.se\/2021\/03\/digitalt-skutt-sakrade-stottning-av-samhallskritisk-verksamhet\/#breadcrumb"},"inLanguage":"sv-SE","potentialAction":[{"@type":"ReadAction","target":["https:\/\/www.kompetensforetagen.se\/2021\/03\/digitalt-skutt-sakrade-stottning-av-samhallskritisk-verksamhet\/"]}]},{"@type":"ImageObject","inLanguage":"sv-SE","@id":"https:\/\/www.kompetensforetagen.se\/2021\/03\/digitalt-skutt-sakrade-stottning-av-samhallskritisk-verksamhet\/#primaryimage","url":"https:\/\/www.kompetensforetagen.se\/app\/uploads\/sites\/5\/2020\/11\/wikan-wilma-nyman-e1611222688820.jpeg","contentUrl":"https:\/\/www.kompetensforetagen.se\/app\/uploads\/sites\/5\/2020\/11\/wikan-wilma-nyman-e1611222688820.jpeg","width":1367,"height":1285,"caption":"Wilma Nyman fr\u00e5n Wikan Personal."},{"@type":"BreadcrumbList","@id":"https:\/\/www.kompetensforetagen.se\/2021\/03\/digitalt-skutt-sakrade-stottning-av-samhallskritisk-verksamhet\/#breadcrumb","itemListElement":[{"@type":"ListItem","position":1,"name":"Home","item":"https:\/\/www.kompetensforetagen.se\/"},{"@type":"ListItem","position":2,"name":"Digitalt skutt s\u00e4krade st\u00f6ttning av samh\u00e4llskritisk verksamhet"}]},{"@type":"WebSite","@id":"https:\/\/www.kompetensforetagen.se\/#website","url":"https:\/\/www.kompetensforetagen.se\/","name":"Kompetensf\u00f6retagen","description":"R\u00e4tt person p\u00e5 r\u00e4tt plats kan f\u00f6r\u00e4ndra v\u00e4rlden","publisher":{"@id":"https:\/\/www.kompetensforetagen.se\/#organization"},"potentialAction":[{"@type":"SearchAction","target":{"@type":"EntryPoint","urlTemplate":"https:\/\/www.kompetensforetagen.se\/?s={search_term_string}"},"query-input":{"@type":"PropertyValueSpecification","valueRequired":true,"valueName":"search_term_string"}}],"inLanguage":"sv-SE"},{"@type":"Organization","@id":"https:\/\/www.kompetensforetagen.se\/#organization","name":"Kompetensf\u00f6retagen","url":"https:\/\/www.kompetensforetagen.se\/","logo":{"@type":"ImageObject","inLanguage":"sv-SE","@id":"https:\/\/www.kompetensforetagen.se\/#\/schema\/logo\/image\/","url":"https:\/\/www.kompetensforetagen.se\/app\/uploads\/sites\/5\/2022\/10\/logga_svart.png","contentUrl":"https:\/\/www.kompetensforetagen.se\/app\/uploads\/sites\/5\/2022\/10\/logga_svart.png","width":752,"height":64,"caption":"Kompetensf\u00f6retagen"},"image":{"@id":"https:\/\/www.kompetensforetagen.se\/#\/schema\/logo\/image\/"},"sameAs":["https:\/\/www.linkedin.com\/company\/10540032\/"]},{"@type":"Person","@id":"https:\/\/www.kompetensforetagen.se\/#\/schema\/person\/38c6b37b81c530c93246c3d1993d5662","name":"Shashika Sellgren","image":{"@type":"ImageObject","inLanguage":"sv-SE","@id":"https:\/\/www.kompetensforetagen.se\/#\/schema\/person\/image\/","url":"https:\/\/secure.gravatar.com\/avatar\/b225c479880df9eb82d1501dd105dd8040f27c8563f3d4bf5dd62ce0a1630abd?s=96&d=mm&r=g","contentUrl":"https:\/\/secure.gravatar.com\/avatar\/b225c479880df9eb82d1501dd105dd8040f27c8563f3d4bf5dd62ce0a1630abd?s=96&d=mm&r=g","caption":"Shashika Sellgren"},"url":"https:\/\/www.kompetensforetagen.se\/person\/shashikasellgren\/"}]}},"_links":{"self":[{"href":"https:\/\/www.kompetensforetagen.se\/api\/wp\/v2\/posts\/6009","targetHints":{"allow":["GET"]}}],"collection":[{"href":"https:\/\/www.kompetensforetagen.se\/api\/wp\/v2\/posts"}],"about":[{"href":"https:\/\/www.kompetensforetagen.se\/api\/wp\/v2\/types\/post"}],"author":[{"embeddable":true,"href":"https:\/\/www.kompetensforetagen.se\/api\/wp\/v2\/users\/6058"}],"replies":[{"embeddable":true,"href":"https:\/\/www.kompetensforetagen.se\/api\/wp\/v2\/comments?post=6009"}],"version-history":[{"count":2,"href":"https:\/\/www.kompetensforetagen.se\/api\/wp\/v2\/posts\/6009\/revisions"}],"predecessor-version":[{"id":14509,"href":"https:\/\/www.kompetensforetagen.se\/api\/wp\/v2\/posts\/6009\/revisions\/14509"}],"wp:featuredmedia":[{"embeddable":true,"href":"https:\/\/www.kompetensforetagen.se\/api\/wp\/v2\/media\/5521"}],"wp:attachment":[{"href":"https:\/\/www.kompetensforetagen.se\/api\/wp\/v2\/media?parent=6009"}],"wp:term":[{"taxonomy":"category","embeddable":true,"href":"https:\/\/www.kompetensforetagen.se\/api\/wp\/v2\/categories?post=6009"},{"taxonomy":"post_tag","embeddable":true,"href":"https:\/\/www.kompetensforetagen.se\/api\/wp\/v2\/tags?post=6009"},{"taxonomy":"type","embeddable":true,"href":"https:\/\/www.kompetensforetagen.se\/api\/wp\/v2\/article_type?post=6009"},{"taxonomy":"agreement","embeddable":true,"href":"https:\/\/www.kompetensforetagen.se\/api\/wp\/v2\/agreement?post=6009"},{"taxonomy":"for-members","embeddable":true,"href":"https:\/\/www.kompetensforetagen.se\/api\/wp\/v2\/for-members?post=6009"}],"curies":[{"name":"wp","href":"https:\/\/api.w.org\/{rel}","templated":true}]}}