{"id":6004,"date":"2021-01-21T09:43:55","date_gmt":"2021-01-21T08:43:55","guid":{"rendered":"https:\/\/www.kompetensforetagen.se\/?p=6004"},"modified":"2023-07-12T09:51:44","modified_gmt":"2023-07-12T07:51:44","slug":"snabb-volymrekrytering-for-tillverkning-av-skyddsklader-och-skyddsutrustning","status":"publish","type":"post","link":"https:\/\/www.kompetensforetagen.se\/2021\/01\/snabb-volymrekrytering-for-tillverkning-av-skyddsklader-och-skyddsutrustning\/","title":{"rendered":"Snabb volymrekrytering f\u00f6r tillverkning av skyddskl\u00e4der och skyddsutrustning"},"content":{"rendered":"\n<p>Den akuta bristen p\u00e5 skyddskl\u00e4der och skyddsutrustning som uppstod i v\u00e5ras ledde till att industrikoncernen Trioplast st\u00e4llde om en del av sin verksamhet f\u00f6r att m\u00f6ta behoven. F\u00f6r att lyckas med detta beh\u00f6vde f\u00f6retaget g\u00f6ra en snabb volymrekrytering av nya medarbetare ber\u00e4ttar Sara H\u00f6glund som \u00e4r Talent Agent p\u00e5 Adecco.<\/p>\n\n\n\n<p><span data-contrast=\"none\">Det var m\u00e5nga som kontaktade plasttillverkaren Trioplast och undrade vad de kunde g\u00f6ra. Sjukdomsl\u00e4get och bristen p\u00e5 r\u00e4tt utrustning inom v\u00e5rden var akut p\u00e5 m\u00e5nga h\u00e5ll i landet. Det var d\u00e5 <a href=\"https:\/\/www.trioworld.com\/sv\/\" target=\"_blank\" rel=\"noopener noreferrer\">Trioplast<\/a> best\u00e4mde sig f\u00f6r att st\u00e4lla om f\u00f6r att kunna hj\u00e4lpa till. Sara ber\u00e4ttar:&nbsp;<\/span><span data-ccp-props=\"{&quot;201341983&quot;:0,&quot;335559739&quot;:160,&quot;335559740&quot;:259}\">&nbsp;<\/span><\/p>\n\n\n\n<p><span data-contrast=\"none\">&#8211; Trioplast \u00e4r proffs p\u00e5 att producera \u00e5tervunnen plast men hade inte haft tillverkning av skyddskl\u00e4der eller skyddsutrustning f\u00f6rut. Tack vare deras engagerade medarbetare och ett tv\u00e4rfunktionellt arbetss\u00e4tt lyckades de s\u00e4tta upp en produktion av skyddskl\u00e4der. <\/span><\/p>\n\n\n\n<h3 class=\"wp-block-heading\"><span data-contrast=\"none\">Snabb volymrekrytering f\u00f6r tillverkning av skyddskl\u00e4der och skyddsutrustning<\/span><\/h3>\n\n\n\n<p><span data-contrast=\"none\">F\u00f6r att klara av en s\u00e5 omfattande produktion beh\u00f6vde de g\u00f6ra en volymrekrytering och h\u00e4r kom <a href=\"https:\/\/www.adecco.se\/?gclid=Cj0KCQiA34OBBhCcARIsAG32uvNsfW3pgO8F94vPPz6Wu0PutPJEHmy3k5KfA5NL6e944zhKvzy-WE8aApzWEALw_wcB\" target=\"_blank\" rel=\"noopener noreferrer\">Adecco<\/a> och Sara in i bilden. Hr-chefen Erika Franzen p\u00e5 Trioplast var den som var ansvarig f\u00f6r att hitta medarbetare till den nya satsningen. Hon tog fram en tydlig kravprofil och sedan gick hela processen v\u00e4ldigt snabbt, ber\u00e4ttar Sara.&nbsp;<\/span><span data-ccp-props=\"{&quot;201341983&quot;:0,&quot;335559739&quot;:160,&quot;335559740&quot;:259}\">&nbsp;<\/span><\/p>\n\n\n\n<p><span data-contrast=\"none\">&#8211; Bara efter ett par dagar fick vi st\u00e4nga ner annonsen d\u00e5 det kommit in s\u00e5 m\u00e5nga kvalificerade ans\u00f6kningar. <\/span><span data-ccp-props=\"{&quot;134233279&quot;:true,&quot;201341983&quot;:0,&quot;335559739&quot;:160,&quot;335559740&quot;:259}\">&nbsp;<\/span><\/p>\n\n\n\n<p><span data-contrast=\"none\">I ett f\u00f6rsta skede beh\u00f6vde Trioplast 20 medarbetare. Efter annonsen st\u00e4ngts ner gjorde Sara en gallring och sammanfattade profiler p\u00e5 32 kvalificerade kandidater. Under tv\u00e5 dagar hade Trioplast ett tight schema d\u00e5 de intervjuade 16 kandidater om dagen.<\/span><span data-ccp-props=\"{&quot;201341983&quot;:0,&quot;335559739&quot;:160,&quot;335559740&quot;:259}\">&nbsp;<\/span><\/p>\n\n\n\n<p><span data-contrast=\"none\">Det grundliga f\u00f6rarbetet gav snabbt resultat och efter tv\u00e5 intensiva dagar av intervjuer s\u00e5 visste Trioplast de vilka de ville anst\u00e4lla. P\u00e5 endast tv\u00e5 veckor hade Adecco 25 nya medarbetare p\u00e5 plats vilket Trioplast beskrivit som fantastiskt. Det blev ett lyckat samarbete som resulterade i att industrikoncernen kunde st\u00e4lla om och bidra med viktig skyddsutrustning till v\u00e5rden under pandemin, avslutar Sara.<\/span><span data-ccp-props=\"{&quot;201341983&quot;:0,&quot;335559739&quot;:160,&quot;335559740&quot;:259}\">&nbsp;<\/span><\/p>\n\n\n\n<figure class=\"wp-block-table\"><table class=\"has-secondary-background-color has-background\"><tbody><tr><td><strong>Faktaruta<\/strong>\u00a0 <br><strong>F\u00f6retag<\/strong>: Adecco<br><strong>Verksamhet:<\/strong> Rekrytering- och bemanningsf\u00f6retag.\u00a0\u00a0<br><strong>Vanligaste tj\u00e4nsterna:<\/strong> Bemanning, rekrytering,\u00a0interiml\u00f6sningar\u00a0&amp; outsourcing.\u00a0<br><strong>N\u00e4rvaro:<\/strong> Hela Sverige.\u00a0\u00a0\u00a0<br><strong>Antal anst\u00e4llda:<\/strong> Adecco Sverige \u00e4r en del av det multinationella f\u00f6retaget Adecco Group med 32 000 anst\u00e4llda p\u00e5 5 100 kontor, i fler \u00e4n 60 l\u00e4nder v\u00e4rlden \u00f6ver.\u00a0<br><strong>Vision:<\/strong> V\u00e5r vision \u00e4r att vara kundens och medarbetarens sj\u00e4lvklara val.\u00a0<br><strong>Webbplats<\/strong>: <a href=\"https:\/\/www.adecco.se\/om-adecco\/\" target=\"_blank\" rel=\"noreferrer noopener\">Adecco<\/a><\/td><\/tr><\/tbody><\/table><\/figure>\n","protected":false},"excerpt":{"rendered":"<p>Den akuta bristen p\u00e5 skyddskl\u00e4der och skyddsutrustning som uppstod i v\u00e5ras ledde till att industrikoncernen Trioplast st\u00e4llde om en del av sin verksamhet f\u00f6r att m\u00f6ta behoven. F\u00f6r att lyckas med detta beh\u00f6vde f\u00f6retaget g\u00f6ra &hellip;<\/p>\n","protected":false},"author":6058,"featured_media":6005,"comment_status":"closed","ping_status":"closed","sticky":false,"template":"","format":"standard","meta":{"_acf_changed":false,"footnotes":""},"categories":[185,204,1,22],"tags":[],"article_type":[],"agreement":[],"for-members":[],"class_list":["post-6004","post","type-post","status-publish","format-standard","has-post-thumbnail","hentry","category-corona","category-konsult","category-okategoriserade","category-rekrytering"],"acf":[],"yoast_head":"<!-- This site is optimized with the Yoast SEO Premium plugin v26.8 (Yoast SEO v26.8) - https:\/\/yoast.com\/product\/yoast-seo-premium-wordpress\/ -->\n<title>Volymrekrytering f\u00f6r tillverkning av skyddskl\u00e4der och skyddsutrustning<\/title>\n<meta name=\"description\" content=\"Adecco gjorde snabb volymrekrytering av medarbetare f\u00f6r att st\u00f6tta en kund i tillverkning av skyddskl\u00e4der och skyddsutrustning.\" \/>\n<meta name=\"robots\" content=\"index, follow, max-snippet:-1, max-image-preview:large, max-video-preview:-1\" \/>\n<link rel=\"canonical\" href=\"https:\/\/www.kompetensforetagen.se\/2021\/01\/snabb-volymrekrytering-for-tillverkning-av-skyddsklader-och-skyddsutrustning\/\" \/>\n<meta property=\"og:locale\" content=\"sv_SE\" \/>\n<meta property=\"og:type\" content=\"article\" \/>\n<meta property=\"og:title\" content=\"Snabb volymrekrytering f\u00f6r tillverkning av skyddskl\u00e4der och skyddsutrustning\" \/>\n<meta property=\"og:description\" content=\"Adecco gjorde snabb volymrekrytering av medarbetare f\u00f6r att st\u00f6tta en kund i tillverkning av skyddskl\u00e4der och skyddsutrustning.\" \/>\n<meta property=\"og:url\" content=\"https:\/\/www.kompetensforetagen.se\/2021\/01\/snabb-volymrekrytering-for-tillverkning-av-skyddsklader-och-skyddsutrustning\/\" \/>\n<meta property=\"og:site_name\" content=\"Kompetensf\u00f6retagen\" \/>\n<meta property=\"article:published_time\" content=\"2021-01-21T08:43:55+00:00\" \/>\n<meta property=\"article:modified_time\" content=\"2023-07-12T07:51:44+00:00\" \/>\n<meta property=\"og:image\" content=\"https:\/\/www.kompetensforetagen.se\/app\/uploads\/sites\/5\/2021\/01\/adecco-sara-e1611222480993.png\" \/>\n\t<meta property=\"og:image:width\" content=\"404\" \/>\n\t<meta property=\"og:image:height\" content=\"379\" \/>\n\t<meta property=\"og:image:type\" content=\"image\/png\" \/>\n<meta name=\"author\" content=\"Shashika Sellgren\" \/>\n<meta name=\"twitter:card\" content=\"summary_large_image\" \/>\n<meta name=\"twitter:label1\" content=\"Skriven av\" \/>\n\t<meta name=\"twitter:data1\" content=\"Shashika Sellgren\" \/>\n\t<meta name=\"twitter:label2\" content=\"Ber\u00e4knad l\u00e4stid\" \/>\n\t<meta name=\"twitter:data2\" content=\"2 minuter\" \/>\n<!-- \/ Yoast SEO Premium plugin. -->","yoast_head_json":{"title":"Volymrekrytering f\u00f6r tillverkning av skyddskl\u00e4der och skyddsutrustning","description":"Adecco gjorde snabb volymrekrytering av medarbetare f\u00f6r att st\u00f6tta en kund i tillverkning av skyddskl\u00e4der och skyddsutrustning.","robots":{"index":"index","follow":"follow","max-snippet":"max-snippet:-1","max-image-preview":"max-image-preview:large","max-video-preview":"max-video-preview:-1"},"canonical":"https:\/\/www.kompetensforetagen.se\/2021\/01\/snabb-volymrekrytering-for-tillverkning-av-skyddsklader-och-skyddsutrustning\/","og_locale":"sv_SE","og_type":"article","og_title":"Snabb volymrekrytering f\u00f6r tillverkning av skyddskl\u00e4der och skyddsutrustning","og_description":"Adecco gjorde snabb volymrekrytering av medarbetare f\u00f6r att st\u00f6tta en kund i tillverkning av skyddskl\u00e4der och skyddsutrustning.","og_url":"https:\/\/www.kompetensforetagen.se\/2021\/01\/snabb-volymrekrytering-for-tillverkning-av-skyddsklader-och-skyddsutrustning\/","og_site_name":"Kompetensf\u00f6retagen","article_published_time":"2021-01-21T08:43:55+00:00","article_modified_time":"2023-07-12T07:51:44+00:00","og_image":[{"width":404,"height":379,"url":"https:\/\/www.kompetensforetagen.se\/app\/uploads\/sites\/5\/2021\/01\/adecco-sara-e1611222480993.png","type":"image\/png"}],"author":"Shashika Sellgren","twitter_card":"summary_large_image","twitter_misc":{"Skriven av":"Shashika Sellgren","Ber\u00e4knad l\u00e4stid":"2 minuter"},"schema":{"@context":"https:\/\/schema.org","@graph":[{"@type":"Article","@id":"https:\/\/www.kompetensforetagen.se\/2021\/01\/snabb-volymrekrytering-for-tillverkning-av-skyddsklader-och-skyddsutrustning\/#article","isPartOf":{"@id":"https:\/\/www.kompetensforetagen.se\/2021\/01\/snabb-volymrekrytering-for-tillverkning-av-skyddsklader-och-skyddsutrustning\/"},"author":{"name":"Shashika Sellgren","@id":"https:\/\/www.kompetensforetagen.se\/#\/schema\/person\/38c6b37b81c530c93246c3d1993d5662"},"headline":"Snabb volymrekrytering f\u00f6r tillverkning av skyddskl\u00e4der och skyddsutrustning","datePublished":"2021-01-21T08:43:55+00:00","dateModified":"2023-07-12T07:51:44+00:00","mainEntityOfPage":{"@id":"https:\/\/www.kompetensforetagen.se\/2021\/01\/snabb-volymrekrytering-for-tillverkning-av-skyddsklader-och-skyddsutrustning\/"},"wordCount":439,"publisher":{"@id":"https:\/\/www.kompetensforetagen.se\/#organization"},"image":{"@id":"https:\/\/www.kompetensforetagen.se\/2021\/01\/snabb-volymrekrytering-for-tillverkning-av-skyddsklader-och-skyddsutrustning\/#primaryimage"},"thumbnailUrl":"https:\/\/www.kompetensforetagen.se\/app\/uploads\/sites\/5\/2021\/01\/adecco-sara-e1611222480993.png","articleSection":{"0":"Corona","1":"Konsult","3":"Rekrytering"},"inLanguage":"sv-SE"},{"@type":"WebPage","@id":"https:\/\/www.kompetensforetagen.se\/2021\/01\/snabb-volymrekrytering-for-tillverkning-av-skyddsklader-och-skyddsutrustning\/","url":"https:\/\/www.kompetensforetagen.se\/2021\/01\/snabb-volymrekrytering-for-tillverkning-av-skyddsklader-och-skyddsutrustning\/","name":"Volymrekrytering f\u00f6r tillverkning av skyddskl\u00e4der och skyddsutrustning","isPartOf":{"@id":"https:\/\/www.kompetensforetagen.se\/#website"},"primaryImageOfPage":{"@id":"https:\/\/www.kompetensforetagen.se\/2021\/01\/snabb-volymrekrytering-for-tillverkning-av-skyddsklader-och-skyddsutrustning\/#primaryimage"},"image":{"@id":"https:\/\/www.kompetensforetagen.se\/2021\/01\/snabb-volymrekrytering-for-tillverkning-av-skyddsklader-och-skyddsutrustning\/#primaryimage"},"thumbnailUrl":"https:\/\/www.kompetensforetagen.se\/app\/uploads\/sites\/5\/2021\/01\/adecco-sara-e1611222480993.png","datePublished":"2021-01-21T08:43:55+00:00","dateModified":"2023-07-12T07:51:44+00:00","description":"Adecco gjorde snabb volymrekrytering av medarbetare f\u00f6r att st\u00f6tta en kund i tillverkning av skyddskl\u00e4der och skyddsutrustning.","breadcrumb":{"@id":"https:\/\/www.kompetensforetagen.se\/2021\/01\/snabb-volymrekrytering-for-tillverkning-av-skyddsklader-och-skyddsutrustning\/#breadcrumb"},"inLanguage":"sv-SE","potentialAction":[{"@type":"ReadAction","target":["https:\/\/www.kompetensforetagen.se\/2021\/01\/snabb-volymrekrytering-for-tillverkning-av-skyddsklader-och-skyddsutrustning\/"]}]},{"@type":"ImageObject","inLanguage":"sv-SE","@id":"https:\/\/www.kompetensforetagen.se\/2021\/01\/snabb-volymrekrytering-for-tillverkning-av-skyddsklader-och-skyddsutrustning\/#primaryimage","url":"https:\/\/www.kompetensforetagen.se\/app\/uploads\/sites\/5\/2021\/01\/adecco-sara-e1611222480993.png","contentUrl":"https:\/\/www.kompetensforetagen.se\/app\/uploads\/sites\/5\/2021\/01\/adecco-sara-e1611222480993.png","width":404,"height":379,"caption":"Sara, representant f\u00f6r Adecco \u2013 ett auktoriserat bemanningsf\u00f6retag."},{"@type":"BreadcrumbList","@id":"https:\/\/www.kompetensforetagen.se\/2021\/01\/snabb-volymrekrytering-for-tillverkning-av-skyddsklader-och-skyddsutrustning\/#breadcrumb","itemListElement":[{"@type":"ListItem","position":1,"name":"Home","item":"https:\/\/www.kompetensforetagen.se\/"},{"@type":"ListItem","position":2,"name":"Snabb volymrekrytering f\u00f6r tillverkning av skyddskl\u00e4der och skyddsutrustning"}]},{"@type":"WebSite","@id":"https:\/\/www.kompetensforetagen.se\/#website","url":"https:\/\/www.kompetensforetagen.se\/","name":"Kompetensf\u00f6retagen","description":"R\u00e4tt person p\u00e5 r\u00e4tt plats kan f\u00f6r\u00e4ndra v\u00e4rlden","publisher":{"@id":"https:\/\/www.kompetensforetagen.se\/#organization"},"potentialAction":[{"@type":"SearchAction","target":{"@type":"EntryPoint","urlTemplate":"https:\/\/www.kompetensforetagen.se\/?s={search_term_string}"},"query-input":{"@type":"PropertyValueSpecification","valueRequired":true,"valueName":"search_term_string"}}],"inLanguage":"sv-SE"},{"@type":"Organization","@id":"https:\/\/www.kompetensforetagen.se\/#organization","name":"Kompetensf\u00f6retagen","url":"https:\/\/www.kompetensforetagen.se\/","logo":{"@type":"ImageObject","inLanguage":"sv-SE","@id":"https:\/\/www.kompetensforetagen.se\/#\/schema\/logo\/image\/","url":"https:\/\/www.kompetensforetagen.se\/app\/uploads\/sites\/5\/2022\/10\/logga_svart.png","contentUrl":"https:\/\/www.kompetensforetagen.se\/app\/uploads\/sites\/5\/2022\/10\/logga_svart.png","width":752,"height":64,"caption":"Kompetensf\u00f6retagen"},"image":{"@id":"https:\/\/www.kompetensforetagen.se\/#\/schema\/logo\/image\/"},"sameAs":["https:\/\/www.linkedin.com\/company\/10540032\/"]},{"@type":"Person","@id":"https:\/\/www.kompetensforetagen.se\/#\/schema\/person\/38c6b37b81c530c93246c3d1993d5662","name":"Shashika Sellgren","image":{"@type":"ImageObject","inLanguage":"sv-SE","@id":"https:\/\/www.kompetensforetagen.se\/#\/schema\/person\/image\/","url":"https:\/\/secure.gravatar.com\/avatar\/b225c479880df9eb82d1501dd105dd8040f27c8563f3d4bf5dd62ce0a1630abd?s=96&d=mm&r=g","contentUrl":"https:\/\/secure.gravatar.com\/avatar\/b225c479880df9eb82d1501dd105dd8040f27c8563f3d4bf5dd62ce0a1630abd?s=96&d=mm&r=g","caption":"Shashika Sellgren"},"url":"https:\/\/www.kompetensforetagen.se\/person\/shashikasellgren\/"}]}},"_links":{"self":[{"href":"https:\/\/www.kompetensforetagen.se\/api\/wp\/v2\/posts\/6004","targetHints":{"allow":["GET"]}}],"collection":[{"href":"https:\/\/www.kompetensforetagen.se\/api\/wp\/v2\/posts"}],"about":[{"href":"https:\/\/www.kompetensforetagen.se\/api\/wp\/v2\/types\/post"}],"author":[{"embeddable":true,"href":"https:\/\/www.kompetensforetagen.se\/api\/wp\/v2\/users\/6058"}],"replies":[{"embeddable":true,"href":"https:\/\/www.kompetensforetagen.se\/api\/wp\/v2\/comments?post=6004"}],"version-history":[{"count":2,"href":"https:\/\/www.kompetensforetagen.se\/api\/wp\/v2\/posts\/6004\/revisions"}],"predecessor-version":[{"id":14488,"href":"https:\/\/www.kompetensforetagen.se\/api\/wp\/v2\/posts\/6004\/revisions\/14488"}],"wp:featuredmedia":[{"embeddable":true,"href":"https:\/\/www.kompetensforetagen.se\/api\/wp\/v2\/media\/6005"}],"wp:attachment":[{"href":"https:\/\/www.kompetensforetagen.se\/api\/wp\/v2\/media?parent=6004"}],"wp:term":[{"taxonomy":"category","embeddable":true,"href":"https:\/\/www.kompetensforetagen.se\/api\/wp\/v2\/categories?post=6004"},{"taxonomy":"post_tag","embeddable":true,"href":"https:\/\/www.kompetensforetagen.se\/api\/wp\/v2\/tags?post=6004"},{"taxonomy":"type","embeddable":true,"href":"https:\/\/www.kompetensforetagen.se\/api\/wp\/v2\/article_type?post=6004"},{"taxonomy":"agreement","embeddable":true,"href":"https:\/\/www.kompetensforetagen.se\/api\/wp\/v2\/agreement?post=6004"},{"taxonomy":"for-members","embeddable":true,"href":"https:\/\/www.kompetensforetagen.se\/api\/wp\/v2\/for-members?post=6004"}],"curies":[{"name":"wp","href":"https:\/\/api.w.org\/{rel}","templated":true}]}}