{"id":5870,"date":"2021-01-13T13:00:12","date_gmt":"2021-01-13T12:00:12","guid":{"rendered":"https:\/\/www.kompetensforetagen.se\/?p=5870"},"modified":"2023-07-14T13:18:14","modified_gmt":"2023-07-14T11:18:14","slug":"arbetssokande-far-hjalp-over-digitala-trosklar","status":"publish","type":"post","link":"https:\/\/www.kompetensforetagen.se\/2021\/01\/arbetssokande-far-hjalp-over-digitala-trosklar\/","title":{"rendered":"Arbetss\u00f6kande f\u00e5r hj\u00e4lp \u00f6ver digitala tr\u00f6sklar"},"content":{"rendered":"\n<p>Hur s\u00f6ker man jobb under en pandemi n\u00e4r man inte har tillr\u00e4ckliga kunskaper om datorer och internet?&nbsp;I b\u00f6rjan av krisen&nbsp;s\u00e5g&nbsp;Nordisk Kompetens, som arbetar med <a href=\"https:\/\/www.kompetensforetagen.se\/stom-stod-och-matchning\/\" target=\"_blank\" rel=\"noopener noreferrer\">st\u00f6d och&nbsp;matchning<\/a>, ett snabbt v\u00e4xande behov av digital kompetens. Man valde d\u00e4rf\u00f6r att&nbsp;ge de arbetss\u00f6kande m\u00f6jlighet&nbsp;att l\u00e4ra sig. Lars&nbsp;Hallerskog&nbsp;\u00e4r ansvarig f\u00f6r digitaliseringsarbetet p\u00e5 Nordisk Kompetens och h\u00e5ller en kurs till hj\u00e4lp \u00f6ver digitala tr\u00f6sklar f\u00f6r de arbetss\u00f6kande som har minst datorvana.<\/p>\n\n\n\n<p><span data-contrast=\"none\">Nordisk Kompetens&nbsp;<\/span><span data-contrast=\"none\">s\u00e5g<\/span><span data-contrast=\"none\">&nbsp;<\/span><span data-contrast=\"none\">tidigt att det fanns ett stort kunskapsbehov, och f\u00f6r att underl\u00e4tta jobbs\u00f6kandet f\u00f6r <\/span><span data-contrast=\"none\">de arbetss\u00f6kande<\/span><span data-contrast=\"none\">&nbsp;<\/span><span data-contrast=\"none\">startade de d\u00e4rf\u00f6r digitala grupper<\/span><span data-contrast=\"none\">. Lars Hallerskog var sj\u00e4lv deltagare p\u00e5 en s\u00e5dan kurs.<\/span><span data-ccp-props=\"{&quot;201341983&quot;:0,&quot;335559739&quot;:100,&quot;335559740&quot;:276}\">&nbsp;<\/span><\/p>\n\n\n\n<p><span data-contrast=\"none\">&#8211; Jag ins\u00e5g under kursens g\u00e5ng att kunskapsniv\u00e5n bland deltagarna var v\u00e4ldigt oj\u00e4mn. Vissa hade till och med sv\u00e5rt att veta hur man s\u00e4tter p\u00e5 en dator. Jag f\u00f6reslog d\u00e4rf\u00f6r en kurs f\u00f6r de som saknar datorvana\u00a0och Nordisk Kompetens nappade direkt.\u00a0\u00a0<\/span><\/p>\n\n\n\n<blockquote class=\"wp-block-quote is-layout-flow wp-block-quote-is-layout-flow\">\n<p><span data-contrast=\"none\">Mitt m\u00e5l \u00e4r att de ska kunna fixa allt fr\u00e5n att s\u00e4tta ihop ett cv till att hitta jobb p\u00e5 n\u00e4tet och sen ocks\u00e5\u00a0s\u00f6ka jobben<\/span><\/p>\n<\/blockquote>\n\n\n\n<h3 class=\"wp-block-heading\"><span data-contrast=\"none\">Kursen erbjuds till alla<\/span><\/h3>\n\n\n\n<p><span data-contrast=\"none\">Nordisk kompetens <\/span><span data-contrast=\"none\">erbjuder<\/span><span data-contrast=\"none\">&nbsp;numera utbildningen till alla&nbsp;<\/span><span data-contrast=\"none\">arbetss\u00f6kande<\/span><span data-contrast=\"none\">. De f\u00e5r&nbsp;<\/span><span data-contrast=\"none\">bland annat l\u00e4ra<\/span><span data-contrast=\"none\">&nbsp;sig hur datorer, internet, mejl och Microsoft Word fungerar. Allt f\u00f6r att de ska f\u00e5 bli s\u00e5 anst\u00e4llningsbara som m\u00f6jligt.&nbsp;<\/span><span data-ccp-props=\"{&quot;201341983&quot;:0,&quot;335559739&quot;:100,&quot;335559740&quot;:276}\">&nbsp;<\/span><\/p>\n\n\n\n<p><span data-contrast=\"none\">&#8211; Deltagarna v\u00e4ljer sj\u00e4lva vad de tycker att de beh\u00f6ver och vi finns d\u00e4r f\u00f6r att ge dem r\u00e5d. Mitt m\u00e5l \u00e4r att de ska kunna fixa allt fr\u00e5n att s\u00e4tta ihop ett cv till att hitta jobb p\u00e5 n\u00e4tet och sen <\/span><span data-contrast=\"none\">ocks\u00e5&nbsp;<\/span><span data-contrast=\"none\">s\u00f6ka jobben.&nbsp;&nbsp;<\/span><span data-ccp-props=\"{&quot;134233279&quot;:true,&quot;201341983&quot;:0,&quot;335559739&quot;:100,&quot;335559740&quot;:276}\">&nbsp;<\/span><\/p>\n\n\n\n<p><span data-contrast=\"none\">Lars ber\u00e4ttar att det \u00e4r en stor utmaning att l\u00e4ra personer som aldrig anv\u00e4nt en dator att klara av att g\u00f6ra digitala ans\u00f6kningar sj\u00e4lva, men att det ocks\u00e5 \u00e4r oerh\u00f6rt givande att h\u00e5lla i kursen. Han&nbsp;<\/span><span data-contrast=\"none\">s\u00e4ger<\/span><span data-contrast=\"none\">&nbsp;att mycket handlar om att f\u00e5 deltagarna att k\u00e4nna sig bekv\u00e4ma och lita p\u00e5 sin egen f\u00f6rm\u00e5ga.<\/span><span data-ccp-props=\"{&quot;201341983&quot;:0,&quot;335559739&quot;:100,&quot;335559740&quot;:276}\">&nbsp;<\/span><\/p>\n\n\n\n<h3 class=\"wp-block-heading\">F\u00e5r hj\u00e4lp \u00f6ver digitala tr\u00f6sklar<\/h3>\n\n\n\n<p><span data-contrast=\"none\">&#8211; Det handlar till stor del om att hj\u00e4lpa dem \u00f6ver den digitala tr\u00f6skeln. Och det \u00e4r v\u00e4ldigt roligt att se n\u00e4r n\u00e5gon som f\u00f6rst kallat sig sj\u00e4lv datoranalfabet i slutet av kursen klarar av att l\u00f6sa sina digitala problem sj\u00e4lv. Jag \u00e4r verkligen imponerad av v\u00e5ra <\/span><span data-contrast=\"none\">arbetss\u00f6kande&nbsp;<\/span><span data-contrast=\"none\">som v\u00e5gar och kan. Det \u00e4r verkligen h\u00e4ftigt att se n\u00e4r m\u00e4nniskor v\u00e4xer.&nbsp;&nbsp;<\/span><span data-ccp-props=\"{&quot;134233279&quot;:true,&quot;201341983&quot;:0,&quot;335559739&quot;:100,&quot;335559740&quot;:276}\">&nbsp;<\/span><\/p>\n\n\n\n<p><span data-contrast=\"none\">P\u00e5 Nordisk Kompetens tror man att behovet kommer att finnas kvar \u00e4ven efter&nbsp;coronapandemin&nbsp;och man t\u00e4nker d\u00e4rf\u00f6r forts\u00e4tta med kurserna \u00e4ven n\u00e4r krisen \u00e4r \u00f6ver.&nbsp;<\/span><span data-ccp-props=\"{&quot;201341983&quot;:0,&quot;335559739&quot;:100,&quot;335559740&quot;:276}\">&nbsp;<\/span><\/p>\n\n\n\n<p><span data-contrast=\"none\">&#8211; Jag tror att det<\/span><span data-contrast=\"none\">&nbsp;h\u00e4r har kommit f\u00f6r att stanna<\/span><span data-contrast=\"none\">, p<\/span><span data-contrast=\"none\">\u00e5 gott och&nbsp;<\/span><span data-contrast=\"none\">p\u00e5&nbsp;<\/span><span data-contrast=\"none\">ont.&nbsp;<\/span><span data-contrast=\"none\">Alla m\u00e5ste idag ha grundl\u00e4ggande koll p\u00e5&nbsp;<\/span><span data-contrast=\"none\">grundl\u00e4ggande<\/span><span data-contrast=\"none\">&nbsp;digitala verktyg f\u00f6r att g\u00f6ra ett bra jobb. Vi k\u00e4nner att v\u00e5rt arbete med att f\u00e5 personer att k\u00e4nna sig s\u00e5 pass trygga att de v\u00e5gar anv\u00e4nda en dator d\u00e4rf\u00f6r \u00e4r v\u00e4ldigt viktigt. Inte bara f\u00f6r individerna vi hj\u00e4lper utan ocks\u00e5 samh\u00e4llet i stort.&nbsp;<\/span><span data-ccp-props=\"{&quot;134233279&quot;:true,&quot;201341983&quot;:0,&quot;335559739&quot;:100,&quot;335559740&quot;:276}\">&nbsp;<\/span><\/p>\n\n\n\n<figure class=\"wp-block-table\"><table class=\"has-secondary-background-color has-background\"><tbody><tr><td> <br><strong>Faktaruta<\/strong><br><strong>F\u00f6retagsnamn:\u202f <\/strong>Nordisk Kompetens&nbsp;<br><strong style=\"color: initial; font-family: inherit; font-size: inherit; text-align: var(--bs-body-text-align);\">Verksamhet:<\/strong><span style=\"color: initial; font-family: inherit; font-size: inherit; font-weight: inherit; text-align: var(--bs-body-text-align);\">&nbsp;St\u00f6d- och matchningsf\u00f6retag&nbsp;<\/span><br><strong>Vanligaste tj\u00e4nsterna:<\/strong>&nbsp;Hj\u00e4lper&nbsp;personer&nbsp;inom rekrytering, omst\u00e4llning och arbetss\u00f6kande&nbsp;<br><strong>N\u00e4rvaro:<\/strong>&nbsp;13 platser runtom i landet.&nbsp;<br><strong>Antal anst\u00e4llda:<\/strong> \u202f39 anst\u00e4llda&nbsp;<br><strong>Vision:<\/strong>&nbsp;Att vara en betydande positiv kraft p\u00e5 den svenska arbetsmarknaden.&nbsp;<br><a href=\"https:\/\/www.nordiskkompetens.se\/\" target=\"_blank\" rel=\"noreferrer noopener\"><strong>Webbplats<\/strong> (klicka h\u00e4r)<\/a><br> <\/td><\/tr><\/tbody><\/table><\/figure>\n","protected":false},"excerpt":{"rendered":"<p>Hur s\u00f6ker man jobb under en pandemi n\u00e4r man inte har tillr\u00e4ckliga kunskaper om datorer och internet?&nbsp;I b\u00f6rjan av krisen&nbsp;s\u00e5g&nbsp;Nordisk Kompetens, som arbetar med st\u00f6d och&nbsp;matchning, ett snabbt v\u00e4xande behov av digital kompetens. Man valde &hellip;<\/p>\n","protected":false},"author":6058,"featured_media":5892,"comment_status":"closed","ping_status":"closed","sticky":false,"template":"","format":"standard","meta":{"_acf_changed":false,"footnotes":""},"categories":[185,1,19],"tags":[],"article_type":[],"agreement":[],"for-members":[],"class_list":["post-5870","post","type-post","status-publish","format-standard","has-post-thumbnail","hentry","category-corona","category-okategoriserade","category-omstallning"],"acf":[],"yoast_head":"<!-- This site is optimized with the Yoast SEO Premium plugin v26.8 (Yoast SEO v26.8) - https:\/\/yoast.com\/product\/yoast-seo-premium-wordpress\/ -->\n<title>Arbetss\u00f6kande f\u00e5r hj\u00e4lp av Nordisk Kompetens \u00f6ver digitala tr\u00f6sklar<\/title>\n<meta name=\"description\" content=\"Hur s\u00f6ka jobb om en inte beh\u00e4rskar digitala verktyg? Hos Nordisk Kompetens f\u00e5r arbetss\u00f6kande hj\u00e4lp \u00f6ver digitala tr\u00f6sklar.\" \/>\n<meta name=\"robots\" content=\"index, follow, max-snippet:-1, max-image-preview:large, max-video-preview:-1\" \/>\n<link rel=\"canonical\" href=\"https:\/\/www.kompetensforetagen.se\/2021\/01\/arbetssokande-far-hjalp-over-digitala-trosklar\/\" \/>\n<meta property=\"og:locale\" content=\"sv_SE\" \/>\n<meta property=\"og:type\" content=\"article\" \/>\n<meta property=\"og:title\" content=\"Arbetss\u00f6kande f\u00e5r hj\u00e4lp \u00f6ver digitala tr\u00f6sklar\" \/>\n<meta property=\"og:description\" content=\"Hur s\u00f6ka jobb om en inte beh\u00e4rskar digitala verktyg? Hos Nordisk Kompetens f\u00e5r arbetss\u00f6kande hj\u00e4lp \u00f6ver digitala tr\u00f6sklar.\" \/>\n<meta property=\"og:url\" content=\"https:\/\/www.kompetensforetagen.se\/2021\/01\/arbetssokande-far-hjalp-over-digitala-trosklar\/\" \/>\n<meta property=\"og:site_name\" content=\"Kompetensf\u00f6retagen\" \/>\n<meta property=\"article:published_time\" content=\"2021-01-13T12:00:12+00:00\" \/>\n<meta property=\"article:modified_time\" content=\"2023-07-14T11:18:14+00:00\" \/>\n<meta property=\"og:image\" content=\"https:\/\/www.kompetensforetagen.se\/app\/uploads\/sites\/5\/2021\/01\/lars-h.jpg\" \/>\n\t<meta property=\"og:image:width\" content=\"1000\" \/>\n\t<meta property=\"og:image:height\" content=\"1339\" \/>\n\t<meta property=\"og:image:type\" content=\"image\/jpeg\" \/>\n<meta name=\"author\" content=\"Shashika Sellgren\" \/>\n<meta name=\"twitter:card\" content=\"summary_large_image\" \/>\n<meta name=\"twitter:label1\" content=\"Skriven av\" \/>\n\t<meta name=\"twitter:data1\" content=\"Shashika Sellgren\" \/>\n\t<meta name=\"twitter:label2\" content=\"Ber\u00e4knad l\u00e4stid\" \/>\n\t<meta name=\"twitter:data2\" content=\"3 minuter\" \/>\n<!-- \/ Yoast SEO Premium plugin. -->","yoast_head_json":{"title":"Arbetss\u00f6kande f\u00e5r hj\u00e4lp av Nordisk Kompetens \u00f6ver digitala tr\u00f6sklar","description":"Hur s\u00f6ka jobb om en inte beh\u00e4rskar digitala verktyg? Hos Nordisk Kompetens f\u00e5r arbetss\u00f6kande hj\u00e4lp \u00f6ver digitala tr\u00f6sklar.","robots":{"index":"index","follow":"follow","max-snippet":"max-snippet:-1","max-image-preview":"max-image-preview:large","max-video-preview":"max-video-preview:-1"},"canonical":"https:\/\/www.kompetensforetagen.se\/2021\/01\/arbetssokande-far-hjalp-over-digitala-trosklar\/","og_locale":"sv_SE","og_type":"article","og_title":"Arbetss\u00f6kande f\u00e5r hj\u00e4lp \u00f6ver digitala tr\u00f6sklar","og_description":"Hur s\u00f6ka jobb om en inte beh\u00e4rskar digitala verktyg? Hos Nordisk Kompetens f\u00e5r arbetss\u00f6kande hj\u00e4lp \u00f6ver digitala tr\u00f6sklar.","og_url":"https:\/\/www.kompetensforetagen.se\/2021\/01\/arbetssokande-far-hjalp-over-digitala-trosklar\/","og_site_name":"Kompetensf\u00f6retagen","article_published_time":"2021-01-13T12:00:12+00:00","article_modified_time":"2023-07-14T11:18:14+00:00","og_image":[{"width":1000,"height":1339,"url":"https:\/\/www.kompetensforetagen.se\/app\/uploads\/sites\/5\/2021\/01\/lars-h.jpg","type":"image\/jpeg"}],"author":"Shashika Sellgren","twitter_card":"summary_large_image","twitter_misc":{"Skriven av":"Shashika Sellgren","Ber\u00e4knad l\u00e4stid":"3 minuter"},"schema":{"@context":"https:\/\/schema.org","@graph":[{"@type":"Article","@id":"https:\/\/www.kompetensforetagen.se\/2021\/01\/arbetssokande-far-hjalp-over-digitala-trosklar\/#article","isPartOf":{"@id":"https:\/\/www.kompetensforetagen.se\/2021\/01\/arbetssokande-far-hjalp-over-digitala-trosklar\/"},"author":{"name":"Shashika Sellgren","@id":"https:\/\/www.kompetensforetagen.se\/#\/schema\/person\/38c6b37b81c530c93246c3d1993d5662"},"headline":"Arbetss\u00f6kande f\u00e5r hj\u00e4lp \u00f6ver digitala tr\u00f6sklar","datePublished":"2021-01-13T12:00:12+00:00","dateModified":"2023-07-14T11:18:14+00:00","mainEntityOfPage":{"@id":"https:\/\/www.kompetensforetagen.se\/2021\/01\/arbetssokande-far-hjalp-over-digitala-trosklar\/"},"wordCount":698,"publisher":{"@id":"https:\/\/www.kompetensforetagen.se\/#organization"},"image":{"@id":"https:\/\/www.kompetensforetagen.se\/2021\/01\/arbetssokande-far-hjalp-over-digitala-trosklar\/#primaryimage"},"thumbnailUrl":"https:\/\/www.kompetensforetagen.se\/app\/uploads\/sites\/5\/2021\/01\/lars-h.jpg","articleSection":{"0":"Corona","2":"Omst\u00e4llning"},"inLanguage":"sv-SE"},{"@type":"WebPage","@id":"https:\/\/www.kompetensforetagen.se\/2021\/01\/arbetssokande-far-hjalp-over-digitala-trosklar\/","url":"https:\/\/www.kompetensforetagen.se\/2021\/01\/arbetssokande-far-hjalp-over-digitala-trosklar\/","name":"Arbetss\u00f6kande f\u00e5r hj\u00e4lp av Nordisk Kompetens \u00f6ver digitala tr\u00f6sklar","isPartOf":{"@id":"https:\/\/www.kompetensforetagen.se\/#website"},"primaryImageOfPage":{"@id":"https:\/\/www.kompetensforetagen.se\/2021\/01\/arbetssokande-far-hjalp-over-digitala-trosklar\/#primaryimage"},"image":{"@id":"https:\/\/www.kompetensforetagen.se\/2021\/01\/arbetssokande-far-hjalp-over-digitala-trosklar\/#primaryimage"},"thumbnailUrl":"https:\/\/www.kompetensforetagen.se\/app\/uploads\/sites\/5\/2021\/01\/lars-h.jpg","datePublished":"2021-01-13T12:00:12+00:00","dateModified":"2023-07-14T11:18:14+00:00","description":"Hur s\u00f6ka jobb om en inte beh\u00e4rskar digitala verktyg? Hos Nordisk Kompetens f\u00e5r arbetss\u00f6kande hj\u00e4lp \u00f6ver digitala tr\u00f6sklar.","breadcrumb":{"@id":"https:\/\/www.kompetensforetagen.se\/2021\/01\/arbetssokande-far-hjalp-over-digitala-trosklar\/#breadcrumb"},"inLanguage":"sv-SE","potentialAction":[{"@type":"ReadAction","target":["https:\/\/www.kompetensforetagen.se\/2021\/01\/arbetssokande-far-hjalp-over-digitala-trosklar\/"]}]},{"@type":"ImageObject","inLanguage":"sv-SE","@id":"https:\/\/www.kompetensforetagen.se\/2021\/01\/arbetssokande-far-hjalp-over-digitala-trosklar\/#primaryimage","url":"https:\/\/www.kompetensforetagen.se\/app\/uploads\/sites\/5\/2021\/01\/lars-h.jpg","contentUrl":"https:\/\/www.kompetensforetagen.se\/app\/uploads\/sites\/5\/2021\/01\/lars-h.jpg","width":1000,"height":1339,"caption":"Lars H, profil kopplad till Kompetensf\u00f6retagens n\u00e4tverk."},{"@type":"BreadcrumbList","@id":"https:\/\/www.kompetensforetagen.se\/2021\/01\/arbetssokande-far-hjalp-over-digitala-trosklar\/#breadcrumb","itemListElement":[{"@type":"ListItem","position":1,"name":"Home","item":"https:\/\/www.kompetensforetagen.se\/"},{"@type":"ListItem","position":2,"name":"Arbetss\u00f6kande f\u00e5r hj\u00e4lp \u00f6ver digitala tr\u00f6sklar"}]},{"@type":"WebSite","@id":"https:\/\/www.kompetensforetagen.se\/#website","url":"https:\/\/www.kompetensforetagen.se\/","name":"Kompetensf\u00f6retagen","description":"R\u00e4tt person p\u00e5 r\u00e4tt plats kan f\u00f6r\u00e4ndra v\u00e4rlden","publisher":{"@id":"https:\/\/www.kompetensforetagen.se\/#organization"},"potentialAction":[{"@type":"SearchAction","target":{"@type":"EntryPoint","urlTemplate":"https:\/\/www.kompetensforetagen.se\/?s={search_term_string}"},"query-input":{"@type":"PropertyValueSpecification","valueRequired":true,"valueName":"search_term_string"}}],"inLanguage":"sv-SE"},{"@type":"Organization","@id":"https:\/\/www.kompetensforetagen.se\/#organization","name":"Kompetensf\u00f6retagen","url":"https:\/\/www.kompetensforetagen.se\/","logo":{"@type":"ImageObject","inLanguage":"sv-SE","@id":"https:\/\/www.kompetensforetagen.se\/#\/schema\/logo\/image\/","url":"https:\/\/www.kompetensforetagen.se\/app\/uploads\/sites\/5\/2022\/10\/logga_svart.png","contentUrl":"https:\/\/www.kompetensforetagen.se\/app\/uploads\/sites\/5\/2022\/10\/logga_svart.png","width":752,"height":64,"caption":"Kompetensf\u00f6retagen"},"image":{"@id":"https:\/\/www.kompetensforetagen.se\/#\/schema\/logo\/image\/"},"sameAs":["https:\/\/www.linkedin.com\/company\/10540032\/"]},{"@type":"Person","@id":"https:\/\/www.kompetensforetagen.se\/#\/schema\/person\/38c6b37b81c530c93246c3d1993d5662","name":"Shashika Sellgren","image":{"@type":"ImageObject","inLanguage":"sv-SE","@id":"https:\/\/www.kompetensforetagen.se\/#\/schema\/person\/image\/","url":"https:\/\/secure.gravatar.com\/avatar\/b225c479880df9eb82d1501dd105dd8040f27c8563f3d4bf5dd62ce0a1630abd?s=96&d=mm&r=g","contentUrl":"https:\/\/secure.gravatar.com\/avatar\/b225c479880df9eb82d1501dd105dd8040f27c8563f3d4bf5dd62ce0a1630abd?s=96&d=mm&r=g","caption":"Shashika Sellgren"},"url":"https:\/\/www.kompetensforetagen.se\/person\/shashikasellgren\/"}]}},"_links":{"self":[{"href":"https:\/\/www.kompetensforetagen.se\/api\/wp\/v2\/posts\/5870","targetHints":{"allow":["GET"]}}],"collection":[{"href":"https:\/\/www.kompetensforetagen.se\/api\/wp\/v2\/posts"}],"about":[{"href":"https:\/\/www.kompetensforetagen.se\/api\/wp\/v2\/types\/post"}],"author":[{"embeddable":true,"href":"https:\/\/www.kompetensforetagen.se\/api\/wp\/v2\/users\/6058"}],"replies":[{"embeddable":true,"href":"https:\/\/www.kompetensforetagen.se\/api\/wp\/v2\/comments?post=5870"}],"version-history":[{"count":3,"href":"https:\/\/www.kompetensforetagen.se\/api\/wp\/v2\/posts\/5870\/revisions"}],"predecessor-version":[{"id":14677,"href":"https:\/\/www.kompetensforetagen.se\/api\/wp\/v2\/posts\/5870\/revisions\/14677"}],"wp:featuredmedia":[{"embeddable":true,"href":"https:\/\/www.kompetensforetagen.se\/api\/wp\/v2\/media\/5892"}],"wp:attachment":[{"href":"https:\/\/www.kompetensforetagen.se\/api\/wp\/v2\/media?parent=5870"}],"wp:term":[{"taxonomy":"category","embeddable":true,"href":"https:\/\/www.kompetensforetagen.se\/api\/wp\/v2\/categories?post=5870"},{"taxonomy":"post_tag","embeddable":true,"href":"https:\/\/www.kompetensforetagen.se\/api\/wp\/v2\/tags?post=5870"},{"taxonomy":"type","embeddable":true,"href":"https:\/\/www.kompetensforetagen.se\/api\/wp\/v2\/article_type?post=5870"},{"taxonomy":"agreement","embeddable":true,"href":"https:\/\/www.kompetensforetagen.se\/api\/wp\/v2\/agreement?post=5870"},{"taxonomy":"for-members","embeddable":true,"href":"https:\/\/www.kompetensforetagen.se\/api\/wp\/v2\/for-members?post=5870"}],"curies":[{"name":"wp","href":"https:\/\/api.w.org\/{rel}","templated":true}]}}