{"id":5865,"date":"2021-01-13T13:00:40","date_gmt":"2021-01-13T12:00:40","guid":{"rendered":"https:\/\/www.kompetensforetagen.se\/?p=5865"},"modified":"2023-07-12T09:21:04","modified_gmt":"2023-07-12T07:21:04","slug":"gratis-personal-shoppertjanst-hjalper-riskgrupper-och-den-lokala-butiken","status":"publish","type":"post","link":"https:\/\/www.kompetensforetagen.se\/2021\/01\/gratis-personal-shoppertjanst-hjalper-riskgrupper-och-den-lokala-butiken\/","title":{"rendered":"Gratis personal shopper-tj\u00e4nst\u00a0hj\u00e4lper riskgrupper och den lokala butiken\u00a0"},"content":{"rendered":"\n<p>N\u00e4r&nbsp;coronapandemin br\u00f6t ut var det m\u00e5nga som inte ville eller kunde handla p\u00e5 samma s\u00e4tt som tidigare. Framf\u00f6rallt p\u00e5verkades riskgrupper som&nbsp;beh\u00f6vde&nbsp;begr\u00e4nsa sina sociala kontakter till ett minimum.&nbsp; Middlepoint bemannar infodiskar i k\u00f6pcentrum runt om i landet. F\u00f6r aff\u00e4rsomr\u00e5deschef Thomasine Gr\u00f6nstedt och vd Pontus Esbo&nbsp;blev det tydligt att de kunde hj\u00e4lpa b\u00e5de dem&nbsp;som inte sj\u00e4lva kunde handla&nbsp;och&nbsp;samtidigt&nbsp;st\u00f6tta de lokala butikerna. Tillsammans skissade de&nbsp;fram en gratis personal&nbsp;shopper-tj\u00e4nst som kunde lanseras direkt.<\/p>\n\n\n\n<p><span data-contrast=\"none\">Tj\u00e4nsten \u00e4r enkel f\u00f6r den som ska handla. I korta drag g\u00f6r personal&nbsp;<\/span><span data-contrast=\"none\">shopper<\/span><span data-contrast=\"none\">&#8211;<\/span><span data-contrast=\"none\">tj\u00e4nsten att en person kan handla hemifr\u00e5n och f\u00e5 varorna levererade samma dag. Man skickar sin lista till en personal shopper i det aktuella centrumet. Hen g\u00e5r till de respektive butikerna och handlar varorna. Betalningen sker som vanligt i kassan d\u00e4r personen hemma betalar med swish och personal shoppern ser till att butiken f\u00e5r sina pengar. N\u00e4r shoppinglistan \u00e4r avbockad och alla varor handlade, l\u00e4mnas de till en transportfirma. Den k\u00f6r i sin tur ut varorna till den som best\u00e4llt. Att tj\u00e4nsten \u00e4r gratis \u00e4r viktigt f\u00f6r att alla som har behov ska kunna anv\u00e4nda den. <\/span><span data-ccp-props=\"{&quot;201341983&quot;:0,&quot;335559739&quot;:100,&quot;335559740&quot;:276}\">&nbsp;<\/span><\/p>\n\n\n<a class='Share__link Share__link--url copy-text' href='#' rel='nofollow' data-text='personal-shopper-tjanst-hjalper-riskgrupper-och-den-lokala-butiken' title='Dela url' data-confirmation='L\u00e4nken kopierades till urklipp'><svg class='icon icon--link'  width='18' height='18' viewBox='0 0 18 18' fill='none' xmlns='http:\/\/www.w3.org\/2000\/svg'>\n            <path d='M10.4142 0.514721L6.87868 4.05025L8.29289 5.46447L11.1213 2.63604L15.364 6.87868L12.5355 9.70711L13.9497 11.1213L17.4853 7.58579C17.8763 7.19476 17.8763 6.5626 17.4853 6.17158L11.8284 0.514721C11.4374 0.123691 10.8052 0.123691 10.4142 0.514721Z' fill='black'\/>\n            <path d='M9.7071 12.5355L6.87868 15.364L2.63604 11.1213L5.46446 8.2929L4.05025 6.87868L0.514716 10.4142C0.123686 10.8052 0.123686 11.4374 0.514716 11.8284L6.17157 17.4853C6.5626 17.8763 7.19475 17.8763 7.58578 17.4853L11.1213 13.9497L9.7071 12.5355Z' fill='black'\/>\n            <path d='M6.17157 11.8284C6.5626 12.2195 7.19475 12.2195 7.58578 11.8284L11.8284 7.58579C12.2195 7.19476 12.2195 6.56261 11.8284 6.17158C11.4374 5.78055 10.8052 5.78055 10.4142 6.17158L6.17157 10.4142C5.78054 10.8052 5.78054 11.4374 6.17157 11.8284Z' fill='black'\/>\n            <\/svg> <\/a>\n<h2 class=\"wp-block-heading\">Personal shopper-tj\u00e4nst hj\u00e4lper riskgrupper och den lokala butiken<\/h2>\n\n\n\n<p><span data-contrast=\"none\">&#8211; Vi \u00e4r ett f\u00f6retag som \u00e4r sprunget ur att den personliga servicen \u00e4r avg\u00f6rande. B\u00e5de genom att vi som f\u00f6retag \u00e4r personliga gentemot v\u00e5ra kunder och att vi s\u00e4krar att alla v\u00e5ra kunders kunder f\u00e5r den service som de beh\u00f6ver. I och med pandemin s\u00e5 k\u00e4ndes det viktigt att vi hittade ett s\u00e4tt d\u00e4r vi kunde st\u00f6tta b\u00e5de v\u00e5ra kunder. I det h\u00e4r fallet k\u00f6pcentrum, men ocks\u00e5 deras kunder<\/span><span data-contrast=\"none\">,&nbsp;<\/span><span data-contrast=\"none\">personer som av olika anledningar inte sj\u00e4lva kan handla p\u00e5 grund av covid-19, ber\u00e4ttar Thomasine Gr\u00f6nstedt.<\/span><\/p>\n\n\n\n<p><span data-contrast=\"none\">F\u00f6r Middlepoint innebar tj\u00e4nsten en utmaning d\u00e5 det var avg\u00f6rande att hela fl\u00f6det var s\u00e4kert, b\u00e5de f\u00f6r den som handlar och butikerna. Det \u00e4r ocks\u00e5 viktigt att medarbetarna \u00e4r s\u00e4kra n\u00e4r de befinner sig i de olika centrumen. <\/span><span data-ccp-props=\"{&quot;201341983&quot;:0,&quot;335559739&quot;:100,&quot;335559740&quot;:276}\">&nbsp;<\/span><\/p>\n\n\n\n<p><span data-contrast=\"none\">&#8211; Sj\u00e4lvklart f\u00f6ljer vi de restriktioner som g\u00e4ller, och r\u00e5den fr\u00e5n Folkh\u00e4lsomyndigheten.&nbsp;I samr\u00e5d med v\u00e5ra uppdragsgivare anv\u00e4nder sig \u00e4ven personalen, i olika utstr\u00e4ckning, av skyddsutrustning.&nbsp;Och skulle n\u00e5gon av v\u00e5ra medarbetare inte k\u00e4nna sig helt bekv\u00e4m med att vara i centrumet, s\u00e5 anpassar vi oss sj\u00e4lvklart efter det. F\u00f6r m\u00e5let med den h\u00e4r tj\u00e4nsten \u00e4r att fler ska k\u00e4nna sig trygga i en situation som \u00e4r sv\u00e5r att kontrollera \u2013 det g\u00e4ller alla involverade, s\u00e4ger Pontus Esbo.&nbsp;&nbsp;<\/span><\/p>\n\n\n\n<p class=\"has-secondary-background-color has-background\"><strong>Faktaruta<\/strong><br><strong>F\u00f6retagsnamn<\/strong>:\u202f Middlepoint<br><strong>Verksamhet<\/strong>: \u202fFacility servicetj\u00e4nster mot f\u00f6retag, fastigheter och k\u00f6pcentrum<br><strong>Vanligaste tj\u00e4nsterna<\/strong>:\u202f Service managers, receptionist, office managers m.fl. med tillh\u00f6rande kringtj\u00e4nster\u202f<br><strong>N\u00e4rvaro<\/strong>:\u202f Stockholm, G\u00f6teborg, Malm\u00f6 och Uppsala<br><strong>Antal anst\u00e4llda<\/strong>:\u202f Cirka 85 (plus hundratals timanst\u00e4llda)<br><strong>Webbplats<\/strong>: <a href=\"https:\/\/www.middlepoint.se\/?utm_source=google&amp;utm_medium=cpc&amp;utm_campaign=Brand&amp;gclid=Cj0KCQjwnrmlBhDHARIsADJ5b_nJfbJi20y_puNV_-MOP0xHYUc-L9tNc09Jb5xgImhk20qPRouGJ6caAhBNEALw_wcB\" target=\"_blank\" rel=\"noreferrer noopener\">Middlepoint<\/a><\/p>\n\n\n\n<p><span data-ccp-props=\"{&quot;201341983&quot;:0,&quot;335559739&quot;:100,&quot;335559740&quot;:276}\">&nbsp;<\/span><\/p>\n","protected":false},"excerpt":{"rendered":"<p>N\u00e4r&nbsp;coronapandemin br\u00f6t ut var det m\u00e5nga som inte ville eller kunde handla p\u00e5 samma s\u00e4tt som tidigare. Framf\u00f6rallt p\u00e5verkades riskgrupper som&nbsp;beh\u00f6vde&nbsp;begr\u00e4nsa sina sociala kontakter till ett minimum.&nbsp; Middlepoint bemannar infodiskar i k\u00f6pcentrum runt om i &hellip;<\/p>\n","protected":false},"author":6058,"featured_media":5868,"comment_status":"closed","ping_status":"closed","sticky":false,"template":"","format":"standard","meta":{"_acf_changed":false,"footnotes":""},"categories":[185,204,1],"tags":[],"article_type":[8],"agreement":[],"for-members":[],"class_list":["post-5865","post","type-post","status-publish","format-standard","has-post-thumbnail","hentry","category-corona","category-konsult","category-okategoriserade","type-aktuellt"],"acf":[],"yoast_head":"<!-- This site is optimized with the Yoast SEO Premium plugin v26.8 (Yoast SEO v26.8) - https:\/\/yoast.com\/product\/yoast-seo-premium-wordpress\/ -->\n<title>Personal shopper-tj\u00e4nst\u00a0hj\u00e4lper riskgrupper och den lokala butiken\u00a0<\/title>\n<meta name=\"description\" content=\"F\u00f6retaget Middlepoint skissade tidigt under coronapandemin en gratis personal shopper-tj\u00e4nst\u00a0som hj\u00e4lper riskgrupper och den lokala butiken.\" \/>\n<meta name=\"robots\" content=\"index, follow, max-snippet:-1, max-image-preview:large, max-video-preview:-1\" \/>\n<link rel=\"canonical\" href=\"https:\/\/www.kompetensforetagen.se\/2021\/01\/gratis-personal-shoppertjanst-hjalper-riskgrupper-och-den-lokala-butiken\/\" \/>\n<meta property=\"og:locale\" content=\"sv_SE\" \/>\n<meta property=\"og:type\" content=\"article\" \/>\n<meta property=\"og:title\" content=\"Gratis personal shopper-tj\u00e4nst\u00a0hj\u00e4lper riskgrupper och den lokala butiken\u00a0\" \/>\n<meta property=\"og:description\" content=\"F\u00f6retaget Middlepoint skissade tidigt under coronapandemin en gratis personal shopper-tj\u00e4nst\u00a0som hj\u00e4lper riskgrupper och den lokala butiken.\" \/>\n<meta property=\"og:url\" content=\"https:\/\/www.kompetensforetagen.se\/2021\/01\/gratis-personal-shoppertjanst-hjalper-riskgrupper-och-den-lokala-butiken\/\" \/>\n<meta property=\"og:site_name\" content=\"Kompetensf\u00f6retagen\" \/>\n<meta property=\"article:published_time\" content=\"2021-01-13T12:00:40+00:00\" \/>\n<meta property=\"article:modified_time\" content=\"2023-07-12T07:21:04+00:00\" \/>\n<meta property=\"og:image\" content=\"https:\/\/www.kompetensforetagen.se\/app\/uploads\/sites\/5\/2021\/01\/middlepoint-pontus-esbo-1-scaled.jpg\" \/>\n\t<meta property=\"og:image:width\" content=\"2560\" \/>\n\t<meta property=\"og:image:height\" content=\"1979\" \/>\n\t<meta property=\"og:image:type\" content=\"image\/jpeg\" \/>\n<meta name=\"author\" content=\"Shashika Sellgren\" \/>\n<meta name=\"twitter:card\" content=\"summary_large_image\" \/>\n<meta name=\"twitter:label1\" content=\"Skriven av\" \/>\n\t<meta name=\"twitter:data1\" content=\"Shashika Sellgren\" \/>\n\t<meta name=\"twitter:label2\" content=\"Ber\u00e4knad l\u00e4stid\" \/>\n\t<meta name=\"twitter:data2\" content=\"3 minuter\" \/>\n<!-- \/ Yoast SEO Premium plugin. -->","yoast_head_json":{"title":"Personal shopper-tj\u00e4nst\u00a0hj\u00e4lper riskgrupper och den lokala butiken\u00a0","description":"F\u00f6retaget Middlepoint skissade tidigt under coronapandemin en gratis personal shopper-tj\u00e4nst\u00a0som hj\u00e4lper riskgrupper och den lokala butiken.","robots":{"index":"index","follow":"follow","max-snippet":"max-snippet:-1","max-image-preview":"max-image-preview:large","max-video-preview":"max-video-preview:-1"},"canonical":"https:\/\/www.kompetensforetagen.se\/2021\/01\/gratis-personal-shoppertjanst-hjalper-riskgrupper-och-den-lokala-butiken\/","og_locale":"sv_SE","og_type":"article","og_title":"Gratis personal shopper-tj\u00e4nst\u00a0hj\u00e4lper riskgrupper och den lokala butiken\u00a0","og_description":"F\u00f6retaget Middlepoint skissade tidigt under coronapandemin en gratis personal shopper-tj\u00e4nst\u00a0som hj\u00e4lper riskgrupper och den lokala butiken.","og_url":"https:\/\/www.kompetensforetagen.se\/2021\/01\/gratis-personal-shoppertjanst-hjalper-riskgrupper-och-den-lokala-butiken\/","og_site_name":"Kompetensf\u00f6retagen","article_published_time":"2021-01-13T12:00:40+00:00","article_modified_time":"2023-07-12T07:21:04+00:00","og_image":[{"width":2560,"height":1979,"url":"https:\/\/www.kompetensforetagen.se\/app\/uploads\/sites\/5\/2021\/01\/middlepoint-pontus-esbo-1-scaled.jpg","type":"image\/jpeg"}],"author":"Shashika Sellgren","twitter_card":"summary_large_image","twitter_misc":{"Skriven av":"Shashika Sellgren","Ber\u00e4knad l\u00e4stid":"3 minuter"},"schema":{"@context":"https:\/\/schema.org","@graph":[{"@type":"Article","@id":"https:\/\/www.kompetensforetagen.se\/2021\/01\/gratis-personal-shoppertjanst-hjalper-riskgrupper-och-den-lokala-butiken\/#article","isPartOf":{"@id":"https:\/\/www.kompetensforetagen.se\/2021\/01\/gratis-personal-shoppertjanst-hjalper-riskgrupper-och-den-lokala-butiken\/"},"author":{"name":"Shashika Sellgren","@id":"https:\/\/www.kompetensforetagen.se\/#\/schema\/person\/38c6b37b81c530c93246c3d1993d5662"},"headline":"Gratis personal shopper-tj\u00e4nst\u00a0hj\u00e4lper riskgrupper och den lokala butiken\u00a0","datePublished":"2021-01-13T12:00:40+00:00","dateModified":"2023-07-12T07:21:04+00:00","mainEntityOfPage":{"@id":"https:\/\/www.kompetensforetagen.se\/2021\/01\/gratis-personal-shoppertjanst-hjalper-riskgrupper-och-den-lokala-butiken\/"},"wordCount":565,"publisher":{"@id":"https:\/\/www.kompetensforetagen.se\/#organization"},"image":{"@id":"https:\/\/www.kompetensforetagen.se\/2021\/01\/gratis-personal-shoppertjanst-hjalper-riskgrupper-och-den-lokala-butiken\/#primaryimage"},"thumbnailUrl":"https:\/\/www.kompetensforetagen.se\/app\/uploads\/sites\/5\/2021\/01\/middlepoint-pontus-esbo-1-scaled.jpg","articleSection":["Corona","Konsult"],"inLanguage":"sv-SE"},{"@type":"WebPage","@id":"https:\/\/www.kompetensforetagen.se\/2021\/01\/gratis-personal-shoppertjanst-hjalper-riskgrupper-och-den-lokala-butiken\/","url":"https:\/\/www.kompetensforetagen.se\/2021\/01\/gratis-personal-shoppertjanst-hjalper-riskgrupper-och-den-lokala-butiken\/","name":"Personal shopper-tj\u00e4nst\u00a0hj\u00e4lper riskgrupper och den lokala butiken\u00a0","isPartOf":{"@id":"https:\/\/www.kompetensforetagen.se\/#website"},"primaryImageOfPage":{"@id":"https:\/\/www.kompetensforetagen.se\/2021\/01\/gratis-personal-shoppertjanst-hjalper-riskgrupper-och-den-lokala-butiken\/#primaryimage"},"image":{"@id":"https:\/\/www.kompetensforetagen.se\/2021\/01\/gratis-personal-shoppertjanst-hjalper-riskgrupper-och-den-lokala-butiken\/#primaryimage"},"thumbnailUrl":"https:\/\/www.kompetensforetagen.se\/app\/uploads\/sites\/5\/2021\/01\/middlepoint-pontus-esbo-1-scaled.jpg","datePublished":"2021-01-13T12:00:40+00:00","dateModified":"2023-07-12T07:21:04+00:00","description":"F\u00f6retaget Middlepoint skissade tidigt under coronapandemin en gratis personal shopper-tj\u00e4nst\u00a0som hj\u00e4lper riskgrupper och den lokala butiken.","breadcrumb":{"@id":"https:\/\/www.kompetensforetagen.se\/2021\/01\/gratis-personal-shoppertjanst-hjalper-riskgrupper-och-den-lokala-butiken\/#breadcrumb"},"inLanguage":"sv-SE","potentialAction":[{"@type":"ReadAction","target":["https:\/\/www.kompetensforetagen.se\/2021\/01\/gratis-personal-shoppertjanst-hjalper-riskgrupper-och-den-lokala-butiken\/"]}]},{"@type":"ImageObject","inLanguage":"sv-SE","@id":"https:\/\/www.kompetensforetagen.se\/2021\/01\/gratis-personal-shoppertjanst-hjalper-riskgrupper-och-den-lokala-butiken\/#primaryimage","url":"https:\/\/www.kompetensforetagen.se\/app\/uploads\/sites\/5\/2021\/01\/middlepoint-pontus-esbo-1-scaled.jpg","contentUrl":"https:\/\/www.kompetensforetagen.se\/app\/uploads\/sites\/5\/2021\/01\/middlepoint-pontus-esbo-1-scaled.jpg","width":2560,"height":1979,"caption":"Pontus Esbo fr\u00e5n Middlepoint, expert p\u00e5 service och bemanning."},{"@type":"BreadcrumbList","@id":"https:\/\/www.kompetensforetagen.se\/2021\/01\/gratis-personal-shoppertjanst-hjalper-riskgrupper-och-den-lokala-butiken\/#breadcrumb","itemListElement":[{"@type":"ListItem","position":1,"name":"Home","item":"https:\/\/www.kompetensforetagen.se\/"},{"@type":"ListItem","position":2,"name":"Gratis personal shopper-tj\u00e4nst\u00a0hj\u00e4lper riskgrupper och den lokala butiken\u00a0"}]},{"@type":"WebSite","@id":"https:\/\/www.kompetensforetagen.se\/#website","url":"https:\/\/www.kompetensforetagen.se\/","name":"Kompetensf\u00f6retagen","description":"R\u00e4tt person p\u00e5 r\u00e4tt plats kan f\u00f6r\u00e4ndra v\u00e4rlden","publisher":{"@id":"https:\/\/www.kompetensforetagen.se\/#organization"},"potentialAction":[{"@type":"SearchAction","target":{"@type":"EntryPoint","urlTemplate":"https:\/\/www.kompetensforetagen.se\/?s={search_term_string}"},"query-input":{"@type":"PropertyValueSpecification","valueRequired":true,"valueName":"search_term_string"}}],"inLanguage":"sv-SE"},{"@type":"Organization","@id":"https:\/\/www.kompetensforetagen.se\/#organization","name":"Kompetensf\u00f6retagen","url":"https:\/\/www.kompetensforetagen.se\/","logo":{"@type":"ImageObject","inLanguage":"sv-SE","@id":"https:\/\/www.kompetensforetagen.se\/#\/schema\/logo\/image\/","url":"https:\/\/www.kompetensforetagen.se\/app\/uploads\/sites\/5\/2022\/10\/logga_svart.png","contentUrl":"https:\/\/www.kompetensforetagen.se\/app\/uploads\/sites\/5\/2022\/10\/logga_svart.png","width":752,"height":64,"caption":"Kompetensf\u00f6retagen"},"image":{"@id":"https:\/\/www.kompetensforetagen.se\/#\/schema\/logo\/image\/"},"sameAs":["https:\/\/www.linkedin.com\/company\/10540032\/"]},{"@type":"Person","@id":"https:\/\/www.kompetensforetagen.se\/#\/schema\/person\/38c6b37b81c530c93246c3d1993d5662","name":"Shashika Sellgren","image":{"@type":"ImageObject","inLanguage":"sv-SE","@id":"https:\/\/www.kompetensforetagen.se\/#\/schema\/person\/image\/","url":"https:\/\/secure.gravatar.com\/avatar\/b225c479880df9eb82d1501dd105dd8040f27c8563f3d4bf5dd62ce0a1630abd?s=96&d=mm&r=g","contentUrl":"https:\/\/secure.gravatar.com\/avatar\/b225c479880df9eb82d1501dd105dd8040f27c8563f3d4bf5dd62ce0a1630abd?s=96&d=mm&r=g","caption":"Shashika Sellgren"},"url":"https:\/\/www.kompetensforetagen.se\/person\/shashikasellgren\/"}]}},"_links":{"self":[{"href":"https:\/\/www.kompetensforetagen.se\/api\/wp\/v2\/posts\/5865","targetHints":{"allow":["GET"]}}],"collection":[{"href":"https:\/\/www.kompetensforetagen.se\/api\/wp\/v2\/posts"}],"about":[{"href":"https:\/\/www.kompetensforetagen.se\/api\/wp\/v2\/types\/post"}],"author":[{"embeddable":true,"href":"https:\/\/www.kompetensforetagen.se\/api\/wp\/v2\/users\/6058"}],"replies":[{"embeddable":true,"href":"https:\/\/www.kompetensforetagen.se\/api\/wp\/v2\/comments?post=5865"}],"version-history":[{"count":2,"href":"https:\/\/www.kompetensforetagen.se\/api\/wp\/v2\/posts\/5865\/revisions"}],"predecessor-version":[{"id":14476,"href":"https:\/\/www.kompetensforetagen.se\/api\/wp\/v2\/posts\/5865\/revisions\/14476"}],"wp:featuredmedia":[{"embeddable":true,"href":"https:\/\/www.kompetensforetagen.se\/api\/wp\/v2\/media\/5868"}],"wp:attachment":[{"href":"https:\/\/www.kompetensforetagen.se\/api\/wp\/v2\/media?parent=5865"}],"wp:term":[{"taxonomy":"category","embeddable":true,"href":"https:\/\/www.kompetensforetagen.se\/api\/wp\/v2\/categories?post=5865"},{"taxonomy":"post_tag","embeddable":true,"href":"https:\/\/www.kompetensforetagen.se\/api\/wp\/v2\/tags?post=5865"},{"taxonomy":"type","embeddable":true,"href":"https:\/\/www.kompetensforetagen.se\/api\/wp\/v2\/article_type?post=5865"},{"taxonomy":"agreement","embeddable":true,"href":"https:\/\/www.kompetensforetagen.se\/api\/wp\/v2\/agreement?post=5865"},{"taxonomy":"for-members","embeddable":true,"href":"https:\/\/www.kompetensforetagen.se\/api\/wp\/v2\/for-members?post=5865"}],"curies":[{"name":"wp","href":"https:\/\/api.w.org\/{rel}","templated":true}]}}