{"id":5859,"date":"2021-01-13T13:00:56","date_gmt":"2021-01-13T12:00:56","guid":{"rendered":"https:\/\/www.kompetensforetagen.se\/?p=5859"},"modified":"2023-07-12T09:49:39","modified_gmt":"2023-07-12T07:49:39","slug":"trygg-kompetensforsorjning-i-e-handeln-med-digital-rekrytering","status":"publish","type":"post","link":"https:\/\/www.kompetensforetagen.se\/2021\/01\/trygg-kompetensforsorjning-i-e-handeln-med-digital-rekrytering\/","title":{"rendered":"Trygg kompetensf\u00f6rs\u00f6rjning i e-handeln med digital rekrytering"},"content":{"rendered":"\n<p>Den \u00f6kade e-handeln till f\u00f6ljd av&nbsp;coronapandemin&nbsp;har knuffat p\u00e5&nbsp;Lernia i digitaliseringsresan, och&nbsp; kompetensf\u00f6rs\u00f6rjningen sker nu digitalt f\u00f6r s\u00e4kerhetens skull.<\/p>\n\n\n\n<p><span data-contrast=\"none\">Till skillnad fr\u00e5n m\u00e5nga andra branscher har tillv\u00e4xttakten inom lager och logistik inte stannat av i omr\u00e5det runt Eskilstuna. Snarare har en \u00f6kad e-handel till f\u00f6ljd av pandemin gjort <\/span><span data-contrast=\"none\">att<\/span><span data-contrast=\"none\">&nbsp;<\/span><span data-contrast=\"none\">Lernia<\/span><span data-contrast=\"none\">&nbsp;har p\u00e5skyndat utvecklingen av&nbsp;<\/span><span data-contrast=\"none\">smitts\u00e4kra<\/span><span data-contrast=\"none\">&nbsp;rekryteringss\u00e4tt.&nbsp;<\/span><span data-ccp-props=\"{&quot;201341983&quot;:0,&quot;335559739&quot;:100,&quot;335559740&quot;:360}\">&nbsp;<\/span><\/p>\n\n\n\n<p><span data-contrast=\"none\">\u2013 Det har skett m\u00e5nga etableringar inom lager och logistik i omr\u00e5det de senaste \u00e5ren och de f\u00f6retagen v\u00e4xer. Behovet av medarbetare har d\u00e4rf\u00f6r varit ganska stort lokalt i Eskilstuna och Str\u00e4ngn\u00e4s. Trots pandemin och omst\u00e4llningen till digitala arbetss\u00e4tt, har vi kunnat forts\u00e4tta att bidra till kompetensf\u00f6rs\u00f6rjningen. Tack vare kompetenta medarbetare p\u00e5 kontoret och ute hos v\u00e5ra kunder, har vi kunnat anpassa oss bra till de f\u00f6ruts\u00e4ttningar som vi och m\u00e5nga andra m\u00e5ste f\u00f6rh\u00e5lla oss till just nu, s\u00e4ger Hanna Karlsson, platschef p\u00e5 <\/span><span data-contrast=\"none\">Lernias<\/span><span data-contrast=\"none\">&nbsp;kontor i Eskilstuna som arbetar med bemanning och rekrytering i S\u00f6dermanland<\/span><span data-ccp-props=\"{&quot;201341983&quot;:0,&quot;335559739&quot;:100,&quot;335559740&quot;:360}\">&nbsp;<\/span><\/p>\n\n\n<a class='Share__link Share__link--url copy-text' href='#' rel='nofollow' data-text='sakerheten-forst&nbsp;' title='Dela url' data-confirmation='L\u00e4nken kopierades till urklipp'><svg class='icon icon--link'  width='18' height='18' viewBox='0 0 18 18' fill='none' xmlns='http:\/\/www.w3.org\/2000\/svg'>\n            <path d='M10.4142 0.514721L6.87868 4.05025L8.29289 5.46447L11.1213 2.63604L15.364 6.87868L12.5355 9.70711L13.9497 11.1213L17.4853 7.58579C17.8763 7.19476 17.8763 6.5626 17.4853 6.17158L11.8284 0.514721C11.4374 0.123691 10.8052 0.123691 10.4142 0.514721Z' fill='black'\/>\n            <path d='M9.7071 12.5355L6.87868 15.364L2.63604 11.1213L5.46446 8.2929L4.05025 6.87868L0.514716 10.4142C0.123686 10.8052 0.123686 11.4374 0.514716 11.8284L6.17157 17.4853C6.5626 17.8763 7.19475 17.8763 7.58578 17.4853L11.1213 13.9497L9.7071 12.5355Z' fill='black'\/>\n            <path d='M6.17157 11.8284C6.5626 12.2195 7.19475 12.2195 7.58578 11.8284L11.8284 7.58579C12.2195 7.19476 12.2195 6.56261 11.8284 6.17158C11.4374 5.78055 10.8052 5.78055 10.4142 6.17158L6.17157 10.4142C5.78054 10.8052 5.78054 11.4374 6.17157 11.8284Z' fill='black'\/>\n            <\/svg> <\/a>\n<h2 class=\"wp-block-heading\">S\u00e4kerheten f\u00f6rst<span data-ccp-props=\"{&quot;201341983&quot;:0,&quot;335559739&quot;:100,&quot;335559740&quot;:360}\">&nbsp;<\/span><\/h2>\n\n\n\n<p><span data-contrast=\"none\">Utg\u00e5ngspunkten har sedan&nbsp;coronapandemins start varit att f\u00f6lja Folkh\u00e4lsomyndighetens rekommendationer fullt ut. Det viktigaste f\u00f6r Lernia&nbsp;\u00e4r att kunder, kandidater och medarbetare ska k\u00e4nns sig trygga i m\u00f6ten och p\u00e5 arbetsplatsen.&nbsp;<\/span><\/p>\n\n\n\n<blockquote class=\"wp-block-quote is-layout-flow wp-block-quote-is-layout-flow\">\n<p><span data-contrast=\"none\">Vi f\u00e5r mer tid \u00f6ver till kvalitetss\u00e4kring, kundv\u00e5rd och konsultv\u00e5rd<\/span><\/p>\n<\/blockquote>\n\n\n\n<p><span data-contrast=\"none\">Lernia har arbetat med digitalisering en tid. Distansarbetet har tagit arbetet med digitala verktyg till n\u00e4sta niv\u00e5 och samtidigt \u00f6kat acceptansen f\u00f6r det. Inom <a href=\"https:\/\/www.kompetensforetagen.se\/rekrytering-2\/\">rekrytering <\/a>och bemanning har det till exempel inneburit att Lernia nu helt g\u00e5tt \u00f6ver till webbintervjuer.&nbsp;&nbsp;<\/span><\/p>\n\n\n\n<p><span data-contrast=\"none\">\u2013 N\u00e4r processerna blir snabbare levererar vi ocks\u00e5 r\u00e4tt kandidater snabbare. Vi f\u00e5r mer tid \u00f6ver till kvalitetss\u00e4kring, kundv\u00e5rd och konsultv\u00e5rd, f\u00f6rklarar Hanna Karlsson,&nbsp;&nbsp;<\/span><span data-ccp-props=\"{&quot;201341983&quot;:0,&quot;335559739&quot;:100,&quot;335559740&quot;:360}\">&nbsp;<\/span><\/p>\n\n\n<a class='Share__link Share__link--url copy-text' href='#' rel='nofollow' data-text='digital-rekrytering-har-for-att-stanna&nbsp;' title='Dela url' data-confirmation='L\u00e4nken kopierades till urklipp'><svg class='icon icon--link'  width='18' height='18' viewBox='0 0 18 18' fill='none' xmlns='http:\/\/www.w3.org\/2000\/svg'>\n            <path d='M10.4142 0.514721L6.87868 4.05025L8.29289 5.46447L11.1213 2.63604L15.364 6.87868L12.5355 9.70711L13.9497 11.1213L17.4853 7.58579C17.8763 7.19476 17.8763 6.5626 17.4853 6.17158L11.8284 0.514721C11.4374 0.123691 10.8052 0.123691 10.4142 0.514721Z' fill='black'\/>\n            <path d='M9.7071 12.5355L6.87868 15.364L2.63604 11.1213L5.46446 8.2929L4.05025 6.87868L0.514716 10.4142C0.123686 10.8052 0.123686 11.4374 0.514716 11.8284L6.17157 17.4853C6.5626 17.8763 7.19475 17.8763 7.58578 17.4853L11.1213 13.9497L9.7071 12.5355Z' fill='black'\/>\n            <path d='M6.17157 11.8284C6.5626 12.2195 7.19475 12.2195 7.58578 11.8284L11.8284 7.58579C12.2195 7.19476 12.2195 6.56261 11.8284 6.17158C11.4374 5.78055 10.8052 5.78055 10.4142 6.17158L6.17157 10.4142C5.78054 10.8052 5.78054 11.4374 6.17157 11.8284Z' fill='black'\/>\n            <\/svg> <\/a>\n<h2 class=\"wp-block-heading\">Digital rekrytering h\u00e4r f\u00f6r att stanna<span data-ccp-props=\"{&quot;201341983&quot;:0,&quot;335559739&quot;:100,&quot;335559740&quot;:360}\">&nbsp;<\/span><\/h2>\n\n\n\n<p><span data-contrast=\"none\">\u2013 Bemanningsbranschen \u00e4r generellt sett v\u00e4ldigt anpassningsbar. Vi har ett&nbsp;<\/span><span data-contrast=\"none\">mindset<\/span><span data-contrast=\"none\"> med oss som g\u00f6r oss v\u00e4ldigt snabbfotade. Kombinationen av det och tidigare erfarenheter fr\u00e5n situationer d\u00e5 vi har beh\u00f6vt st\u00e4lla om snabbt, tror jag har underl\u00e4ttat f\u00f6r oss nu under pandemin. Vi har gjort anpassningar till den r\u00e5dande situationen och kundernas \u00e4ndrade behov, ber\u00e4ttar Hanna Karlsson. <\/span><span data-ccp-props=\"{&quot;201341983&quot;:0,&quot;335559739&quot;:100,&quot;335559740&quot;:360}\">&nbsp;<\/span><span data-contrast=\"none\">En l\u00e4rdom fr\u00e5n denna tid \u00e4r att det har g\u00e5tt mycket b\u00e4ttre \u00e4n v\u00e4ntat att sk\u00f6ta arbetet hemifr\u00e5n. De digitala arbetss\u00e4tten ser d\u00e4rf\u00f6r ut att vara h\u00e4r f\u00f6r att stanna och vidareutvecklas.<\/span><span data-ccp-props=\"{&quot;201341983&quot;:0,&quot;335559739&quot;:100,&quot;335559740&quot;:360}\">&nbsp;<\/span><\/p>\n\n\n\n<figure class=\"wp-block-table\"><table class=\"has-secondary-background-color has-background\"><tbody><tr><td><strong>Faktaruta<\/strong><br><strong>F\u00f6retagsnamn<\/strong>: Lernia<br><strong>Verksamhet<\/strong>: Bemanning och rekrytering, vuxenutbildning, omst\u00e4llning, matchning och karri\u00e4rv\u00e4xling<br><strong>Vision<\/strong>: Lernia bygger m\u00e4nniskor. M\u00e4nniskor bygger framtiden. P\u00e5 s\u00e5 s\u00e4tt skapar vi tillsammans ett b\u00e4ttre samh\u00e4lle och st\u00e4rker Sveriges konkurrenskraft.<br><strong>N\u00e4rvaro<\/strong>: Lernia finns \u00f6ver hela landet.&nbsp;<br><strong>Antal anst\u00e4llda<\/strong>: 2 797 anst\u00e4llda (Q3 2020)<br><strong>Webbplats<\/strong>: <a href=\"https:\/\/www.lernia.se\/?utm_campaign=brand&amp;gclid=Cj0KCQjwnrmlBhDHARIsADJ5b_mQHldqXGntzNFNO6MqPrgjd1WkJZ_etwSreGVdFg6cUf5uQUyBybsaAggFEALw_wcB\" target=\"_blank\" rel=\"noreferrer noopener\">Lernia<\/a><\/td><\/tr><\/tbody><\/table><\/figure>\n\n\n\n<p><span data-contrast=\"none\">&nbsp;<\/span><span data-ccp-props=\"{&quot;201341983&quot;:0,&quot;335559739&quot;:100,&quot;335559740&quot;:360}\">&nbsp;<\/span><\/p>\n","protected":false},"excerpt":{"rendered":"<p>Den \u00f6kade e-handeln till f\u00f6ljd av&nbsp;coronapandemin&nbsp;har knuffat p\u00e5&nbsp;Lernia i digitaliseringsresan, och&nbsp; kompetensf\u00f6rs\u00f6rjningen sker nu digitalt f\u00f6r s\u00e4kerhetens skull. Till skillnad fr\u00e5n m\u00e5nga andra branscher har tillv\u00e4xttakten inom lager och logistik inte stannat av i omr\u00e5det &hellip;<\/p>\n","protected":false},"author":6058,"featured_media":5877,"comment_status":"closed","ping_status":"closed","sticky":false,"template":"","format":"standard","meta":{"_acf_changed":false,"footnotes":""},"categories":[204,1],"tags":[],"article_type":[],"agreement":[],"for-members":[],"class_list":["post-5859","post","type-post","status-publish","format-standard","has-post-thumbnail","hentry","category-konsult","category-okategoriserade"],"acf":[],"yoast_head":"<!-- This site is optimized with the Yoast SEO Premium plugin v26.8 (Yoast SEO v26.8) - https:\/\/yoast.com\/product\/yoast-seo-premium-wordpress\/ -->\n<title>Trygg kompetensf\u00f6rs\u00f6rjning i e-handeln med digital rekrytering<\/title>\n<meta name=\"description\" content=\"I sp\u00e5ren av coronapandemin har e-handeln \u00f6kat. D\u00e5 Lernia jobbar med digital rekrytering, \u00e4r det tryggt och utan smittrisk.\" \/>\n<meta name=\"robots\" content=\"index, follow, max-snippet:-1, max-image-preview:large, max-video-preview:-1\" \/>\n<link rel=\"canonical\" href=\"https:\/\/www.kompetensforetagen.se\/2021\/01\/trygg-kompetensforsorjning-i-e-handeln-med-digital-rekrytering\/\" \/>\n<meta property=\"og:locale\" content=\"sv_SE\" \/>\n<meta property=\"og:type\" content=\"article\" \/>\n<meta property=\"og:title\" content=\"Trygg kompetensf\u00f6rs\u00f6rjning i e-handeln med digital rekrytering\" \/>\n<meta property=\"og:description\" content=\"I sp\u00e5ren av coronapandemin har e-handeln \u00f6kat. D\u00e5 Lernia jobbar med digital rekrytering, \u00e4r det tryggt och utan smittrisk.\" \/>\n<meta property=\"og:url\" content=\"https:\/\/www.kompetensforetagen.se\/2021\/01\/trygg-kompetensforsorjning-i-e-handeln-med-digital-rekrytering\/\" \/>\n<meta property=\"og:site_name\" content=\"Kompetensf\u00f6retagen\" \/>\n<meta property=\"article:published_time\" content=\"2021-01-13T12:00:56+00:00\" \/>\n<meta property=\"article:modified_time\" content=\"2023-07-12T07:49:39+00:00\" \/>\n<meta property=\"og:image\" content=\"https:\/\/www.kompetensforetagen.se\/app\/uploads\/sites\/5\/2021\/01\/lernia-hanna-3.jpg\" \/>\n\t<meta property=\"og:image:width\" content=\"2318\" \/>\n\t<meta property=\"og:image:height\" content=\"2128\" \/>\n\t<meta property=\"og:image:type\" content=\"image\/jpeg\" \/>\n<meta name=\"author\" content=\"Shashika Sellgren\" \/>\n<meta name=\"twitter:card\" content=\"summary_large_image\" \/>\n<meta name=\"twitter:label1\" content=\"Skriven av\" \/>\n\t<meta name=\"twitter:data1\" content=\"Shashika Sellgren\" \/>\n\t<meta name=\"twitter:label2\" content=\"Ber\u00e4knad l\u00e4stid\" \/>\n\t<meta name=\"twitter:data2\" content=\"3 minuter\" \/>\n<!-- \/ Yoast SEO Premium plugin. -->","yoast_head_json":{"title":"Trygg kompetensf\u00f6rs\u00f6rjning i e-handeln med digital rekrytering","description":"I sp\u00e5ren av coronapandemin har e-handeln \u00f6kat. D\u00e5 Lernia jobbar med digital rekrytering, \u00e4r det tryggt och utan smittrisk.","robots":{"index":"index","follow":"follow","max-snippet":"max-snippet:-1","max-image-preview":"max-image-preview:large","max-video-preview":"max-video-preview:-1"},"canonical":"https:\/\/www.kompetensforetagen.se\/2021\/01\/trygg-kompetensforsorjning-i-e-handeln-med-digital-rekrytering\/","og_locale":"sv_SE","og_type":"article","og_title":"Trygg kompetensf\u00f6rs\u00f6rjning i e-handeln med digital rekrytering","og_description":"I sp\u00e5ren av coronapandemin har e-handeln \u00f6kat. D\u00e5 Lernia jobbar med digital rekrytering, \u00e4r det tryggt och utan smittrisk.","og_url":"https:\/\/www.kompetensforetagen.se\/2021\/01\/trygg-kompetensforsorjning-i-e-handeln-med-digital-rekrytering\/","og_site_name":"Kompetensf\u00f6retagen","article_published_time":"2021-01-13T12:00:56+00:00","article_modified_time":"2023-07-12T07:49:39+00:00","og_image":[{"width":2318,"height":2128,"url":"https:\/\/www.kompetensforetagen.se\/app\/uploads\/sites\/5\/2021\/01\/lernia-hanna-3.jpg","type":"image\/jpeg"}],"author":"Shashika Sellgren","twitter_card":"summary_large_image","twitter_misc":{"Skriven av":"Shashika Sellgren","Ber\u00e4knad l\u00e4stid":"3 minuter"},"schema":{"@context":"https:\/\/schema.org","@graph":[{"@type":"Article","@id":"https:\/\/www.kompetensforetagen.se\/2021\/01\/trygg-kompetensforsorjning-i-e-handeln-med-digital-rekrytering\/#article","isPartOf":{"@id":"https:\/\/www.kompetensforetagen.se\/2021\/01\/trygg-kompetensforsorjning-i-e-handeln-med-digital-rekrytering\/"},"author":{"name":"Shashika Sellgren","@id":"https:\/\/www.kompetensforetagen.se\/#\/schema\/person\/38c6b37b81c530c93246c3d1993d5662"},"headline":"Trygg kompetensf\u00f6rs\u00f6rjning i e-handeln med digital rekrytering","datePublished":"2021-01-13T12:00:56+00:00","dateModified":"2023-07-12T07:49:39+00:00","mainEntityOfPage":{"@id":"https:\/\/www.kompetensforetagen.se\/2021\/01\/trygg-kompetensforsorjning-i-e-handeln-med-digital-rekrytering\/"},"wordCount":527,"publisher":{"@id":"https:\/\/www.kompetensforetagen.se\/#organization"},"image":{"@id":"https:\/\/www.kompetensforetagen.se\/2021\/01\/trygg-kompetensforsorjning-i-e-handeln-med-digital-rekrytering\/#primaryimage"},"thumbnailUrl":"https:\/\/www.kompetensforetagen.se\/app\/uploads\/sites\/5\/2021\/01\/lernia-hanna-3.jpg","articleSection":["Konsult"],"inLanguage":"sv-SE"},{"@type":"WebPage","@id":"https:\/\/www.kompetensforetagen.se\/2021\/01\/trygg-kompetensforsorjning-i-e-handeln-med-digital-rekrytering\/","url":"https:\/\/www.kompetensforetagen.se\/2021\/01\/trygg-kompetensforsorjning-i-e-handeln-med-digital-rekrytering\/","name":"Trygg kompetensf\u00f6rs\u00f6rjning i e-handeln med digital rekrytering","isPartOf":{"@id":"https:\/\/www.kompetensforetagen.se\/#website"},"primaryImageOfPage":{"@id":"https:\/\/www.kompetensforetagen.se\/2021\/01\/trygg-kompetensforsorjning-i-e-handeln-med-digital-rekrytering\/#primaryimage"},"image":{"@id":"https:\/\/www.kompetensforetagen.se\/2021\/01\/trygg-kompetensforsorjning-i-e-handeln-med-digital-rekrytering\/#primaryimage"},"thumbnailUrl":"https:\/\/www.kompetensforetagen.se\/app\/uploads\/sites\/5\/2021\/01\/lernia-hanna-3.jpg","datePublished":"2021-01-13T12:00:56+00:00","dateModified":"2023-07-12T07:49:39+00:00","description":"I sp\u00e5ren av coronapandemin har e-handeln \u00f6kat. D\u00e5 Lernia jobbar med digital rekrytering, \u00e4r det tryggt och utan smittrisk.","breadcrumb":{"@id":"https:\/\/www.kompetensforetagen.se\/2021\/01\/trygg-kompetensforsorjning-i-e-handeln-med-digital-rekrytering\/#breadcrumb"},"inLanguage":"sv-SE","potentialAction":[{"@type":"ReadAction","target":["https:\/\/www.kompetensforetagen.se\/2021\/01\/trygg-kompetensforsorjning-i-e-handeln-med-digital-rekrytering\/"]}]},{"@type":"ImageObject","inLanguage":"sv-SE","@id":"https:\/\/www.kompetensforetagen.se\/2021\/01\/trygg-kompetensforsorjning-i-e-handeln-med-digital-rekrytering\/#primaryimage","url":"https:\/\/www.kompetensforetagen.se\/app\/uploads\/sites\/5\/2021\/01\/lernia-hanna-3.jpg","contentUrl":"https:\/\/www.kompetensforetagen.se\/app\/uploads\/sites\/5\/2021\/01\/lernia-hanna-3.jpg","width":2318,"height":2128,"caption":"Hanna fr\u00e5n Lernia, ett ledande f\u00f6retag inom bemanning och utbildning."},{"@type":"BreadcrumbList","@id":"https:\/\/www.kompetensforetagen.se\/2021\/01\/trygg-kompetensforsorjning-i-e-handeln-med-digital-rekrytering\/#breadcrumb","itemListElement":[{"@type":"ListItem","position":1,"name":"Home","item":"https:\/\/www.kompetensforetagen.se\/"},{"@type":"ListItem","position":2,"name":"Trygg kompetensf\u00f6rs\u00f6rjning i e-handeln med digital rekrytering"}]},{"@type":"WebSite","@id":"https:\/\/www.kompetensforetagen.se\/#website","url":"https:\/\/www.kompetensforetagen.se\/","name":"Kompetensf\u00f6retagen","description":"R\u00e4tt person p\u00e5 r\u00e4tt plats kan f\u00f6r\u00e4ndra v\u00e4rlden","publisher":{"@id":"https:\/\/www.kompetensforetagen.se\/#organization"},"potentialAction":[{"@type":"SearchAction","target":{"@type":"EntryPoint","urlTemplate":"https:\/\/www.kompetensforetagen.se\/?s={search_term_string}"},"query-input":{"@type":"PropertyValueSpecification","valueRequired":true,"valueName":"search_term_string"}}],"inLanguage":"sv-SE"},{"@type":"Organization","@id":"https:\/\/www.kompetensforetagen.se\/#organization","name":"Kompetensf\u00f6retagen","url":"https:\/\/www.kompetensforetagen.se\/","logo":{"@type":"ImageObject","inLanguage":"sv-SE","@id":"https:\/\/www.kompetensforetagen.se\/#\/schema\/logo\/image\/","url":"https:\/\/www.kompetensforetagen.se\/app\/uploads\/sites\/5\/2022\/10\/logga_svart.png","contentUrl":"https:\/\/www.kompetensforetagen.se\/app\/uploads\/sites\/5\/2022\/10\/logga_svart.png","width":752,"height":64,"caption":"Kompetensf\u00f6retagen"},"image":{"@id":"https:\/\/www.kompetensforetagen.se\/#\/schema\/logo\/image\/"},"sameAs":["https:\/\/www.linkedin.com\/company\/10540032\/"]},{"@type":"Person","@id":"https:\/\/www.kompetensforetagen.se\/#\/schema\/person\/38c6b37b81c530c93246c3d1993d5662","name":"Shashika Sellgren","image":{"@type":"ImageObject","inLanguage":"sv-SE","@id":"https:\/\/www.kompetensforetagen.se\/#\/schema\/person\/image\/","url":"https:\/\/secure.gravatar.com\/avatar\/b225c479880df9eb82d1501dd105dd8040f27c8563f3d4bf5dd62ce0a1630abd?s=96&d=mm&r=g","contentUrl":"https:\/\/secure.gravatar.com\/avatar\/b225c479880df9eb82d1501dd105dd8040f27c8563f3d4bf5dd62ce0a1630abd?s=96&d=mm&r=g","caption":"Shashika Sellgren"},"url":"https:\/\/www.kompetensforetagen.se\/person\/shashikasellgren\/"}]}},"_links":{"self":[{"href":"https:\/\/www.kompetensforetagen.se\/api\/wp\/v2\/posts\/5859","targetHints":{"allow":["GET"]}}],"collection":[{"href":"https:\/\/www.kompetensforetagen.se\/api\/wp\/v2\/posts"}],"about":[{"href":"https:\/\/www.kompetensforetagen.se\/api\/wp\/v2\/types\/post"}],"author":[{"embeddable":true,"href":"https:\/\/www.kompetensforetagen.se\/api\/wp\/v2\/users\/6058"}],"replies":[{"embeddable":true,"href":"https:\/\/www.kompetensforetagen.se\/api\/wp\/v2\/comments?post=5859"}],"version-history":[{"count":3,"href":"https:\/\/www.kompetensforetagen.se\/api\/wp\/v2\/posts\/5859\/revisions"}],"predecessor-version":[{"id":14486,"href":"https:\/\/www.kompetensforetagen.se\/api\/wp\/v2\/posts\/5859\/revisions\/14486"}],"wp:featuredmedia":[{"embeddable":true,"href":"https:\/\/www.kompetensforetagen.se\/api\/wp\/v2\/media\/5877"}],"wp:attachment":[{"href":"https:\/\/www.kompetensforetagen.se\/api\/wp\/v2\/media?parent=5859"}],"wp:term":[{"taxonomy":"category","embeddable":true,"href":"https:\/\/www.kompetensforetagen.se\/api\/wp\/v2\/categories?post=5859"},{"taxonomy":"post_tag","embeddable":true,"href":"https:\/\/www.kompetensforetagen.se\/api\/wp\/v2\/tags?post=5859"},{"taxonomy":"type","embeddable":true,"href":"https:\/\/www.kompetensforetagen.se\/api\/wp\/v2\/article_type?post=5859"},{"taxonomy":"agreement","embeddable":true,"href":"https:\/\/www.kompetensforetagen.se\/api\/wp\/v2\/agreement?post=5859"},{"taxonomy":"for-members","embeddable":true,"href":"https:\/\/www.kompetensforetagen.se\/api\/wp\/v2\/for-members?post=5859"}],"curies":[{"name":"wp","href":"https:\/\/api.w.org\/{rel}","templated":true}]}}