{"id":5847,"date":"2021-01-13T13:00:49","date_gmt":"2021-01-13T12:00:49","guid":{"rendered":"https:\/\/www.kompetensforetagen.se\/?p=5847"},"modified":"2023-07-12T09:38:39","modified_gmt":"2023-07-12T07:38:39","slug":"snabb-omstallning-till-tillverkning-av-handspritflaskor","status":"publish","type":"post","link":"https:\/\/www.kompetensforetagen.se\/2021\/01\/snabb-omstallning-till-tillverkning-av-handspritflaskor\/","title":{"rendered":"Snabb omst\u00e4llning till tillverkning av handspritflaskor"},"content":{"rendered":"\n<p>Den p\u00e5g\u00e5ende pandemin har haft stora konsekvenser f\u00f6r landets f\u00f6retag. Vissa branscher har drabbats mycket h\u00e5rt medan andra har sett ett \u00f6kat behov av arbetskraft. Bemanningsf\u00f6retaget&nbsp;Boge Kompetens jobbar framf\u00f6rallt mot industrin i Ulricehamn med omnejd. Genom god dialog med medarbetarna kunde man g\u00f6ra en snabb omst\u00e4llning efter den lokala industrins och samh\u00e4llets \u00f6kade behov, och bidra till&nbsp; tillverkning av handspritflaskor.<\/p>\n\n\n\n<p><span data-contrast=\"none\">Boge\u00a0Kompetens arbetar med bemanning, rekrytering och utbildning. F\u00f6retaget \u00e4r verksamt i Ulricehamn och kundbasen best\u00e5r till stor del av industri- och hantverksf\u00f6retag i omr\u00e5det.\u00a0<\/span><\/p>\n\n\n\n<blockquote class=\"wp-block-quote is-layout-flow wp-block-quote-is-layout-flow\">\n<p><span data-contrast=\"none\">V\u00e5r omst\u00e4llning har s\u00e5klart varit en trygghet f\u00f6r v\u00e5ra medarbetare<\/span><\/p>\n<\/blockquote>\n\n\n\n<p><span data-contrast=\"none\">\u2013 Vi jobbar med hj\u00e4rtat n\u00e4ra v\u00e5ra kunder, ber\u00e4ttar \u00c5sa Andersson, verksamhetsansvarig f\u00f6r bemanning &amp; rekrytering.<\/span><span data-ccp-props=\"{&quot;201341983&quot;:0,&quot;335559739&quot;:160,&quot;335559740&quot;:360}\">&nbsp;<\/span><\/p>\n\n\n\n<h3 class=\"wp-block-heading\">Snabb omst\u00e4llning till tillverkning av handspritflaskor<\/h3>\n\n\n\n<p><span data-contrast=\"none\">\u2013 N\u00e5gra av v\u00e5ra kunder har drabbats j\u00e4tteh\u00e5rt, inte minst inom fordonsindustrin. N\u00e4r vi s\u00e5g att det ist\u00e4llet blev ett \u00f6kat behov inom andra delar av industrin, s\u00e5 st\u00e4llde vi om snabbt och har lyckats flytta medarbetare dit behoven finns. Till exempel har plastindustrin g\u00e5tt bra lokalt, bland annat p\u00e5 grund av en tillverkare som g\u00f6r flaskor till handsprit. V\u00e5r omst\u00e4llning har s\u00e5klart varit en trygghet f\u00f6r v\u00e5ra medarbetare, samtidigt som vi ocks\u00e5 lyckas st\u00f6tta f\u00f6retag genom att hj\u00e4lpa till med deras bemanningsbehov, f\u00f6rklarar \u00c5sa Andersson.<\/span><span data-ccp-props=\"{&quot;201341983&quot;:0,&quot;335559739&quot;:160,&quot;335559740&quot;:360}\">&nbsp;<\/span><\/p>\n\n\n\n<h3 class=\"wp-block-heading\">Bra samarbete i sv\u00e5rt l\u00e4ge<\/h3>\n\n\n\n<p><span data-contrast=\"none\">Under \u00e5ret har&nbsp;Boge&nbsp;Kompetens inf\u00f6rt ett antal s\u00e4kerhets\u00e5tg\u00e4rder f\u00f6r att trygga medarbetares och kunders h\u00e4lsa. Det har funnits ett stort st\u00f6d och f\u00f6rst\u00e5else f\u00f6r situationen hos medarbetarna p\u00e5 f\u00f6retaget.<\/span><span data-ccp-props=\"{&quot;201341983&quot;:0,&quot;335559739&quot;:160,&quot;335559740&quot;:360}\">&nbsp;<\/span><\/p>\n\n\n\n<p><span data-contrast=\"none\">\u2013 Vi har anst\u00e4llda som varit hos oss i flera \u00e5r och de har varit v\u00e4ldigt f\u00f6rst\u00e5ende i den h\u00e4r situationen. Vi har haft en rak och \u00e4rlig dialog, vilket i kombination med en bra kontakt med facken har gjort att hela samspelet har varit positivt, ber\u00e4ttar \u00c5sa Andersson.<\/span><span data-ccp-props=\"{&quot;201341983&quot;:0,&quot;335559739&quot;:160,&quot;335559740&quot;:360}\">&nbsp;<\/span><\/p>\n\n\n\n<p><span data-contrast=\"none\">&nbsp;<\/span><span data-ccp-props=\"{&quot;201341983&quot;:0,&quot;335559739&quot;:160,&quot;335559740&quot;:360}\">&nbsp;<\/span><\/p>\n\n\n\n<figure class=\"wp-block-table\"><table class=\"has-secondary-background-color has-background\"><tbody><tr><td><strong>Faktaruta<\/strong><br><strong>F\u00f6retag<\/strong>: Boge Kompetens AB.<br><strong>Verksamhet<\/strong>: Bemanning, rekrytering och utbildning.<br><strong>Vision<\/strong>: Vi jobbar med hj\u00e4rtat!<br><strong>N\u00e4rvaro<\/strong>: Ulricehamn.<br><strong>Antal anst\u00e4llda<\/strong>: ca 30 anst\u00e4llda.<br><strong>Webbplats <\/strong><a href=\"https:\/\/www.bogekompetens.se\/\" target=\"_blank\" rel=\"noreferrer noopener\">Boge Kompetens AB<\/a><\/td><\/tr><\/tbody><\/table><\/figure>\n","protected":false},"excerpt":{"rendered":"<p>Den p\u00e5g\u00e5ende pandemin har haft stora konsekvenser f\u00f6r landets f\u00f6retag. Vissa branscher har drabbats mycket h\u00e5rt medan andra har sett ett \u00f6kat behov av arbetskraft. Bemanningsf\u00f6retaget&nbsp;Boge Kompetens jobbar framf\u00f6rallt mot industrin i Ulricehamn med omnejd. &hellip;<\/p>\n","protected":false},"author":6058,"featured_media":5854,"comment_status":"closed","ping_status":"closed","sticky":false,"template":"","format":"standard","meta":{"_acf_changed":false,"footnotes":""},"categories":[185,204,1],"tags":[],"article_type":[8],"agreement":[],"for-members":[],"class_list":["post-5847","post","type-post","status-publish","format-standard","has-post-thumbnail","hentry","category-corona","category-konsult","category-okategoriserade","type-aktuellt"],"acf":[],"yoast_head":"<!-- This site is optimized with the Yoast SEO Premium plugin v26.8 (Yoast SEO v26.8) - https:\/\/yoast.com\/product\/yoast-seo-premium-wordpress\/ -->\n<title>Snabb omst\u00e4llning till tillverkning av handspritflaskor<\/title>\n<meta name=\"description\" content=\"N\u00e4r behoven inom industrin f\u00f6r\u00e4ndrades pga coronakrisen, st\u00e4llde Boge Kompetens snabbt om medarbetarna till tillverkning av handspritflaskor.\" \/>\n<meta name=\"robots\" content=\"index, follow, max-snippet:-1, max-image-preview:large, max-video-preview:-1\" \/>\n<link rel=\"canonical\" href=\"https:\/\/www.kompetensforetagen.se\/2021\/01\/snabb-omstallning-till-tillverkning-av-handspritflaskor\/\" \/>\n<meta property=\"og:locale\" content=\"sv_SE\" \/>\n<meta property=\"og:type\" content=\"article\" \/>\n<meta property=\"og:title\" content=\"Snabb omst\u00e4llning till tillverkning av handspritflaskor\" \/>\n<meta property=\"og:description\" content=\"N\u00e4r behoven inom industrin f\u00f6r\u00e4ndrades pga coronakrisen, st\u00e4llde Boge Kompetens snabbt om medarbetarna till tillverkning av handspritflaskor.\" \/>\n<meta property=\"og:url\" content=\"https:\/\/www.kompetensforetagen.se\/2021\/01\/snabb-omstallning-till-tillverkning-av-handspritflaskor\/\" \/>\n<meta property=\"og:site_name\" content=\"Kompetensf\u00f6retagen\" \/>\n<meta property=\"article:published_time\" content=\"2021-01-13T12:00:49+00:00\" \/>\n<meta property=\"article:modified_time\" content=\"2023-07-12T07:38:39+00:00\" \/>\n<meta property=\"og:image\" content=\"https:\/\/www.kompetensforetagen.se\/app\/uploads\/sites\/5\/2021\/01\/boge-asa-bild.jpg\" \/>\n\t<meta property=\"og:image:width\" content=\"414\" \/>\n\t<meta property=\"og:image:height\" content=\"631\" \/>\n\t<meta property=\"og:image:type\" content=\"image\/jpeg\" \/>\n<meta name=\"author\" content=\"Shashika Sellgren\" \/>\n<meta name=\"twitter:card\" content=\"summary_large_image\" \/>\n<meta name=\"twitter:label1\" content=\"Skriven av\" \/>\n\t<meta name=\"twitter:data1\" content=\"Shashika Sellgren\" \/>\n\t<meta name=\"twitter:label2\" content=\"Ber\u00e4knad l\u00e4stid\" \/>\n\t<meta name=\"twitter:data2\" content=\"2 minuter\" \/>\n<!-- \/ Yoast SEO Premium plugin. -->","yoast_head_json":{"title":"Snabb omst\u00e4llning till tillverkning av handspritflaskor","description":"N\u00e4r behoven inom industrin f\u00f6r\u00e4ndrades pga coronakrisen, st\u00e4llde Boge Kompetens snabbt om medarbetarna till tillverkning av handspritflaskor.","robots":{"index":"index","follow":"follow","max-snippet":"max-snippet:-1","max-image-preview":"max-image-preview:large","max-video-preview":"max-video-preview:-1"},"canonical":"https:\/\/www.kompetensforetagen.se\/2021\/01\/snabb-omstallning-till-tillverkning-av-handspritflaskor\/","og_locale":"sv_SE","og_type":"article","og_title":"Snabb omst\u00e4llning till tillverkning av handspritflaskor","og_description":"N\u00e4r behoven inom industrin f\u00f6r\u00e4ndrades pga coronakrisen, st\u00e4llde Boge Kompetens snabbt om medarbetarna till tillverkning av handspritflaskor.","og_url":"https:\/\/www.kompetensforetagen.se\/2021\/01\/snabb-omstallning-till-tillverkning-av-handspritflaskor\/","og_site_name":"Kompetensf\u00f6retagen","article_published_time":"2021-01-13T12:00:49+00:00","article_modified_time":"2023-07-12T07:38:39+00:00","og_image":[{"width":414,"height":631,"url":"https:\/\/www.kompetensforetagen.se\/app\/uploads\/sites\/5\/2021\/01\/boge-asa-bild.jpg","type":"image\/jpeg"}],"author":"Shashika Sellgren","twitter_card":"summary_large_image","twitter_misc":{"Skriven av":"Shashika Sellgren","Ber\u00e4knad l\u00e4stid":"2 minuter"},"schema":{"@context":"https:\/\/schema.org","@graph":[{"@type":"Article","@id":"https:\/\/www.kompetensforetagen.se\/2021\/01\/snabb-omstallning-till-tillverkning-av-handspritflaskor\/#article","isPartOf":{"@id":"https:\/\/www.kompetensforetagen.se\/2021\/01\/snabb-omstallning-till-tillverkning-av-handspritflaskor\/"},"author":{"name":"Shashika Sellgren","@id":"https:\/\/www.kompetensforetagen.se\/#\/schema\/person\/38c6b37b81c530c93246c3d1993d5662"},"headline":"Snabb omst\u00e4llning till tillverkning av handspritflaskor","datePublished":"2021-01-13T12:00:49+00:00","dateModified":"2023-07-12T07:38:39+00:00","mainEntityOfPage":{"@id":"https:\/\/www.kompetensforetagen.se\/2021\/01\/snabb-omstallning-till-tillverkning-av-handspritflaskor\/"},"wordCount":395,"publisher":{"@id":"https:\/\/www.kompetensforetagen.se\/#organization"},"image":{"@id":"https:\/\/www.kompetensforetagen.se\/2021\/01\/snabb-omstallning-till-tillverkning-av-handspritflaskor\/#primaryimage"},"thumbnailUrl":"https:\/\/www.kompetensforetagen.se\/app\/uploads\/sites\/5\/2021\/01\/boge-asa-bild.jpg","articleSection":["Corona","Konsult"],"inLanguage":"sv-SE"},{"@type":"WebPage","@id":"https:\/\/www.kompetensforetagen.se\/2021\/01\/snabb-omstallning-till-tillverkning-av-handspritflaskor\/","url":"https:\/\/www.kompetensforetagen.se\/2021\/01\/snabb-omstallning-till-tillverkning-av-handspritflaskor\/","name":"Snabb omst\u00e4llning till tillverkning av handspritflaskor","isPartOf":{"@id":"https:\/\/www.kompetensforetagen.se\/#website"},"primaryImageOfPage":{"@id":"https:\/\/www.kompetensforetagen.se\/2021\/01\/snabb-omstallning-till-tillverkning-av-handspritflaskor\/#primaryimage"},"image":{"@id":"https:\/\/www.kompetensforetagen.se\/2021\/01\/snabb-omstallning-till-tillverkning-av-handspritflaskor\/#primaryimage"},"thumbnailUrl":"https:\/\/www.kompetensforetagen.se\/app\/uploads\/sites\/5\/2021\/01\/boge-asa-bild.jpg","datePublished":"2021-01-13T12:00:49+00:00","dateModified":"2023-07-12T07:38:39+00:00","description":"N\u00e4r behoven inom industrin f\u00f6r\u00e4ndrades pga coronakrisen, st\u00e4llde Boge Kompetens snabbt om medarbetarna till tillverkning av handspritflaskor.","breadcrumb":{"@id":"https:\/\/www.kompetensforetagen.se\/2021\/01\/snabb-omstallning-till-tillverkning-av-handspritflaskor\/#breadcrumb"},"inLanguage":"sv-SE","potentialAction":[{"@type":"ReadAction","target":["https:\/\/www.kompetensforetagen.se\/2021\/01\/snabb-omstallning-till-tillverkning-av-handspritflaskor\/"]}]},{"@type":"ImageObject","inLanguage":"sv-SE","@id":"https:\/\/www.kompetensforetagen.se\/2021\/01\/snabb-omstallning-till-tillverkning-av-handspritflaskor\/#primaryimage","url":"https:\/\/www.kompetensforetagen.se\/app\/uploads\/sites\/5\/2021\/01\/boge-asa-bild.jpg","contentUrl":"https:\/\/www.kompetensforetagen.se\/app\/uploads\/sites\/5\/2021\/01\/boge-asa-bild.jpg","width":414,"height":631,"caption":"\u00c5sa Andersson, verksamhetsansvarig rekrytering och bemanning, Boge Kompetens"},{"@type":"BreadcrumbList","@id":"https:\/\/www.kompetensforetagen.se\/2021\/01\/snabb-omstallning-till-tillverkning-av-handspritflaskor\/#breadcrumb","itemListElement":[{"@type":"ListItem","position":1,"name":"Home","item":"https:\/\/www.kompetensforetagen.se\/"},{"@type":"ListItem","position":2,"name":"Snabb omst\u00e4llning till tillverkning av handspritflaskor"}]},{"@type":"WebSite","@id":"https:\/\/www.kompetensforetagen.se\/#website","url":"https:\/\/www.kompetensforetagen.se\/","name":"Kompetensf\u00f6retagen","description":"R\u00e4tt person p\u00e5 r\u00e4tt plats kan f\u00f6r\u00e4ndra v\u00e4rlden","publisher":{"@id":"https:\/\/www.kompetensforetagen.se\/#organization"},"potentialAction":[{"@type":"SearchAction","target":{"@type":"EntryPoint","urlTemplate":"https:\/\/www.kompetensforetagen.se\/?s={search_term_string}"},"query-input":{"@type":"PropertyValueSpecification","valueRequired":true,"valueName":"search_term_string"}}],"inLanguage":"sv-SE"},{"@type":"Organization","@id":"https:\/\/www.kompetensforetagen.se\/#organization","name":"Kompetensf\u00f6retagen","url":"https:\/\/www.kompetensforetagen.se\/","logo":{"@type":"ImageObject","inLanguage":"sv-SE","@id":"https:\/\/www.kompetensforetagen.se\/#\/schema\/logo\/image\/","url":"https:\/\/www.kompetensforetagen.se\/app\/uploads\/sites\/5\/2022\/10\/logga_svart.png","contentUrl":"https:\/\/www.kompetensforetagen.se\/app\/uploads\/sites\/5\/2022\/10\/logga_svart.png","width":752,"height":64,"caption":"Kompetensf\u00f6retagen"},"image":{"@id":"https:\/\/www.kompetensforetagen.se\/#\/schema\/logo\/image\/"},"sameAs":["https:\/\/www.linkedin.com\/company\/10540032\/"]},{"@type":"Person","@id":"https:\/\/www.kompetensforetagen.se\/#\/schema\/person\/38c6b37b81c530c93246c3d1993d5662","name":"Shashika Sellgren","image":{"@type":"ImageObject","inLanguage":"sv-SE","@id":"https:\/\/www.kompetensforetagen.se\/#\/schema\/person\/image\/","url":"https:\/\/secure.gravatar.com\/avatar\/b225c479880df9eb82d1501dd105dd8040f27c8563f3d4bf5dd62ce0a1630abd?s=96&d=mm&r=g","contentUrl":"https:\/\/secure.gravatar.com\/avatar\/b225c479880df9eb82d1501dd105dd8040f27c8563f3d4bf5dd62ce0a1630abd?s=96&d=mm&r=g","caption":"Shashika Sellgren"},"url":"https:\/\/www.kompetensforetagen.se\/person\/shashikasellgren\/"}]}},"_links":{"self":[{"href":"https:\/\/www.kompetensforetagen.se\/api\/wp\/v2\/posts\/5847","targetHints":{"allow":["GET"]}}],"collection":[{"href":"https:\/\/www.kompetensforetagen.se\/api\/wp\/v2\/posts"}],"about":[{"href":"https:\/\/www.kompetensforetagen.se\/api\/wp\/v2\/types\/post"}],"author":[{"embeddable":true,"href":"https:\/\/www.kompetensforetagen.se\/api\/wp\/v2\/users\/6058"}],"replies":[{"embeddable":true,"href":"https:\/\/www.kompetensforetagen.se\/api\/wp\/v2\/comments?post=5847"}],"version-history":[{"count":1,"href":"https:\/\/www.kompetensforetagen.se\/api\/wp\/v2\/posts\/5847\/revisions"}],"predecessor-version":[{"id":14479,"href":"https:\/\/www.kompetensforetagen.se\/api\/wp\/v2\/posts\/5847\/revisions\/14479"}],"wp:featuredmedia":[{"embeddable":true,"href":"https:\/\/www.kompetensforetagen.se\/api\/wp\/v2\/media\/5854"}],"wp:attachment":[{"href":"https:\/\/www.kompetensforetagen.se\/api\/wp\/v2\/media?parent=5847"}],"wp:term":[{"taxonomy":"category","embeddable":true,"href":"https:\/\/www.kompetensforetagen.se\/api\/wp\/v2\/categories?post=5847"},{"taxonomy":"post_tag","embeddable":true,"href":"https:\/\/www.kompetensforetagen.se\/api\/wp\/v2\/tags?post=5847"},{"taxonomy":"type","embeddable":true,"href":"https:\/\/www.kompetensforetagen.se\/api\/wp\/v2\/article_type?post=5847"},{"taxonomy":"agreement","embeddable":true,"href":"https:\/\/www.kompetensforetagen.se\/api\/wp\/v2\/agreement?post=5847"},{"taxonomy":"for-members","embeddable":true,"href":"https:\/\/www.kompetensforetagen.se\/api\/wp\/v2\/for-members?post=5847"}],"curies":[{"name":"wp","href":"https:\/\/api.w.org\/{rel}","templated":true}]}}